{"id":36683,"date":"2011-07-13T16:35:50","date_gmt":"2011-07-13T13:35:50","guid":{"rendered":"http:\/\/www.korhanyilmaz.com\/?p=36683"},"modified":"2011-07-13T19:41:49","modified_gmt":"2011-07-13T16:41:49","slug":"61-hukumet-guvenoyu-aldi","status":"publish","type":"post","link":"http:\/\/www.korhanyilmaz.com\/?p=36683","title":{"rendered":"61. H\u00fck\u00fcmet g\u00fcvenoyu ald\u0131"},"content":{"rendered":"<p style=\"text-align: center;\"><a href=\"http:\/\/www.korhanyilmaz.com\/wp-content\/uploads\/2011\/07\/1540.jpeg\"  class=\"lightview\"><img loading=\"lazy\" decoding=\"async\" class=\"aligncenter size-full wp-image-36684\" src=\"http:\/\/www.korhanyilmaz.com\/wp-content\/uploads\/2011\/07\/1540.jpeg\" alt=\"\" width=\"384\" height=\"254\" \/><\/a><\/p>\n<p style=\"text-align: justify;\">AK Parti Genel Ba\u015fkan\u0131 ve \u0130stanbul Milletvekili Recep Tayyip Erdo\u011fan&#8217;\u0131n ba\u015fkanl\u0131\u011f\u0131nda kurulan 61. H\u00fck\u00fcmet, 322 oyla TBMM&#8217;den g\u00fcvenoyu ald\u0131.<\/p>\n<p style=\"text-align: justify;\">AK Parti Genel Ba\u015fkan\u0131 ve \u0130stanbul Milletvekili Recep Tayyip Erdo\u011fan&#8217;\u0131n ba\u015fkanl\u0131\u011f\u0131nda kurulun 61. H\u00fck\u00fcmet TBMM&#8217;den g\u00fcvenoyu ald\u0131. TBMM Ba\u015fkanvekili Sad\u0131k Yakut y\u00f6netiminde \u00e7al\u0131\u015fmalar\u0131n\u0131 s\u00fcrd\u00fcren Genel Kurul&#8217;da, h\u00fck\u00fcmet i\u00e7in g\u00fcvenoylamas\u0131 yap\u0131ld\u0131. Toplam 495 milletvekilinin kat\u0131ld\u0131\u011f\u0131 oylamada 322 milletvekili evet, 173 milletvekili de hay\u0131r oyu verdi. <!--more--><\/p>\n<p style=\"text-align: justify;\">Ba\u015fbakan Recep Tayyip Erdo\u011fan, k\u0131sa konu\u015fmas\u0131nda, 61. H\u00fck\u00fcmet&#8217;e g\u00fcvenoyu verilmesine te\u015fekk\u00fcr ederek, \u015funlar\u0131 kaydetti:<\/p>\n<p style=\"text-align: justify;\">\u201c\u00d6n\u00fcm\u00fczde \u00e7ok iddial\u0131, yo\u011fun bir s\u00fcrecin oldu\u011funu biliyorum. \u0130nan\u0131yorum ki egemenli\u011fin kay\u0131ts\u0131z, \u015farts\u0131z millete ait oldu\u011fu bu kutlu \u00e7at\u0131 alt\u0131nda b\u00fcy\u00fck bir m\u00fccadeleyi, gelece\u011fe y\u00f6nelik, hep birlikte verece\u011fiz. Buradaki dayan\u0131\u015fmam\u0131z, birli\u011fimiz, beraberli\u011fimiz \u00fclkemizi, T\u00fcrkiyemizi muas\u0131r medeniyetler seviyesinin \u00fcst\u00fcne \u00e7\u0131karmada \u00f6nemli bir imtihan olacakt\u0131r. Bu imtihan\u0131 beraber ba\u015faraca\u011f\u0131z, beraber verece\u011fiz.\u201d<\/p>\n<p style=\"text-align: justify;\">Erdo\u011fan, konu\u015fmas\u0131n\u0131n ard\u0131ndan AK Parti s\u0131ralar\u0131nda grup ba\u015fkanvekilleri, CHP grup ba\u015fkanvekilleri ve baz\u0131 milletvekilleri ile MHP Genel Ba\u015fkan\u0131 Devlet Bah\u00e7eli ile tokala\u015ft\u0131. Bu arada, g\u00fcvenoylamas\u0131 s\u0131ras\u0131nda, elektronik sistemle oylama yap\u0131l\u0131rken baz\u0131 milletvekilleri sisteme giremedi. Yeni milletvekillerinin sisteme giremeyenlere yard\u0131mc\u0131 oldu. Ancak, sisteme giremeyen \u00e7ok say\u0131da milletvekili oy pusula g\u00f6nderdi. Sad\u0131k Yakut, milletvekillerinin sisteme giremedi\u011fini belirterek, \u201cAcele etmeyin, t\u00fcm pusulalar\u0131 alaca\u011f\u0131z\u201d dedi.<\/p>\n<p style=\"text-align: justify;\">Oy pusulas\u0131 g\u00f6nderiminin yo\u011funla\u015fmas\u0131 \u00fczerine, Yakut milletvekillerinin hem elektronik sisteme girerek oy vermek istemesi ve hem de pusula g\u00f6ndererek oy kullanmas\u0131 nedeniyle birle\u015fime be\u015f dakika ara verdi. Bu s\u0131rada oy say\u0131m\u0131 devam etti. Ancak, sisteme girmesine kar\u015f\u0131n pusula g\u00f6nderme yoluyla olu\u015facak m\u00fckerrerli\u011fin \u00f6nlenmesi amac\u0131yla yap\u0131lan say\u0131m yakla\u015f\u0131m i\u015flemi 1.5 saate yakla\u015ft\u0131. Genel Kurul&#8217;da, g\u00fcvenoylamas\u0131n\u0131n ard\u0131ndan, RT\u00dcK \u00fcyeli\u011fi se\u00e7imine ge\u00e7ildi.<\/p>\n<p style=\"text-align: justify;\"><a href=\"http:\/\/www.radikal.com.tr\/Radikal.aspx?aType=RadikalDetayV3&amp;ArticleID=1056166&amp;Date=13.07.2011&amp;CategoryID=78\" target=\"_blank\">Kaynak : Radikal.com.tr<\/a><\/p>\n","protected":false},"excerpt":{"rendered":"<p style=\"text-align: center;\">\n<p style=\"text-align: justify;\">AK Parti Genel Ba\u015fkan\u0131 ve \u0130stanbul Milletvekili Recep Tayyip Erdo\u011fan&#8217;\u0131n ba\u015fkanl\u0131\u011f\u0131nda kurulan 61. H\u00fck\u00fcmet, 322 oyla TBMM&#8217;den g\u00fcvenoyu ald\u0131.<\/p>\n<p style=\"text-align: justify;\">AK Parti Genel Ba\u015fkan\u0131 ve \u0130stanbul Milletvekili Recep Tayyip Erdo\u011fan&#8217;\u0131n ba\u015fkanl\u0131\u011f\u0131nda kurulun 61. H\u00fck\u00fcmet TBMM&#8217;den g\u00fcvenoyu ald\u0131. TBMM Ba\u015fkanvekili Sad\u0131k Yakut y\u00f6netiminde \u00e7al\u0131\u015fmalar\u0131n\u0131 s\u00fcrd\u00fcren Genel Kurul&#8217;da, h\u00fck\u00fcmet i\u00e7in g\u00fcvenoylamas\u0131 <\/p>\n","protected":false},"author":1,"featured_media":0,"comment_status":"open","ping_status":"open","sticky":false,"template":"","format":"standard","meta":{"footnotes":""},"categories":[105],"tags":[],"class_list":["post-36683","post","type-post","status-publish","format-standard","hentry","category-gundem","odd"],"_links":{"self":[{"href":"http:\/\/www.korhanyilmaz.com\/index.php?rest_route=\/wp\/v2\/posts\/36683","targetHints":{"allow":["GET"]}}],"collection":[{"href":"http:\/\/www.korhanyilmaz.com\/index.php?rest_route=\/wp\/v2\/posts"}],"about":[{"href":"http:\/\/www.korhanyilmaz.com\/index.php?rest_route=\/wp\/v2\/types\/post"}],"author":[{"embeddable":true,"href":"http:\/\/www.korhanyilmaz.com\/index.php?rest_route=\/wp\/v2\/users\/1"}],"replies":[{"embeddable":true,"href":"http:\/\/www.korhanyilmaz.com\/index.php?rest_route=%2Fwp%2Fv2%2Fcomments&post=36683"}],"version-history":[{"count":0,"href":"http:\/\/www.korhanyilmaz.com\/index.php?rest_route=\/wp\/v2\/posts\/36683\/revisions"}],"wp:attachment":[{"href":"http:\/\/www.korhanyilmaz.com\/index.php?rest_route=%2Fwp%2Fv2%2Fmedia&parent=36683"}],"wp:term":[{"taxonomy":"category","embeddable":true,"href":"http:\/\/www.korhanyilmaz.com\/index.php?rest_route=%2Fwp%2Fv2%2Fcategories&post=36683"},{"taxonomy":"post_tag","embeddable":true,"href":"http:\/\/www.korhanyilmaz.com\/index.php?rest_route=%2Fwp%2Fv2%2Ftags&post=36683"}],"curies":[{"name":"wp","href":"https:\/\/api.w.org\/{rel}","templated":true}]}}