{"id":36671,"date":"2011-07-13T12:12:56","date_gmt":"2011-07-13T09:12:56","guid":{"rendered":"http:\/\/www.korhanyilmaz.com\/?p=36671"},"modified":"2011-07-13T19:39:10","modified_gmt":"2011-07-13T16:39:10","slug":"akpli-kuzu-chp-yanlis-yoldaydi-ne-yazsak-geleceklerdi","status":"publish","type":"post","link":"http:\/\/www.korhanyilmaz.com\/?p=36671","title":{"rendered":"AKP&#8217;li Kuzu: CHP yanl\u0131\u015f yoldayd\u0131, ne yazsak geleceklerdi"},"content":{"rendered":"<p style=\"text-align: center;\"><a href=\"http:\/\/www.korhanyilmaz.com\/wp-content\/uploads\/2011\/07\/1541.jpeg\"  class=\"lightview\"><img loading=\"lazy\" decoding=\"async\" class=\"aligncenter size-full wp-image-36681\" src=\"http:\/\/www.korhanyilmaz.com\/wp-content\/uploads\/2011\/07\/1541.jpeg\" alt=\"\" width=\"384\" height=\"254\" \/><\/a><\/p>\n<p style=\"text-align: justify;\">TBMM Anayasa Komisyonu Ba\u015fkan\u0131 AKP \u0130stanbul Milletvekili Burhan Kuzu, CHP&#8217;nin yemin krizi ile ilgili yanl\u0131\u015f yola girdi\u011fini belirterek, &#8220;Ne yazsak geleceklerdi, gelmeleri de gerekirdi. Do\u011fru yapt\u0131lar. Ho\u015fgeldiler, \u015feref verdiler&#8221; dedi.<!--more--><\/p>\n<p style=\"text-align: justify;\">ANKARA &#8211; TV8\u2019de canl\u0131 yay\u0131na kat\u0131lan Burhan Kuzu, yemin krizinin ard\u0131ndan imzalanan mutabakat metni ve CHP\u2019li milletvekillerinin yemin etme karar\u0131n\u0131 de\u011ferlendirdi. CHP\u2019nin yemin etmeme karar\u0131n\u0131n yanl\u0131\u015f bir yol oldu\u011funa vurgu yapan Kuzu, \u201cNe yazsak geleceklerdi, gelmeleri de gerekirdi. Do\u011fru yapt\u0131lar. Ho\u015fgeldiler, \u015feref verdiler\u201d de\u011ferlendirmesinde bulundu. Mutabakat metninde CHP\u2019nin dayanak olarak ald\u0131\u011f\u0131 bir paragraf oldu\u011funu belirten Kuzu, paragraf\u0131n yasa de\u011fi\u015fikli\u011fini g\u00f6steren bir metin olmad\u0131\u011f\u0131n\u0131 s\u00f6zlerine eklerken \u015funlar\u0131 s\u00f6yledi:<\/p>\n<p style=\"text-align: justify;\">\u201cOrada da deniyor ki, kurallar kimin elindeyse yorumlarken \u00f6zg\u00fcrl\u00fcklerle yine yorumlanmal\u0131. Bu yasa de\u011fi\u015fikli\u011fini g\u00f6steren bir metin de\u011fil. Belki mahkemelere, yasamaya, y\u00fcr\u00fctmeye bir \u00e7a\u011fr\u0131 olarak d\u00fc\u015f\u00fcnebiliriz. Ki\u015fileri meclise nas\u0131l ta\u015f\u0131r\u0131z diye d\u00fc\u015f\u00fcnmek do\u011fru de\u011fil. Genel anlamda ele almak gerekir.\u201d<\/p>\n<p style=\"text-align: justify;\"><strong>MUTABAKAT METN\u0130 MEVLANA\u2019NIN \u00c7A\u011eRISI G\u0130B\u0130<\/strong><\/p>\n<p style=\"text-align: justify;\">Kuzu BDP\u2019nin yemin etmeme karar\u0131na ili\u015fkin de Ba\u015fbakan Erdo\u011fan\u2019\u0131n \u201csiz kendinizi d\u0131\u015flad\u0131n\u0131z\u201d s\u00f6zlerini an\u0131msatarak \u201cDiyarbak\u0131r\u2019da ne i\u015finiz var? Gelin toplant\u0131 yeri Ankara\u2019d\u0131r. Diyarbak\u0131r\u2019\u0131 \u00fcs se\u00e7mi\u015f gibi toplant\u0131 yap\u0131yor. Bu k\u00f6t\u00fc bir tablodur. K\u00fc\u00e7\u00fclm\u00fc\u015f T\u00fcrkiye\u2019den fayda gelmez. Mutabakat metni Mevlana\u2019n\u0131n \u00e7a\u011fr\u0131s\u0131 gibi. Ne olursan gel diyor. Gel burada \u00e7\u00f6zelim beraber diyor\u201d diye konu\u015ftu.<\/p>\n<p style=\"text-align: justify;\"><strong>AVRUPA\u2019DAK\u0130 HAK\u0130ME YILDA, T\u00dcRK\u0130YE\u2019DEK\u0130 HAK\u0130ME G\u00dcNDE 150 DAVA D\u00dc\u015e\u00dcYOR<\/strong><\/p>\n<p style=\"text-align: justify;\">Kuzu, T\u00fcrkiye\u2019de yarg\u0131 y\u00fck\u00fcne ili\u015fkin de\u011ferlendirmelerde de bulundu. Tutuklular\u0131n miktar\u0131n\u0131n mahkumlardan daha fazla oldu\u011funu belirten Burhan Kuzu, \u201cDiyelim ki tutukluluk s\u00fcresini indirdiniz ve bu 5-6 ki\u015fiyi de \u00e7\u0131kard\u0131n\u0131z. Di\u011fer i\u00e7eride kalanlar da \u00e7\u0131km\u0131\u015f olacak. O zaman da bu siyaseten ne kadar do\u011fru olur? Konuyu masaya yat\u0131r\u0131rken d\u00fcnya ne yap\u0131yorsa onlara bakarak, onu ta\u015f\u0131makta yarar var. Mesela ben hakim a\u00e7\u0131\u011f\u0131n\u0131 \u00e7ok \u00f6nemserim. Avrupa\u2019da bir hakime y\u0131lda ortalama 150-200 dava d\u00fc\u015ferken T\u00fcrkiye\u2019de g\u00fcnde 100 k\u00fcs\u00fcr dava bakan hakimler var. Bu sadece bir konu. Olaya daha farkl\u0131 yerlerden ba\u015flamak laz\u0131m\u201d dedi.<\/p>\n<p style=\"text-align: justify;\"><strong>&#8220;G\u00dc\u00c7LER AYRILI\u011eININ ADI VAR KEND\u0130 YOK&#8221;<\/strong><\/p>\n<p style=\"text-align: justify;\">Ba\u015fkanl\u0131k Sistemi \u00fczerine de konu\u015fan Kuzu T\u00fcrkiye\u2019de ba\u015fkanl\u0131k modelini bilen \u00e7ok az ki\u015fi oldu\u011funu belirterek, modeli bilen ve bilmeyenlerin kurduklar\u0131 c\u00fcmleleri kar\u015f\u0131la\u015ft\u0131rd\u0131. Kuzu \u015f\u00f6yle devam etti:<\/p>\n<p style=\"text-align: justify;\">\u201cKi\u015fi, ba\u015fkanl\u0131k modeli diktat\u00f6rl\u00fck getirir diyorsa bu i\u015fi bilmiyordur. Ki\u015fi, ba\u015fkanl\u0131k modeli ile federal yap\u0131 gelir diyorsa bu i\u015fi bilmiyordur. Ki\u015fi, tek ki\u015fi y\u00f6netimi gelir diyorsa bu i\u015fi bilmiyordur. Fakat biri derse ki, \u2018Bu modeli savunuyorsun da, bu ba\u015fkan b\u00fct\u00e7eye kar\u0131\u015fam\u0131yor, kanun \u00e7\u0131karmada yetkisi yok, bu gariban\u0131n ne i\u015fi var?\u2019 o zaman o, bu i\u015fi biliyor demektir. Parlamenter modellerdeki ba\u015fbakanlar, Amerika\u2019daki ba\u015fkandan 3 kat daha yetkilidir. Bizim muhalefete bunu anlatam\u0131yorsun. Parlamenter modelde g\u00fc\u00e7ler ayr\u0131l\u0131\u011f\u0131n\u0131n ad\u0131 var, kendi yok. E\u011fer benim gibi bir adam bu modeli savunuyorsa, bu b\u00fcy\u00fck bir g\u00fcvencedir. Ekim ay\u0131nda bu konu mutlaka masada olmal\u0131. E\u011fer bu memlekette kal\u0131c\u0131 istikrar istiyorsak bu kalk\u0131nma h\u0131z\u0131n\u0131n devaml\u0131l\u0131\u011f\u0131n\u0131 istiyorsak, bu modeli getirmek zorunday\u0131z. Modelin en b\u00fcy\u00fck \u00f6zelli\u011fi g\u00fc\u00e7l\u00fc meclis, devaml\u0131 h\u00fck\u00fcmet! Yasama ve y\u00fcr\u00fctme ger\u00e7ekten ayr\u0131lacak. B\u00fct\u00fcn mesele iyi niyetle oturup konu\u015fmak. Diyelim ki ikna edemedik. Ne yapal\u0131m, koyar\u0131z bir tarafa, iyi s\u00fcr\u00fcnmeler derim bende. Zaten s\u00fcr\u00fcn\u00fcyoruz, devam\u0131 gelir. Bu modeli getireceksek iktidar ve muhalefet beraber getirmeliyiz.\u201d<\/p>\n<p style=\"text-align: justify;\"><a href=\"http:\/\/www.radikal.com.tr\/Radikal.aspx?aType=RadikalDetayV3&amp;ArticleID=1056141&amp;Date=13.07.2011&amp;CategoryID=78\" target=\"_blank\">Kaynak : Radikal.com.tr<\/a><\/p>\n","protected":false},"excerpt":{"rendered":"<p style=\"text-align: center;\">\n<p style=\"text-align: justify;\">TBMM Anayasa Komisyonu Ba\u015fkan\u0131 AKP \u0130stanbul Milletvekili Burhan Kuzu, CHP&#8217;nin yemin krizi ile ilgili yanl\u0131\u015f yola girdi\u011fini belirterek, &#8220;Ne yazsak geleceklerdi, gelmeleri de gerekirdi. Do\u011fru yapt\u0131lar. Ho\u015fgeldiler, \u015feref verdiler&#8221; dedi.<\/p>\n","protected":false},"author":1,"featured_media":0,"comment_status":"open","ping_status":"open","sticky":false,"template":"","format":"standard","meta":{"footnotes":""},"categories":[105],"tags":[],"class_list":["post-36671","post","type-post","status-publish","format-standard","hentry","category-gundem","odd"],"_links":{"self":[{"href":"http:\/\/www.korhanyilmaz.com\/index.php?rest_route=\/wp\/v2\/posts\/36671","targetHints":{"allow":["GET"]}}],"collection":[{"href":"http:\/\/www.korhanyilmaz.com\/index.php?rest_route=\/wp\/v2\/posts"}],"about":[{"href":"http:\/\/www.korhanyilmaz.com\/index.php?rest_route=\/wp\/v2\/types\/post"}],"author":[{"embeddable":true,"href":"http:\/\/www.korhanyilmaz.com\/index.php?rest_route=\/wp\/v2\/users\/1"}],"replies":[{"embeddable":true,"href":"http:\/\/www.korhanyilmaz.com\/index.php?rest_route=%2Fwp%2Fv2%2Fcomments&post=36671"}],"version-history":[{"count":0,"href":"http:\/\/www.korhanyilmaz.com\/index.php?rest_route=\/wp\/v2\/posts\/36671\/revisions"}],"wp:attachment":[{"href":"http:\/\/www.korhanyilmaz.com\/index.php?rest_route=%2Fwp%2Fv2%2Fmedia&parent=36671"}],"wp:term":[{"taxonomy":"category","embeddable":true,"href":"http:\/\/www.korhanyilmaz.com\/index.php?rest_route=%2Fwp%2Fv2%2Fcategories&post=36671"},{"taxonomy":"post_tag","embeddable":true,"href":"http:\/\/www.korhanyilmaz.com\/index.php?rest_route=%2Fwp%2Fv2%2Ftags&post=36671"}],"curies":[{"name":"wp","href":"https:\/\/api.w.org\/{rel}","templated":true}]}}