{"id":36667,"date":"2011-07-13T12:29:55","date_gmt":"2011-07-13T09:29:55","guid":{"rendered":"http:\/\/www.korhanyilmaz.com\/?p=36667"},"modified":"2011-07-13T18:35:45","modified_gmt":"2011-07-13T15:35:45","slug":"hukumet-programini-topa-tuttu","status":"publish","type":"post","link":"http:\/\/www.korhanyilmaz.com\/?p=36667","title":{"rendered":"H\u00fck\u00fcmet Program\u0131&#8217;n\u0131 topa tuttu"},"content":{"rendered":"<p style=\"text-align: justify;\"><a href=\"http:\/\/www.korhanyilmaz.com\/wp-content\/uploads\/2011\/07\/1539.jpg\"  class=\"lightview\"><img loading=\"lazy\" decoding=\"async\" class=\"aligncenter size-full wp-image-36668\" src=\"http:\/\/www.korhanyilmaz.com\/wp-content\/uploads\/2011\/07\/1539.jpg\" alt=\"\" width=\"462\" height=\"210\" \/><\/a><\/p>\n<p style=\"text-align: justify;\">CHP&#8217;nin ekonomist Genel Ba\u015fkan Yard\u0131mc\u0131s\u0131 Faik \u00d6ztrak, AKP\u2019nin 9 y\u0131ld\u0131r iktidarda de\u011filmi\u015f gibi bir H\u00fck\u00fcmet Program\u0131 haz\u0131rlad\u0131\u011f\u0131n\u0131 ifade ederek, \u201cBu H\u00fck\u00fcmet Program\u0131 maalesef AKP\u2019nin \u00e7\u0131rakl\u0131k d\u00f6neminin devam etti\u011fini g\u00f6steriyor. \u201cCari a\u00e7\u0131\u011f\u0131 lastik conta \u00fcretimiyle kapatacaklarm\u0131\u015f, ilgin\u00e7\u201d dedi. \u0130\u015fte o ba\u015fl\u0131klar&#8230;<!--more--><\/p>\n<p style=\"text-align: justify;\">ANKARA- CHP Genel Ba\u015fkan Yard\u0131mc\u0131s\u0131 Faik \u00d6ztrak, AKP\u2019nin 9 y\u0131ld\u0131r iktidarda de\u011filmi\u015f gibi bir H\u00fck\u00fcmet Program\u0131 haz\u0131rlad\u0131\u011f\u0131n\u0131 ifade ederek, \u201cBu H\u00fck\u00fcmet Program\u0131 maalesef AKP\u2019nin \u00e7\u0131rakl\u0131k d\u00f6neminin devam etti\u011fini g\u00f6steriyor. T\u00fcrkiye\u2019nin mevcut sorunlar\u0131na ili\u015fkin tespitler son derece yetersiz. Program\u0131n ortaya koydu\u011fu politikalar da yetersiz ve ortada \u2018cek, cak\u2019lardan ba\u015fka hi\u00e7bir bir vizyon yok\u201d diye konu\u015ftu.<\/p>\n<p style=\"text-align: justify;\"><strong>H\u00dcK\u00dcMETE O SORUYU SORDU<\/strong><\/p>\n<p style=\"text-align: justify;\">\u00d6ztrak, CHP Genel Merkezi\u2019nde d\u00fczenledi\u011fi bas\u0131n toplant\u0131s\u0131nda H\u00fck\u00fcmet Program\u0131\u2019n\u0131 de\u011ferlendirdi. AKP\u2019nin \u201c9 y\u0131ld\u0131r iktidarda de\u011filmi\u015f, T\u00fcrkiye\u2019nin sorunlar\u0131n\u0131 yeni ke\u015ffediyormu\u015f gibi\u201d H\u00fck\u00fcmet Program\u0131 haz\u0131rlad\u0131\u011f\u0131n\u0131 s\u00f6yleyen \u00d6ztrak, programda istihdam\u0131n temel \u00f6ncelik haline getirilmesini olumlu bulduklar\u0131n\u0131, ancak T\u00fcrkiye\u2019nin AKP iktidar\u0131nda \u201cistihdam yaratmayan b\u00fcy\u00fcme\u201d kavram\u0131yla kar\u015f\u0131la\u015ft\u0131\u011f\u0131n\u0131 ifade etti. \u00d6ztrak, H\u00fck\u00fcmet Program\u0131\u2019nda T\u00fcrkiye\u2019nin, Avrasya\u2019n\u0131n \u00fcretim \u00fcss\u00fc olaca\u011f\u0131ndan s\u00f6z edildi\u011fine dikkat \u00e7ekerek \u201c AKP\u2019nin 9 y\u0131ll\u0131k iktidar\u0131n\u0131n ard\u0131ndan bu anlay\u0131\u015f de\u011fi\u015fikli\u011fini olumlu kar\u015f\u0131l\u0131yorum. Ama yine bu durumda sormak da hakk\u0131m\u0131zd\u0131r. Sanayinin milli gelir i\u00e7indeki pay\u0131 2002\u2019de y\u00fczde iken, 2010\u2019da y\u00fczde 18\u2019e gerilemesine AKP neden seyirci kald\u0131\u201d diye sordu.<\/p>\n<p style=\"text-align: justify;\"><strong>\u015eEH\u0130RLER \u0130THAL \u00dcR\u00dcN SATAN ALI\u015eVER\u0130\u015e MERKEZLER\u0130YLE DOLDU<\/strong><\/p>\n<p style=\"text-align: justify;\">AKP iktidar\u0131nda sanayinin zemin kaybetmesine kar\u015f\u0131n \u015fehir merkezlerinin ithal \u00fcr\u00fcn satan al\u0131\u015fveri\u015f merkezleriyle dolduruldu\u011funu belirten \u00d6ztrak, k\u00fc\u00e7\u00fck esnaf\u0131 korumak i\u00e7in yeni d\u00f6nemde bir yasa teklifi vereceklerini bildirdi.<\/p>\n<p style=\"text-align: justify;\"><strong>\u201cSADECE \u00dcLKE DE\u011e\u0130L VATANDA\u015e DA BORCA BATTI\u201d<\/strong><\/p>\n<p style=\"text-align: justify;\">AKP\u2019nin, cari a\u00e7\u0131\u011f\u0131n art\u0131\u015f sebeplerinden biri olarak y\u00fcksek teknolojiye dayanan sekt\u00f6rlerin girdi kullan\u0131m\u0131 g\u00f6sterdi\u011fine i\u015faret ederek, \u201cT\u00fcrkmenistan\u2019dan ithal edilen pamuk, \u015eili\u2019den ithal edilen angus ne zaman y\u00fcksek teknolojiye dayal\u0131 bir \u00fcr\u00fcn oldu?\u201d diye sordu. \u00d6ztrak, AKP \u201cIMF borcunu azaltt\u0131k\u201d diye \u00f6v\u00fcnmesine kar\u015f\u0131n AKP iktidar\u0131nda T\u00fcrkiye\u2019nin d\u0131\u015f bor\u00e7 stokunun ikiye katland\u0131\u011f\u0131n\u0131, 2002\u2019de 129.6 milyar dolar olan d\u0131\u015f bor\u00e7lar\u0131n, 2011 ilk \u00e7eyre\u011finde 298.8 milyar dolara ula\u015ft\u0131\u011f\u0131n\u0131 kaydeden \u00d6ztrak, \u201cSadece \u00fclke de\u011fil, vatanda\u015f da AKP iktidarlar\u0131nda borca batm\u0131\u015ft\u0131r\u201d dedi.<\/p>\n<p style=\"text-align: justify;\"><strong>\u201cBA\u015eKALARININ PARASIYLA D\u00dc\u011e\u00dcN YAPIYORUZ\u201d<\/strong><\/p>\n<p style=\"text-align: justify;\">\u00d6ztrak, ekonomide ciddi k\u0131r\u0131lganl\u0131klar\u0131n biriktirildi\u011fini, \u00f6zel sekt\u00f6r\u00fcn yurt d\u0131\u015f\u0131 bor\u00e7lar\u0131 2002 y\u0131l\u0131nda 43 milyar dolar iken 4.5 kat artarak 2011\u2019in ilk \u00fc\u00e7 ay\u0131nda 193 milyar dolara \u00e7\u0131kt\u0131\u011f\u0131n\u0131 belirtirken artmas\u0131yla \u00f6v\u00fcn\u00fclen uluslararas\u0131 rezervlerin kayna\u011f\u0131n\u0131n net ihracat geliri de\u011fil, bor\u00e7 oldu\u011funa dikkat \u00e7ekerek \u201cBu rezervlerle \u00f6v\u00fcnmenin bir anlam\u0131 yoktur. Bu adeta ba\u015fkalar\u0131n\u0131n paras\u0131yla d\u00fc\u011f\u00fcn dernek yapmaya benzer\u201d dedi.<\/p>\n<p style=\"text-align: justify;\"><strong>\u201cFA\u0130ZLER YEN\u0130DEN \u00c7\u0130FT HANEL\u0130 RAKAMLARA GELD\u0130\u201d<\/strong><\/p>\n<p style=\"text-align: justify;\">T\u00fcrkiye\u2019de ya\u015fanan b\u00fcy\u00fcmenin \u201cbereketsiz bir b\u00fcy\u00fcme\u201d oldu\u011funu ve d\u0131\u015far\u0131dan al\u0131nan bor\u00e7la yarat\u0131lan i\u00e7 talebe dayand\u0131\u011f\u0131n\u0131 s\u00f6yleyen \u00d6ztrak, \u201cMaalesef T\u00fcrkiye\u2019deki her 3 liral\u0131k talebin 1 liras\u0131 yurt d\u0131\u015f\u0131ndan kar\u015f\u0131lanm\u0131\u015ft\u0131r. Bu, s\u00fcrd\u00fcr\u00fclebilir bir durum de\u011fildir\u201d dedi.<\/p>\n<p style=\"text-align: justify;\">Son d\u00f6nemde cari a\u00e7\u0131\u011f\u0131n giderek daha fazla kayna\u011f\u0131n\u0131n ne oldu\u011funun bilinmedi\u011fi ve baz\u0131 bas\u0131n yay\u0131n organlar\u0131nda karapara oldu\u011fu s\u00f6ylenen \u201cnet hata ve noksan\u201d kalemiyle kapat\u0131ld\u0131\u011f\u0131na dikkat \u00e7eken \u00d6ztrak, se\u00e7imlerden \u00f6nce AKP\u2019nin \u201c CHP iktidara gelirse faizler s\u0131\u00e7rar, kurlar z\u0131plar\u201d dedi\u011fini an\u0131msatarak \u201c\u015eimdi ne oldu? Bug\u00fcn kredi faizleri yeniden \u00e7ift hanelere geldi. Ge\u00e7en y\u0131lsonunda y\u00fczde 7 olan ikincil piyasa g\u00f6sterge faizi y\u00fczde 9\u2019lar\u0131 zorlamaya ba\u015flad\u0131\u201d dedi. Ba\u015fbakan\u2019\u0131n s\u0131f\u0131r faizden s\u00f6z etti\u011fini de kaydeden \u00d6ztrak, \u201cSiz e\u011fer d\u0131\u015far\u0131dan bu kadar bor\u00e7lanma ihtiyac\u0131 i\u00e7indeyseniz Allah korusun y\u00fczde 10 de\u011fil, 20-30\u2019luk faizleri g\u00f6rmeye ba\u015flars\u0131n\u0131z\u201d dedi.<\/p>\n<p style=\"text-align: justify;\">\u00d6ztrak, AKP\u2019nin krizden en h\u0131zl\u0131 \u00e7\u0131kan \u00fclkenin T\u00fcrkiye olmas\u0131yla \u00f6v\u00fcnd\u00fc\u011f\u00fcn\u00fc, ancak k\u00fcresel krizde en h\u0131zl\u0131 daralan \u00fclkelerden birinin T\u00fcrkiye oldu\u011funu dile getirerek \u201cLastik topu yere ne kadar h\u0131zl\u0131 vurursan\u0131z o kadar yukar\u0131 s\u0131\u00e7rar. T\u00fcrkiye krizde en h\u0131zl\u0131 daralan 14. ekonomi oldu. \u0130\u015fsizli\u011fi OECD \u00fclkeleri i\u00e7inde en h\u0131zl\u0131 artan 5. ekonomi oldu. Kriz d\u00f6neminde yoksul say\u0131s\u0131ndaki 818 bin ki\u015fi artt\u0131\u201d diye konu\u015ftu.<\/p>\n<p style=\"text-align: justify;\"><strong>\u201c AKP B\u0130Z\u0130M PROJELER\u0130M\u0130ZE SAH\u0130P \u00c7IKMAYA BA\u015eLADI\u201d<\/strong><\/p>\n<p style=\"text-align: justify;\">\u00d6ztrak, se\u00e7imden \u00f6nce CHP\u2019nin a\u00e7\u0131klad\u0131\u011f\u0131 aile sigortas\u0131 projesinin AKP taraf\u0131ndan pop\u00fclist olarak nitelendirildi\u011fini an\u0131msatarak \u201cAncak \u015fimdi Ba\u015fbakan kendi deyimiyle ustal\u0131k d\u00f6nemine ge\u00e7ti\u011finde bir de bakt\u0131k ki bizim projelerimiz sahip \u00e7\u0131kmaya ba\u015flad\u0131lar. Yanl\u0131\u015ftan d\u00f6nebilmeyi de bir erdem olarak g\u00f6r\u00fcyoruz. 24. d\u00f6nemde daha fazla bu h\u00fck\u00fcmete yol g\u00f6stermeye devam edece\u011fiz. AKP\u2019nin Aile ve Sosyal Destek Program\u0131, bizim Aile Sigortas\u0131 projesinin bir kopyas\u0131. Aile sigortas\u0131 uzmanlar\u0131 orada da konulmu\u015f. Aileye odakl\u0131 bir destek sistemini biz de \u00f6nemsiyorduk, bunun da yeni H\u00fck\u00fcmet Program\u0131 i\u00e7inde yer ald\u0131\u011f\u0131n\u0131 g\u00f6r\u00fcyoruz\u201d diye konu\u015ftu.<\/p>\n<p style=\"text-align: justify;\">\u00d6ztrak, CHP\u2019nin se\u00e7im beyannamesinde yer alan Finansal \u0130stikrar Komitesi\u2019nin \u201ckomisyon\u201d ad\u0131 alt\u0131nda AKP taraf\u0131ndan kuruldu\u011funu ancak bu komisyonun ba\u015f\u0131nda bir bakan bulunmas\u0131n\u0131n, ba\u011f\u0131ms\u0131z kurullara m\u00fcdahale edece\u011fi g\u00f6r\u00fcn\u00fcm\u00fc yaratt\u0131\u011f\u0131n\u0131 ve komisyonun ba\u015f\u0131ndaki bakan\u0131n ayr\u0131lmas\u0131 gerekti\u011fini s\u00f6yledi.<\/p>\n<p style=\"text-align: justify;\"><strong>\u201c AKP \u0130KT\u0130DARINDA VERG\u0130 DENET\u0130M\u0130 DEMOKLES\u0130N KILICINA D\u00d6N\u00dc\u015eT\u00dc\u201d<\/strong><\/p>\n<p style=\"text-align: justify;\">AKP iktidar\u0131nda \u201cileri demokrasi\u201dden bahsedilmesine kar\u015f\u0131n vergi denetiminin siyasi bir bask\u0131 arac\u0131 haline getirildi\u011fini dile getiren \u00d6ztrak, \u201c AKP iktidar\u0131nda vergi denetimi i\u015f d\u00fcnyas\u0131 \u00fczerinde adeta demoklesin k\u0131l\u0131c\u0131na d\u00f6n\u00fc\u015ft\u00fc. K\u00f6kl\u00fc denetim kurullar\u0131n\u0131n son kararnameyle kald\u0131r\u0131lmas\u0131 bu s\u00fcreci daha da h\u0131zland\u0131raca\u011fa benzemektedir\u201d dedi. \u00d6ztrak, kamu ihalelerinin \u015feffafla\u015fmas\u0131 y\u00f6n\u00fcnde de hi\u00e7bir ad\u0131m at\u0131lmad\u0131\u011f\u0131n\u0131 ifade etti.<\/p>\n<p style=\"text-align: justify;\"><strong>\u201c AKP\u2019N\u0130N TARIM POL\u0130T\u0130KALARI \u00c7\u0130FT\u00c7\u0130Y\u0130 \u0130MHA PROGRAMI\u201d<\/strong><\/p>\n<p style=\"text-align: justify;\">\u00d6ztrak, AKP iktidar\u0131nda T\u00fcrkiye\u2019nin Suriye, Myanmar, Sri Lanka, Kenya, Bolivya, K\u00fcba, Etiyopya ile birlikte kara para aklayan \u00fclkeler aras\u0131nda say\u0131lmaya ba\u015flad\u0131\u011f\u0131na dikkat \u00e7ekerken AKP d\u00f6neminde uygulanan tar\u0131m politikalar\u0131n\u0131n \u201c\u00e7ift\u00e7iyi imha program\u0131\u201d oldu\u011funu savunarak \u015f\u00f6yle konu\u015ftu:<\/p>\n<p style=\"text-align: justify;\">\u201cT\u00fcrkiye Ukrayna\u2019dan bu\u011fday, Yunanistan\u2019dan pamuk, Arjantin\u2019den m\u0131s\u0131r, Amerika\u2019dan soya, Kanada\u2019dan mercimek, \u015eili\u2019den Angus, Bulgaristan\u2019dan koyun, d\u00fcnyan\u0131n bir\u00e7ok \u00fclkesinden karkas et ithal eden bir \u00fclke haline gelmi\u015ftir. 2003-2010 y\u0131llar\u0131 aras\u0131nda tar\u0131msal hammadde ve g\u0131da ithalat\u0131 i\u00e7in toplam 70 milyar dolar \u00f6denmi\u015ftir. Cari a\u00e7\u0131\u011fa tar\u0131msal ithalattan gelen katk\u0131 ciddi oranda artm\u0131\u015ft\u0131r. T\u00fcrkiye 2010 y\u0131l\u0131nda tar\u0131m sekt\u00f6r\u00fcne verdi\u011fi 6 milyar liral\u0131k deste\u011fin \u00fc\u00e7 kat\u0131ndan fazlas\u0131n\u0131 tar\u0131m ithalat\u0131na harcam\u0131\u015ft\u0131r. D\u0131\u015far\u0131daki \u00e7ift\u00e7iye bu paray\u0131 verece\u011fimize i\u00e7erideki \u00e7ift\u00e7imizi do\u011fru d\u00fczg\u00fcn destekleseydik bu paran\u0131n 3\u2019te biriyle tar\u0131m \u00fcr\u00fcn\u00fc ithal eder bir \u00fclke durumuna d\u00fc\u015f\u00fcr\u00fclmeseydik.\u201d<\/p>\n<p style=\"text-align: justify;\">\u00d6ztrak, H\u00fck\u00fcmet Program\u0131\u2019nda \u00e7ift\u00e7iye 6 milyar lira tar\u0131m deste\u011fi verilece\u011finin \u00f6ng\u00f6r\u00fclmesine kar\u015f\u0131n sadece mazottaki \u00d6TV ve KDV \u00fczerinden \u00e7ift\u00e7iden al\u0131nan vergi miktar\u0131n\u0131n, y\u0131lda 6.4 milyar lira oldu\u011funa dikkat \u00e7ekti.<\/p>\n<p style=\"text-align: justify;\">AKP iktidar\u0131 d\u00f6neminde enerjide d\u0131\u015fa ba\u011f\u0131ml\u0131l\u0131\u011f\u0131n y\u00fczde 67\u2019den y\u00fczde 72.4\u2019e \u00e7\u0131kt\u0131\u011f\u0131n\u0131 belirten \u00d6ztrak, AKP\u2019nin n\u00fckleer politikas\u0131nda da ciddi sorunlar\u0131n bulundu\u011funu, Japonya\u2019da ya\u015fanan n\u00fckleer felaketten sonra bile n\u00fckleer enerjiye ili\u015fkin kararlar\u0131n g\u00f6zden ge\u00e7irilmedi\u011fini ifade etti.<\/p>\n<p style=\"text-align: justify;\"><strong>\u201cPROGRAM AKP\u2019N\u0130N \u00c7IRAKLIK D\u00d6NEM\u0130N\u0130N DEVAM ETT\u0130\u011e\u0130N\u0130 G\u00d6STER\u0130YOR\u201d<\/strong><\/p>\n<p style=\"text-align: justify;\">\u00d6ztrak, \u201cBu H\u00fck\u00fcmet Program\u0131 maalesef AKP\u2019nin \u00e7\u0131rakl\u0131k d\u00f6neminin devam etti\u011fini g\u00f6steriyor. T\u00fcrkiye\u2019nin mevcut sorunlar\u0131na ili\u015fkin tespitler son derece yetersiz. Program\u0131n ortaya koydu\u011fu politikalar da yetersiz ve ortada \u2019cek, cak\u2019lardan ba\u015fka hi\u00e7bir bir vizyon yok\u201d diye konu\u015ftu.<\/p>\n<p style=\"text-align: justify;\"><strong>&#8220;CAR\u0130 A\u00c7I\u011eI LAST\u0130K CONTA \u00dcRET\u0130M\u0130YLE KAPATACAKLARMI\u015e, \u0130LG\u0130N\u00c7&#8221;<\/strong><\/p>\n<p style=\"text-align: justify;\">Ekonomi Bakan\u0131 Zafer \u00c7a\u011flayan\u2019\u0131n \u201cCari a\u00e7\u0131\u011f\u0131 lastik conta \u00fcretimiyle kapataca\u011f\u0131z\u201d a\u00e7\u0131klamas\u0131n\u0131n ilgin\u00e7 buldu\u011funu s\u00f6yleyen \u00d6ztrak, s\u00f6zlerini \u015f\u00f6yle s\u00fcrd\u00fcrd\u00fc:<\/p>\n<p style=\"text-align: justify;\">\u201c\u00c7ok a\u00e7\u0131k s\u00f6yl\u00fcyorum. Bu H\u00fck\u00fcmet Program\u0131\u2019nda \u00fclkenin temel k\u0131r\u0131lganl\u0131klar\u0131na ili\u015fkin b\u00fct\u00fcnc\u00fcl bir projeyi g\u00f6remedik. H\u00fck\u00fcmet\u2019e \u015funu s\u00f6yl\u00fcyoruz. Bir an \u00f6nce Ekonomik Sosyal Konsey\u2019i toplay\u0131n, 2009\u2019dan beri toplam\u0131yorsunuz. Oradaki g\u00f6r\u00fc\u015fleri ald\u0131ktan sonra orta vadeli program\u0131n\u0131z\u0131 haz\u0131rlay\u0131n. Ve bu plan kapsam\u0131nda ortaya derli toplu bir paket koyun. Yoksa a\u00e7\u0131k s\u00f6yl\u00fcyorum, program\u0131n di\u011fer b\u00f6l\u00fcm\u00fcnde yazm\u0131\u015f olduklar\u0131 projelere hi\u00e7bir \u015fekilde kaynak bulamad\u0131klar\u0131 gibi devam eden projeleri finanse edecek imkanlar\u0131 bulamayacaklar. D\u00fcnya son derece s\u0131k\u0131nt\u0131l\u0131 bir noktaya gidiyor, T\u00fcrkiye\u2019nin de bir an \u00f6nce ekonomiye dikkatleri \u00e7ekip gerekli \u00f6nlemleri almas\u0131 gerekiyor. \u00d6n\u00fcm\u00fczdeki d\u00f6nemde biz CHP olarak en etkili \u015fekilde Meclis\u2019te olaca\u011f\u0131z. Bu programdan dolay\u0131 anamuhalefete \u00e7ok fazla g\u00f6rev d\u00fc\u015fmesi gerekti\u011fini g\u00f6r\u00fcyoruz. Hi\u00e7 kimse \u015f\u00fcphe etmesin 4 y\u0131l boyunca bu h\u00fck\u00fcmetin uygulad\u0131\u011f\u0131 yanl\u0131\u015f politikalar\u0131n kar\u015f\u0131s\u0131nda olurken eksiklerini gideren, do\u011frular\u0131n\u0131 destekleyen de biz olaca\u011f\u0131z.\u201d<\/p>\n<p style=\"text-align: justify;\"><a href=\"http:\/\/www.gazeteport.com.tr\/haber\/42230\/hukumet_programini_topa_tuttu\" target=\"_blank\">Kaynak : GAZETEPORT<\/a><\/p>\n","protected":false},"excerpt":{"rendered":"<p style=\"text-align: justify;\">\n<p style=\"text-align: justify;\">CHP&#8217;nin ekonomist Genel Ba\u015fkan Yard\u0131mc\u0131s\u0131 Faik \u00d6ztrak, AKP\u2019nin 9 y\u0131ld\u0131r iktidarda de\u011filmi\u015f gibi bir H\u00fck\u00fcmet Program\u0131 haz\u0131rlad\u0131\u011f\u0131n\u0131 ifade ederek, \u201cBu H\u00fck\u00fcmet Program\u0131 maalesef AKP\u2019nin \u00e7\u0131rakl\u0131k d\u00f6neminin devam etti\u011fini g\u00f6steriyor. \u201cCari a\u00e7\u0131\u011f\u0131 lastik conta \u00fcretimiyle kapatacaklarm\u0131\u015f, ilgin\u00e7\u201d dedi. \u0130\u015fte o ba\u015fl\u0131klar&#8230;<\/p>\n","protected":false},"author":1,"featured_media":0,"comment_status":"open","ping_status":"open","sticky":false,"template":"","format":"standard","meta":{"footnotes":""},"categories":[105],"tags":[],"class_list":["post-36667","post","type-post","status-publish","format-standard","hentry","category-gundem","odd"],"_links":{"self":[{"href":"http:\/\/www.korhanyilmaz.com\/index.php?rest_route=\/wp\/v2\/posts\/36667","targetHints":{"allow":["GET"]}}],"collection":[{"href":"http:\/\/www.korhanyilmaz.com\/index.php?rest_route=\/wp\/v2\/posts"}],"about":[{"href":"http:\/\/www.korhanyilmaz.com\/index.php?rest_route=\/wp\/v2\/types\/post"}],"author":[{"embeddable":true,"href":"http:\/\/www.korhanyilmaz.com\/index.php?rest_route=\/wp\/v2\/users\/1"}],"replies":[{"embeddable":true,"href":"http:\/\/www.korhanyilmaz.com\/index.php?rest_route=%2Fwp%2Fv2%2Fcomments&post=36667"}],"version-history":[{"count":0,"href":"http:\/\/www.korhanyilmaz.com\/index.php?rest_route=\/wp\/v2\/posts\/36667\/revisions"}],"wp:attachment":[{"href":"http:\/\/www.korhanyilmaz.com\/index.php?rest_route=%2Fwp%2Fv2%2Fmedia&parent=36667"}],"wp:term":[{"taxonomy":"category","embeddable":true,"href":"http:\/\/www.korhanyilmaz.com\/index.php?rest_route=%2Fwp%2Fv2%2Fcategories&post=36667"},{"taxonomy":"post_tag","embeddable":true,"href":"http:\/\/www.korhanyilmaz.com\/index.php?rest_route=%2Fwp%2Fv2%2Ftags&post=36667"}],"curies":[{"name":"wp","href":"https:\/\/api.w.org\/{rel}","templated":true}]}}