{"id":36663,"date":"2011-07-13T14:29:46","date_gmt":"2011-07-13T11:29:46","guid":{"rendered":"http:\/\/www.korhanyilmaz.com\/?p=36663"},"modified":"2011-07-13T18:28:16","modified_gmt":"2011-07-13T15:28:16","slug":"davutoglu-turkiye-ab-iliskileri-donabilir","status":"publish","type":"post","link":"http:\/\/www.korhanyilmaz.com\/?p=36663","title":{"rendered":"Davuto\u011flu: &#8220;T\u00fcrkiye-AB ili\u015fkileri donabilir&#8221;"},"content":{"rendered":"<p style=\"text-align: justify;\"><a href=\"http:\/\/www.korhanyilmaz.com\/wp-content\/uploads\/2011\/07\/1538.jpg\"  class=\"lightview\"><img loading=\"lazy\" decoding=\"async\" class=\"aligncenter size-full wp-image-36664\" src=\"http:\/\/www.korhanyilmaz.com\/wp-content\/uploads\/2011\/07\/1538.jpg\" alt=\"\" width=\"307\" height=\"236\" \/><\/a><\/p>\n<p style=\"text-align: justify;\">D\u0131\u015fi\u015fleri Bakan\u0131 Ahmet Davuto\u011flu K\u0131br\u0131s Rum Kesimi&#8217;nin K\u0131br\u0131s&#8217;taki m\u00fczakereleri geciktirerek, tek tarafl\u0131 olarak AB d\u00f6nem ba\u015fkanl\u0131\u011f\u0131n\u0131 almas\u0131 durumunda T\u00fcrkiye-AB ili\u015fkilerinin donma noktas\u0131na gelece\u011fini s\u00f6yledi.<\/p>\n<p style=\"text-align: justify;\">Davuto\u011flu bu durumda, T\u00fcrkiye&#8217;nin Rum y\u00f6netiminin d\u00f6nem ba\u015fkanl\u0131\u011f\u0131n\u0131 muhatap almas\u0131n\u0131n s\u00f6z konusu olmayaca\u011f\u0131n\u0131 bildirdi. <!--more--><\/p>\n<p style=\"text-align: justify;\">Davuto\u011flu Ukrayna D\u0131\u015fi\u015fleri Bakan\u0131 Konstantin Gri\u015f\u00e7enko ile g\u00f6r\u00fc\u015fmesinin ard\u0131ndan d\u00fczenlenen ortak bas\u0131n toplant\u0131s\u0131nda K\u0131br\u0131s&#8217;taki m\u00fczakere s\u00fcreci ile ilgili soru \u00fczerine, K\u0131br\u0131s&#8217;taki ama\u00e7lar\u0131n\u0131n bir an \u00f6nce \u00e7\u00f6z\u00fcme ula\u015f\u0131lmas\u0131 ve Temmuz 2012&#8217;deki Rum taraf\u0131n\u0131n AB d\u00f6nem ba\u015fkanl\u0131\u011f\u0131n\u0131n ortakla\u015fa \u00fcstlenilmesi oldu\u011funu s\u00f6yledi.<\/p>\n<p style=\"text-align: justify;\">Davuto\u011flu s\u00f6zlerini \u015f\u00f6yle s\u00fcrd\u00fcrd\u00fc:<\/p>\n<p style=\"text-align: justify;\">&#8220;E\u011fer bu olmazsa, K\u0131br\u0131s Rum taraf\u0131 bu m\u00fczakereleri geciktirerek gelecek sene 2012 Temmuzunda tek tarafl\u0131 olarak d\u00f6nem ba\u015fkanl\u0131\u011f\u0131n\u0131 al\u0131rsa bu sadece Adada bir \u00e7\u00f6z\u00fcms\u00fczl\u00fck anlam\u0131na gelmez ayn\u0131 zamanda T\u00fcrkiye ile AB ili\u015fkilerinin t\u0131kan\u0131kl\u0131\u011f\u0131n \u00f6tesinde donma noktas\u0131 anlam\u0131na gelir. Bunu a\u00e7\u0131k bir \u015fekilde Say\u0131n Stefan F\u00fcle&#8217;ye de s\u00f6yledim. Biz G\u00fcney K\u0131br\u0131s Rum Kesimi&#8217;nin \u00e7\u00f6z\u00fcm olmadan \u00fcstlenece\u011fi bir d\u00f6nem ba\u015fkanl\u0131\u011f\u0131nda T\u00fcrkiye ile AB aras\u0131ndaki ili\u015fkilerin s\u00fcrd\u00fcr\u00fclebilece\u011fi kanaatinde de\u011filiz.<\/p>\n<p style=\"text-align: justify;\">Yani o d\u00f6nem i\u00e7in bizim herhangi bir \u015fekilde G\u00fcney K\u0131br\u0131s Rum y\u00f6netimi d\u00f6nem ba\u015fkanl\u0131\u011f\u0131n\u0131 muhatap almam\u0131z s\u00f6z konusu de\u011fildir. Bu t\u0131kan\u0131kl\u0131\u011f\u0131 a\u015fman\u0131n tedbirlerini de \u015fimdiden almal\u0131y\u0131z. Bu tedbir de a\u00e7\u0131k \u015fekilde \u00e7\u00f6z\u00fcm\u00fcn bu sene sonuna kadar ger\u00e7ekle\u015fmesi ve gelecek sene i\u00e7inde kar\u015f\u0131l\u0131kl\u0131 onaylarla yeni K\u0131br\u0131s devletinin d\u00f6nem ba\u015fkanl\u0131\u011f\u0131n\u0131 almas\u0131. Bu iki vizyon aras\u0131nda bir tercihle kar\u015f\u0131 kar\u015f\u0131yad\u0131r AB ve K\u0131br\u0131s Rum y\u00f6netimi.&#8221;<\/p>\n<p style=\"text-align: justify;\">&#8220;\u00c7\u00fcnk\u00fc ger\u00e7ekten T\u00fcrkiye-AB ili\u015fkilerinde stratejik kararlar alma vakti gelmi\u015ftir&#8221; diyen Davuto\u011flu, T\u00fcrkiye i\u00e7in bu karar\u0131n a\u00e7\u0131k oldu\u011funu, Ba\u015fbakan Recep Tayyip Erdo\u011fan&#8217;\u0131n h\u00fck\u00fcmet program\u0131n\u0131 bu konuda a\u00e7\u0131k \u015fekilde bir kez daha ortaya koydu\u011funu belirtti. Davuto\u011flu, bu konudaki kararl\u0131l\u0131\u011f\u0131n AB Bakanl\u0131\u011f\u0131 kurularak da g\u00f6sterildi\u011fini s\u00f6yleyerek, \u015funlar\u0131 kaydetti:<\/p>\n<p style=\"text-align: justify;\">&#8220;Bir tarafta s\u00fcrekli inisiyatif alan T\u00fcrk taraf\u0131 var, di\u011fer tarafta da konuyu zamana yayma te\u015febb\u00fcs\u00fcnde olan ve bu yolla AB&#8217;de adan\u0131n t\u00fcm\u00fcn\u00fc temsil edecek \u015fekilde d\u00f6nem ba\u015fkanl\u0131\u011f\u0131n\u0131 \u00fcstlenme \u00e7abas\u0131 i\u00e7inde olan Rum taraf\u0131 var. \u00c7ok a\u00e7\u0131k yine s\u00f6yl\u00fcyorum, bizim hedefimiz K\u0131br\u0131s&#8217;ta \u00e7\u00f6z\u00fcme ula\u015f\u0131lmas\u0131 ve d\u00f6nem ba\u015fkanl\u0131\u011f\u0131n\u0131n bar\u0131\u015f sonras\u0131 olu\u015facak yeni K\u0131br\u0131s devleti taraf\u0131ndan, T\u00fcrklerin de i\u00e7inde oldu\u011fu K\u0131br\u0131s taraf\u0131ndan \u00fcstlenilmesi. Bu olursa b\u00fct\u00fcn yollar a\u00e7\u0131lacak, hem kapsaml\u0131 \u00e7\u00f6z\u00fcme ula\u015f\u0131lm\u0131\u015f olur, hem yeni K\u0131br\u0131s devleti T\u00fcrklerin de i\u00e7inde bulundu\u011fu \u015fekliyle T\u00fcrkiye-AB ili\u015fkilerinde b\u00fcy\u00fck bir at\u0131l\u0131m yapma imkan\u0131 olacak, hem de AB&#8217;nin T\u00fcrkiye ile geli\u015ftirdi\u011fi stratejik vizyon hayata ge\u00e7irilmi\u015f olacak.<\/p>\n<p style=\"text-align: justify;\">Ancak ayn\u0131 kararl\u0131l\u0131\u011f\u0131n AB taraf\u0131ndan da g\u00f6sterilmesi laz\u0131m. Bu noktada iki \u00f6nemli engel var: Birisi K\u0131br\u0131s konusunda maalesef hala bir \u00e7\u00f6z\u00fcme ula\u015f\u0131lamam\u0131\u015f olmas\u0131 ve AB&#8217;nin tek tarafl\u0131 olarak siyasi bir parametre olarak K\u0131br\u0131s konusunu baz\u0131 fas\u0131llarla irtibatland\u0131rm\u0131\u015f olmas\u0131. \u0130kinci engel de ba\u015fta Fransa olmak \u00fczere baz\u0131 \u00fclkelerin tutumlar\u0131. Bu t\u0131kan\u0131kl\u0131\u011f\u0131n a\u015f\u0131lmas\u0131n\u0131n kilidi, anahtar\u0131 bir anlamda K\u0131br\u0131s&#8217;ta al\u0131nacak mesafedir.&#8221;<\/p>\n<p style=\"text-align: justify;\"><a href=\"http:\/\/www.cnnturk.com\/2011\/turkiye\/07\/13\/davutoglu.turkiye.ab.iliskileri.donabilir\/622789.0\/index.html\" target=\"_blank\">Kaynak : CNN T\u00dcRK<\/a><\/p>\n","protected":false},"excerpt":{"rendered":"<p style=\"text-align: justify;\">\n<p style=\"text-align: justify;\">D\u0131\u015fi\u015fleri Bakan\u0131 Ahmet Davuto\u011flu K\u0131br\u0131s Rum Kesimi&#8217;nin K\u0131br\u0131s&#8217;taki m\u00fczakereleri geciktirerek, tek tarafl\u0131 olarak AB d\u00f6nem ba\u015fkanl\u0131\u011f\u0131n\u0131 almas\u0131 durumunda T\u00fcrkiye-AB ili\u015fkilerinin donma noktas\u0131na gelece\u011fini s\u00f6yledi.<\/p>\n<p style=\"text-align: justify;\">Davuto\u011flu bu durumda, T\u00fcrkiye&#8217;nin Rum y\u00f6netiminin d\u00f6nem ba\u015fkanl\u0131\u011f\u0131n\u0131 muhatap almas\u0131n\u0131n s\u00f6z konusu olmayaca\u011f\u0131n\u0131 bildirdi. <\/p>\n","protected":false},"author":1,"featured_media":0,"comment_status":"open","ping_status":"open","sticky":false,"template":"","format":"standard","meta":{"footnotes":""},"categories":[105],"tags":[],"class_list":["post-36663","post","type-post","status-publish","format-standard","hentry","category-gundem","odd"],"_links":{"self":[{"href":"http:\/\/www.korhanyilmaz.com\/index.php?rest_route=\/wp\/v2\/posts\/36663","targetHints":{"allow":["GET"]}}],"collection":[{"href":"http:\/\/www.korhanyilmaz.com\/index.php?rest_route=\/wp\/v2\/posts"}],"about":[{"href":"http:\/\/www.korhanyilmaz.com\/index.php?rest_route=\/wp\/v2\/types\/post"}],"author":[{"embeddable":true,"href":"http:\/\/www.korhanyilmaz.com\/index.php?rest_route=\/wp\/v2\/users\/1"}],"replies":[{"embeddable":true,"href":"http:\/\/www.korhanyilmaz.com\/index.php?rest_route=%2Fwp%2Fv2%2Fcomments&post=36663"}],"version-history":[{"count":0,"href":"http:\/\/www.korhanyilmaz.com\/index.php?rest_route=\/wp\/v2\/posts\/36663\/revisions"}],"wp:attachment":[{"href":"http:\/\/www.korhanyilmaz.com\/index.php?rest_route=%2Fwp%2Fv2%2Fmedia&parent=36663"}],"wp:term":[{"taxonomy":"category","embeddable":true,"href":"http:\/\/www.korhanyilmaz.com\/index.php?rest_route=%2Fwp%2Fv2%2Fcategories&post=36663"},{"taxonomy":"post_tag","embeddable":true,"href":"http:\/\/www.korhanyilmaz.com\/index.php?rest_route=%2Fwp%2Fv2%2Ftags&post=36663"}],"curies":[{"name":"wp","href":"https:\/\/api.w.org\/{rel}","templated":true}]}}