{"id":36660,"date":"2011-07-13T16:53:01","date_gmt":"2011-07-13T13:53:01","guid":{"rendered":"http:\/\/www.korhanyilmaz.com\/?p=36660"},"modified":"2011-07-13T18:24:26","modified_gmt":"2011-07-13T15:24:26","slug":"fuleden-davutogluna-jet-yanit","status":"publish","type":"post","link":"http:\/\/www.korhanyilmaz.com\/?p=36660","title":{"rendered":"F\u00fcle&#8217;den Davuto\u011flu&#8217;na jet yan\u0131t"},"content":{"rendered":"<p style=\"text-align: justify;\"><a href=\"http:\/\/www.korhanyilmaz.com\/wp-content\/uploads\/2011\/07\/1537.jpg\"  class=\"lightview\"><img loading=\"lazy\" decoding=\"async\" class=\"aligncenter size-full wp-image-36661\" title=\"\" src=\"http:\/\/www.korhanyilmaz.com\/wp-content\/uploads\/2011\/07\/1537.jpg\" alt=\"\" width=\"292\" height=\"213\" \/><\/a><\/p>\n<p style=\"text-align: justify;\">AB Komisyonu&#8217;nun Geni\u015flemeden sorumlu \u00fcyesi Stefan F\u00fcle, D\u0131\u015fi\u015fleri Bakan\u0131 Ahmet Davuto\u011flu&#8217;nun &#8220;AB ili\u015fkilerinin donma noktas\u0131na gelebilece\u011fi&#8221; y\u00f6n\u00fcndeki a\u00e7\u0131klamas\u0131n\u0131 &#8220;Bu tip yorumlar i\u00e7in do\u011fru bir zaman olmad\u0131\u011f\u0131n\u0131 d\u00fc\u015f\u00fcn\u00fcyorum&#8221; dedi. <!--more--><\/p>\n<p style=\"text-align: justify;\">F\u00fcle, BDP Grup Ba\u015fkan\u0131 Selahattin Demirta\u015f&#8217;\u0131 ziyaret etti.<\/p>\n<p style=\"text-align: justify;\">Yakla\u015f\u0131k bir saat s\u00fcren ziyaretin ard\u0131ndan a\u00e7\u0131klama yapan F\u00fcle, BDP y\u00f6neticileriyle faydal\u0131 bir g\u00f6r\u00fc\u015fme ger\u00e7ekle\u015ftirdiklerini ifade etti.<\/p>\n<p style=\"text-align: justify;\">Hem reform s\u00fcreci hem de mevcut siyasi durumu ele ald\u0131klar\u0131n\u0131 beliren F\u00fcle, &#8220;Son derece demokratik bir kurum olan parlamentonun demokratik reform s\u00fcreci i\u00e7erisinde yerine getirece\u011fi g\u00f6revlerde yer alabilmeleri i\u00e7in parlamentoya geri d\u00f6nmelerini sa\u011flayacak bir d\u00fczenlemeyi di\u011fer siyasi partilerle ortaya koyabileceklerine dair inanc\u0131m\u0131 dile getirdim&#8221; diye konu\u015ftu.<\/p>\n<p style=\"text-align: justify;\">F\u00fcle, muhalefetin T\u00fcrkiye-AB s\u00fcreci i\u00e7erisinde son derece \u00f6nemli bir payda\u015f oldu\u011funu ve bu \u015fekilde devam etti\u011fini g\u00f6rmek istediklerini s\u00f6yledi.<\/p>\n<p style=\"text-align: justify;\">D\u0131\u015fi\u015fleri Bakan\u0131 Ahmet Davuto\u011flu&#8217;nun &#8220;K\u0131br\u0131s Rum Kesimi&#8217;nin K\u0131br\u0131s&#8217;taki m\u00fczakereleri geciktirerek, tek tarafl\u0131 olarak AB d\u00f6nem ba\u015fkanl\u0131\u011f\u0131n\u0131 almas\u0131 durumunda T\u00fcrkiye-AB ili\u015fkilerinin donma noktas\u0131na gelece\u011fini&#8221; s\u00f6ylemesini nas\u0131l de\u011ferlendirdi\u011finin sorulmas\u0131 \u00fczerine F\u00fcle, \u015funlar\u0131 s\u00f6yledi:<\/p>\n<p style=\"text-align: justify;\">&#8220;Bu tip yorumlar i\u00e7in do\u011fru bir zaman olmad\u0131\u011f\u0131n\u0131 d\u00fc\u015f\u00fcn\u00fcyorum. \u00c7\u00fcnk\u00fc i\u00e7inde bulundu\u011fumuz bu d\u00f6nem, esas\u0131nda T\u00fcrkiye-AB ili\u015fkilerine, reform s\u00fcrecine, kat\u0131l\u0131m m\u00fczakereleri s\u00fcrecine yeni bir ivme kazand\u0131rmak i\u00e7in do\u011fru bir zaman. Bu hem benim g\u00f6r\u00fc\u015f\u00fcm hem de bug\u00fcn yapt\u0131\u011f\u0131m g\u00f6r\u00fc\u015fmelerde say\u0131n Bakan Egemen Ba\u011f\u0131\u015f da benzer bir pozisyon sergiledi. Her ikimizde bu y\u00f6nde gayretlerimize, \u00e7al\u0131\u015fmalar\u0131m\u0131za devam edece\u011fiz.&#8221;<\/p>\n<p style=\"text-align: justify;\"><a href=\"http:\/\/www.cnnturk.com\/2011\/turkiye\/07\/13\/fuleden.davutogluna.jet.yanit\/622820.0\/index.html\" target=\"_blank\">Kaynak : CNN T\u00dcRK<\/a><\/p>\n","protected":false},"excerpt":{"rendered":"<p style=\"text-align: justify;\">\n<p style=\"text-align: justify;\">AB Komisyonu&#8217;nun Geni\u015flemeden sorumlu \u00fcyesi Stefan F\u00fcle, D\u0131\u015fi\u015fleri Bakan\u0131 Ahmet Davuto\u011flu&#8217;nun &#8220;AB ili\u015fkilerinin donma noktas\u0131na gelebilece\u011fi&#8221; y\u00f6n\u00fcndeki a\u00e7\u0131klamas\u0131n\u0131 &#8220;Bu tip yorumlar i\u00e7in do\u011fru bir zaman olmad\u0131\u011f\u0131n\u0131 d\u00fc\u015f\u00fcn\u00fcyorum&#8221; dedi. <\/p>\n","protected":false},"author":1,"featured_media":0,"comment_status":"open","ping_status":"open","sticky":false,"template":"","format":"standard","meta":{"footnotes":""},"categories":[105],"tags":[],"class_list":["post-36660","post","type-post","status-publish","format-standard","hentry","category-gundem","odd"],"_links":{"self":[{"href":"http:\/\/www.korhanyilmaz.com\/index.php?rest_route=\/wp\/v2\/posts\/36660","targetHints":{"allow":["GET"]}}],"collection":[{"href":"http:\/\/www.korhanyilmaz.com\/index.php?rest_route=\/wp\/v2\/posts"}],"about":[{"href":"http:\/\/www.korhanyilmaz.com\/index.php?rest_route=\/wp\/v2\/types\/post"}],"author":[{"embeddable":true,"href":"http:\/\/www.korhanyilmaz.com\/index.php?rest_route=\/wp\/v2\/users\/1"}],"replies":[{"embeddable":true,"href":"http:\/\/www.korhanyilmaz.com\/index.php?rest_route=%2Fwp%2Fv2%2Fcomments&post=36660"}],"version-history":[{"count":0,"href":"http:\/\/www.korhanyilmaz.com\/index.php?rest_route=\/wp\/v2\/posts\/36660\/revisions"}],"wp:attachment":[{"href":"http:\/\/www.korhanyilmaz.com\/index.php?rest_route=%2Fwp%2Fv2%2Fmedia&parent=36660"}],"wp:term":[{"taxonomy":"category","embeddable":true,"href":"http:\/\/www.korhanyilmaz.com\/index.php?rest_route=%2Fwp%2Fv2%2Fcategories&post=36660"},{"taxonomy":"post_tag","embeddable":true,"href":"http:\/\/www.korhanyilmaz.com\/index.php?rest_route=%2Fwp%2Fv2%2Ftags&post=36660"}],"curies":[{"name":"wp","href":"https:\/\/api.w.org\/{rel}","templated":true}]}}