{"id":36650,"date":"2011-07-13T12:35:16","date_gmt":"2011-07-13T09:35:16","guid":{"rendered":"http:\/\/www.korhanyilmaz.com\/?p=36650"},"modified":"2011-07-13T18:39:14","modified_gmt":"2011-07-13T15:39:14","slug":"kilicdaroglundan-erdogana-hasan-dagci-kim","status":"publish","type":"post","link":"http:\/\/www.korhanyilmaz.com\/?p=36650","title":{"rendered":"K\u0131l\u0131\u00e7daro\u011flu&#8217;ndan Erdo\u011fan&#8217;a: &#8216;Hasan Da\u011fc\u0131 kim?&#8217;"},"content":{"rendered":"<p style=\"text-align: center;\"><a href=\"http:\/\/www.korhanyilmaz.com\/wp-content\/uploads\/2011\/07\/1534.jpg\"  class=\"lightview\"><img loading=\"lazy\" decoding=\"async\" class=\"aligncenter size-full wp-image-36651\" src=\"http:\/\/www.korhanyilmaz.com\/wp-content\/uploads\/2011\/07\/1534.jpg\" alt=\"\" width=\"420\" height=\"210\" \/><\/a><\/p>\n<p style=\"text-align: justify;\">CHP Genel Ba\u015fkan\u0131 Kemal K\u0131l\u0131\u00e7daro\u011flu, elindeki imar yolsuzlu\u011fu dosyas\u0131ndan bahsetti ve Erdo\u011fan&#8217;a &#8220;Hasan Da\u011fc\u0131 kim?&#8221; diye sordu.<\/p>\n<p style=\"text-align: justify;\">K\u0131l\u0131\u00e7daro\u011flu, Erdo\u011fan&#8217;\u0131n &#8220;CHP camileri kapatt\u0131&#8221; s\u00f6zlerine yan\u0131t verdi.<\/p>\n<p style=\"text-align: justify;\">&#8220;O camilerde \u015fehitli\u011fi g\u00f6ze alan askerlerimiz kal\u0131yordu&#8221; diyen K\u0131l\u0131\u00e7daro\u011flu, &#8220;O camilerde bu \u00fclkeyi savunmak i\u00e7in, \u00f6l\u00fcm\u00fc g\u00f6ze alan, \u015fehitli\u011fi g\u00f6ze alan askerler kal\u0131yordu. \u00c7\u00fcnk\u00fc ev yok, yer yok. Nerede koruyaca\u011f\u0131z biz askerlerimizi? Nas\u0131l ciddi bir hata yap\u0131yor. Bu vicdans\u0131zl\u0131k de\u011fil midir?&#8221; dedi. <!--more--><\/p>\n<p style=\"text-align: justify;\"><strong>Y\u00dcZ\u00dcNE G\u00d6Z\u00dcNE DURSUN<\/strong><\/p>\n<p style=\"text-align: justify;\">AK Parti iktidar\u0131n\u0131n \u0130zmir ve Manisa&#8217;da 22 caminin hi\u00e7 yap\u0131lmayan onar\u0131m\u0131 i\u00e7in m\u00fcteahhitlere 6 milyon lira \u00f6dedi\u011fini ileri s\u00fcren K\u0131l\u0131\u00e7daro\u011flu, &#8220;Y\u00fcz\u00fcne g\u00f6z\u00fcne dursun. Bu milletin vergileriyle, caminin duvar\u0131nda bile yolsuzlu\u011fa g\u00f6z yumuyorsun. S\u00fcleymaniye Camii&#8217;ni ibadete a\u00e7t\u0131. Din siyasete alet edilmez, kutsal bir \u015feydir; tart\u0131\u015f\u0131lmaz. S\u00fcleymaniye Camii&#8217;nin onar\u0131m\u0131nda da 4 milyon liral\u0131k yolsuzluk yap\u0131ld\u0131.<\/p>\n<p style=\"text-align: justify;\">B\u00fct\u00fcn illerde, k\u00f6ylerde AKP&#8217;nin camilere olan tutkunlu\u011funun gerek\u00e7esini anlat\u0131n. T\u00fcrbe onar\u0131m\u0131yla yolsuzluk yap\u0131yor. Kalkm\u0131\u015f bir de CHP&#8217;de ders vermeye \u00e7al\u0131\u015f\u0131yor. Sen kim, CHP&#8217;ye ders vermek kim?&#8221; diye konu\u015ftu.<\/p>\n<p style=\"text-align: justify;\">\u00a0<strong>HASAN DA\u011eCI K\u0130M?<\/strong><\/p>\n<p style=\"text-align: justify;\">Ba\u015fbakan Erdo\u011fan&#8217;a yeni bir soru daha y\u00f6nelten K\u0131l\u0131\u00e7daro\u011flu, \u015fu iddialarda bulundu:<\/p>\n<p style=\"text-align: justify;\">&#8220;\u015eimdi Recep Tayyip Erdo\u011fan&#8217;a bir soru soral\u0131m&#8230;<\/p>\n<p style=\"text-align: justify;\">Hasan Da\u011fc\u0131 kim? Tan\u0131yor musun Hasan Da\u011fc\u0131&#8217;y\u0131. Kendi \u00f6zel kalem m\u00fcd\u00fcr\u00fc. Foto\u011fraf\u0131 da var, beraber \u00e7ekildikleri. Bunu da da\u011f\u0131taca\u011f\u0131z. K\u00f6y k\u00f6y kahve kahve bunlar\u0131 anlataca\u011f\u0131z. Kim bu Hasan Da\u011fc\u0131? Hasan Da\u011fc\u0131 bir arsay\u0131 al\u0131yor. \u0130stanbul&#8217;un Kad\u0131k\u00f6y \u0130brahima\u011fa mahallesinde bir arsa. Al\u0131\u015f bedeli 215 milyar lira, tapusu da var elimizde. Kad\u0131k\u00f6y Belediyesi&#8217;nin yaz\u0131s\u0131 da var. Bu arsa cami yeridir diyor. Bu da \u0130stanbul Anakent Belediye Ba\u015fkanl\u0131\u011f\u0131&#8217;n\u0131n Meclis karar\u0131. Cami yeri rezidansa d\u00f6n\u00fc\u015ft\u00fcr\u00fcl\u00fcp sat\u0131l\u0131yor. \u015eimdi say\u0131n Erdo\u011fan&#8217;a soruyorum. Sen dini b\u00f6yle mi ya\u015f\u0131yorsun?&#8221;<\/p>\n<p style=\"text-align: justify;\"><a href=\"http:\/\/www.korhanyilmaz.com\/wp-content\/uploads\/2011\/07\/2011-07-13_174306.jpg\"  class=\"lightview\"><img loading=\"lazy\" decoding=\"async\" class=\"aligncenter size-full wp-image-36652\" title=\"\" src=\"http:\/\/www.korhanyilmaz.com\/wp-content\/uploads\/2011\/07\/2011-07-13_174306.jpg\" alt=\"\" width=\"319\" height=\"291\" \/><\/a><\/p>\n<p style=\"text-align: justify;\"><a href=\"http:\/\/haber.gazetevatan.com\/kilicdaroglundan-erdogana-hasan-dagci-kim\/388362\/9\/Siyaset\" target=\"_blank\">Kaynak : VATAN Gazetesi<\/a><\/p>\n","protected":false},"excerpt":{"rendered":"<p style=\"text-align: center;\">\n<p style=\"text-align: justify;\">CHP Genel Ba\u015fkan\u0131 Kemal K\u0131l\u0131\u00e7daro\u011flu, elindeki imar yolsuzlu\u011fu dosyas\u0131ndan bahsetti ve Erdo\u011fan&#8217;a &#8220;Hasan Da\u011fc\u0131 kim?&#8221; diye sordu.<\/p>\n<p style=\"text-align: justify;\">K\u0131l\u0131\u00e7daro\u011flu, Erdo\u011fan&#8217;\u0131n &#8220;CHP camileri kapatt\u0131&#8221; s\u00f6zlerine yan\u0131t verdi.<\/p>\n<p style=\"text-align: justify;\">&#8220;O camilerde \u015fehitli\u011fi g\u00f6ze alan askerlerimiz kal\u0131yordu&#8221; diyen K\u0131l\u0131\u00e7daro\u011flu, &#8220;O camilerde bu \u00fclkeyi savunmak i\u00e7in, \u00f6l\u00fcm\u00fc g\u00f6ze alan, \u015fehitli\u011fi g\u00f6ze alan <\/p>\n","protected":false},"author":1,"featured_media":0,"comment_status":"open","ping_status":"open","sticky":false,"template":"","format":"standard","meta":{"footnotes":""},"categories":[105],"tags":[263,12,264],"class_list":["post-36650","post","type-post","status-publish","format-standard","hentry","category-gundem","tag-hasan-dagci","tag-recep-tayyip-erdogan","tag-yolsuzluk","odd"],"_links":{"self":[{"href":"http:\/\/www.korhanyilmaz.com\/index.php?rest_route=\/wp\/v2\/posts\/36650","targetHints":{"allow":["GET"]}}],"collection":[{"href":"http:\/\/www.korhanyilmaz.com\/index.php?rest_route=\/wp\/v2\/posts"}],"about":[{"href":"http:\/\/www.korhanyilmaz.com\/index.php?rest_route=\/wp\/v2\/types\/post"}],"author":[{"embeddable":true,"href":"http:\/\/www.korhanyilmaz.com\/index.php?rest_route=\/wp\/v2\/users\/1"}],"replies":[{"embeddable":true,"href":"http:\/\/www.korhanyilmaz.com\/index.php?rest_route=%2Fwp%2Fv2%2Fcomments&post=36650"}],"version-history":[{"count":0,"href":"http:\/\/www.korhanyilmaz.com\/index.php?rest_route=\/wp\/v2\/posts\/36650\/revisions"}],"wp:attachment":[{"href":"http:\/\/www.korhanyilmaz.com\/index.php?rest_route=%2Fwp%2Fv2%2Fmedia&parent=36650"}],"wp:term":[{"taxonomy":"category","embeddable":true,"href":"http:\/\/www.korhanyilmaz.com\/index.php?rest_route=%2Fwp%2Fv2%2Fcategories&post=36650"},{"taxonomy":"post_tag","embeddable":true,"href":"http:\/\/www.korhanyilmaz.com\/index.php?rest_route=%2Fwp%2Fv2%2Ftags&post=36650"}],"curies":[{"name":"wp","href":"https:\/\/api.w.org\/{rel}","templated":true}]}}