{"id":36646,"date":"2011-07-13T17:01:59","date_gmt":"2011-07-13T14:01:59","guid":{"rendered":"http:\/\/www.korhanyilmaz.com\/?p=36646"},"modified":"2011-07-13T17:34:03","modified_gmt":"2011-07-13T14:34:03","slug":"ikinci-ucube-vakasi","status":"publish","type":"post","link":"http:\/\/www.korhanyilmaz.com\/?p=36646","title":{"rendered":"\u0130kinci &#8216;ucube&#8217; vakas\u0131!"},"content":{"rendered":"<p style=\"text-align: center;\"><a href=\"http:\/\/www.korhanyilmaz.com\/wp-content\/uploads\/2011\/07\/1533.jpg\"  class=\"lightview\"><img loading=\"lazy\" decoding=\"async\" class=\"aligncenter size-full wp-image-36647\" src=\"http:\/\/www.korhanyilmaz.com\/wp-content\/uploads\/2011\/07\/1533.jpg\" alt=\"\" width=\"346\" height=\"266\" \/><\/a><\/p>\n<p style=\"text-align: justify;\">Elaz\u0131\u011f&#8217;da bulunan \u00c7ayda \u00c7\u0131ra Heykelinin AK Partili Belediyesi taraf\u0131ndan y\u0131k\u0131lmas\u0131 tepkilere yol a\u00e7t\u0131. E\u011fitim Sen Elaz\u0131\u011f \u015eube Ba\u015fkan\u0131 \u00fcyeleri, PTT Meydan\u0131&#8217;nda yapt\u0131klar\u0131 a\u00e7\u0131klama ile \u00c7ayda \u00c7\u0131ra heykelinin y\u0131k\u0131lmas\u0131n\u0131 protesto etti. <!--more--><\/p>\n<p style=\"text-align: justify;\">Elaz\u0131\u011f&#8217;da 1984-89 tarihlerindeki d\u00f6nemin Belediye Ba\u015fkan\u0131 Anavatan Parti&#8217;li Mustafa Temizer taraf\u0131ndan, Elaz\u0131\u011fl\u0131 ressam ve heykelt\u0131ra\u015f Nurettin Orhan&#8217;a yapt\u0131r\u0131lan \u00c7ayda \u00c7\u0131ra heykeli, AK Partili Belediye Ba\u015fkan\u0131 S\u00fcleyman Selman taraf\u0131ndan d\u00fcn y\u0131kt\u0131r\u0131lmas\u0131 tepkilere neden oldu. Malatya g\u00fczergah\u0131ndaki \u00e7\u0131k\u0131\u015fta bulunan \u00c7ayda \u00c7\u0131ra Kav\u015fa\u011f\u0131&#8217;nda bulunan ve Elaz\u0131\u011f&#8217;\u0131n sembolleri aras\u0131nda yeralan \u00c7ayda \u00c7\u0131ra heykelinin y\u0131kt\u0131r\u0131lmas\u0131n\u0131 protesto etmek i\u00e7in E\u011fitim Sen \u00fcyeleri PTT Meydan\u0131&#8217;nda topland\u0131. E\u011fitim Sen \u00fcyeleri ad\u0131na bas\u0131n a\u00e7\u0131klamas\u0131n\u0131 okuyan ve \u00c7ayda \u00c7\u0131ra heykelini yapan Nurettin Orhan&#8217;\u0131n o\u011flu Uygur Orhan, babas\u0131n\u0131n yapt\u0131\u011f\u0131 ve Elaz\u0131\u011f&#8217;\u0131n simgesi heykelin y\u0131kt\u0131r\u0131lmas\u0131na, ili\u015fkin &#8220;\u00c7ayda \u00c7\u0131ra Elaz\u0131\u011f&#8217;d\u0131r, Elaz\u0131\u011f \u00c7ayda \u00c7\u0131ra&#8217;d\u0131r. Sizler bu heykeli y\u0131kmakla b\u00fcy\u00fck bir \u00f6yk\u00fcy\u00fc, bir a\u015fk \u00f6yk\u00fcs\u00fcn\u00fc y\u0131kt\u0131n\u0131z. Sizler bu heykeli y\u0131kmakla, b\u00fcy\u00fck bir efsaneyi y\u0131kt\u0131n\u0131z&#8221; dedi.<\/p>\n<p style=\"text-align: justify;\">Heykelin, Elaz\u0131\u011f&#8217;da k\u00f6yl\u00fc vatanda\u015f\u0131n \u00fcretimini, a\u015fk\u0131 ve bir efsaneyi sembol etti\u011fini belirterek, \u015f\u00f6yle dedi:<\/p>\n<p style=\"text-align: justify;\">&#8220;Elaz\u0131\u011f&#8217;\u0131n \u00c7ayda \u00c7\u0131ra&#8217;s\u0131; \u00fcretici k\u00f6yl\u00fcl\u00fc\u011f\u00fcn simgesi, halk\u0131n ba\u011fr\u0131na bast\u0131\u011f\u0131 k\u00fclt\u00fcrel bir an\u0131t\u0131n yok edildi\u011fi bir g\u00fcnde ya\u015f\u0131yoruz \u015fu an. Bu dramatik olay\u0131 protesto ediyor ve yetkililerden yan\u0131t bekliyoruz. Nas\u0131l &#8216;Ucube heykel&#8217; diye &#8216;ba\u015f\u0131 tez vurula&#8217; nidalar\u0131yla, emriyle insanl\u0131k an\u0131t\u0131n\u0131 y\u0131kan zihniyet ve bu zihniyetin hayaleti, bu g\u00fcn burada dola\u015f\u0131yor. Halk\u0131n sevdi\u011fi, halkla b\u00fct\u00fcnle\u015fmi\u015f, d\u00fc\u011f\u00fcn konvoylar\u0131n\u0131n \u00e7evresini dola\u015fmadan ge\u00e7medi\u011fi, bir semt ad\u0131 gibi, minib\u00fcslerde taksilerde adres olarak tarif edilen ve b\u00f6yle tarihe ge\u00e7en, belleklere kaz\u0131nan, gazetelerde, internette, kartpostallarda ve internet sitelerinde g\u00f6r\u00fcnt\u00fcleri kullan\u0131lan bu heykel, halk ya\u015fant\u0131s\u0131n\u0131n, halk ya\u015fant\u0131m\u0131z\u0131n fig\u00fcrle\u015fmi\u015f heykeli art\u0131k yok.&#8221;<\/p>\n<p style=\"text-align: justify;\">Heykelleri tapmak i\u00e7in yap\u0131lmad\u0131\u011f\u0131n\u0131 ifade eden Orhan, s\u00f6zlerini \u015f\u00f6yle s\u00fcrd\u00fcrd\u00fc:<\/p>\n<p style=\"text-align: justify;\">&#8220;Biz onlar\u0131 tapmak i\u00e7in yapmad\u0131k. Bir g\u00fczellik olsun, halk\u0131n estetik be\u011fenileri geli\u015fsin, halk yararlans\u0131n diye yapt\u0131k. \u015eu an par\u00e7alanan an\u0131t\u0131n fig\u00fcrleri nerede? Bilmiyoruz. Bu an\u0131t\u0131n ak\u0131beti hakk\u0131nda valilikten, belediyeden ve Karayollar\u0131 B\u00f6lge M\u00fcd\u00fcrl\u00fc\u011f\u00fc&#8217;nden haber bekliyoruz. Buradan sanat d\u00fc\u015fmanlar\u0131na, bu vandalizmin ekme\u011fine ya\u011f s\u00fcrenlere sesleniyoruz. Bu heykeli y\u0131kmakla sadece sakal\u0131m\u0131z\u0131 kestiniz. Biliyoruz ki kesilen sakal daha g\u00fcr \u00e7\u0131kar. Bu yap\u0131tlar\u0131, sanat d\u00fc\u015fmanlar\u0131na, vandalistlere, rant kayg\u0131s\u0131na yem etmeyece\u011fimizi ve bunun takip\u00e7isi olaca\u011f\u0131m\u0131z\u0131 buradan bildiriyoruz. Sanat her y\u0131k\u0131l\u0131\u015fta yeniden do\u011far. Bu vandalizmi, y\u0131k\u0131m k\u00fclt\u00fcr\u00fcn\u00fc k\u0131n\u0131yor, Elaz\u0131\u011f halk\u0131n\u0131n belle\u011fine ve duyarl\u0131l\u0131\u011f\u0131na g\u00fcveniyoruz. \u00c7ayda \u00c7\u0131ra Elaz\u0131\u011f&#8217;d\u0131r, Elaz\u0131\u011f \u00c7ayda \u00c7\u0131ra&#8217;d\u0131r. Sizler bu heykeli y\u0131kmakla bir b\u00fcy\u00fck \u00f6yk\u00fcy\u00fc, bir a\u015fk \u00f6yk\u00fcs\u00fcn\u00fc y\u0131kt\u0131n\u0131z. Sizler bu heykeli y\u0131kmakla, b\u00fcy\u00fck bir efsaneyi y\u0131kt\u0131n\u0131z.&#8221;<\/p>\n<p style=\"text-align: justify;\"><a href=\"http:\/\/www.cnnturk.com\/2011\/turkiye\/07\/13\/ikinci.ucube.vakasi\/622837.0\/index.html\" target=\"_blank\">Kaynak : CNN T\u00dcRK<\/a><\/p>\n","protected":false},"excerpt":{"rendered":"<p style=\"text-align: center;\">\n<p style=\"text-align: justify;\">Elaz\u0131\u011f&#8217;da bulunan \u00c7ayda \u00c7\u0131ra Heykelinin AK Partili Belediyesi taraf\u0131ndan y\u0131k\u0131lmas\u0131 tepkilere yol a\u00e7t\u0131. E\u011fitim Sen Elaz\u0131\u011f \u015eube Ba\u015fkan\u0131 \u00fcyeleri, PTT Meydan\u0131&#8217;nda yapt\u0131klar\u0131 a\u00e7\u0131klama ile \u00c7ayda \u00c7\u0131ra heykelinin y\u0131k\u0131lmas\u0131n\u0131 protesto etti. <\/p>\n","protected":false},"author":1,"featured_media":0,"comment_status":"open","ping_status":"open","sticky":false,"template":"","format":"standard","meta":{"footnotes":""},"categories":[105],"tags":[],"class_list":["post-36646","post","type-post","status-publish","format-standard","hentry","category-gundem","odd"],"_links":{"self":[{"href":"http:\/\/www.korhanyilmaz.com\/index.php?rest_route=\/wp\/v2\/posts\/36646","targetHints":{"allow":["GET"]}}],"collection":[{"href":"http:\/\/www.korhanyilmaz.com\/index.php?rest_route=\/wp\/v2\/posts"}],"about":[{"href":"http:\/\/www.korhanyilmaz.com\/index.php?rest_route=\/wp\/v2\/types\/post"}],"author":[{"embeddable":true,"href":"http:\/\/www.korhanyilmaz.com\/index.php?rest_route=\/wp\/v2\/users\/1"}],"replies":[{"embeddable":true,"href":"http:\/\/www.korhanyilmaz.com\/index.php?rest_route=%2Fwp%2Fv2%2Fcomments&post=36646"}],"version-history":[{"count":0,"href":"http:\/\/www.korhanyilmaz.com\/index.php?rest_route=\/wp\/v2\/posts\/36646\/revisions"}],"wp:attachment":[{"href":"http:\/\/www.korhanyilmaz.com\/index.php?rest_route=%2Fwp%2Fv2%2Fmedia&parent=36646"}],"wp:term":[{"taxonomy":"category","embeddable":true,"href":"http:\/\/www.korhanyilmaz.com\/index.php?rest_route=%2Fwp%2Fv2%2Fcategories&post=36646"},{"taxonomy":"post_tag","embeddable":true,"href":"http:\/\/www.korhanyilmaz.com\/index.php?rest_route=%2Fwp%2Fv2%2Ftags&post=36646"}],"curies":[{"name":"wp","href":"https:\/\/api.w.org\/{rel}","templated":true}]}}