{"id":36639,"date":"2011-07-12T23:31:52","date_gmt":"2011-07-12T20:31:52","guid":{"rendered":"http:\/\/www.korhanyilmaz.com\/?p=36639"},"modified":"2011-07-13T11:49:48","modified_gmt":"2011-07-13T08:49:48","slug":"chpde-toplu-istifa","status":"publish","type":"post","link":"http:\/\/www.korhanyilmaz.com\/?p=36639","title":{"rendered":"CHP&#8217;de toplu istifa"},"content":{"rendered":"<p style=\"text-align: justify;\"><a href=\"http:\/\/www.korhanyilmaz.com\/wp-content\/uploads\/2011\/07\/1532.jpg\"  class=\"lightview\"><img loading=\"lazy\" decoding=\"async\" class=\"aligncenter size-full wp-image-36640\" title=\"\" src=\"http:\/\/www.korhanyilmaz.com\/wp-content\/uploads\/2011\/07\/1532.jpg\" alt=\"\" width=\"325\" height=\"209\" \/><\/a><\/p>\n<p style=\"text-align: justify;\">Osmaniye&#8217;nin Kadirli il\u00e7esinde CHP il\u00e7e y\u00f6netimi topluca g\u00f6revlerinden istifa etti.<\/p>\n<p style=\"text-align: justify;\">11 ki\u015filik y\u00f6netim kurulu ile birlikte Osmaniye \u0130l Ba\u015fkanl\u0131\u011f\u0131&#8217;na istifa dilek\u00e7elerini sunduklar\u0131n\u0131 belirten CHP Kadirli \u0130l\u00e7e Ba\u015fkan\u0131 Mehmet Amanvermez, &#8220;Partimizde ya\u015fad\u0131\u011f\u0131m\u0131z ileti\u015fim kopuklu\u011fu nedeniyle yanl\u0131\u015f anla\u015f\u0131lmalara neden olduk&#8221; diyerek, g\u00f6revinden istifa etti\u011fini a\u00e7\u0131klad\u0131. <!--more--><\/p>\n<p style=\"text-align: justify;\">\u0130stifa dilek\u00e7elerini, Osmaniye \u0130l Ba\u015fkan\u0131 Kemal Sabah&#8217;a teslim ettiklerini ifade eden Amanvermez, &#8220;Bundan b\u00f6yle partimize y\u00f6netici olarak de\u011fil, partili olarak hizmet verece\u011fiz&#8221; dedi.<\/p>\n<p style=\"text-align: justify;\">\u0130l\u00e7e y\u00f6netiminden daha \u00f6ncede 3 ki\u015fi istifa etmi\u015f, y\u00f6netimde 11 ki\u015fi kalm\u0131\u015ft\u0131.<\/p>\n<p style=\"text-align: justify;\">Kadirli \u0130l\u00e7e Ba\u015fkan\u0131 Mehmet Amanvermez, \u0130l\u00e7e Sekreteri G\u00fcls\u00fcm Ang\u0131n, Ba\u015fkan Yard\u0131mc\u0131lar\u0131 Osman Sa\u011flam, \u0130lbey \u0130spir, Sel\u00e7uk \u00d6calan, Sinan Veziro\u011flu, Y\u00f6netim Kurulu \u00dcyeleri H\u00fclya \u00d6zdemir, Fikri \u00c7am, Erol G\u00fcltekin, Kamil Ang\u0131n ve \u0130smail G\u00fcler&#8217;in toplu istifas\u0131 sonucu, CHP&#8217;nin Kadirli il\u00e7e te\u015fkilat\u0131 sahipsiz kald\u0131.<\/p>\n<p style=\"text-align: justify;\"><a href=\"http:\/\/www.cnnturk.com\/2011\/turkiye\/07\/12\/chpde.toplu.istifa\/622752.0\/index.html\" target=\"_blank\">Kaynak : CNN T\u00dcRK<\/a><\/p>\n","protected":false},"excerpt":{"rendered":"<p style=\"text-align: justify;\">\n<p style=\"text-align: justify;\">Osmaniye&#8217;nin Kadirli il\u00e7esinde CHP il\u00e7e y\u00f6netimi topluca g\u00f6revlerinden istifa etti.<\/p>\n<p style=\"text-align: justify;\">11 ki\u015filik y\u00f6netim kurulu ile birlikte Osmaniye \u0130l Ba\u015fkanl\u0131\u011f\u0131&#8217;na istifa dilek\u00e7elerini sunduklar\u0131n\u0131 belirten CHP Kadirli \u0130l\u00e7e Ba\u015fkan\u0131 Mehmet Amanvermez, &#8220;Partimizde ya\u015fad\u0131\u011f\u0131m\u0131z ileti\u015fim kopuklu\u011fu nedeniyle yanl\u0131\u015f anla\u015f\u0131lmalara neden olduk&#8221; diyerek, g\u00f6revinden istifa etti\u011fini a\u00e7\u0131klad\u0131. <\/p>\n","protected":false},"author":1,"featured_media":0,"comment_status":"open","ping_status":"open","sticky":false,"template":"","format":"standard","meta":{"footnotes":""},"categories":[105],"tags":[],"class_list":["post-36639","post","type-post","status-publish","format-standard","hentry","category-gundem","odd"],"_links":{"self":[{"href":"http:\/\/www.korhanyilmaz.com\/index.php?rest_route=\/wp\/v2\/posts\/36639","targetHints":{"allow":["GET"]}}],"collection":[{"href":"http:\/\/www.korhanyilmaz.com\/index.php?rest_route=\/wp\/v2\/posts"}],"about":[{"href":"http:\/\/www.korhanyilmaz.com\/index.php?rest_route=\/wp\/v2\/types\/post"}],"author":[{"embeddable":true,"href":"http:\/\/www.korhanyilmaz.com\/index.php?rest_route=\/wp\/v2\/users\/1"}],"replies":[{"embeddable":true,"href":"http:\/\/www.korhanyilmaz.com\/index.php?rest_route=%2Fwp%2Fv2%2Fcomments&post=36639"}],"version-history":[{"count":0,"href":"http:\/\/www.korhanyilmaz.com\/index.php?rest_route=\/wp\/v2\/posts\/36639\/revisions"}],"wp:attachment":[{"href":"http:\/\/www.korhanyilmaz.com\/index.php?rest_route=%2Fwp%2Fv2%2Fmedia&parent=36639"}],"wp:term":[{"taxonomy":"category","embeddable":true,"href":"http:\/\/www.korhanyilmaz.com\/index.php?rest_route=%2Fwp%2Fv2%2Fcategories&post=36639"},{"taxonomy":"post_tag","embeddable":true,"href":"http:\/\/www.korhanyilmaz.com\/index.php?rest_route=%2Fwp%2Fv2%2Ftags&post=36639"}],"curies":[{"name":"wp","href":"https:\/\/api.w.org\/{rel}","templated":true}]}}