{"id":36580,"date":"2011-07-12T17:13:25","date_gmt":"2011-07-12T14:13:25","guid":{"rendered":"http:\/\/www.korhanyilmaz.com\/?p=36580"},"modified":"2011-07-12T21:31:58","modified_gmt":"2011-07-12T18:31:58","slug":"cemaat-sampiyon-olur-mu","status":"publish","type":"post","link":"http:\/\/www.korhanyilmaz.com\/?p=36580","title":{"rendered":"Cemaat \u015eampiyon Olur mu?"},"content":{"rendered":"<p style=\"text-align: center;\"><a href=\"http:\/\/www.korhanyilmaz.com\/wp-content\/uploads\/2011\/07\/1525.jpg\"  class=\"lightview\"><img loading=\"lazy\" decoding=\"async\" class=\"aligncenter size-full wp-image-36581\" title=\"1525\" src=\"http:\/\/www.korhanyilmaz.com\/wp-content\/uploads\/2011\/07\/1525.jpg\" alt=\"\" width=\"419\" height=\"284\" \/><\/a><\/p>\n<p style=\"text-align: justify;\">Fenerbah\u00e7e kul\u00fcb\u00fc ba\u015fkan\u0131 Aziz Y\u0131ld\u0131r\u0131m&#8217;\u0131n da  aralar\u0131nda oldu\u011fu 26 ki\u015finin tutukland\u0131\u011f\u0131 ve ikinci dalgas\u0131nda  Trabzonspor Ba\u015fkan\u0131 Sadri \u015eener ve Be\u015fikta\u015f Asba\u015fkan\u0131 Serdal Adal\u0131&#8217;n\u0131n  da aralar\u0131nda oldu\u011fu pek \u00e7ok isimin g\u00f6zalt\u0131na al\u0131nd\u0131\u011f\u0131 &#8216;Futbolda \u015fike  soru\u015fturmas\u0131n\u0131n art\u00e7\u0131 sars\u0131nt\u0131lar\u0131 devam edece\u011fe benziyor.<\/p>\n<p style=\"text-align: justify;\">Soru\u015fturma konusunda pek \u00e7ok siyasi yorumlar yap\u0131l\u0131rken, sol.org  sitesinde bundan tam 15 ay \u00f6nce (7 Nisan 2010) O. G\u00fcn \u00dcnal&#8217;\u0131n yazd\u0131\u011f\u0131 &#8220;<strong>Cemaat \u015eampiyon Olur Mu?&#8221; <\/strong>ba\u015fl\u0131kl\u0131  yaz\u0131s\u0131, futbolda bug\u00fcn yap\u0131lan \u015fike operasyonlar\u0131n\u0131 aylar \u00f6ncesinden  haber veriyor ve ilgin\u00e7 bir noktaya dikkat \u00e7ekiyor..<!--more--><\/p>\n<p style=\"text-align: justify;\"><span style=\"text-decoration: underline; color: #993300;\"><em>\u0130\u015fte bug\u00fcn sosyal medyan\u0131n en \u00e7ok payla\u015f\u0131lan yaz\u0131lar\u0131 aras\u0131na giren o yaz\u0131&#8230;<\/em><\/span><\/p>\n<p style=\"text-align: justify;\"><strong>Cemaat \u015eampiyon Olur Mu?<\/strong><\/p>\n<p style=\"text-align: justify;\">Olur!<\/p>\n<p style=\"text-align: justify;\">T\u00fcrkiye\u2019de h\u0131zla el de\u011fi\u015ftiren sermaye, son \u00fc\u00e7 sezondur futbola da el  atmaya ba\u015flad\u0131. End\u00fcstriyel futbolun sermaye-rant ekseninde  uluslararas\u0131la\u015fmas\u0131 futbol alan\u0131nda da b\u00fcy\u00fck sermaye sirk\u00fclasyonunu  d\u00fcnya \u00f6l\u00e7e\u011finde g\u00fcndeme getirdi \u00e7\u00fcnk\u00fc.<\/p>\n<p style=\"text-align: justify;\">\u00c7\u00fcnk\u00fc, iktidar burada. Yani t\u00fcm bir toplumsal sistemin egemenlik  alt\u0131na al\u0131nmas\u0131n\u0131n bir aya\u011f\u0131 da futbolda. \u00c7\u00fcnk\u00fc, on milyonlarca  taraftar\u0131n ye\u015fil sahalarda cemaatle\u015ftirilmesi s\u00f6z konusu. \u00c7\u00fcnk\u00fc,  iktidar\u0131 koruman\u0131n ve geni\u015fletmenin yolu bu. \u00c7\u00fcnk\u00fc, cemaatle\u015fmek burdan  ge\u00e7iyor.<\/p>\n<p style=\"text-align: justify;\">Cemaat, futbolu g\u00f6r\u00fcyor, biliyor; sermayenin bu alandaki gelgitlerini  ve ak\u0131\u015fkanl\u0131\u011f\u0131n\u0131 takip ediyor. Futbol kul\u00fcb\u00fc deyip ge\u00e7miyor.  \u0130ktidar\u0131n\u0131n bir aya\u011f\u0131n\u0131n da buraya yaslanmas\u0131 gerekti\u011fini \u00f6\u011frendi. Murat  Aksu\u2019nun Be\u015fikta\u015f\u2019ta Y\u0131ld\u0131r\u0131m Demir\u00f6ren\u2019e kar\u015f\u0131 adayl\u0131\u011f\u0131 bunun ilk  i\u015faretiydi. Laik anti-laik eksenli bir cephele\u015fme yaratt\u0131lar. Denediler  olmad\u0131. Adnan \u00d6zt\u00fcrk\u2019\u00fcn Galatasaray\u2019da Adnan Polat\u2019a kar\u015f\u0131 adayl\u0131\u011f\u0131 bir  sonraki hamleydi. Alevi- S\u00fcnni eksenli bir cephele\u015fme yaratt\u0131lar.  Denediler, \u00e7ok yakla\u015ft\u0131lar olmad\u0131. S\u0131rada Fenerbah\u00e7e var. G\u00f6rece\u011fiz.<\/p>\n<p style=\"text-align: justify;\">\u00dc\u00e7 b\u00fcy\u00fckler de iktidar\u0131 almak istiyorlar! \u00c7\u00fcnk\u00fc sermaye orda, rant  orda, iktidar olmalar\u0131 gerek! Yine deneyecekler. B\u0131rakmayacaklar pe\u015fini.<\/p>\n<p style=\"text-align: justify;\">Be\u015fikta\u015f\u2019ta Ertu\u011frul Sa\u011flam&#8217;la denediler. Hakan \u015e\u00fck\u00fcr&#8217;le yaratt\u0131klar\u0131  futbolcu tipinin benzerini teknik adaml\u0131kta Sa\u011flam&#8217;la denediler.  Diren\u00e7le kar\u015f\u0131la\u015ft\u0131lar; yan\u0131t Denizli oldu. Olmad\u0131 ama b\u0131rakmad\u0131lar.  B\u00fclent Uygun&#8217;la Sivas\u2019ta denediler, yine \u00e7ok yakla\u015ft\u0131lar ama Uygun\u2019un  \u00e7aps\u0131zl\u0131\u011f\u0131na, 1978 Sivas Katliam\u0131 ve 1993 Mad\u0131mak\u2019\u0131na tak\u0131ld\u0131lar.  Olmad\u0131. B\u0131rakmad\u0131lar.<\/p>\n<p style=\"text-align: justify;\">B\u0131rakmayacaklar da\u2026 B\u0131rakamazlar da\u2026 D\u00fcnya futbol end\u00fcstrisine bak\u0131n.  Milyar dolarlar ortal\u0131kta geziniyor. \u00dcstelik bu gezinen sermaye b\u00fcy\u00fck  kitleleri pe\u015finden s\u00fcr\u00fckl\u00fcyor. \u0130kili bir y\u00f6n\u00fc var a\u00e7\u0131k\u00e7as\u0131. Para ve  kitleler\u2026<\/p>\n<p style=\"text-align: justify;\">\u015eimdi s\u0131rada ve yine beyefendili\u011fiyle Ertu\u011frul Sa\u011flam ve Bursasporu var. Olur mu? Neden olmas\u0131n!<\/p>\n<p style=\"text-align: justify;\">Hakan \u015e\u00fck\u00fcr TRT 1\u2019in spor yorumcusu ne zamand\u0131r. Dikkat edin, tam bir  olgunluk abidesi ve bir ba\u015fka beyefendi. Buna \u00e7al\u0131\u015f\u0131yor. G\u00f6r\u00fcnt\u00fcy\u00fc iyi  veriyor. Futbol yorumlar\u0131n\u0131, ma\u00e7 analizlerini dikkatle izleyin;  analizlerinin i\u00e7inde dinsel temalar k\u00fc\u00e7\u00fck, rahats\u0131z etmeyici bi\u00e7imde yer  al\u0131yor. \u015e\u00fck\u00fcr, iyi \u00e7al\u0131\u015f\u0131yor. Bir futbolcu idol\u00fc yarat\u0131yorlar.<\/p>\n<p style=\"text-align: justify;\">Daha modern ve bat\u0131l\u0131 bir kent buldular: Bursa. Sivas\u2019\u0131n bir \u0130\u00e7  Anadolu kenti olmas\u0131, g\u00f6rece muhafazakarl\u0131\u011f\u0131 ve alevi-s\u00fcnni yar\u0131lmal\u0131  kentinin yerine Marmara\u2019da \u0130stanbul\u2019un burnun dibinde yeni bir \u00fcs  alan\u0131nda denemeye karar verdiler. \u0130stanbul burjuvazisinin kar\u015f\u0131s\u0131nda,  Bursa\u2019da muhafazakar yeni sa\u011f burjuvazi. Kimsenin diyece\u011fi olmaz.  Cemaat\u00e7i Ertu\u011frul Sa\u011flam art\u0131k yeni idol! B\u00fclent Uygun&#8217;sa \u00e7\u00f6pe at\u0131ld\u0131.  \u00dcstelik Ertu\u011frul Sa\u011flam B\u00fclent Uygun\u2019un \u00e7ap olarak \u00e7ok \u00fcst\u00fcnde. Yani  d\u00fczg\u00fcn adam.<\/p>\n<p style=\"text-align: justify;\">Milyar dolarl\u0131k b\u00fct\u00e7eli \u00fc\u00e7 b\u00fcy\u00fcklerin kontrol\u00fc alt\u0131ndaki parada  g\u00f6zleri var. Ona h\u00fckmetmek istiyorlar. Tefeci-t\u00fcccar-bezirgan d\u00f6nemi  bitti art\u0131k. \u015eimdinin b\u00fcy\u00fck sermayedar\u0131d\u0131rlar. Borsada, G\u0131dada,  \u0130n\u015faatta, Al\u0131\u015fveri\u015f Merkezlerinde, \u00d6zel Hastanelerde, Otomotivde,  Bankac\u0131l\u0131kta, Tekstilde, Medyada\u2026 Ya futbol!<\/p>\n<p style=\"text-align: justify;\">\u00dc\u00e7 b\u00fcy\u00fcklerin da\u011f\u0131n\u0131k, savruk, plans\u0131z ve hesaps\u0131z muhasebesini ele  ge\u00e7irme pe\u015findeler. Her \u015fey egemenliklerinde olacak. \u0130ki \u015feyden birine  raz\u0131 olacak \u00fc\u00e7 b\u00fcy\u00fckler. Ya teslim olacaklar ya da entegrasyonu kabul  edecekler. Dikkat edin, Galatasaray kongresinde Adnan Polat\u2019\u0131n  listesinde Emir Sar\u0131g\u00fcl var.<\/p>\n<p style=\"text-align: justify;\">Yani, \u015ei\u015fli Belediye Ba\u015fkan\u0131 Mustafa Sar\u0131g\u00fcl\u2019\u00fcn o\u011flu. Cemaat  ba\u011flant\u0131s\u0131 biliniyor. 41S Belediye otob\u00fcs\u00fc \u015ei\u015fli Seyrantepe seferini  yap\u0131yor. D\u00fc\u015f\u00fcn\u00fcn!<\/p>\n<p style=\"text-align: justify;\">Bir yandan tarafla\u015fma yarat\u0131yorlar bir yandan da entegre oluyorlar.  Kar\u015f\u0131 cepheyi olu\u015fturuyorlar ama di\u011fer cepheyi de bo\u015f b\u0131rakm\u0131yorlar.  Anlay\u0131n!<\/p>\n<p style=\"text-align: justify;\">Dikkat edin bir yandan \u00fc\u00e7 b\u00fcy\u00fcklerdeki sermayenin el de\u011fi\u015ftirmesi  i\u00e7in denemeler yaparlarken, di\u011fer yandan da futbolun Ergenekon\u2019unu  yarat\u0131yorlar!<\/p>\n<p style=\"text-align: justify;\">T\u00fcrkiye Futbol Federasyonu&#8217;nda, Merkez Hakem Kurulu&#8217;nda, Kul\u00fcpler  Birli\u011fi&#8217;nde ve \u00fc\u00e7 b\u00fcy\u00fcklerin kul\u00fcp y\u00f6netiminde iktidar sava\u015f\u0131 veriyor  cemaat.<\/p>\n<p style=\"text-align: justify;\">Futbolun t\u00fcm kurul ve kurumlar\u0131n\u0131 \u015fikeyle terbiye edecekler. Ergenefutbol!<\/p>\n<p style=\"text-align: justify;\">\u015eaka de\u011fil!<\/p>\n<p style=\"text-align: justify;\">Bo\u011faz\u0131na kadar mafy\u00f6z ili\u015fkilere batm\u0131\u015f futbolda iktidar olmak i\u00e7in bulunmaz f\u0131rsat ve zaman\u0131d\u0131r.<\/p>\n<p style=\"text-align: justify;\">\u015eike olay\u0131na yak\u0131ndan bak\u0131n ve anlamaya \u00e7al\u0131\u015f\u0131n. Siyasal arenadaki  ergenekonun bir benzeri futbolda ya\u015fan\u0131yor. Futbolcular, menajerler ve  kimi kul\u00fcplerin y\u00f6neticileri g\u00f6zalt\u0131na al\u0131n\u0131yor, ifadeye \u00e7a\u011fr\u0131l\u0131yor.  B\u00fcy\u00fck oyunun k\u00fc\u00e7\u00fck par\u00e7alar\u0131n\u0131 ortaya s\u00fcr\u00fcyorlar. Alt liglerden  ba\u015flad\u0131lar. Mesaj\u0131 al\u0131n istiyorlar.<\/p>\n<p style=\"text-align: justify;\">Ergenekon\u2019da yarat\u0131lan imajla futbol \u015fikesinde yarat\u0131lan ayn\u0131d\u0131r.<\/p>\n<p style=\"text-align: justify;\">Korku, sindirme ve g\u00fcvensizlik\u2026<\/p>\n<p style=\"text-align: justify;\">Duyduk\u00e7a, okuduk\u00e7a g\u00f6zbebeklerimiz b\u00fcy\u00fcyor. Vay can\u0131na neler  yapm\u0131\u015flar da haberimiz yokmu\u015f, dedirttiler insanlara. Ergenekon\u2019da bunu  yapt\u0131lar. \u015eimdi futboldaki \u015fike olaylar\u0131yla bunu yap\u0131yorlar. Yalan m\u0131?  Elbette de\u011fil. Ama sorun \u015fikenin olup olmamas\u0131 de\u011fil ki! Verilen mesaja  bak\u0131n siz. Kime veriyorlar mesaj\u0131? Elbette kul\u00fcp y\u00f6neticilerine. Ve  elbette futbol kamuoyuna. Sadece bunlara de\u011fil, futbolun d\u0131\u015f\u0131ndaki geni\u015f  kitlelere.<\/p>\n<p style=\"text-align: justify;\">\u0130\u015fte sizin futbol dedi\u011finiz bu! Kirli ve yalan dolan. Saf taraftar!  D\u00fcnyadan haberin yok! Ve ben bu pisli\u011fi temizleyece\u011fim. Her \u015feyi  temizledi\u011fim gibi\u2026<\/p>\n<p style=\"text-align: justify;\">Gen\u00e7lerbirli\u011fi Ba\u015fkan\u0131 \u0130lhan Cavcav&#8217;\u0131n, 1995 y\u0131l\u0131nda kaleci ZOLTAN  PETRY\u2019in \u0130n\u00f6n\u00fc&#8217;de 2-0 T\u00fcrkiye\u2019nin kazand\u0131\u011f\u0131 T\u00fcrkiye-Macaristan ma\u00e7\u0131nda  yirmi be\u015f bin dolar kar\u015f\u0131l\u0131\u011f\u0131 \u015fike yapt\u0131\u011f\u0131 y\u00f6n\u00fcndeki a\u00e7\u0131klamas\u0131na bak\u0131n.  O d\u00f6nemler ad\u0131 ge\u00e7en kaleci Gen\u00e7lerbirli\u011fi\u2019nin kalecisiydi. Ve iddia o  ki r\u00fc\u015fveti TFF (T\u00fcrkiye Futbol Federasyonu) vermi\u015f.<\/p>\n<p style=\"text-align: justify;\">TRT 1&#8217;deki &#8216;Ak\u0131lda Kalan&#8217; program\u0131na konuk olan Erman Toro\u011flu,  &#8220;Uluslararas\u0131 organizasyonlara kat\u0131lmak i\u00e7in federasyonlar da \u015fike  yapar&#8230; Bizim federasyon da yapm\u0131\u015ft\u0131r&#8221; ifadesini rahatl\u0131kla  kullanabiliyor ve bunu TRT 1\u2019de s\u00f6yl\u00fcyor, dikkatinizi \u00e7ekerim.<\/p>\n<p style=\"text-align: justify;\">Futbolun kirlili\u011fini kitlelerin g\u00f6z\u00fcne sokuyorlar. T\u0131pk\u0131 Ergenekon  iddianamelerinin \u00e7ar\u015faf \u00e7ar\u015faf yay\u0131nlanmas\u0131, ses bantlar\u0131n\u0131n  televizyonlarda dinletilmesi gibi<\/p>\n<p style=\"text-align: justify;\">Cemaat, s\u0131ran\u0131n futbola geldi\u011fini s\u00f6yl\u00fcyor. Sizi bu pislikten ben  temizlerim, diyor. \u015eimdi k\u00fc\u00e7\u00fck ba\u015flad\u0131lar. 2., 3. liglere el att\u0131lar.  Aba alt\u0131ndan sopa g\u00f6steriyorlar \u00fc\u00e7 b\u00fcy\u00fcklere, Federasyona\u2026<\/p>\n<p style=\"text-align: justify;\">\u00dcmraniye\u2019de bir gecekonduda yakalanan el bombalar\u0131ndan ba\u015flayan  Ergenekon s\u00fcrecini hat\u0131rlay\u0131n. Generallere uzanan s\u00fcreci d\u00fc\u015f\u00fcn\u00fcn. Diren\u00e7  g\u00f6sterildik\u00e7e \u00fcst\u00fcne gittiler\u2026Kul\u00fcpler ve federasyon baz\u0131nda da  ayn\u0131s\u0131n\u0131 yapacaklar. Ya teslimiyet ya da daha ileri gidip yukar\u0131lara  uzanmak\u2026<\/p>\n<p style=\"text-align: justify;\">Gerisini anlay\u0131n ve bekleyin\u2026<\/p>\n<p style=\"text-align: justify;\">Hepsini bir araya getirin ve cevab\u0131 siz verin: Cemaat \u015fampiyon olur mu?<\/p>\n<p style=\"text-align: justify;\"><a href=\"http:\/\/haber.sol.org.tr\/serbest-kursu\/cemaat-sampiyon-olur-mu-ogun-unal-haberi-26476\" target=\"_blank\">O.G\u00fcn \u00dcnal \/ Sol.org<\/a><\/p>\n<p style=\"text-align: justify;\"><a href=\"http:\/\/www.odatv.com\/n.php?n=cemaat-sampiyon-olur-mu-1207111200\" target=\"_blank\">Kaynak : Odatv.com<\/a><\/p>\n","protected":false},"excerpt":{"rendered":"<p style=\"text-align: center;\">\n<p style=\"text-align: justify;\">Fenerbah\u00e7e kul\u00fcb\u00fc ba\u015fkan\u0131 Aziz Y\u0131ld\u0131r\u0131m&#8217;\u0131n da aralar\u0131nda oldu\u011fu 26 ki\u015finin tutukland\u0131\u011f\u0131 ve ikinci dalgas\u0131nda Trabzonspor Ba\u015fkan\u0131 Sadri \u015eener ve Be\u015fikta\u015f Asba\u015fkan\u0131 Serdal Adal\u0131&#8217;n\u0131n da aralar\u0131nda oldu\u011fu pek \u00e7ok isimin g\u00f6zalt\u0131na al\u0131nd\u0131\u011f\u0131 &#8216;Futbolda \u015fike soru\u015fturmas\u0131n\u0131n art\u00e7\u0131 sars\u0131nt\u0131lar\u0131 devam edece\u011fe benziyor.<\/p>\n<p style=\"text-align: justify;\">Soru\u015fturma konusunda pek \u00e7ok siyasi yorumlar yap\u0131l\u0131rken, sol.org sitesinde <\/p>\n","protected":false},"author":1,"featured_media":0,"comment_status":"open","ping_status":"open","sticky":false,"template":"","format":"standard","meta":{"footnotes":""},"categories":[105],"tags":[],"class_list":["post-36580","post","type-post","status-publish","format-standard","hentry","category-gundem","odd"],"_links":{"self":[{"href":"http:\/\/www.korhanyilmaz.com\/index.php?rest_route=\/wp\/v2\/posts\/36580","targetHints":{"allow":["GET"]}}],"collection":[{"href":"http:\/\/www.korhanyilmaz.com\/index.php?rest_route=\/wp\/v2\/posts"}],"about":[{"href":"http:\/\/www.korhanyilmaz.com\/index.php?rest_route=\/wp\/v2\/types\/post"}],"author":[{"embeddable":true,"href":"http:\/\/www.korhanyilmaz.com\/index.php?rest_route=\/wp\/v2\/users\/1"}],"replies":[{"embeddable":true,"href":"http:\/\/www.korhanyilmaz.com\/index.php?rest_route=%2Fwp%2Fv2%2Fcomments&post=36580"}],"version-history":[{"count":0,"href":"http:\/\/www.korhanyilmaz.com\/index.php?rest_route=\/wp\/v2\/posts\/36580\/revisions"}],"wp:attachment":[{"href":"http:\/\/www.korhanyilmaz.com\/index.php?rest_route=%2Fwp%2Fv2%2Fmedia&parent=36580"}],"wp:term":[{"taxonomy":"category","embeddable":true,"href":"http:\/\/www.korhanyilmaz.com\/index.php?rest_route=%2Fwp%2Fv2%2Fcategories&post=36580"},{"taxonomy":"post_tag","embeddable":true,"href":"http:\/\/www.korhanyilmaz.com\/index.php?rest_route=%2Fwp%2Fv2%2Ftags&post=36580"}],"curies":[{"name":"wp","href":"https:\/\/api.w.org\/{rel}","templated":true}]}}