{"id":36572,"date":"2011-05-19T17:03:51","date_gmt":"2011-05-19T14:03:51","guid":{"rendered":"http:\/\/www.korhanyilmaz.com\/?p=36572"},"modified":"2011-07-12T20:06:36","modified_gmt":"2011-07-12T17:06:36","slug":"bdpli-belediyelerin-19-mayis-boykotu","status":"publish","type":"post","link":"http:\/\/www.korhanyilmaz.com\/?p=36572","title":{"rendered":"BDP&#8217;li belediyelerin 19 May\u0131s boykotu"},"content":{"rendered":"<p style=\"text-align: center;\"><a href=\"http:\/\/www.korhanyilmaz.com\/wp-content\/uploads\/2011\/07\/1524.jpg\"  class=\"lightview\"><img loading=\"lazy\" decoding=\"async\" class=\"aligncenter size-full wp-image-36573\" src=\"http:\/\/www.korhanyilmaz.com\/wp-content\/uploads\/2011\/07\/1524.jpg\" alt=\"\" width=\"368\" height=\"276\" \/><\/a><\/p>\n<p style=\"text-align: justify;\">19 May\u0131s Atat\u00fcrk&#8217;\u00fc Anma Gen\u00e7lik ve Spor Bayram\u0131 G\u00fcneydo\u011fu&#8217;da co\u015fku i\u00e7inde kutland\u0131. Baz\u0131 illerdeki kutlamalara BDP&#8217;li belediye ba\u015fkanlar\u0131 kat\u0131lmad\u0131.<\/p>\n<p style=\"text-align: justify;\">\u0130stanbul- 19 May\u0131s Atat\u00fcrk&#8217;\u00fc Anma Gen\u00e7lik ve Spor Bayram\u0131 t\u00f6renlerine baz\u0131 illerde BDP&#8217;li belediye ba\u015fkanlar\u0131 kat\u0131lmayarak t\u00f6reni boykot ettiler. Diyarbak\u0131r B\u00fcy\u00fck\u015fehir Belediye Ba\u015fkan\u0131 Osman Baydemir&#8217;in kat\u0131lmad\u0131\u011f\u0131 Diyarbak\u0131r&#8217;daki t\u00f6renlerde belediye i\u00e7in ayr\u0131lan koltu\u011fun bo\u015f kald\u0131\u011f\u0131 g\u00f6zlendi. Batman&#8217;daki kutlama t\u00f6renine de BDP&#8217;li belediyeden hi\u00e7 bir temsilci kat\u0131lmad\u0131. <!--more--><\/p>\n<p style=\"text-align: justify;\">Hava muhalefeti nedeniyle Kapal\u0131 Spor Salonu&#8217;nda yap\u0131lan \u015e\u0131rnak&#8217;taki kutlama t\u00f6reninede BDP&#8217;li \u015e\u0131rnak Belediye Ba\u015fkan\u0131 Ramazan Uysal kat\u0131l\u0131mda bulunmad\u0131. \u015e\u0131rnak&#8217;\u0131n Silopi \u0130l\u00e7esi&#8217;ndeki t\u00f6renlerde al\u0131nan s\u0131k\u0131 g\u00fcvenlik \u00f6nlemleri dikkat \u00e7ekti. Silopi \u015eehir Stadyumu&#8217;ndaki t\u00f6renlere Kaymakam B\u00fcnyamin Y\u0131ld\u0131z, 172&#8217;nci Z\u0131rhl\u0131 Tugay Komutan\u0131 Attila \u015eirin, kat\u0131l\u0131rken, BDP&#8217;li Belediye Ba\u015fkan\u0131 Emer To\u011furlu kat\u0131lmad\u0131. T\u00f6rene kat\u0131lmayan ba\u015fkan To\u011furlu&#8217;nun yerine \u00e7ocuklar oturdu. Silopi&#8217;de g\u00f6steriler ilgiyle izlenirken, t\u00f6renin sonunda gen\u00e7ler K\u00fcrt\u00e7e oyun havalar\u0131 e\u015fli\u011finde halaylar da \u00e7ekti.<\/p>\n<p style=\"text-align: justify;\">Tunceli&#8217;deki kutlamalara da BDP&#8217;li belediyeden bir kat\u0131l\u0131m olmad\u0131\u011f\u0131 g\u00f6zlendi. Siirt&#8217;teki kutlamalarda da Ba\u011f\u0131ms\u0131z Belediye Ba\u015fkan\u0131 Selim Sadak&#8217;\u0131n yerinin bo\u015f kald\u0131\u011f\u0131 g\u00f6zlerden ka\u00e7mad\u0131.<\/p>\n<p style=\"text-align: justify;\"><a href=\"http:\/\/www.cumhuriyet.com.tr\/?yhs=E&amp;hn=245102\" target=\"_blank\">Kaynak : Cumhuriyet Haber Portal\u0131<\/a><\/p>\n","protected":false},"excerpt":{"rendered":"<p style=\"text-align: center;\">\n<p style=\"text-align: justify;\">19 May\u0131s Atat\u00fcrk&#8217;\u00fc Anma Gen\u00e7lik ve Spor Bayram\u0131 G\u00fcneydo\u011fu&#8217;da co\u015fku i\u00e7inde kutland\u0131. Baz\u0131 illerdeki kutlamalara BDP&#8217;li belediye ba\u015fkanlar\u0131 kat\u0131lmad\u0131.<\/p>\n<p style=\"text-align: justify;\">\u0130stanbul- 19 May\u0131s Atat\u00fcrk&#8217;\u00fc Anma Gen\u00e7lik ve Spor Bayram\u0131 t\u00f6renlerine baz\u0131 illerde BDP&#8217;li belediye ba\u015fkanlar\u0131 kat\u0131lmayarak t\u00f6reni boykot ettiler. Diyarbak\u0131r B\u00fcy\u00fck\u015fehir Belediye Ba\u015fkan\u0131 Osman Baydemir&#8217;in kat\u0131lmad\u0131\u011f\u0131 Diyarbak\u0131r&#8217;daki t\u00f6renlerde belediye <\/p>\n","protected":false},"author":1,"featured_media":0,"comment_status":"open","ping_status":"open","sticky":false,"template":"","format":"standard","meta":{"footnotes":""},"categories":[105],"tags":[],"class_list":["post-36572","post","type-post","status-publish","format-standard","hentry","category-gundem","odd"],"_links":{"self":[{"href":"http:\/\/www.korhanyilmaz.com\/index.php?rest_route=\/wp\/v2\/posts\/36572","targetHints":{"allow":["GET"]}}],"collection":[{"href":"http:\/\/www.korhanyilmaz.com\/index.php?rest_route=\/wp\/v2\/posts"}],"about":[{"href":"http:\/\/www.korhanyilmaz.com\/index.php?rest_route=\/wp\/v2\/types\/post"}],"author":[{"embeddable":true,"href":"http:\/\/www.korhanyilmaz.com\/index.php?rest_route=\/wp\/v2\/users\/1"}],"replies":[{"embeddable":true,"href":"http:\/\/www.korhanyilmaz.com\/index.php?rest_route=%2Fwp%2Fv2%2Fcomments&post=36572"}],"version-history":[{"count":0,"href":"http:\/\/www.korhanyilmaz.com\/index.php?rest_route=\/wp\/v2\/posts\/36572\/revisions"}],"wp:attachment":[{"href":"http:\/\/www.korhanyilmaz.com\/index.php?rest_route=%2Fwp%2Fv2%2Fmedia&parent=36572"}],"wp:term":[{"taxonomy":"category","embeddable":true,"href":"http:\/\/www.korhanyilmaz.com\/index.php?rest_route=%2Fwp%2Fv2%2Fcategories&post=36572"},{"taxonomy":"post_tag","embeddable":true,"href":"http:\/\/www.korhanyilmaz.com\/index.php?rest_route=%2Fwp%2Fv2%2Ftags&post=36572"}],"curies":[{"name":"wp","href":"https:\/\/api.w.org\/{rel}","templated":true}]}}