{"id":36567,"date":"2011-05-19T16:54:29","date_gmt":"2011-05-19T13:54:29","guid":{"rendered":"http:\/\/www.korhanyilmaz.com\/?p=36567"},"modified":"2011-07-12T20:02:47","modified_gmt":"2011-07-12T17:02:47","slug":"19-mayisa-siyasi-gerginlik-golgesi","status":"publish","type":"post","link":"http:\/\/www.korhanyilmaz.com\/?p=36567","title":{"rendered":"19 May\u0131s&#8217;a siyasi gerginlik g\u00f6lgesi"},"content":{"rendered":"<p style=\"text-align: justify;\"><a href=\"http:\/\/www.korhanyilmaz.com\/wp-content\/uploads\/2011\/07\/1523.jpg\"  class=\"lightview\"><img loading=\"lazy\" decoding=\"async\" class=\"aligncenter size-full wp-image-36568\" src=\"http:\/\/www.korhanyilmaz.com\/wp-content\/uploads\/2011\/07\/1523.jpg\" alt=\"\" width=\"368\" height=\"276\" \/><\/a><\/p>\n<p style=\"text-align: justify;\">19 May\u0131s Atat\u00fcrk&#8217;\u00fc Anma ve Gen\u00e7lik ve Spor Bayram\u0131 kutlamalar\u0131 kapsam\u0131nda Ankara&#8217;da ilk t\u00f6ren, Cumhurba\u015fkan\u0131 Abdullah G\u00fcl&#8217;\u00fcn ba\u015fkanl\u0131\u011f\u0131ndaki devlet erkan\u0131n\u0131n An\u0131tkabir&#8217;i ziyaretiyle ba\u015flad\u0131. Ba\u015fbakan Erdo\u011fan ve CHP lideri K\u0131l\u0131\u00e7daro\u011flu aras\u0131nda son g\u00fcnlerde miting meydanlar\u0131nda t\u0131rmanan gerilim, iki liderin y\u00fcz\u00fcne de yans\u0131d\u0131.<!--more--><\/p>\n<p style=\"text-align: justify;\"><span style=\"color: #888888;\">\u0130stanbul\/Ankara\/\u0130zmir- <\/span><strong>B\u00fcy\u00fck \u00d6nder Atat\u00fcrk&#8217;<\/strong>\u00fcn  Samsun&#8217;a \u00e7\u0131k\u0131\u015f\u0131n\u0131n 92. y\u0131l  d\u00f6n\u00fcm\u00fc kutlamalar\u0131 kapsam\u0131nda ilk t\u00f6ren,  An\u0131t Park&#8217;taki Atat\u00fcrk An\u0131t\u0131&#8217;nda  d\u00fczenlendi. Burada an\u0131ta \u00e7elenk  konulup sayg\u0131 duru\u015funda bulunulduktan sonra  t\u00f6renlere Kurtulu\u015f Yolu  alan\u0131nda devam edildi. T\u00f6rende, bir deniz subay\u0131 ve  iki deniz eri ile  ikisi izci k\u0131yafetli \u00f6\u011frenciler taraf\u0131ndan ta\u015f\u0131nan bayrak,  B\u00fcy\u00fck \u00d6nder  ve 18 silah arkada\u015f\u0131n\u0131n karaya \u00e7\u0131kt\u0131\u011f\u0131 alandan al\u0131nd\u0131.<\/p>\n<p style=\"text-align: justify;\">Vali <strong> H\u00fcseyin Aksoy,<\/strong> sayg\u0131 duru\u015funda bulunulmas\u0131 ve \u0130stiklal Mar\u015f\u0131&#8217;n\u0131n okunmas\u0131n\u0131n  ard\u0131ndan  yapt\u0131\u011f\u0131 konu\u015fmada, T\u00fcrkiye Cumhuriyeti&#8217;ne giden yolda Samsun&#8217;da   ba\u015flayan \u0131\u015f\u0131\u011f\u0131n dalga dalga t\u00fcm yurda yay\u0131ld\u0131\u011f\u0131n\u0131 belirtti.<\/p>\n<p style=\"text-align: justify;\">\u00d6te  yandan, Samsun Sanat Tiyatrosu oyuncular\u0131 taraf\u0131ndan  Atat\u00fcrk ve silah  arkada\u015flar\u0131n\u0131n Band\u0131rma Vapuru ile Samsun&#8217;a geli\u015fi temsili  olarak  canland\u0131r\u0131ld\u0131. T\u00f6rene, Bay\u0131nd\u0131rl\u0131k ve \u0130skan Bakan\u0131 <strong>Mustafa Demir<\/strong>, AKP Grup Ba\u015fkanvekili Suat K\u0131l\u0131\u00e7, AKP Samsun Milletvekili <strong>Fatih \u00d6zt\u00fcrk<\/strong>,  CHP Samsun Milletvekili Haluk Ko\u00e7, Garnizon Komutan\u0131 Tu\u011fgeneral <strong>\u00d6mer Bayrakl\u0131<\/strong>,  B\u00fcy\u00fck\u015fehir Belediye Ba\u015fkan\u0131 Yusuf Ziya Y\u0131lmaz, Ondokuz May\u0131s \u00dcniversitesi  Rekt\u00f6r\u00fc Prof. Dr. <strong>H\u00fcseyin Akan,<\/strong> belde belediye ba\u015fkanlar\u0131, \u00e7e\u015fitli kurulu\u015flar\u0131n  temsilcileri, gaziler  ve aralar\u0131nda \u00e7e\u015fitli illerden gelenlerin de bulundu\u011fu  \u00f6\u011frenci ve  yurtta\u015flar kat\u0131ld\u0131.<br \/>\n<strong><br \/>\n<\/strong><\/p>\n<p style=\"text-align: justify;\"><strong>Ankara<\/strong><\/p>\n<p style=\"text-align: justify;\">Kutlamalar kapsam\u0131nda  Ankara&#8217;da ilk t\u00f6ren, Cumhurba\u015fkan\u0131 <strong>Abdullah G\u00fcl&#8217;<\/strong>\u00fcn ba\u015fkanl\u0131\u011f\u0131ndaki devlet  erkan\u0131n\u0131n An\u0131tkabir&#8217;i ziyaretiyle ba\u015flad\u0131. An\u0131tkabir&#8217;deki t\u00f6rene, G\u00fcl&#8217;\u00fcn yan\u0131  s\u0131ra Ba\u015fbakan<strong> Recep Tayyip Erdo\u011fan<\/strong>, Anayasa Mahkemesi Ba\u015fkan\u0131 <strong>Ha\u015fim K\u0131l\u0131\u00e7, <\/strong>Genelkurmay Ba\u015fkan\u0131 <strong>Orgeneral I\u015f\u0131k Ko\u015faner,<\/strong> CHP Genel Ba\u015fkan\u0131 <strong>Kemal  K\u0131l\u0131\u00e7daro\u011flu<\/strong>, Yarg\u0131tay Ba\u015fkan\u0131 <strong>Hasan Ger\u00e7eker<\/strong>,  Bakanlar Kurulunun baz\u0131 \u00fcyeleri  ve di\u011fer devlet erkan\u0131 kat\u0131ld\u0131. T\u00f6rene  kat\u0131lanlar, Aslanl\u0131 Yol&#8217;dan y\u00fcr\u00fcyerek  Atat\u00fcrk&#8217;\u00fcn mozolesine geldiler.\u00a0  Cumhurba\u015fkan\u0131 G\u00fcl, Atat\u00fcrk&#8217;\u00fcn mozolesine k\u0131rm\u0131z\u0131  ve beyaz  karanfillerle s\u00fcsl\u00fc, \u00fczerinde <strong>&#8221;Cumhurba\u015fkan\u0131&#8221; <\/strong>yazan \u00e7elengi b\u0131rakt\u0131.  Devlet erkan\u0131 daha sonra sayg\u0131 duru\u015funda bulundu ve \u0130stiklal Mar\u015f\u0131  okundu.<\/p>\n<p style=\"text-align: justify;\">Ba\u015fbakan  Erdo\u011fan ve CHP lideri K\u0131l\u0131\u00e7daro\u011flu aras\u0131nda son g\u00fcnlerde miting  meydanlar\u0131nda t\u0131rmanan gerilim, iki liderin y\u00fcz\u00fcne de yans\u0131d\u0131.<\/p>\n<p style=\"text-align: justify;\">Cumhurba\u015fkan\u0131 G\u00fcl, daha sonra Misak-\u0131 Milli Kulesi&#8217;ne ge\u00e7ti.  An\u0131tkabir \u00d6zel Defteri&#8217;ni imzalayan G\u00fcl, deftere \u015funlar\u0131 yazd\u0131: <strong>&#8221;Aziz   Atat\u00fcrk, istiklal m\u00fccadelesini ba\u015flatmak amac\u0131yla Samsun&#8217;a \u00e7\u0131k\u0131\u015f\u0131n\u0131z\u0131n  92. y\u0131l  d\u00f6n\u00fcm\u00fcnde millet\u00e7e b\u00fcy\u00fck bir gurur ya\u015f\u0131yoruz. T\u00fcrkiye  Cumhuriyeti,  ideallerinizden g\u00fc\u00e7 alarak ilerlemesine devam etmektedir.  \u00d6zg\u00fcven i\u00e7erisinde  y\u00fckselen T\u00fcrkiye, sahip oldu\u011fu nitelikleri ve  benimsedi\u011fi de\u011ferlerle, \u00e7evresine  istikrar yayan ve ilham kayna\u011f\u0131 olan  bir \u00fclke konumundad\u0131r. \u00dclkemizin elde  etti\u011fi muazzam ba\u015far\u0131lar,  g\u00f6sterdi\u011finiz hedeflere ula\u015faca\u011f\u0131m\u0131z\u0131n da ispat\u0131d\u0131r.  Bu g\u00fcvenimizin en  \u00f6nemli dayana\u011f\u0131n\u0131 olu\u015fturan T\u00fcrk gen\u00e7li\u011fi, \u00fclkemizi her alanda   y\u00fcceltmeye ve gelece\u011fe en g\u00fc\u00e7l\u00fc \u015fekilde ta\u015f\u0131maya azimlidir. Gen\u00e7lerimize   arma\u011fan etti\u011finiz milli bayram\u0131m\u0131zda sizi sayg\u0131yla, minnet ve \u015f\u00fckranla  an\u0131yoruz.  Ruhunuz \u015fad olsun.&#8221; <\/strong>Devlet erkan\u0131n\u0131n t\u00f6reninin ard\u0131ndan, askerler ve  \u00f6\u011frenciler de mozolenin \u00f6n\u00fcnde sayg\u0131 ge\u00e7i\u015finde bulundu.<\/p>\n<p style=\"text-align: justify;\">Samsun&#8217;dan yola \u00e7\u0131kan <strong>&#8221;Sevgi Bayra\u011f\u0131&#8221;<\/strong> bu y\u0131l ilk kez engelli bir sporcu  taraf\u0131ndan Cumhurba\u015fkan\u0131 Abdullah G\u00fcl&#8217;e teslim edilecek. Samsun&#8217;dan ba\u015flayan<strong> &#8221;Bayrak Ko\u015fusu&#8221;<\/strong>na  engelli sporcular da kat\u0131ld\u0131. Bayrak Ko\u015fusu, sabah  saatlerinde,  Ba\u011fc\u0131lar Belediyesinin olimpiyatlara haz\u0131rlanan engelli  sporcular\u0131n\u0131n  da kat\u0131l\u0131m\u0131yla An\u0131ttepe Spor Tesisleri&#8217;nde ba\u015flad\u0131.<\/p>\n<p style=\"text-align: justify;\"><strong>&#8221;Engelsiz  T\u00fcrkiye Projesi&#8221;<\/strong>nde  yer alan engelli sporcular\u0131n da kat\u0131ld\u0131\u011f\u0131 ko\u015funun sonunda  bayra\u011f\u0131  milli sporcu Ersin Elban, 19 May\u0131s Stadyumu&#8217;nda d\u00fczenlenen t\u00f6rende   Cumhurba\u015fkan\u0131 G\u00fcl&#8217;e teslim edecek. Ersin Elban, engeli bir sporcunun  devletin  en \u00fcst kademesinde bulunan birisine bayrak takdim etmesinin  gurur verici  oldu\u011funu ifade ederek, <strong>&#8221;T\u00f6renlere sadece bizim  kat\u0131lmam\u0131z yeterli de\u011fil. T\u00fcm  engellilerin 19 May\u0131s t\u00f6renlerine  kat\u0131lmas\u0131 gerekiyor. Bunun i\u00e7in t\u00fcm imkanlar  kullan\u0131lmal\u0131&#8221; <\/strong>dedi.<strong> &#8221;Sevgi Bayra\u011f\u0131n\u0131&#8221; <\/strong>ta\u015f\u0131yan sporcular, Gen\u00e7lik  Caddesi&#8217;nden ge\u00e7erek 19 May\u0131s Stadyumu&#8217;na geldi.<\/p>\n<p style=\"text-align: justify;\"><strong>Ulus&#8217;ta Atat\u00fcrk An\u0131t\u0131&#8217;na \u00e7elenk konuldu<\/strong><\/p>\n<p style=\"text-align: justify;\">Ankara Ulus&#8217;taki Atat\u00fcrk An\u0131t\u0131&#8217;na \u00e7elenk  konuldu. D\u00fczenlenen t\u00f6rene, Ankara Vali Yard\u0131mc\u0131lar\u0131 <strong>Y\u0131ld\u0131r\u0131m U\u00e7ar<\/strong> ile <strong>Mustafa  Taps\u0131z<\/strong>, Ankara Garnizon Komutan temsilcisi Tu\u011fgeneral <strong>Baki Kavun<\/strong>, Ankara  B\u00fcy\u00fck\u015fehir Belediyesi Tefti\u015f Kurulu Ba\u015fkan\u0131 <strong>Mehmet Kaya<\/strong>, il protokol\u00fc, askeri  personel, \u00f6\u011frenciler ve yurtta\u015flar kat\u0131ld\u0131.<\/p>\n<p style=\"text-align: justify;\">An\u0131ta,  Ankara Valili\u011fi, Garnizon  Komutanl\u0131\u011f\u0131, B\u00fcy\u00fck\u015fehir Belediye Ba\u015fkanl\u0131\u011f\u0131,  Cumhuriyet Ba\u015fsavc\u0131l\u0131\u011f\u0131, B\u00f6lge  \u0130dare Mahkemesi Ba\u015fkanl\u0131\u011f\u0131n\u0131n yan\u0131 s\u0131ra  baz\u0131 \u00fcniversiteler, sivil toplum  \u00f6rg\u00fctleri, siyasi partiler ve kamu  kurumlar\u0131n\u0131n \u00e7elenklerinin konulmas\u0131n\u0131n  ard\u0131ndan, Atat\u00fcrk ve \u015fehitler  an\u0131s\u0131na sayg\u0131 duru\u015funda bulunuldu, \u0130stiklal Mar\u015f\u0131  okundu. Daha sonra  bayraklar g\u00f6ndere \u00e7ekildi.<\/p>\n<p style=\"text-align: justify;\"><strong>Ba\u015fbakan Erdo\u011fan, t\u00f6renlere kat\u0131lamad\u0131 <\/strong><\/p>\n<p style=\"text-align: justify;\">Ba\u015fbakan  Recep Tayyip Erdo\u011fan, 19  May\u0131s Atat\u00fcrk&#8217;\u00fc Anma ve Gen\u00e7lik ve Spor  Bayram\u0131 dolay\u0131s\u0131yla, 19 May\u0131s  Stadyumu&#8217;nda d\u00fczenlenen t\u00f6rene &#8221;so\u011fuk  alg\u0131nl\u0131\u011f\u0131&#8221; nedeniyle  kat\u0131lamad\u0131. Stadyumdaki t\u00f6ren, Cumhurba\u015fkan\u0131  Abdullah G\u00fcl&#8217;\u00fcn \u015feref trib\u00fcn\u00fcnde  yerini almas\u0131yla ba\u015flad\u0131.<\/p>\n<p style=\"text-align: justify;\"><strong>\u0130zmir\u2019de buzda bayram<\/strong><\/p>\n<p style=\"text-align: justify;\">19  May\u0131s Atat\u00fcrk&#8217;\u00fc Anma ve Gen\u00e7lik ve Spor Bayram\u0131  kutlamalar\u0131  \u00e7er\u00e7evesinde \u0130zmir Cumhuriyet Meydan\u0131&#8217;nda t\u00f6ren yap\u0131ld\u0131. \u0130zmir  Vali  Vekili<strong> Ardahan Totuk<\/strong>, \u0130zmir B\u00fcy\u00fck\u015fehir Belediye Ba\u015fkan\u0131 <strong>Aziz Kocao\u011flu<\/strong>, Ege  Ordusu Komutan\u0131 Orgeneral <strong>Nusret Ta\u015fdeler<\/strong> ile sivil toplum kurulu\u015flar\u0131 ve siyasi  parti temsilcileri Cumhuriyet  Meydan\u0131&#8217;ndaki Atat\u00fcrk An\u0131t\u0131&#8217;na \u00e7elenk  sundu. Sayg\u0131 duru\u015funda  bulunulmas\u0131 ve \u0130stiklal Mar\u015f\u0131&#8217;n\u0131n okunmas\u0131n\u0131n ard\u0131ndan  \u0130zmir Vali  Vekili Totuk, An\u0131t \u015eeref Defteri&#8217;ni imzalad\u0131.<\/p>\n<p style=\"text-align: justify;\">Totuk, An\u0131t \u015eeref  Defteri&#8217;ne \u015funlar\u0131 yazd\u0131:<strong> &#8221;19 May\u0131s 1919&#8217;da Samsun&#8217;a \u00e7\u0131kt\u0131\u011f\u0131nda \u0130zmir i\u015fgal  edileli 4 g\u00fcn  olmu\u015ftu. \u0130zmir&#8217;in yan\u0131 s\u0131ra \u00fclkemizin her k\u00f6\u015fesi i\u015fgal alt\u0131nda  idi. En  karanl\u0131k, en zor g\u00fcnlerde g\u00f6sterdi\u011fin azim ve kararl\u0131l\u0131k ile T\u00fcrk   ulusuna g\u00fc\u00e7 verdin. T\u00fcrk milletinin m\u00fccadele kudretini yeniden ortaya  \u00e7\u0131kard\u0131n.  Yakt\u0131\u011f\u0131n ba\u011f\u0131ms\u0131zl\u0131k ate\u015fi, milletin t\u00fcm fertlerinin y\u00fcre\u011fine  dalga dalga  yay\u0131ld\u0131. T\u00fcrk ulusu Ata&#8217;s\u0131n\u0131n \u00f6nderli\u011finde \u015fanl\u0131 Kurtulu\u015f  Sava\u015f\u0131&#8217;n\u0131 ba\u015flatt\u0131.  Hedefledi\u011fin tam ba\u011f\u0131ms\u0131zl\u0131\u011fa kavu\u015ftu. Karamsar  olmamay\u0131 senden  \u00f6\u011frendik. Kurdu\u011fun laik, demokratik, \u00e7a\u011fda\u015f T\u00fcrkiye  Cumhuriyeti, emanet  etti\u011fin T\u00fcrk gen\u00e7li\u011finin ilke ve devrimlerine  y\u00fcrekten ba\u011fl\u0131l\u0131\u011f\u0131 ile sonsuza  kadar ya\u015fayacakt\u0131r. 19 May\u0131s 1919&#8217;un 92.  y\u0131l\u0131nda sana i\u00e7ten ba\u011fl\u0131l\u0131\u011f\u0131m\u0131z\u0131  yineliyor, \u015f\u00fckran ve minnet  duygular\u0131m\u0131zla huzurunda sayg\u0131 ile  e\u011filiyoruz.&#8221;<\/strong> \u0130zmir&#8217;deki 19 May\u0131s Atat\u00fcrk&#8217;\u00fc Anma ve Gen\u00e7lik ve Spor Bayram\u0131  kutlamalar\u0131 Atat\u00fcrk Stad\u0131&#8217;nda devam edecek.<\/p>\n<p style=\"text-align: justify;\"><strong>\u0130stanbul\u2019da \u00e7e\u015fitli etkinlikler<\/strong><\/p>\n<p style=\"text-align: justify;\">19  May\u0131s Atat\u00fcrk&#8217;\u00fc Anma ve Gen\u00e7lik ve Spor Bayram\u0131 etkinlikleri   kapsam\u0131nda Taksim&#8217;deki Cumhuriyet An\u0131t\u0131&#8217;nda t\u00f6ren d\u00fczenlendi. \u0130stanbul  Valisi  <strong>H\u00fcseyin Avni Mutlu<\/strong>, \u0130stanbul B\u00fcy\u00fck\u015fehir Belediye Ba\u015fkan\u0131 Kadir Topba\u015f, 3.  Kolordu Komutan\u0131 Korgeral <strong>Hulusi Akar <\/strong>ile  siyasi partilerin temsilcileri ve  di\u011fer ilgililerin kat\u0131ld\u0131\u011f\u0131 t\u00f6rende,  an\u0131ta, \u00e7elenk konulup, bir dakikal\u0131k sayg\u0131  duru\u015funda bulunulmas\u0131n\u0131n  ard\u0131ndan \u0130stiklal Mar\u015f\u0131 okundu. Vali Avni Mutlu, An\u0131t \u015eeref Defteri&#8217;ni  imzalad\u0131.<\/p>\n<p style=\"text-align: justify;\">\u0130stanbul\u2019da, kutlamalar kapsam\u0131nda,<strong> \u201cFener Alay\u0131 Y\u00fcr\u00fcy\u00fc\u015f\u00fc\u201d<\/strong>leri,  paneller, a\u00e7\u0131k oturumlar, tiyatro g\u00f6sterileri ger\u00e7ekle\u015ftirilecek.  Be\u015fikta\u015f Akaretler \u015eair Nedim Park\u0131 \u00f6n\u00fcnden ba\u015flayarak, Be\u015fikta\u015f  Meydan\u0131\u2019nda sona erecek<strong> \u201cFener Alay\u0131 Y\u00fcr\u00fcy\u00fc\u015f\u00fc\u201d<\/strong> dolay\u0131s\u0131yla bug\u00fcn saat 19.30\u2019dan itibaren \u015eair Nedim, N\u00fczhetiye ve  S\u00fcleyman Seba caddeleri, ge\u00e7i\u015fler esnas\u0131nda trafi\u011fe kapal\u0131 olacak.<\/p>\n<p style=\"text-align: justify;\"><strong>T\u00fcrk Telekom Arena Stad\u0131&#8217;ndaki t\u00f6ren<\/strong><\/p>\n<p style=\"text-align: justify;\">19   May\u0131s Atat\u00fcrk&#8217;\u00fc Anma ve Gen\u00e7lik ve Spor Bayram\u0131 etkinlikleri  kapsam\u0131nda T\u00fcrk  Telekom Arena Stad\u0131&#8217;nda t\u00f6ren d\u00fczenledi. T\u00f6ren,  \u0130stanbul Valisi H\u00fcseyin Avni  Mutlu ve e\u015fi G\u00fcl Mutlu, \u0130stanbul  B\u00fcy\u00fck\u015fehir Belediye Ba\u015fkan\u0131 <strong>Kadir Topba\u015f<\/strong> ile 3.  Kolordu Komutan\u0131 Korgeneral <strong>Hulusi Akar<\/strong>&#8216;\u0131n,  t\u00f6ren arac\u0131ndan halk\u0131 selamlamas\u0131yla  ba\u015flad\u0131. Sayg\u0131 duru\u015funda  bulunulmas\u0131 ve \u0130stiklal Mar\u015f\u0131&#8217;n\u0131n okunmas\u0131n\u0131n  ard\u0131ndan konu\u015fan \u0130stanbul  \u0130l Milli E\u011fitim M\u00fcd\u00fcr\u00fc Muammer Y\u0131ld\u0131z, 19 May\u0131s&#8217;\u0131n  &#8221;baht\u0131 a\u00e7\u0131k olan  milletin&#8221; talihinin d\u00f6n\u00fcm noktas\u0131 oldu\u011funu s\u00f6yledi. 19  May\u0131s&#8217;\u0131n,  Mustafa Kemal Atat\u00fcrk i\u00e7in uzun ve \u00e7ileli bir yolculu\u011fun ba\u015flad\u0131\u011f\u0131 g\u00fcn   oldu\u011funu belirten Y\u0131ld\u0131z, <strong>&#8221;T\u00fcrk milletinin kurtulu\u015fu i\u00e7in  tutu\u015fturulan ate\u015fin  alevlendi\u011fi g\u00fcn bug\u00fcn. Kurtulu\u015f alevlerinin sadece  Samsun&#8217;u de\u011fil, t\u00fcm vatan\u0131  sard\u0131\u011f\u0131 bug\u00fcn, milletimiz i\u00e7in kader  g\u00fcn\u00fcd\u00fcr&#8221;<\/strong> dedi.<\/p>\n<p style=\"text-align: justify;\">Konu\u015fman\u0131n ard\u0131ndan, \u00f6\u011frenciler, T\u00fcrk  ulusu ve Cumhurba\u015fkan\u0131 ad\u0131na 3 defa <strong>&#8221;Sa\u011f ol&#8221;<\/strong> \u015feref \u00e7a\u011fr\u0131s\u0131nda bulunduktan  sonra bando e\u015fli\u011finde Gen\u00e7lik Mar\u015f\u0131&#8217;n\u0131 seslendirdi.<br \/>\nGen\u00e7ler ad\u0131na \u00dcsk\u00fcdar  Kuleli Askeri Lisesi Komutanl\u0131\u011f\u0131 \u00f6\u011frencisi <strong>\u00d6zer G\u00fcm\u00fc\u015fay<\/strong>, <strong>&#8221;Atat\u00fcrk&#8217;\u00fcn Gen\u00e7li\u011fe  Hitabesi&#8221;<\/strong>ni okudu. Hitabeyi, stadyumdaki vatanda\u015flar ve askerler uzun s\u00fcre  alk\u0131\u015flad\u0131.<\/p>\n<p style=\"text-align: justify;\">\u00dcsk\u00fcdar T\u00fcrkan Sabanc\u0131 G\u00f6rme Engelliler \u0130\u015f Okulu \u00f6\u011frencisi <strong>Ebru  Canl\u0131 <\/strong>\u015fiir okudu. Haydarpa\u015fa Anadolu Lisesi \u00f6\u011frencisi <strong>Fatma Selcen Palut <\/strong>da   gen\u00e7lik ad\u0131na konu\u015fma yapt\u0131. Daha sonra, askeri ve sivil okullara  mensup  \u00f6\u011frenciler, askeri bando e\u015fli\u011finde ge\u00e7it t\u00f6reni yapt\u0131.  Trib\u00fcnlerdeki  \u00f6\u011frenciler de ellerindeki renkli kartonlarla,<strong> &#8221;Yurtta Bar\u0131\u015f D\u00fcnyada Bar\u0131\u015f&#8221;,  &#8221;T\u00fcrk \u00d6v\u00fcn \u00c7al\u0131\u015f G\u00fcven&#8221;, &#8221;92. Y\u0131l  Kutlu Olsun&#8221;, &#8221;\u0130stanbul 2011&#8221;, &#8221;19  May\u0131s 1919&#8221;, &#8221;Cumhuriyet  Erdemdir&#8221;, &#8221;G\u00fc\u00e7l\u00fc Ordu, G\u00fc\u00e7l\u00fc T\u00fcrkiye&#8221;, &#8221;Her T\u00fcrk  Asker Do\u011fdu&#8221; <\/strong>yaz\u0131lar\u0131n\u0131 olu\u015fturdu.<\/p>\n<p style=\"text-align: justify;\">\u00d6\u011frenci gruplar\u0131, daha sonra da m\u00fczik  e\u015fli\u011finde g\u00f6steri yapt\u0131. \u00d6\u011frenciler g\u00f6sterilerinde, <strong>&#8221;i\u015fgal  y\u0131llar\u0131n\u0131n karanl\u0131k  g\u00fcnlerinden ba\u011f\u0131ms\u0131zl\u0131k yolunda ilk tohumlar\u0131n  at\u0131ld\u0131\u011f\u0131 ba\u015fkald\u0131r\u0131 g\u00fcnleri&#8221;,  &#8221;\u00fclkenin karanl\u0131k i\u015fgal y\u0131llar\u0131ndan  ba\u011f\u0131ms\u0131zl\u0131k g\u00fcne\u015fine do\u011fru \u00f6nlenemez  y\u00fckseli\u015fi&#8221;, &#8221;modern ve \u00e7a\u011fda\u015f  T\u00fcrkiye&#8217;nin gen\u00e7 ve g\u00fc\u00e7l\u00fc Cumhuriyeti&#8217;ni ve  ba\u011f\u0131ms\u0131zl\u0131k ate\u015finin t\u00fcm  Anadolu&#8217;ya dalga dalga yay\u0131lmas\u0131n\u0131&#8221; <\/strong>anlatt\u0131.<\/p>\n<p style=\"text-align: justify;\">Ayr\u0131ca,  sivil okullardan 1728 \u00f6\u011frenci ve \u00dcsk\u00fcdar Kuleli Askeri  Lisesinden 640  \u00f6\u011frenci olmak \u00fczere 2 bin 368 \u00f6\u011frencinin ortak haz\u0131rlad\u0131\u011f\u0131<strong> &#8221;\u00f6zg\u00fcrl\u00fck ve ba\u011f\u0131ms\u0131zl\u0131\u011f\u0131n sembol\u00fc, bayra\u011f\u0131m\u0131z temas\u0131&#8221; <\/strong>g\u00f6steri  gruplar\u0131n\u0131n  \u00e7e\u015fitli dans ve koreografileriyle i\u015flendi. G\u00f6steriler  s\u0131ras\u0131nda, \u00dcsk\u00fcdar  Kuleli Askeri Lisesi \u00f6\u011frencileri, <strong>&#8221;Vatan Sana Can\u0131m Feda&#8221;, &#8221;Tek Dil, Tek  Bayrak, Tek Vatan&#8221;<\/strong> ile Mustafa Kemal Atat\u00fcrk&#8217;\u00fcn imzas\u0131n\u0131 olu\u015fturdu. Trib\u00fcndeki  \u00f6\u011frenciler de ellerindeki fonlarla<strong> &#8221;kalbimizdesin&#8221;<\/strong> yaz\u0131s\u0131 yazd\u0131.<\/p>\n<p style=\"text-align: justify;\"><strong>Van&#8217;daki kutlamalar ileri bir tarihe ertelendi <\/strong><\/p>\n<p style=\"text-align: justify;\">Van&#8217;da,   19 May\u0131s Atat\u00fcrk&#8217;\u00fc Anma ve Gen\u00e7lik ve Spor Bayram\u0131 dolay\u0131s\u0131yla  d\u00fczenlenen  kutlamalar, havan\u0131n ya\u011f\u0131\u015fl\u0131 olmas\u0131 nedeniyle ileri bir  tarihe  ertelendi. Kentteki kutlamalar, Valilik \u00f6n\u00fcndeki Atat\u00fcrk an\u0131t\u0131na  \u00e7elenklerin  konulmas\u0131, sayg\u0131 duru\u015funda bulunulmas\u0131 ve \u0130stiklal  Mar\u015f\u0131&#8217;n\u0131n okunmas\u0131yla  ba\u015flad\u0131. Daha sonra Atat\u00fcrk \u015eehir Stadyumu&#8217;nda  devam etmesi planlanan  kutlamalar\u0131n, havan\u0131n ya\u011f\u0131\u015fl\u0131 olmas\u0131 nedeniyle  ileri bir tarihe ertelendi\u011fi  bildirildi. Valilik \u00f6n\u00fcndeki t\u00f6rene Vali <strong>M\u00fcnir Karalo\u011flu<\/strong>, Van Jandarma Asayi\u015f  Kolordu Komutan\u0131 Korgeneral <strong>Naz\u0131m Alt\u0131nta\u015f<\/strong>, Belediye Ba\u015fkan Yard\u0131mc\u0131s\u0131<strong> G\u00fclbahar  Orhan,<\/strong> kamu kurum ve kurulu\u015flar\u0131n yetkilileriyle, \u00f6\u011fretmen ve \u00f6\u011frenciler  kat\u0131ld\u0131.<\/p>\n<p style=\"text-align: justify;\"><strong>Mersin <\/strong><\/p>\n<p style=\"text-align: justify;\">Mersin&#8217;de, 19  May\u0131s Atat\u00fcrk&#8217;\u00fc Anma ve Gen\u00e7lik ve Spor Bayram\u0131 etkinlikleri, \u00e7elenk koyma  t\u00f6reniyle ba\u015flad\u0131. Devlet Bakan\u0131 <strong>Zafer \u00c7a\u011flayan<\/strong>, Mersin Valisi Hasan Basri  G\u00fczelo\u011flu, Akdeniz B\u00f6lge ve Garnizon Komutan\u0131 Tu\u011famiral <strong>\u0130smail Taylan<\/strong>, Mersin  B\u00fcy\u00fck\u015fehir Belediye Ba\u015fkan\u0131 <strong>Macit \u00d6zcan<\/strong> ve di\u011fer ilgililer, Cumhuriyet  Meydan\u0131&#8217;ndaki Atat\u00fcrk An\u0131t\u0131na \u00e7elenk  koydu. Sayg\u0131 duru\u015fu ve \u0130stiklal  Mar\u015f\u0131&#8217;n\u0131n okunmas\u0131n\u0131n ard\u0131ndan  Cumhuriyet Meydan\u0131&#8217;ndaki t\u00f6ren son  buldu.<\/p>\n<p style=\"text-align: justify;\">T\u00f6ren s\u0131ras\u0131nda, geni\u015f  g\u00fcvenlik \u00f6nlemleri al\u0131nd\u0131. Devlet Bakan\u0131 Zafer  \u00c7a\u011flayan, t\u00f6renin  ard\u0131ndan Gaziler Derne\u011fi \u00fcyeleri ile bayramla\u015ft\u0131. T\u00f6rene,  eski Devlet  Bakan\u0131 ve AK Parti Mersin Milletvekili <strong>K\u00fcr\u015fad T\u00fczmen<\/strong>, CHP Mersin  milletvekilleri<strong> \u0130sa G\u00f6k<\/strong> ve <strong>Vahap Se\u00e7e<\/strong>r ile sivil toplum kuru\u015flar\u0131n\u0131n ba\u015fkanlar\u0131,  di\u011fer siyasi parti temsilcileri ile askeri ve sivil erkan  kat\u0131ld\u0131.<\/p>\n<p style=\"text-align: justify;\"><strong>Antalya <\/strong><\/p>\n<p style=\"text-align: justify;\">19   Atat\u00fcrk&#8217;\u00fc Anma ve Gen\u00e7lik ve Spor Bayram\u0131 dolay\u0131s\u0131yla Cumhuriyet  Meydan\u0131&#8217;nda  Milli Savunma Bakan\u0131 Vecdi G\u00f6n\u00fcl&#8217;\u00fcn de kat\u0131l\u0131m\u0131yla bir  t\u00f6ren  d\u00fczenlendi. T\u00f6ren ba\u015flamadan \u00f6nce protokol \u00fcyelerinin duracaklar\u0131  yerlere  ili\u015fkin bir kar\u0131\u015f\u0131kl\u0131k ya\u015fand\u0131. Ulusal ve Resmi Bayramlarda  Yap\u0131lacak T\u00f6renler  Y\u00f6netmeli\u011fi&#8217;nde yakla\u015f\u0131k bir s\u00fcre \u00f6nce yap\u0131lan  de\u011fi\u015fikli\u011fe ra\u011fmen, y\u00f6netmeli\u011fin  eski haline g\u00f6re s\u0131ralanan protokol  \u00fcyelerini, valili\u011fin protokol g\u00f6revlisi  uyard\u0131.<\/p>\n<p style=\"text-align: justify;\">Protokol \u00fcyeleri, yeni y\u00f6netmeli\u011fe g\u00f6re ilk s\u0131rada Milli Savunma  Bakan\u0131<strong> Vecdi G\u00f6n\u00fcl<\/strong>, yan\u0131nda Antalya Valisi <strong>Ahmet Alt\u0131parmak<\/strong>, Garnizon Komutan\u0131  Tu\u011fgeneral <strong>Kemal Korkmaz<\/strong> \u015feklinde s\u0131raland\u0131. Bu s\u0131ralama yap\u0131l\u0131rken t\u00f6ren  alan\u0131na gelen B\u00fcy\u00fck\u015fehir Belediye Ba\u015fkan\u0131 <strong>Mustafa Akayd\u0131n<\/strong> ise, kendisinden  \u00f6nceki y\u00f6netmelik de\u011fi\u015fikli\u011fi uyar\u0131s\u0131ndan habersiz  \u015fekilde Bakan G\u00f6n\u00fcl&#8217;\u00fcn  yan\u0131nda durdu. Bakan G\u00f6n\u00fcl&#8217;\u00fcn yanl\u0131\u015f yerde  durdu\u011funu d\u00fc\u015f\u00fcnen Akayd\u0131n, G\u00f6n\u00fcl&#8217;e  <strong>&#8221;Siz kar\u0131\u015ft\u0131rm\u0131\u015f gibisiniz say\u0131n bakan\u0131m&#8221;<\/strong> diye seslendi. Kendisine <strong>&#8221;Normal  de\u011fil mi?&#8221; <\/strong>cevab\u0131n\u0131 veren Bakan G\u00f6n\u00fcl&#8217;e Akayd\u0131n, g\u00fclerek,<strong> &#8221;Buras\u0131 normalde  komutan\u0131n yeri de onun i\u00e7in&#8221; <\/strong>diye  cevap verdi. Bakan G\u00f6n\u00fcl ile Ba\u015fkan Akayd\u0131n  aras\u0131nda ge\u00e7en k\u0131sa  diyalo\u011fun ard\u0131ndan Akayd\u0131n, y\u00f6netmeli\u011fin yeni \u015fekline g\u00f6re  protokol  \u00fcyelerinin en sonuna ge\u00e7ti.<\/p>\n<p style=\"text-align: justify;\">Bakan G\u00f6n\u00fcl, Atat\u00fcrk An\u0131t\u0131&#8217;na \u00fczerinde<strong> &#8221;Milli Savunma Bakanl\u0131\u011f\u0131&#8221; <\/strong>yaz\u0131l\u0131  \u00e7elenk koyarken, di\u011fer kat\u0131l\u0131mc\u0131lar da  kurumlar\u0131 ad\u0131na an\u0131ta \u00e7elenk  b\u0131rakt\u0131. Sayg\u0131 duru\u015funda bulunulmas\u0131 ve \u0130stiklal  Mar\u015f\u0131&#8217;n\u0131n ard\u0131ndan  Vali Ahmet Alt\u0131parmak An\u0131t \u015eeref Defteri&#8217;ni imzalad\u0131.<\/p>\n<p style=\"text-align: justify;\"><strong>Ardahan&#8217;da kutlamalar ertelendi<\/strong><\/p>\n<p style=\"text-align: justify;\">Ardahan&#8217;da  19 May\u0131s Atat\u00fcrk&#8217;\u00fc Anma ve Gen\u00e7lik ve Spor Bayram\u0131 kutlamalar\u0131,  ya\u011fmur  nedeniyle Cumartesi g\u00fcn\u00fcne ertelendi. 19 May\u0131s Atat\u00fcrk&#8217;\u00fc Anma ve   Gen\u00e7lik ve Spor Bayram\u0131 nedeniyle, Valilik \u00f6n\u00fcndeki Atat\u00fcrk An\u0131t\u0131na  \u00e7elenk  konulduktan sonra, bir dakikal\u0131k sayg\u0131 duru\u015fu ve \u0130stiklal Mar\u015f\u0131   okundu. \u00c7elenk t\u00f6reninden sonra yap\u0131lan a\u00e7\u0131klamada, bug\u00fcn saat 10.00&#8217;da  \u0130n\u00f6n\u00fc  Mahallesindeki 75. Y\u0131l Cumhuriyet Stadyumunda yap\u0131lmas\u0131  planlanan kutlamalar\u0131n,  ya\u011fmur nedeniyle cumartesi g\u00fcn\u00fc ayn\u0131 saat ve  ayn\u0131 yerde yap\u0131laca\u011f\u0131  belirtildi.<\/p>\n<p style=\"text-align: justify;\"><strong>\u015eanl\u0131urfa<\/strong><\/p>\n<p style=\"text-align: justify;\">Devlet Bakan\u0131 <strong>Faruk \u00c7elik<\/strong>,  \u015eanl\u0131urfa&#8217;da 19 May\u0131s Atat\u00fcrk&#8217;\u00fc  Anma ve Gen\u00e7lik ve Spor Bayram\u0131  \u00e7er\u00e7evesinde Atat\u00fcrk An\u0131t\u0131&#8217;nda d\u00fczenlenen \u00e7elenk  sunma t\u00f6renine  kat\u0131ld\u0131. Bayram dolay\u0131s\u0131yla kentte d\u00fczenlenen ilk etkinlikte  Bakan  \u00c7elik, Vali <strong>Nuri Okutan<\/strong> ve Belediye Ba\u015fkan\u0131 <strong>Ahmet E\u015fref Fak\u0131baba<\/strong> ile di\u011fer  ilgililer Vilayet \u00f6n\u00fcndeki Atat\u00fcrk An\u0131t\u0131&#8217;na \u00e7elenk koydu.  Sayg\u0131 duru\u015fu ve  \u0130stiklal Mar\u015f\u0131&#8217;n\u0131n okunmas\u0131n\u0131n ard\u0131ndan, 19 May\u0131s  Atat\u00fcrk&#8217;\u00fc Anma ve Gen\u00e7lik ve  Spor Bayram\u0131 dolay\u0131s\u0131yla gazetecilere  a\u00e7\u0131klama yapan \u00c7elik, <strong>&#8221;T\u00fcrkiye&#8217;nin  gelece\u011fini gen\u00e7li\u011fe emanet  eden ecdad\u0131m\u0131za lay\u0131k bir gen\u00e7li\u011fi yeti\u015ftirme  konusunda elden gelen  gayreti esirgemeyece\u011fiz&#8221; <\/strong>dedi.<strong><br \/>\n<\/strong>\u00d6te  yandan MHP Merkez \u0130l\u00e7e \u0130kinci Ba\u015fkan\u0131 \u0130smail Bayram, partisine ait  \u00e7elengin t\u00f6ren  alan\u0131nda olmas\u0131na ra\u011fmen, an\u0131ta sunulmak \u00fczere anons  edilmedi\u011fini iddia  etti. Program\u0131n ba\u015flang\u0131c\u0131ndan yar\u0131m saat \u00f6nce t\u00f6ren  alan\u0131nda bulunmas\u0131na  kar\u015f\u0131n, Valilik g\u00f6revlileriyle yapt\u0131\u011f\u0131 g\u00f6r\u00fc\u015fmede  partiden bir yetkili  bulunmad\u0131\u011f\u0131 gerek\u00e7esiyle anons edilmedi\u011fini  \u00f6\u011frendi\u011fini ifade eden Bayram,<strong> &#8221;Biz  bunu \u015fiddetle reddediyor,  sayg\u0131s\u0131zl\u0131k olarak kabul ediyoruz. Bir daha b\u00f6yle bir  \u015fey ya\u015fanmamas\u0131  i\u00e7in daha hassas davran\u0131ls\u0131n. \u0130n\u015fallah sehven yap\u0131lm\u0131\u015f bir  hatad\u0131r&#8221;<\/strong> dedi. Kentteki kutlama t\u00f6reni daha sonra, 11 Nisan \u015eehir  Stadyumu&#8217;nda devam etti.<\/p>\n<p style=\"text-align: justify;\"><strong>Adana <\/strong><\/p>\n<p style=\"text-align: justify;\">Adana&#8217;da,  19 May\u0131s  Atat\u00fcrk&#8217;\u00fc Anma ve Gen\u00e7lik ve Spor Bayram\u0131 kutlamalar\u0131  ba\u015flad\u0131. Atat\u00fcrk  Park\u0131&#8217;ndaki Atat\u00fcrk An\u0131t\u0131&#8217;na \u00e7elenk sunulmas\u0131yla  ba\u015flayan t\u00f6rende sayg\u0131  duru\u015funda bulunulmas\u0131n\u0131n ard\u0131ndan \u0130stiklal Mar\u015f\u0131  okundu. T\u00f6rene, Adana Valisi  <strong>\u0130lhan At\u0131\u015f<\/strong>, 6. Kolordu Komutan\u0131 <strong>Mehmet Er\u00f6z<\/strong> ve B\u00fcy\u00fck\u015fehir Belediye Ba\u015fkan Vekili  <strong>Zihni Ald\u0131rmaz<\/strong>&#8216;\u0131n  yan\u0131 s\u0131ra siyasi parti ve sivil toplum kurulu\u015flar\u0131n\u0131n  temsilcileri de  kat\u0131ld\u0131. \u00d6te yandan, yap\u0131lan a\u00e7\u0131klamada, hava s\u0131cakl\u0131klar\u0131n\u0131n  y\u00fcksek  olmas\u0131 nedeniyle kutlamalar\u0131n ak\u015fam 19:00&#8217;da 5 Ocak Stad\u0131&#8217;nda devam   edece\u011fi bildirildi.<\/p>\n<p style=\"text-align: justify;\"><strong>Elaz\u0131\u011f<\/strong><\/p>\n<p style=\"text-align: justify;\">Elaz\u0131\u011f&#8217;da  19 May\u0131s Atat\u00fcrk&#8217;\u00fc Anma ve Gen\u00e7lik ve Spor Bayram\u0131  kutlamalar\u0131 Atat\u00fcrk  An\u0131t\u0131&#8217;na \u00e7elenk konarak ba\u015flad\u0131. Elaz\u0131\u011f Valisi <strong>Muammer  Erol<\/strong>, 8. Kolordu Komutan vekili Kurmay Albay <strong>Cumhur Koskos<\/strong>, Belediye Ba\u015fkan\u0131  <strong>S\u00fcleyman Selmano\u011flu<\/strong> ile yetkililer, Valilik \u00f6n\u00fcndeki Atat\u00fcrk An\u0131t\u0131&#8217;na \u00e7elenk  koydu. T\u00f6ren,  sayg\u0131 duru\u015fu ve \u0130stiklal Mar\u015f\u0131 okunmas\u0131yla son buldu. T\u00f6rene,  askeri  ve sivil erkanla \u00f6\u011frenciler kat\u0131ld\u0131. Elaz\u0131\u011f&#8217;da bayram kutlamalar\u0131  ak\u015fam  saat 19.00&#8217;da Atat\u00fcrk Stadyumu&#8217;nda d\u00fczenlenecek t\u00f6renle devam  edecek.<strong><br \/>\n<\/strong><\/p>\n<p style=\"text-align: justify;\"><strong>Hatay<br \/>\n<\/strong><br \/>\nHatay&#8217;da 19  May\u0131s Atat\u00fcrk&#8217;\u00fc Anma Gen\u00e7lik ve Spor Bayram\u0131 nedeniyle t\u00f6ren d\u00fczenlendi.<br \/>\nVali <strong> Mehmet Celalettin Lekesiz,<\/strong> Antakya Belediye Ba\u015fkan\u0131 <strong>L\u00fctf\u00fc Sava\u015f<\/strong>, Garnizon  Komutan\u0131 Piyade K\u0131demli Albay <strong>Semih Erdo\u011fan<\/strong>, Mustafa Kemal \u00dcniversitesi (MK\u00dc)  Rekt\u00f6r\u00fc Prof. Dr. <strong>H\u00fcsn\u00fc Salih G\u00fcder<\/strong>, Cumhuriyet Ba\u015fsavc\u0131s\u0131<strong> Enis Yavuz Y\u0131ld\u0131r\u0131m<\/strong> ve Baro Ba\u015fkan\u0131 <strong>Sinan Akg\u00f6l<\/strong>,  etkinlikler kapsam\u0131nda Atat\u00fcrk An\u0131t\u0131&#8217;na \u00e7elenk  konularak sayg\u0131  duru\u015funda bulunuldu ve \u0130stiklal Mar\u015f\u0131 okundu. Daha sonra  Lekesiz \u015feref  defterini imzalad\u0131.<\/p>\n<p style=\"text-align: justify;\"><strong>Ad\u0131yaman <\/strong><\/p>\n<p style=\"text-align: justify;\">Ad\u0131yaman&#8217;da,  19 May\u0131s Atat\u00fcrk&#8217;\u00fc Anma ve Gen\u00e7lik ve Spor Bayram\u0131, Atat\u00fcrk  Stad\u0131&#8217;nda  d\u00fczenlenen t\u00f6renle kutland\u0131. Bayram kapsam\u0131nda kutlamalar H\u00fck\u00fcmet   binas\u0131 \u00f6n\u00fcndeki Atat\u00fcrk b\u00fcst\u00fc \u00f6n\u00fcne \u00e7elenk konulmas\u0131, sayg\u0131 duru\u015fu ve  \u0130stiklal  Mar\u015f\u0131&#8217;n\u0131n okunmas\u0131yla ba\u015flad\u0131. Atat\u00fcrk Stadyumu&#8217;nda devam eden  etkinlikler  \u00e7er\u00e7evesinde, Ad\u0131yaman Valisi <strong>Ramazan Sodan<\/strong>, Belediye Ba\u015fkan\u0131 <strong>Necip B\u00fcy\u00fckaslan<\/strong> ve Garnizon Komutan\u0131 Albay<strong> Ali Osman Sal\u0131k<\/strong>,  t\u00f6ren arac\u0131yla gen\u00e7lerin ve  vatanda\u015flar\u0131n bayram\u0131n\u0131 kutlad\u0131.  \u00d6\u011frencilerin \u00e7e\u015fitli g\u00f6steriler sundu\u011fu  etkinlikte, Ad\u0131yaman Anadolu  Engelliler Derne\u011fine ba\u011fl\u0131 engellilerin ellerinde  T\u00fcrk Bayraklar\u0131 ile  yapt\u0131klar\u0131 t\u00f6ren ge\u00e7i\u015fi ayakta alk\u0131\u015fland\u0131.<\/p>\n<p style=\"text-align: justify;\"><strong>Denizli<\/strong><\/p>\n<p style=\"text-align: justify;\">19  May\u0131s  Atat\u00fcrk&#8217;\u00fc Anma ve Gen\u00e7lik ve Spor Bayram\u0131, Denizli&#8217;de t\u00f6renlerle   kutlan\u0131yor. Denizli Valili\u011fi \u00f6n\u00fcnde d\u00fczenlenen ilk t\u00f6rende, Atat\u00fcrk  An\u0131t\u0131&#8217;na  \u00e7elenk konularak sayg\u0131 duru\u015funda bulunuldu ve \u0130stiklal Mar\u015f\u0131  okundu. T\u00f6rene  Denizli Valisi <strong>Yavuz Erkmen<\/strong>, AKP Denizli Milletvekili <strong>Mehmet Salih Erdo\u011fan<\/strong>,  CHP Milletvekili <strong>Ali R\u0131za Ertem\u00fcr<\/strong>, DSP Genel Sekreteri ve Denizli Milletvekili  <strong>Hasan Er\u00e7elebi<\/strong>, 11. Motorlu Piyade Tugay ve Garnizon Komutan\u0131 Komutan\u0131  Tu\u011fgeneral <strong>Mustafa \u00d6zsoy<\/strong>, Denizli Belediye Ba\u015fkan\u0131 <strong>Osman Zolan<\/strong>, Cumhuriyet  Ba\u015fsavc\u0131s\u0131 <strong>Kaz\u0131m Arapo\u011flu<\/strong>, Pamukkale \u00dcniversitesi Rekt\u00f6r\u00fc Prof. Dr. <strong>H\u00fcseyin  Ba\u011fc\u0131,<\/strong> Emniyet M\u00fcd\u00fcr\u00fc <strong>Atilla \u00c7\u0131nar<\/strong>,  di\u011fer protokol \u00fcyeleri, askerler, \u00f6\u011frenciler  ve yurtta\u015flar kat\u0131ld\u0131. 19  May\u0131s Atat\u00fcrk&#8217;\u00fc Anma ve Gen\u00e7lik ve Spor Bayram\u0131 kutlamalar\u0131  saat  20.00&#8217;de Atat\u00fcrk Stad\u0131&#8217;nda d\u00fczenlenecek etkinlikle devam  edecek.<\/p>\n<p style=\"text-align: justify;\"><strong>Tekirda\u011f<\/strong><\/p>\n<p style=\"text-align: justify;\">Tekirda\u011f&#8217;da,  19 May\u0131s Atat\u00fcrk&#8217;\u00fc Anma ve Gen\u00e7lik ve Spor Bayram\u0131 t\u00f6renlerle   kutland\u0131. \u0130lk t\u00f6ren, Atat\u00fcrk An\u0131t\u0131&#8217;na, kamu kurum ve kurulu\u015flar\u0131, sivil   toplum \u00f6rg\u00fctleriyle, siyasi partilerin \u00e7elenklerini koymas\u0131yla ba\u015flad\u0131.  Daha  sonra, sayg\u0131 duru\u015funda bulunuldu ve \u0130stiklal Mar\u015f\u0131 okunarak T\u00fcrk  Bayra\u011f\u0131 g\u00f6ndere  \u00e7ekildi. \u0130smet \u0130n\u00f6n\u00fc Kapal\u0131 Spor Salonu&#8217;nda yap\u0131lan  t\u00f6renlerde, Vali Z\u00fcbeyir  Kemelek, Cumhuriyet Halk Partisi Tekirda\u011f  Milletvekili Faik \u00d6ztrak, Garnizon  Komutan\u0131 Tu\u011fgeneral \u00d6mer Faruk  K\u00fc\u00e7\u00fck, Belediye Ba\u015fkan\u0131 Adem Dalg\u0131\u00e7, halk\u0131n ve  \u00f6\u011frencilerin bayram\u0131n\u0131  kutlad\u0131. \u00d6te yandan, olumsuz hava  \u015fartlar\u0131 nedeniyle \u00f6\u011frenci  g\u00f6sterilerinin 21 May\u0131s&#8217;ta Nam\u0131k Kemal Stad\u0131&#8217;nda  yap\u0131laca\u011f\u0131 bildirildi.<\/p>\n<p style=\"text-align: justify;\"><strong>Artvin<\/strong><\/p>\n<p style=\"text-align: justify;\">19  May\u0131s Atat\u00fcrk&#8217;\u00fc Anma ve Gen\u00e7lik ve Spor Bayram\u0131, Artvin&#8217;de t\u00f6renlerle   kutland\u0131. Valilik Meydan\u0131&#8217;ndaki Atat\u00fcrk An\u0131t\u0131&#8217;na \u00e7elenk konulmas\u0131yla  ba\u015flayan  t\u00f6renlere, Vali Mustafa Yemlihal\u0131o\u011flu, Garnizon Komutan\u0131  Jandarma Albay <strong>Mehmet  Nasif<\/strong>, Belediye Ba\u015fkan\u0131 <strong>Emin \u00d6zg\u00fcn<\/strong>, Cumhuriyet Ba\u015fsavc\u0131s\u0131 <strong>Cafer G\u00fcven Kara<\/strong>, Adli  Yarg\u0131 ve Adalet Komisyonu Ba\u015fkan\u0131 <strong>Suat Sonay<\/strong>, Artvin \u00c7oruh \u00dcniversitesi Rekt\u00f6r\u00fc  Prof. Dr. <strong>Mehmet Duman<\/strong>, Artvin vali yard\u0131mc\u0131lar\u0131 <strong>Osman Alt\u0131n, Ahmet Karakaya<\/strong>, \u0130l  Emniyet M\u00fcd\u00fcr\u00fc <strong>Muhsin Arma\u011fan<\/strong>,  kamu kurum ve kurulu\u015flar\u0131ylaa sivil toplum \u00f6rg\u00fct\u00fc  temsilcileri ve \u00e7ok  say\u0131da yurtta\u015f kat\u0131ld\u0131. \u00c7elenk sunumunun ard\u0131ndan burada  devam eden  kutlamalar, Vali Yemlihal\u0131o\u011flu&#8217;nun beraberindeki Albay Nasif ve   Belediye Ba\u015fkan\u0131 \u00d6zg\u00fcn ile \u00f6\u011frencilerin ve yurtta\u015flar\u0131n bayram\u0131n\u0131   kutlamalar\u0131yla s\u00fcrd\u00fc.<\/p>\n<p style=\"text-align: justify;\"><strong>Bitlis<\/strong><\/p>\n<p style=\"text-align: justify;\">Bitlis&#8217;te  19  May\u0131s Atat\u00fcrk&#8217;\u00fc Anma ve Gen\u00e7lik Spor Bayram\u0131, d\u00fczenlenen t\u00f6renle   kutland\u0131. Cumhuriyet Meydan\u0131&#8217;nda, Atat\u00fcrk An\u0131t\u0131&#8217;na \u00e7elenklerin  konulmas\u0131,  sayg\u0131 duru\u015fu ve \u0130stiklal Mar\u015f\u0131&#8217;n\u0131n okunmas\u0131n\u0131n ard\u0131ndan  t\u00f6rene, 8 A\u011fustos  Stadyumu&#8217;nda devam edildi.<br \/>\nStatta, Bitlis Valisi <strong>Nurettin Y\u0131lmaz<\/strong>, Bitlis  Belediye Ba\u015fkan\u0131 ve \u0130l Jandarma Komutan\u0131 Albay <strong>\u0130hsan Sar\u0131<\/strong>, t\u00f6rene kat\u0131lanlar\u0131n  bayram\u0131n\u0131 kutlad\u0131.<\/p>\n<p style=\"text-align: justify;\">Mustafa  Kemal&#8217;in rehberli\u011finde,  T\u00fcrk milletin 19 May\u0131s 1919 tarihinde bir kez  daha \u015fahland\u0131\u011f\u0131n\u0131 ifade eden  Korkmaz, 1919&#8217;da Samsun&#8217;da yak\u0131lan  \u00f6zg\u00fcrl\u00fck ate\u015finin, k\u0131sa s\u00fcrede dalga dalga  t\u00fcm yurda yay\u0131ld\u0131\u011f\u0131n\u0131  kaydetti. Gen\u00e7lik ad\u0131na konu\u015fmalar yap\u0131lan programda,  \u015fiirler, Gen\u00e7li\u011fe  Hitabe, Gen\u00e7li\u011fin Ata&#8217;ya Cevab\u0131 ve Gen\u00e7lik Mar\u015f\u0131  okundu. T\u00f6ren  ge\u00e7i\u015finin yap\u0131ld\u0131\u011f\u0131 t\u00f6rende, sportif yar\u0131\u015fmalarda dereceye  girenlere  \u00f6d\u00fcller verildi.<br \/>\nProgram, halk oyunlar\u0131 ve \u00f6\u011frenci gruplar\u0131n\u0131n  g\u00f6sterilerinin ard\u0131ndan sona erdi.<\/p>\n<p style=\"text-align: justify;\"><strong>\u015e\u0131rnak<\/strong><\/p>\n<p style=\"text-align: justify;\">19  May\u0131s Atat\u00fcrk&#8217;\u00fc Anma Gen\u00e7lik ve Spor Bayram\u0131 \u015e\u0131rnak&#8217;ta t\u00f6renle   kutland\u0131. \u015e\u0131rnak&#8217;taki t\u00f6ren, Cumhuriyet Meydan\u0131&#8217;ndaki Atat\u00fcrk An\u0131t\u0131na  \u00e7elenk  sunulmas\u0131yla ba\u015flad\u0131.<br \/>\nT\u00f6ren daha sonra olumsuz hava \u015fartlar\u0131  nedeniyle  Gen\u00e7lik Spor \u0130l M\u00fcd\u00fcrl\u00fc\u011f\u00fc Kapal\u0131 Spor Salonunda devam etti.  T\u00f6rene, \u015e\u0131rnak  Valisi Vahdettin \u00d6zkan, 23. Jandarma S\u0131n\u0131r T\u00fcmen  Komutan\u0131 T\u00fcmgeneral <strong>Mustafa  Bak\u0131c\u0131<\/strong>, \u015e\u0131rnak Cumhuriyet Ba\u015fsavc\u0131s\u0131 <strong>Zeki Vatan<\/strong>, Emniyet M\u00fcd\u00fcr\u00fc Ali Do\u011fan  Uluda\u011f, kurum amirleri ve yurtta\u015flar kat\u0131ld\u0131.<\/p>\n<p style=\"text-align: justify;\"><strong>Bursa <\/strong><\/p>\n<p style=\"text-align: justify;\">19  May\u0131s  Atat\u00fcrk&#8217;\u00fc Anma ve Gen\u00e7lik ve Spor Bayram\u0131, Bursa&#8217;da d\u00fczenlenen  t\u00f6renlerle  kutlan\u0131yor. Devlet Bakan\u0131 ve Ba\u015fbakan Yard\u0131mc\u0131s\u0131 <strong>B\u00fclent Ar\u0131n\u00e7<\/strong>, Vali  <strong>\u015eahabettin Harput, <\/strong>Jandarma B\u00f6lge Komutan\u0131 Tu\u011fgeneral <strong>Zeki Es<\/strong> ve B\u00fcy\u00fck\u015fehir  Belediye Ba\u015fkan\u0131 <strong>Recep Altepe<\/strong>&#8216;nin  Atat\u00fcrk An\u0131t\u0131&#8217;na \u00e7elenk koymas\u0131yla ba\u015flayan  t\u00f6renlere, Atat\u00fcrk  Stad\u0131&#8217;nda devam edildi. Stadyumdaki kutlamalarda Vali  Harput, Jandarma  B\u00f6lge Komutan\u0131 Tu\u011fgeneral Es ve B\u00fcy\u00fck\u015fehir Belediye Ba\u015fkan\u0131  Altepe,  \u00fcst\u00fc a\u00e7\u0131k otomobille halk\u0131 selamlad\u0131. Devlet Bakan\u0131 ve Ba\u015fbakan   Yard\u0131mc\u0131s\u0131 Ar\u0131n\u00e7&#8217;\u0131n \u015feref trib\u00fcn\u00fcnden izledi\u011fi t\u00f6rende, \u0130l Milli E\u011fitim  M\u00fcd\u00fcr\u00fc  <strong>Atilla G\u00fclsar,<\/strong> yapt\u0131\u011f\u0131 konu\u015fmada, T\u00fcrk  milletinin g\u00fcvencesi olan gen\u00e7lerin,  yak\u0131n gelecekte \u00f6nemli g\u00f6revler  \u00fcstlenip \u00fclkeyi daha ileriye g\u00f6t\u00fcreceklerini ve  milli de\u011ferlere sahip  \u00e7\u0131kmay\u0131 s\u00fcrd\u00fcreceklerini s\u00f6yledi.<\/p>\n<p style=\"text-align: justify;\"><strong>\u00c7anakkale<\/strong><\/p>\n<p style=\"text-align: justify;\">Etkinlikler, Cumhuriyet  Meydan\u0131&#8217;ndaki Atat\u00fcrk An\u0131t\u0131 \u00f6n\u00fcnde d\u00fczenlenen t\u00f6renle ba\u015flad\u0131.<br \/>\nT\u00f6rende,   Atat\u00fcrk an\u0131t\u0131na \u00e7elenk konuldu, sayg\u0131 duru\u015funda bulunuldu ve \u0130stiklal  Mar\u015f\u0131  okundu. Etkinliklere 18 Mart Stad\u0131&#8217;nda devam edildi. Buradaki  t\u00f6ren \u00c7anakkale  Valisi <strong>G\u00fcng\u00f6r Azim Tuna<\/strong>, Bo\u011faz ve Garnizon Komutan\u0131 Tu\u011famiral<strong> Erc\u00fcment Tatl\u0131o\u011flu <\/strong> ve Belediye Ba\u015fkan\u0131 <strong>\u00dclg\u00fcr G\u00f6khan<\/strong>&#8216;\u0131n halk\u0131 selamlamas\u0131yla ba\u015flad\u0131. Stadyumdaki  t\u00f6rende konu\u015fan \u0130l Milli E\u011fitim M\u00fcd\u00fcr\u00fc <strong>Vefa Bardak\u00e7\u0131<\/strong>,  19 May\u0131s 1919 tarihinin  T\u00fcrkiye Cumhuriyeti&#8217;nin tarihindeki d\u00f6n\u00fcm  noktalar\u0131ndan biri oldu\u011funu  s\u00f6yledi. Daha sonra, resmi ge\u00e7it t\u00f6reni  yap\u0131ld\u0131 ve \u00f6\u011frenciler taraf\u0131ndan  \u00e7e\u015fitli g\u00f6steriler sunuldu.<\/p>\n<p style=\"text-align: justify;\"><strong>Gaziantep <\/strong><\/p>\n<p style=\"text-align: justify;\">Gaziantep&#8217;te  19 May\u0131s  Atat\u00fcrk&#8217;\u00fc Anma ve Gen\u00e7lik ve Spor Bayram\u0131 Kamil Ocak  Stadyumu&#8217;nda  kutland\u0131. Demokrasi Meydan\u0131&#8217;ndaki Atat\u00fcrk An\u0131t\u0131&#8217;na \u00e7elenk  sunulmas\u0131yla  ba\u015flayan t\u00f6rende sayg\u0131 duru\u015funda bulunulmas\u0131n\u0131n ard\u0131ndan  \u0130stiklal Mar\u015f\u0131  okundu.<br \/>\nProtokol \u00fcyelerinin Kamil Ocak Stadyumu&#8217;na  gelerek yerlerini  almalar\u0131n\u0131n ard\u0131ndan buradaki t\u00f6renlere ba\u015fland\u0131. \u0130lk  olarak Gaziantep Valisi<strong> S\u00fcleyman Kam\u00e7\u0131<\/strong>, B\u00fcy\u00fck\u015fehir Belediye Ba\u015fkan\u0131 <strong>As\u0131m G\u00fczelbey <\/strong>ve 5. Z\u0131rhl\u0131 Tugay  Komutan\u0131 Tu\u011fgeneral <strong>Kahraman G\u00fcne\u015f<\/strong>&#8216;in \u00fcst\u00fc a\u00e7\u0131k askeri t\u00f6ren arabas\u0131na binerek  t\u00fcrbinlerde bulunan yurtta\u015flar\u0131 selamlad\u0131.<\/p>\n<p style=\"text-align: justify;\"><strong>Bayburt<\/strong><\/p>\n<p style=\"text-align: justify;\">19 May\u0131s Atat\u00fcrk&#8217;\u00fc Anma ve Gen\u00e7lik ve Spor  Bayram\u0131, Bayburt&#8217;ta t\u00f6renlerle kutland\u0131.<br \/>\nCumhuriyet Meydan\u0131&#8217;nda Atat\u00fcrk  An\u0131t\u0131&#8217;na \u00e7elenk sunulmas\u0131yla ba\u015flay\u0131p Gen\u00e7 Osman Stadyumu&#8217;nda devam eden t\u00f6rene  Vali <strong>Kerem Al,<\/strong> Garnizon Komutan\u0131 Kurmay Albay <strong>Faruk Kayadelen<\/strong>, Belediye  Ba\u015fkanvekili <strong>\u015eahin K\u0131z\u0131laslan<\/strong>, \u0130l Jandarma Komutan\u0131 Jandarma Albay <strong>Halil Uysal<\/strong>,  Bayburt \u00dcniversitesi Rekt\u00f6r Yard\u0131mc\u0131s\u0131 Prof. Dr. <strong>Burhanettin Altan<\/strong>, \u0130l Genel  Meclis Ba\u015fkan\u0131 <strong>Raci Bayrak,<\/strong> \u0130l Emniyet M\u00fcd\u00fcr\u00fc<strong> Mesut \u0130nce<\/strong>, daire amirleri,  \u00f6\u011frenciler ve yurtta\u015flar kat\u0131ld\u0131. Kutlamalar, \u00f6\u011frencilerin sundu\u011fu  g\u00f6sterilerle sona erdi.<\/p>\n<p style=\"text-align: justify;\"><strong>G\u00fcm\u00fc\u015fhane&#8217;de program\u0131n\u0131n baz\u0131 b\u00f6l\u00fcmleri iptal <\/strong><\/p>\n<p style=\"text-align: justify;\">G\u00fcm\u00fc\u015fhane&#8217;de,  19 May\u0131s Atat\u00fcrk&#8217;\u00fc Anma ve Gen\u00e7lik ve Spor Bayram\u0131  t\u00f6renle kutland\u0131.  Olumsuz hava ko\u015fullar\u0131 nedeniyle kutlama program\u0131n\u0131n baz\u0131  b\u00f6l\u00fcmleri  iptal edildi.<br \/>\nH\u00fck\u00fcmet Meydan\u0131&#8217;nda ya\u011fmur nedeniyle 20 dakika  gecikmeli ba\u015flayan \u00e7elenk sunma t\u00f6renine Vali <strong>Enver Saliho\u011flu<\/strong>, AKP  G\u00fcm\u00fc\u015fhane Milletvekili <strong>Kemalettin Ayd\u0131n<\/strong>, Garnizon Komutan\u0131 Albay \u015eerafettin  Y\u0131lmaz, Belediye Ba\u015fkan\u0131 Mustafa Canl\u0131, adli ve m\u00fclki erkan ile \u00f6\u011frenciler  kat\u0131ld\u0131.<\/p>\n<p style=\"text-align: justify;\">Buradaki  t\u00f6renin ard\u0131ndan gazetecilere a\u00e7\u0131klama yapan Vali  Saliho\u011flu, ya\u011f\u0131\u015f  nedeniyle Yeni\u015fehir Stadyumu&#8217;ndaki t\u00f6renin yap\u0131l\u0131p  yap\u0131lmamas\u0131na  gen\u00e7lerin karar verece\u011fini belirterek,<strong> &#8221;Ya\u011f\u0131\u015f dolay\u0131s\u0131yla  stadyumdaki g\u00f6sterileri ertelemeyi d\u00fc\u015f\u00fcn\u00fcyorduk. Ancak bu karar\u0131 gen\u00e7lerimiz  verecek&#8221; <\/strong>dedi.  Daha sonra protokol \u00fcyeleri ile vatanda\u015flar\u0131n ge\u00e7ti\u011fi  stadyumda,  sadece resmi ge\u00e7it t\u00f6reni ile bayram g\u00f6sterisi yap\u0131ld\u0131. Konu\u015fmalar ve   \u00f6d\u00fcl t\u00f6reni ise hava muhalefeti nedeniyle programdan \u00e7\u0131kar\u0131ld\u0131.<\/p>\n<p style=\"text-align: justify;\"><strong>D\u00fczce<\/strong><\/p>\n<p style=\"text-align: justify;\">19  May\u0131s Atat\u00fcrk&#8217;\u00fc Anma, Gen\u00e7lik ve Spor Bayram\u0131 D\u00fczce&#8217;de t\u00f6renlerle   kutland\u0131. An\u0131tpark Meydan\u0131ndaki Atat\u00fcrk an\u0131t\u0131na \u00e7elenk konulmas\u0131n\u0131n  ard\u0131ndan  18 Temmuz Stad\u0131nda t\u00f6ren d\u00fczenlendi. T\u00f6rene kat\u0131lan Vali Vasip  \u015eahin, \u0130l  Jandarma Komutan\u0131 Jandarma K\u0131demli Albay Turhan Yaz\u0131c\u0131,  Belediye Ba\u015fkan\u0131 \u0130smail  Bayram gen\u00e7lerin ve vatanda\u015flar\u0131n bayram\u0131n\u0131  kutlad\u0131. Konu\u015fmalar\u0131n ard\u0131ndan,  \u015fiir, kompozisyon ve \u00e7e\u015fitli  bran\u015flardaki yar\u0131\u015flarda dereceye giren \u00f6\u011frencilere  Vali Vasip \u015eahin,  AKP milletvekilleri Metin Ka\u015f\u0131ko\u011flu ve Celal Erbay  taraf\u0131ndan  hediyeleri verildi. T\u00f6ren, okul guruplar\u0131n\u0131n ge\u00e7i\u015fi ve  g\u00f6sterilerinin  ard\u0131ndan sona erdi.<\/p>\n<p style=\"text-align: justify;\"><strong>Zonguldak, Bart\u0131n ve Karab\u00fck&#8217;te t\u00f6renler d\u00fczenlendi <\/strong><\/p>\n<p style=\"text-align: justify;\">Zonguldak,  Bart\u0131n ve Karab\u00fck&#8217;te de 19 May\u0131s  Atat\u00fcrk&#8217;\u00fc Anma ve Gen\u00e7lik ve Spor  Bayram\u0131 t\u00f6renlerle kutlan\u0131yor. Zonguldak&#8217;ta  valilik \u00f6n\u00fcnde Atat\u00fcrk  An\u0131t\u0131&#8217;na \u00e7elenk konulmas\u0131yla ba\u015flayan t\u00f6rende, sayg\u0131  duru\u015funda  bulunuldu, \u0130stiklal Mar\u015f\u0131 okundu. Karaelmas Kemal K\u00f6ksal  Stad\u0131&#8217;ndaki  tadilat nedeniyle Fener Sahas\u0131&#8217;nda devam eden kutlama kapsam\u0131nda,   Zonguldak Valisi Erdal Ata, 3. Jandarma E\u011fitim Tugay ve Garnizon Komutan  Vekili  Kurmay Albay<strong> Ertan Alt\u0131noluk<\/strong> ve Belediye Ba\u015fkan\u0131<strong> Muharrem Akdemir,<\/strong> t\u00f6ren  arac\u0131yla halk\u0131n ve \u00f6\u011frencilerin bayram\u0131n\u0131 kutlad\u0131.<\/p>\n<p style=\"text-align: justify;\">\u0130mam  Hatip Lisesi  \u00f6\u011frencisi taraf\u0131ndan Atat\u00fcrk&#8217;\u00fcn Gen\u00e7li\u011fe Hitabesi&#8217;nin  ard\u0131ndan Gen\u00e7li\u011fin Ata&#8217;ya  Cevab\u0131&#8217;n\u0131n okundu\u011fu t\u00f6rende, \u00f6\u011frenciler  \u00e7e\u015fitli g\u00f6steriler sundu.<br \/>\nBaz\u0131  \u00f6\u011frencilerin, T\u00fcrkiye Ta\u015fk\u00f6m\u00fcr\u00fc  Kurumu maden i\u015f\u00e7ilerinin k\u0131yafetlerini giyerek  madende k\u00f6m\u00fcr \u00fcretimini  canlad\u0131rmas\u0131ndan sonra g\u00f6steri grubunun olu\u015fturdu\u011fu  kulenin en y\u00fcksek  noktas\u0131nda T\u00fcrk Bayra\u011f\u0131 a\u00e7\u0131ld\u0131. At \u00fczerinde kalpakla t\u00f6ren  alan\u0131nda  dola\u015farak B\u00fcy\u00fck \u00d6nder Mustafa Kemal Atat\u00fcrk&#8217;\u00fc canland\u0131ran Atat\u00fcrk   Lisesi \u00f6\u011frencisi <strong>Oytun Yaban<\/strong>, co\u015fkuyla alk\u0131\u015fland\u0131.  Ere\u011fli il\u00e7esine ba\u011fl\u0131  Ormanl\u0131 beldesindeki kutlamalarda, aralar\u0131nda  \u00f6\u011frencilerin de bulundu\u011fu bir  grup, t\u00f6ren alan\u0131na ellerinde T\u00fcrk  Bayraklar\u0131 ile atlar \u00fczerinde geldi. \u00c7ok  Programl\u0131 Ormanl\u0131 Lisesi  Bandosu e\u015fli\u011finde d\u00fczenlenen ge\u00e7it t\u00f6reni sonras\u0131 okul  \u00f6\u011frencileri  g\u00f6steriler sundu.<strong><br \/>\n<\/strong><\/p>\n<p style=\"text-align: justify;\"><strong>Bart\u0131n<\/strong><\/p>\n<p style=\"text-align: justify;\">Bart\u0131n&#8217;da  Cumhuriyet  Meydan\u0131&#8217;ndaki Atat\u00fcrk An\u0131t\u0131&#8217;na \u00e7elenk sunumuyla ba\u015flayan  kutlamalara Atat\u00fcrk  \u015eehir Stad\u0131&#8217;nda devam edildi. \u0130l Milli E\u011fitim  M\u00fcd\u00fcr\u00fc Hac\u0131 <strong>Ali Ye\u015filyurt,<\/strong> yapt\u0131\u011f\u0131 konu\u015fmada, 19  May\u0131s&#8217;\u0131n sadece milli kurtulu\u015f hareketinin ba\u015flang\u0131c\u0131  olmakla  kalmad\u0131\u011f\u0131n\u0131, yeni T\u00fcrk devletinin \u00e7a\u011fda\u015f de\u011ferlerle di\u011fer d\u00fcnya   devletleri aras\u0131ndaki sayg\u0131n yerini almas\u0131n\u0131 sa\u011flad\u0131\u011f\u0131n\u0131 belirtti.  \u015eiirlerin  okundu\u011fu programda, ge\u00e7it t\u00f6reni yap\u0131ld\u0131, k\u0131z ve erkek  \u00f6\u011frencilerden olu\u015fan  gruplar g\u00f6steri sundu.<\/p>\n<p style=\"text-align: justify;\"><strong>Karab\u00fck<\/strong><\/p>\n<p style=\"text-align: justify;\">Karab\u00fck&#8217;teki  kutlamalar,  Yeni\u015fehir Atat\u00fcrk An\u0131t\u0131&#8217;na \u00e7elenk konulmas\u0131, sayg\u0131  duru\u015funda bulunulup \u0130stiklal  Mar\u015f\u0131&#8217;n\u0131n okunmas\u0131yla ba\u015flad\u0131. Dr.  Necmettin \u015eeyho\u011flu Stad\u0131&#8217;nda devam eden  etkinlikler \u00e7er\u00e7evesinde,  Karab\u00fck Valisi <strong>\u0130zzettin K\u00fc\u00e7\u00fck<\/strong>, Belediye Ba\u015fkan\u0131 <strong>Rafet  Vergili<\/strong> ve Garnizon Komutan\u0131 Jandarma Albay<strong> Ufuk Nay\u0131r<\/strong>,  gen\u00e7lerin ve yurtta\u015flar\u0131n bayram\u0131n\u0131 kutlad\u0131. \u00c7e\u015fitli g\u00f6steriler sunan  \u00f6\u011frencilerin  ellerinde T\u00fcrk Bayraklar\u0131 ile yapt\u0131klar\u0131 t\u00f6ren ge\u00e7i\u015fi,  ayakta  alk\u0131\u015fland\u0131. \u00d6\u011frenciler halk oyunlar\u0131, dans ve \u00e7e\u015fitli g\u00f6steriler   sundu.<strong><br \/>\n<\/strong><\/p>\n<p style=\"text-align: justify;\"><strong>Yalova<\/strong><\/p>\n<p style=\"text-align: justify;\">19  May\u0131s Atat\u00fcrk&#8217;\u00fc Anma ve Gen\u00e7lik ve Spor  Bayram\u0131, Yalova&#8217;da t\u00f6renlerle  kutland\u0131. Yalova Cumhuriyet Meydan\u0131&#8217;nda bulunan  Atat\u00fcrk An\u0131t\u0131na \u00e7elenk  b\u0131rak\u0131lmas\u0131yla ba\u015flayan t\u00f6renler, hava muhalefeti  nedeniyle Gen\u00e7lik ve  Spor \u0130l M\u00fcd\u00fcrl\u00fc\u011f\u00fc Kapal\u0131 Spor Salonu&#8217;nda  ger\u00e7ekle\u015ftirildi. T\u00f6rende,  Vali <strong>Osman \u00c7apal\u0131<\/strong>, Belediye Ba\u015fkan\u0131 <strong>Yakup Ko\u00e7al<\/strong> ve  Karam\u00fcrselbey Merkez Komutan\u0131 Dnz. K\u0131demli Albay <strong>Necati \u00dcnsal Soykan<\/strong>,  \u00f6\u011frenci ve  vatanda\u015flar\u0131n bayramlar\u0131n\u0131 kutlayarak selamlad\u0131. Hava  muhalefeti nedeniyle Atat\u00fcrk Stadyumu&#8217;nda yap\u0131lacak  g\u00f6sterilerin 21  May\u0131s Cumartesi g\u00fcn\u00fcne ertelendi\u011fi  bildirildi.<\/p>\n<p style=\"text-align: justify;\"><strong>Diyarbak\u0131r<br \/>\n<\/strong><br \/>\nDiyarbak\u0131r&#8217;daki  kutlama t\u00f6renleri,  Valilik \u00f6n\u00fcndeki Atat\u00fcrk An\u0131t\u0131&#8217;na \u00e7elenklerin  sunulmas\u0131yla ba\u015flad\u0131. \u00c7elenk  sunma etkinli\u011fine, Tar\u0131m ve K\u00f6yi\u015fleri  Bakan\u0131 <strong>Mehdi Eker<\/strong>, Vali <strong>Mustafa Toprak,<\/strong> 7.  Kolordu Komutan\u0131 Korgeneral <strong>Salih Zeki \u00c7olak<\/strong>, 2. Taktik Hava Kuvvet Komutan\u0131  Korgeneral <strong>Ak\u0131n \u00d6zt\u00fcrk<\/strong> kat\u0131ld\u0131. T\u00f6rende, B\u00fcy\u00fck\u015fehir Belediye Ba\u015fkanl\u0131\u011f\u0131n\u0131  temsilen kimsenin  bulunmamas\u0131 dikkat \u00e7ekti. Bakan Eker, gazetecilerin  kendisine  y\u00f6neltti\u011fi, <strong>&#8221;T\u00f6rende, belediyeden kimsenin bulunmamas\u0131,  b\u00f6lgedeki  olaylardan m\u0131 kaynaklan\u0131yor?&#8221; sorusuna, &#8221;Bilemem, onlara  sormak laz\u0131m&#8221; <\/strong> dedi.<\/p>\n<p style=\"text-align: justify;\">Atat\u00fcrk Stadyumu&#8217;nda devam eden  t\u00f6rende de Vali Toprak ve Korgeneral  \u00c7olak, ara\u00e7la tur atarak,  vatanda\u015flar\u0131 selamlad\u0131. T\u00f6rende, gen\u00e7lerin okudu\u011fu  \u015fiirlerin ard\u0131ndan,  g\u00f6steri gruplar\u0131, de\u011fi\u015fik y\u00f6relerin halk oyunlar\u0131n\u0131  sergiledi. Ali  Gaffar Okkan Polis Meslek Y\u00fcksek Okulu ve Dicle \u00dcniversitesi  Jimnastik  grubu \u00f6\u011frencilerinin g\u00f6sterisi be\u011feni toplad\u0131.<\/p>\n<p style=\"text-align: justify;\"><strong>Erzurum<\/strong><\/p>\n<p style=\"text-align: justify;\">Sa\u011fl\u0131k  Bakan\u0131 Recep Akda\u011f, Erzurum&#8217;da 19 May\u0131s Atat\u00fcrk&#8217;\u00fc Anma ve  Gen\u00e7lik ve  Spor Bayram\u0131 \u00e7er\u00e7evesinde d\u00fczenlenen \u00e7elenk sunma t\u00f6renine  kat\u0131ld\u0131.  Kentte d\u00fczenlenen ilk etkinlikte Bakan Akda\u011f, Vali Sebahattin \u00d6zt\u00fcrk  ve  9. Kolordu Komutan\u0131 Korgeneral Kenan H\u00fcsn\u00fco\u011flu ile di\u011fer yetkililer,   Havuzba\u015f\u0131&#8217;ndaki Atat\u00fcrk An\u0131t\u0131&#8217;na \u00e7elenk koydu. Sayg\u0131 duru\u015fu ve \u0130stiklal   Mar\u015f\u0131&#8217;n\u0131n ard\u0131ndan buradaki t\u00f6ren sona erdi. Erzurum&#8217;daki t\u00f6renlere  Yeni  Erzurum Stad\u0131&#8217;nda devam edildi. T\u00f6ren, \u015fiirlerin okunmas\u0131, halk  oyunu  g\u00f6sterileri ve sporcular taraf\u0131ndan haz\u0131rlanan g\u00f6sterilerle sona   erdi.<\/p>\n<p style=\"text-align: justify;\"><strong>Erzincan<\/strong><\/p>\n<p style=\"text-align: justify;\">Erzurum&#8217;da  Belediye Saray\u0131 \u00f6n\u00fcndeki Atat\u00fcrk  An\u0131t\u0131&#8217;na \u00e7elenk konulmas\u0131yla ba\u015flayan  t\u00f6ren, 13 \u015eubat \u015eehir Stad\u0131&#8217;nda devam  etti. Burada Erzincan Valisi  Abd\u00fclkadir Demir, Garnizon Komutan\u0131 T\u00fcmgeneral  Erg\u00fcder Topta\u015f ve  Belediye Ba\u015fkan\u0131 Y\u00fcksel \u00c7ak\u0131r, vatanda\u015flar\u0131 selamlayarak,  halk\u0131n  bayram\u0131n\u0131 kutlad\u0131. T\u00f6rende \u015fiirler okundu,  halk oyunlar\u0131 ve \u00f6\u011frenci  taraf\u0131ndan haz\u0131rlanan g\u00f6steriler  sunuldu.<\/p>\n<p style=\"text-align: justify;\"><strong>Tunceli<\/strong><\/p>\n<p style=\"text-align: justify;\">Atat\u00fcrk&#8217;\u00fc Anma ve Gen\u00e7lik ve Spor Bayram\u0131  nedeniyle Tunceli&#8217;de de t\u00f6ren d\u00fczenlendi.<br \/>\nAtat\u00fcrk  Mahallesi H\u00fck\u00fcmet kona\u011f\u0131  \u00f6n\u00fcndeki Atat\u00fcrk An\u0131t\u0131&#8217;na \u00e7elenk konulmas\u0131yla  ba\u015flanan t\u00f6ren, Atat\u00fcrk Stad\u0131&#8217;nda  s\u00fcrd\u00fc. Vali Mustafa Ta\u015fkesen ve  Jandarma B\u00f6lge Komutan\u0131 T\u00fcmgeneral Harun  Ocakl\u0131, burada vatanda\u015flar\u0131  selamlayarak, gen\u00e7lerin bayram\u0131n\u0131 kutlad\u0131.<br \/>\nT\u00f6ren, \u015fiirlerin okunmas\u0131, ge\u00e7it t\u00f6reni ve  sporcular taraf\u0131ndan haz\u0131rlanan g\u00f6sterilerle sona  erdi.<\/p>\n<p style=\"text-align: justify;\"><strong>I\u011fd\u0131r<\/strong><\/p>\n<p style=\"text-align: justify;\">I\u011fd\u0131r&#8217;da,  Vali Amir \u00c7i\u00e7ek, Garnizon Komutan\u0131 ve 5.  Hudut Alay Komutan\u0131 Kurmay  Albay Hasan Nevzat Ta\u015fdelen ile di\u011fer yetkililer,  Atat\u00fcrk Caddesi&#8217;ndeki  Z\u00fcbeyde Han\u0131m Bulvar\u0131&#8217;nda bulunan Atat\u00fcrk An\u0131t\u0131&#8217;na \u00e7elenk  koydu.  Atat\u00fcrk An\u0131t\u0131&#8217;nda d\u00fczenlenen t\u00f6rene, I\u011fd\u0131r Belediyesi&#8217;nden hi\u00e7bir   yetkilinin kat\u0131lmad\u0131\u011f\u0131 bildirildi. D\u00fcn gece ba\u015flayan ve sabah  saatlerinde de  devam eden ya\u011fmur nedeniyle \u015eehir Stadyumu&#8217;nda yap\u0131lmas\u0131  planlanan t\u00f6ren, hava  muhalefeti nedeniyle 21 May\u0131s&#8217;a ertelendi.<\/p>\n<p style=\"text-align: justify;\"><strong>Mu\u015f<\/strong><\/p>\n<p style=\"text-align: justify;\">Mu\u015f&#8217;ta,  H\u00fck\u00fcmet  Kona\u011f\u0131 \u00f6n\u00fcndeki Atat\u00fcrk An\u0131t\u0131&#8217;na \u00e7elenklerin konulmas\u0131yla  ba\u015flayan t\u00f6ren, Mu\u015f  \u015eehir Stadyumu&#8217;nda devam etti. Burada Vali Ali  \u00c7\u0131nar, Garnizon Komutan\u0131  Tank\u00e7\u0131 Kurmay Albay Sefa Vidinlio\u011flu ile  Belediye Ba\u015fkan\u0131 Necmettin Dede  vatanda\u015flar\u0131 selamlad\u0131. T\u00f6rende gen\u00e7ler  taraf\u0131ndan Gen\u00e7lik Me\u015falesi yak\u0131l\u0131rken, program ge\u00e7it  t\u00f6reni, \u00f6\u011frenci  ve sporcular taraf\u0131ndan haz\u0131rlanan g\u00f6sterilerle  tamamland\u0131.<\/p>\n<p style=\"text-align: justify;\"><strong>Bing\u00f6l<\/strong><\/p>\n<p style=\"text-align: justify;\">19 May\u0131s Atat\u00fcrk&#8217;\u00fc Anma ve Gen\u00e7lik ve Spor  Bayram\u0131, Bing\u00f6l&#8217;de de co\u015fkuyla kutland\u0131.<br \/>\nValilik  \u00f6n\u00fcndeki Atat\u00fcrk An\u0131t\u0131&#8217;na  \u00e7elenklerin sunulmas\u0131yla ba\u015flayan t\u00f6ren,  Bing\u00f6l \u015eehir Stadyumu&#8217;nda devam  etti. Vali Mustafa Hakan G\u00fcven\u00e7er,  Garnizon Komutan\u0131 Tu\u011fgeneral \u0130smail Hakk\u0131  \u00d6nder ve Belediye Ba\u015fkan\u0131  Serdar Atalay vatanda\u015flar\u0131 selamlayarak, gen\u00e7lerin  bayram\u0131n\u0131 kutlad\u0131.  \u0130l Milli E\u011fitim M\u00fcd\u00fcr\u00fc Mehmet Ali Hansu&#8217;nun konu\u015fmas\u0131n\u0131n  ard\u0131ndan  \u00f6\u011frenciler taraf\u0131ndan Atat\u00fcrk&#8217;\u00fcn Gen\u00e7li\u011fe Hitabesi okundu. T\u00f6ren,   okullar aras\u0131 d\u00fczenlenen \u015fiir ve kompozisyon yar\u0131\u015fmas\u0131nda dereceye  girenlere  \u00f6d\u00fcl verilmesi, ge\u00e7it t\u00f6reni ve \u00f6\u011frencilerin g\u00f6sterisiyle  sona  erdi.<strong><br \/>\n<\/strong><\/p>\n<p style=\"text-align: justify;\"><strong>Kars<\/strong><\/p>\n<p style=\"text-align: justify;\">Kars&#8217;taki t\u00f6renler Valilik \u00f6n\u00fcndeki Atat\u00fcrk An\u0131t\u0131&#8217;na  \u00e7elenklerin konulmas\u0131yla ba\u015flad\u0131.<br \/>\n\u015eehir  Stadyumu&#8217;nda devam eden t\u00f6rende, Vali  Ahmet Kara, 14. Mekanize Piyade  Tugay Komutan\u0131 Tu\u011fgeneral Mete Salt ve Belediye  Ba\u015fkan\u0131 Nevzat Bozku\u015f  vatanda\u015flar\u0131 selamlayarak gen\u00e7lerin bayram\u0131n\u0131  kutlad\u0131. Sayg\u0131 duru\u015fu ve  \u0130stiklal Mar\u015f\u0131&#8217;n\u0131n okunmas\u0131n\u0131n ard\u0131ndan Samsun&#8217;dan  getirilen temsili  bayrak, Vali Kara&#8217;ya teslim edildi. T\u00f6ren, Atat\u00fcrk&#8217;\u00fcn  Gen\u00e7li\u011fe Hitabesi  ve Gen\u00e7li\u011fin Ata&#8217;ya cevab\u0131n\u0131n okunmas\u0131n\u0131n ard\u0131ndan resmi ge\u00e7it  t\u00f6reni,  Mehteran Tak\u0131m\u0131&#8217;n\u0131n konseri, halk oyunlar\u0131 ve \u00f6\u011frencilerin   g\u00f6sterileriyle tamamland\u0131.<\/p>\n<p style=\"text-align: justify;\">\u00d6te yandan Kars&#8217;\u0131n Sar\u0131kam\u0131\u015f il\u00e7esinde  19 May\u0131s  Atat\u00fcrk&#8217;\u00fc Anma ve Gen\u00e7lik ve Spor Bayram\u0131 nedeniyle t\u00f6ren  d\u00fczenlendi. T\u00f6ren,  Gaziler Meydan\u0131&#8217;ndaki Atat\u00fcrk An\u0131t\u0131&#8217;na \u00e7elenklerin  konulmas\u0131n\u0131n ard\u0131ndan  Sar\u0131kam\u0131\u015f \u015eehir Stadyumu&#8217;nda devam etti. Burada  Sar\u0131kam\u0131\u015f Kaymakam\u0131 Erdo\u011fan  Turan Ermi\u015f, 9. Motorlu Piyade Tugay  Komutan\u0131 Tu\u011fgeneral Sel\u00e7uk Bayraktaro\u011flu ve  Belediye Ba\u015fkan\u0131 \u0130lhan  \u00d6zbilen halk\u0131n ve \u00f6\u011frencilerin bayram\u0131n\u0131  kutlad\u0131.<\/p>\n<p style=\"text-align: justify;\"><strong>Batman<\/strong><\/p>\n<p style=\"text-align: justify;\">Batman&#8217;daki  t\u00f6renlere Maliye Bakan\u0131 \u015eim\u015fek  de kat\u0131ld\u0131. 19 May\u0131s Atat\u00fcrk&#8217;\u00fc Anma ve  Gen\u00e7lik ve Spor Bayram\u0131 Valilik  bah\u00e7esinde bulunan Atat\u00fcrk An\u0131t\u0131na  \u00e7elenk konuldu. 16 May\u0131s \u015eehir Stad\u0131&#8217;ndaki  bayram kutlamalar\u0131 T\u00fcrk  Telekom Anadolu Lisesi \u00f6\u011frencilerinin Maliye Bakan\u0131  \u015eim\u015fek ve e\u015fi Esra  \u015eim\u015fek, Vali Ahmet Turhan ve Garnizon Komutan\u0131 Tu\u011fgeneral  Vahdettin  Bereceli&#8217;ye \u00e7i\u00e7ek verilmesiyle ba\u015flad\u0131. Vali Turhan ve Garnizon   Komutan\u0131 Tu\u011fgeneral Bereceli halk\u0131n ve \u00f6\u011frencilerin bayram\u0131n\u0131 kutlad\u0131.  T\u00f6rende,  Bakan \u015eim\u015fek&#8217;e bir \u00f6\u011frenci T\u00fcrk Bayra\u011f\u0131 hediye etti.  Kutlamalara Batman Belediyesi&#8217;ni temsilen kimsenin kat\u0131lmamas\u0131 dikkat  \u00e7ekti.<\/p>\n<p style=\"text-align: justify;\"><strong>Konya<\/strong><\/p>\n<p style=\"text-align: justify;\">19 May\u0131s Atat\u00fcrk&#8217;\u00fc Anma   ve Gen\u00e7lik ve Spor Bayram\u0131 etkinlikleri kapsam\u0131nda Konya, Karaman ve  Aksaray&#8217;da  \u00e7e\u015fitli t\u00f6renler d\u00fczenlendi. Konya&#8217;da Atat\u00fcrk An\u0131t\u0131&#8217;na  \u00e7elenklerin  sunulmas\u0131yla ba\u015flayan t\u00f6renler, Atat\u00fcrk Stad\u0131&#8217;nda devam  etti. D\u0131\u015fi\u015fleri  Bakan\u0131 Ahmet Davuto\u011flu&#8217;nun da kat\u0131ld\u0131\u011f\u0131 t\u00f6rende,  Davuto\u011flu, Konya Valisi Ayd\u0131n  Nezih Do\u011fan, Garnizon Komutan\u0131 T\u00fcmgeneral  Orhan Turfan ve B\u00fcy\u00fck\u015fehir Belediye  Ba\u015fkan\u0131 Tahir Aky\u00fcrek vatanda\u015flar\u0131  selamlayarak, yurtta\u015flar\u0131n bayramlar\u0131n\u0131  kutlad\u0131.<\/p>\n<p style=\"text-align: justify;\"><strong>Karaman<br \/>\n<\/strong><br \/>\n19  May\u0131s Atat\u00fcrk&#8217;\u00fc Anma ve Gen\u00e7lik ve Spor Bayram\u0131  t\u00f6renleri Karaman&#8217;da  Cumhuriyet Park\u0131&#8217;nda Atat\u00fcrk An\u0131t\u0131&#8217;na \u00e7elenklerin  konulmas\u0131yla ba\u015flad\u0131.  T\u00f6renler, Kemal Kayna\u015f Stad\u0131&#8217;nda devam etti. Vali  S\u00fcleyman Kahraman,  Garnizon Komutan\u0131 Jandarma K\u0131demli Albay Mehmet Kal\u0131nsaz ve  Belediye  Ba\u015fkan\u0131 Kamil U\u011furlu halk\u0131n ve \u00f6\u011frencilerin bayram\u0131n\u0131  kutlad\u0131.  T\u00f6renlerde, Ta\u015fkale beldesinden Karaman&#8217;a y\u00fcr\u00fcyerek gelen izciler,   yanlar\u0131nda ta\u015f\u0131d\u0131klar\u0131 T\u00fcrk Bayra\u011f\u0131&#8217;n\u0131 Vali S\u00fcleyman Kahraman&#8217;a  verdi.<\/p>\n<p style=\"text-align: justify;\"><strong>Aksaray<\/strong><\/p>\n<p style=\"text-align: justify;\">19  May\u0131s Atat\u00fcrk&#8217;\u00fc Anma  ve Gen\u00e7lik ve Spor Bayram\u0131 kapsam\u0131nda Aksaray&#8217;da,  Vali Orhan Alimo\u011flu, Jandarma  Komutan\u0131 Albay Erdal Eren, Belediye  Ba\u015fkan\u0131 Nevzat Palta, Cumhuriyet Ba\u015fsavc\u0131  Vekili Veysel Y\u0131lmaz ve di\u011fer  protokol \u00fcyeleri taraf\u0131ndan Atat\u00fcrk An\u0131t\u0131&#8217;na  \u00e7elenk konuldu.<\/p>\n<p style=\"text-align: justify;\"><strong>Giresun<\/strong><\/p>\n<p style=\"text-align: justify;\">19  May\u0131s Atat\u00fcrk&#8217;\u00fc Anma ve Gen\u00e7lik  ve Spor Bayram\u0131&#8217;n\u0131n 92. y\u0131l d\u00f6n\u00fcm\u00fc,  Giresun&#8217;da da t\u00f6renlerle  kutland\u0131. H\u00fck\u00fcmet Kona\u011f\u0131 bah\u00e7esindeki Atat\u00fcrk  An\u0131t\u0131&#8217;na \u00e7elenklerin konulmas\u0131,  sayg\u0131 duru\u015fu ve \u0130stiklal Mar\u015f\u0131&#8217;n\u0131n  okunmas\u0131n\u0131n ard\u0131ndan t\u00f6ren, Atat\u00fcrk Stad\u0131&#8217;nda  devam etti.<br \/>\nBuradaki  t\u00f6rene Giresun Valisi Dursun Ali \u015eahin, Jandarma B\u00f6lge  ve Garnizon  Komutan\u0131 Tu\u011fgeneral Erhan G\u00fcder, Belediye Ba\u015fkan\u0131 Kerim Aksu,   Cumhuriyet Ba\u015fsavc\u0131s\u0131 G\u00fcrman \u0130lhano\u011flu, Adalet Komisyonu Ba\u015fkan\u0131 Serkan   \u00c7a\u011flayan, daire m\u00fcd\u00fcrleri, \u00f6\u011fretmenler, vatanda\u015flar ve \u00f6\u011frenciler   kat\u0131ld\u0131. T\u00f6rende, Vali \u015eahin, Tu\u011fgeneral G\u00fcder ile Belediye Ba\u015fkan\u0131 Aksu   halk\u0131n ve \u00f6\u011frencilerin bayram\u0131n\u0131 kutlad\u0131.<strong><br \/>\nKilis<\/strong><\/p>\n<p style=\"text-align: justify;\">Kilis&#8217;te 19 May\u0131s Atat\u00fcrk&#8217;\u00fc Anma ve Gen\u00e7lik ve Spor  Bayram\u0131 t\u00f6renlerle kutland\u0131.<br \/>\nCumhuriyet  Meydan\u0131&#8217;nda d\u00fczenlenen t\u00f6rende,  Atat\u00fcrk An\u0131t\u0131&#8217;na \u00e7elenk konuldu, sayg\u0131  duru\u015funda bulunuldu ve \u0130stiklal Mar\u015f\u0131  okundu. \u015eehir Stad\u0131nda devam  eden t\u00f6rende, Kilis Valisi Yusuf Odaba\u015f,  Belediye Ba\u015fkan\u0131 Abdi Bulut,  Garnizon Komutan\u0131 Jandarma Albay Mehmet Kadan,  vatanda\u015flar\u0131n bayram\u0131n\u0131  kutlad\u0131. Kilis Milli E\u011fitim M\u00fcd\u00fcr\u00fc Mehmet Emin  Akkurt, t\u00f6rendeki  konu\u015fmas\u0131nda, bug\u00fcn\u00fcn B\u00fcy\u00fck \u00d6nder Mustafa Kemal Atat\u00fcrk&#8217;\u00fcn  gen\u00e7li\u011fe  emanet etti\u011fi, kutsal vatan\u0131n inan\u00e7la ta\u00e7land\u0131r\u0131lm\u0131\u015f gurur g\u00fcn\u00fc   oldu\u011funu s\u00f6yledi.<\/p>\n<p style=\"text-align: justify;\"><strong>Samsun <\/strong><\/p>\n<p style=\"text-align: justify;\">T\u00fcrk Hava  Kuvvetleri akrobasi timi &#8221;T\u00fcrk Y\u0131ld\u0131zlar\u0131&#8221; ile  F-16&#8217;lar\u0131n g\u00f6steri  ekibi &#8221;Solo T\u00fcrk&#8221;, 19 May\u0131s Atat\u00fcrk&#8217;\u00fc Anma ve Gen\u00e7lik ve  Spor Bayram\u0131  kutlamalar\u0131 kapsam\u0131nda, Samsun&#8217;da bir g\u00f6steri  ger\u00e7ekle\u015ftirdi.  Kuruldu\u011fu 1992 y\u0131l\u0131ndan bu yana gerek yurt i\u00e7indeki, gerekse  yurt  d\u0131\u015f\u0131ndaki g\u00f6sterilerinde ortaya koydu\u011fu ba\u015far\u0131l\u0131 performansla tan\u0131nan  T\u00fcrk  Y\u0131ld\u0131zlar\u0131&#8217;n\u0131n Do\u011fu Park merkezli g\u00f6sterisi, yakla\u015f\u0131k yar\u0131m saat  s\u00fcrd\u00fc. NF-5  A\/B tipi y\u00fcksek performansl\u0131 jet u\u00e7aklar\u0131 ile  ger\u00e7ekle\u015ftirilen g\u00f6steriyi Do\u011fu  Park sahilinde toplanan y\u00fczlerce  vatanda\u015f b\u00fcy\u00fck ilgiyle izlerken, timde g\u00f6revli  bir subay da g\u00f6steriyle  ilgili s\u00fcrekli anlat\u0131m yapt\u0131.<\/p>\n<p style=\"text-align: justify;\">D\u00fcnyada s\u00fcpersonic  (sesten h\u0131zl\u0131)  u\u00e7aklarla g\u00f6steri yapan az say\u0131daki akrobasi timinden biri olan  T\u00fcrk  Y\u0131ld\u0131zlar\u0131, g\u00f6sterilerini 8 u\u00e7akla ger\u00e7ekle\u015ftiriyor. Kutlamalarda Hava   Kuvvetleri Komutanl\u0131\u011f\u0131nca yeni olu\u015fturulan F-16 g\u00f6steri ekibi &#8221;Solo  T\u00fcrk&#8221;te  Samsun semalar\u0131nda birbirinden ilgin\u00e7 g\u00f6sterilerle  Samsunlular\u0131n b\u00fcy\u00fck  be\u011fenisini toplad\u0131. D\u00fcnyada \u00e7ok az say\u0131da F-16 solo  g\u00f6steri u\u00e7a\u011f\u0131 bulunurken,  g\u00f6steri timindeki u\u00e7a\u011f\u0131n tasar\u0131m\u0131 da ilgi  oda\u011f\u0131 oldu.<\/p>\n<p style=\"text-align: justify;\"><a href=\"http:\/\/www.cumhuriyet.com.tr\/?hn=244898\" target=\"_blank\">Kaynak : Cumhuriyet Haber Portal\u0131<\/a><\/p>\n","protected":false},"excerpt":{"rendered":"<p style=\"text-align: justify;\">\n<p style=\"text-align: justify;\">19 May\u0131s Atat\u00fcrk&#8217;\u00fc Anma ve Gen\u00e7lik ve Spor Bayram\u0131 kutlamalar\u0131 kapsam\u0131nda Ankara&#8217;da ilk t\u00f6ren, Cumhurba\u015fkan\u0131 Abdullah G\u00fcl&#8217;\u00fcn ba\u015fkanl\u0131\u011f\u0131ndaki devlet erkan\u0131n\u0131n An\u0131tkabir&#8217;i ziyaretiyle ba\u015flad\u0131. Ba\u015fbakan Erdo\u011fan ve CHP lideri K\u0131l\u0131\u00e7daro\u011flu aras\u0131nda son g\u00fcnlerde miting meydanlar\u0131nda t\u0131rmanan gerilim, iki liderin y\u00fcz\u00fcne de yans\u0131d\u0131.<\/p>\n","protected":false},"author":1,"featured_media":0,"comment_status":"open","ping_status":"open","sticky":false,"template":"","format":"standard","meta":{"footnotes":""},"categories":[105],"tags":[],"class_list":["post-36567","post","type-post","status-publish","format-standard","hentry","category-gundem","odd"],"_links":{"self":[{"href":"http:\/\/www.korhanyilmaz.com\/index.php?rest_route=\/wp\/v2\/posts\/36567","targetHints":{"allow":["GET"]}}],"collection":[{"href":"http:\/\/www.korhanyilmaz.com\/index.php?rest_route=\/wp\/v2\/posts"}],"about":[{"href":"http:\/\/www.korhanyilmaz.com\/index.php?rest_route=\/wp\/v2\/types\/post"}],"author":[{"embeddable":true,"href":"http:\/\/www.korhanyilmaz.com\/index.php?rest_route=\/wp\/v2\/users\/1"}],"replies":[{"embeddable":true,"href":"http:\/\/www.korhanyilmaz.com\/index.php?rest_route=%2Fwp%2Fv2%2Fcomments&post=36567"}],"version-history":[{"count":0,"href":"http:\/\/www.korhanyilmaz.com\/index.php?rest_route=\/wp\/v2\/posts\/36567\/revisions"}],"wp:attachment":[{"href":"http:\/\/www.korhanyilmaz.com\/index.php?rest_route=%2Fwp%2Fv2%2Fmedia&parent=36567"}],"wp:term":[{"taxonomy":"category","embeddable":true,"href":"http:\/\/www.korhanyilmaz.com\/index.php?rest_route=%2Fwp%2Fv2%2Fcategories&post=36567"},{"taxonomy":"post_tag","embeddable":true,"href":"http:\/\/www.korhanyilmaz.com\/index.php?rest_route=%2Fwp%2Fv2%2Ftags&post=36567"}],"curies":[{"name":"wp","href":"https:\/\/api.w.org\/{rel}","templated":true}]}}