{"id":36556,"date":"2011-07-12T17:53:08","date_gmt":"2011-07-12T14:53:08","guid":{"rendered":"http:\/\/www.korhanyilmaz.com\/?p=36556"},"modified":"2011-07-12T19:21:13","modified_gmt":"2011-07-12T16:21:13","slug":"kilicdaroglu-erdogan-sozunde-durmadi","status":"publish","type":"post","link":"http:\/\/www.korhanyilmaz.com\/?p=36556","title":{"rendered":"K\u0131l\u0131\u00e7daro\u011flu: Erdo\u011fan s\u00f6z\u00fcnde durmad\u0131"},"content":{"rendered":"<p style=\"text-align: justify;\"><a href=\"http:\/\/www.korhanyilmaz.com\/wp-content\/uploads\/2011\/07\/1521.jpg\"  class=\"lightview\"><img loading=\"lazy\" decoding=\"async\" class=\"aligncenter size-full wp-image-36558\" src=\"http:\/\/www.korhanyilmaz.com\/wp-content\/uploads\/2011\/07\/1521.jpg\" alt=\"\" width=\"298\" height=\"218\" \/><\/a><\/p>\n<p style=\"text-align: justify;\">Ba\u015fbakan Erodo\u011fan&#8217;\u0131n &#8216;Dik durmad\u0131n\u0131z&#8217; ele\u015ftirisini de\u011ferlendiren CHP Lideri K\u0131l\u0131\u00e7daro\u011flu, &#8220;Hepimiz bir metin imzalad\u0131k, gere\u011fini yapaca\u011f\u0131z. Ba\u015fbakan&#8217;\u0131n bu \u00fcslubunu hi\u00e7 beklemiyordum. \u00dc\u00e7 kez konu\u015funca bana da konu\u015fmak farz oldu&#8221; dedi.<\/p>\n<p style=\"text-align: justify;\">ANKARA &#8211; CHP Genel Ba\u015fkan\u0131 Kemal K\u0131l\u0131\u00e7daro\u011flu, g\u00fcndemdeki geli\u015fmeleri NTV canl\u0131 yay\u0131n\u0131nda de\u011ferlendirdi. <!--more--><\/p>\n<p style=\"text-align: justify;\">NTV Ankara Temsilcisi Nilg\u00fcn Balka\u00e7&#8217;\u0131n sorular\u0131n\u0131 yan\u0131tlayan K\u0131l\u0131\u00e7daro\u011flu \u015funlar\u0131 s\u00f6yledi: &#8220;Demokratik tepkimizi net olarak verdik. Halk\u0131n iradesiyle se\u00e7ilen vekillerin yemin etmeleri en do\u011fal haklar\u0131. Yemin krizi de\u011fil demokrasi krizi var. Neden? E\u011fer parlamento demokrasinin Kabe&#8217;siyse, vekillerin yemin etmesi laz\u0131m. Tutuklu vekillere anayasal engel var m\u0131? Hay\u0131r. Yasal engel var m\u0131, mazbatalar\u0131 alm\u0131\u015flar m\u0131, Resmi Gazete&#8217;de yay\u0131nlanm\u0131\u015f m\u0131? Engel sadece takdir yetkisinden kaynaklan\u0131yor. Hi\u00e7bir yasal engel yok. O zaman kim engel \u00e7\u0131kar\u0131yor. Bu sorun iktidar kanad\u0131 taraf\u0131ndan g\u00f6rmemezlikten gelindi.<\/p>\n<p style=\"text-align: justify;\">Bu demokratik tarihimizde \u00f6nemli bir sorundu. Biz bunu hem T\u00fcrkiye, hem d\u00fcnyaya g\u00f6sterdik. Avrupal\u0131lar da b\u00f6yle sa\u00e7ma \u015fey olmaz diyor. Biz AB&#8217;ye \u00fcye olmak istemiyor muyuz? Ceza yasam\u0131zdan tutun da ihale yasas\u0131na kadar her \u015feyi AB standard\u0131na uydurmak i\u00e7in \u00e7aba harcam\u0131yor muyuz? Bunlar da soracaklar. Allah Allah bunlar se\u00e7ildi, o zaman niye bunlar engelleniyor? AKP rahats\u0131z oldu, biz de rahats\u0131zd\u0131k. Yemin etmemek bizim ho\u015fumuza gitmiyordu. Demokrasi tavr\u0131m\u0131z\u0131 ortaya koymam\u0131z gerekiyordu. Gittik, herhangi tepki vermedik. Ama bu olay ciddi rahats\u0131zl\u0131k yaratt\u0131. Bizim istedi\u011fimiz \u015fuydu. Bu vekillere yemin etme yolu a\u00e7\u0131lmad\u0131k\u00e7a yemin etmeyece\u011fiz. Yol a\u00e7\u0131ld\u0131.<\/p>\n<p style=\"text-align: justify;\">Erdo\u011fan do\u011fruyu s\u00f6ylemiyor. Biz demi\u015fiz ki, onlar yemin etmedik\u00e7e etmeyece\u011fiz. \u00c7arp\u0131t\u0131yor, ahlaka s\u0131\u011fmaz. Yemin etme yolunun a\u00e7\u0131lmas\u0131 bir iradenin ortaya konmas\u0131na ba\u011fl\u0131d\u0131r. Biz bu iradeyi olu\u015ftural\u0131m dedik. Mutabakat metninde tutuklu vekillere yol a\u00e7\u0131ld\u0131. T\u00fcm siyasi partilerin ve 550 milletvekilin bu onurlu g\u00f6revi yerine getirlemeleri i\u00e7in TBMM&#8217;de olmalar\u0131 gerekti\u011fine inan\u0131yoruz. Bu bizim i\u00e7in \u00f6nemli bir noktayd\u0131. E\u011fer halk\u0131n iradesine sayg\u0131 g\u00f6steriyorsan\u0131z vekillerin yemin etmesi gerekiyor. Bu s\u00fcre\u00e7 do\u011fal olan\u0131. Yemin ederek g\u00f6reve ba\u015flamak vekil a\u00e7\u0131s\u0131ndan kamu g\u00f6revini yapmak demektir. Yarg\u0131lanmas\u0131nlar demiyoruz. Bunlar i\u00e7in af \u00e7\u0131ks\u0131n demiyoruz. \u0130stedi\u011fimiz yasan\u0131n, anayasan\u0131n, uluslararas\u0131 s\u00f6zle\u015fmelerin gere\u011fi uyar\u0131nca bunlar\u0131n yemin edip g\u00f6reve ba\u015flamas\u0131d\u0131r.<\/p>\n<p style=\"text-align: justify;\"><strong>BM VE A\u0130HM&#8217;E G\u00d6RE YEM\u0130N ETMEL\u0130LER<\/strong><\/p>\n<p style=\"text-align: justify;\">Metin \u00e7ok a\u00e7\u0131k. Bunu okuyup anlamamak m\u00fcmk\u00fcn de\u011fil. Hukuk \u00f6zg\u00fcrl\u00fckleri geli\u015ftirecek \u015fekilde yorumlan\u0131r. R\u0131za T\u00fcrmen pek \u00e7ok A\u0130HM karar\u0131 var demi\u015fti. \u00c7i\u00e7ek dedi ki, biz bu konuda kararlar\u0131 terc\u00fcme ettik, yarg\u0131\u00e7lara da g\u00f6nderdik. BM ve A\u0130HM s\u00f6zle\u015fmelerine g\u00f6re gelip yemin etmeleri gerekiyor. \u0130\u00e7 hukuka bir d\u00f6nem uygulanmad\u0131 bunlar. Bu y\u00fczden T\u00fcrkiye defalarca tazminata mahkum oldu. Uluslararas\u0131 s\u00f6zle\u015fmeler i\u00e7 hukukun \u00fcst\u00fcndedir. Bunu anayasa s\u00f6yl\u00fcyor. \u015eimdi uluslararas\u0131 s\u00f6zle\u015fmeler \u00e7\u00f6pe at\u0131ld\u0131.<\/p>\n<p style=\"text-align: justify;\"><strong>ERDO\u011eAN&#8217;DAN BEKLEM\u0130YORDUM<\/strong><\/p>\n<p style=\"text-align: justify;\">Yemin etti\u011fimiz g\u00fcn normal s\u00fcrecin ba\u015flamas\u0131n\u0131 istiyorduk. Erdo\u011fan \u00e7\u0131kt\u0131 konu\u015ftu, Meclis Genel Kurulu&#8217;nda bir daha konu\u015ftu, bug\u00fcn grupta konu\u015ftu. Art\u0131k bu kadar olmaz dedik. Bir bunun alt\u0131na at\u0131lan imzalar imzay\u0131 atanlar\u0131n namusudur. Gere\u011fini yapmazlarsa bu imzalar\u0131n alt\u0131nda kal\u0131rlar. Demokrasinin \u00f6z\u00fc verilen s\u00f6zlerin tutulmas\u0131ndan ba\u015flar. Biz en ba\u015ftan beri ne s\u00f6ylediysek bir milik geri ya da ileri gitmedik. Hi\u00e7bir uluslararas\u0131 kurulu\u015fa bunu anlatamazs\u0131n\u0131z. T\u00fcrkiye hibrit demokrasi deniyor, bu nedenlerle. &#8216;Siz dik durmad\u0131n\u0131z&#8217; diyor. Hepimiz bir metin imzalad\u0131k, gere\u011fini yapaca\u011f\u0131z. Ba\u015fbakan&#8217;\u0131n bu \u00fcslubunu hi\u00e7 beklemiyordum. Kesinlikle beklemiyordum. Bu uzla\u015fmaya katk\u0131 verenlere te\u015fekk\u00fcr de ettim. Ba\u015fbakan acaba okuyup yeni mi fark\u0131na vard\u0131. Geri ad\u0131m atmak m\u0131 istiyor? E\u011fer b\u00f6yle bir \u015fey olursa tablo de\u011fi\u015fir. Demokraside at\u0131lan imzalar var. \u00dc\u00e7er imza var. \u015eu metin hem benim, hem Erdo\u011fan&#8217;\u0131n g\u00f6r\u00fc\u015f\u00fcne soruldu. \u0130kimiz de &#8216;evet&#8217; dedik, imzalad\u0131k. Bu parlamentonun sorunudur, tutuklu olanlar milletvekili. O vekiller hukukun \u00fcst\u00fcnl\u00fc\u011f\u00fc kavram\u0131na ayk\u0131r\u0131 olarak orada tutuluyorlar. Hemen a\u00e7\u0131n yarg\u0131\u00e7lara serbest b\u0131rak\u0131n demiyoruz. Onlara telkinde bulunmak do\u011fru de\u011fildir. Bir sorun var, bunun kald\u0131r\u0131lmas\u0131 laz\u0131m. \u00c7\u00f6z\u00fcm de budur.<\/p>\n<p style=\"text-align: justify;\"><strong>\u0130LK KEZ \u0130K\u0130 GRUP B\u0130R ARAYA GELD\u0130<\/strong><\/p>\n<p style=\"text-align: justify;\">Bir \u015fey imzalanm\u0131\u015f. AKP gitti, bunun alt\u0131na imza att\u0131, ke\u015fke imzalamasayd\u0131. B\u00f6yle bir alg\u0131n\u0131n olmas\u0131n\u0131 istemiyoruz. Bu \u00fclkede demokrasi olmal\u0131, se\u00e7me se\u00e7ilme hakk\u0131 bir insan hakk\u0131d\u0131r. \u0130lk kez iki grup demokrasi ay\u0131b\u0131n\u0131 ortadan kald\u0131rmak i\u00e7in bir araya geldi, ortak bir irade sergiledi. Bizim istedi\u011fimiz buydu. Ortadaki metin demokrasi belgesidir, yasama organ\u0131n\u0131n iradesini koymaktad\u0131r.<\/p>\n<p style=\"text-align: justify;\"><strong>BAYKAL&#8217;LA \u00d6ZEL G\u00d6R\u00dc\u015eME YAPTIK<\/strong><\/p>\n<p style=\"text-align: justify;\">(Kararda Baykal etkisi) Ben gruptan sonra vekil arkada\u015flar\u0131m\u0131z\u0131 be\u015ferli gruplar halinde kabul ettim. G\u00f6r\u00fc\u015flerimizi ifade ettik. Baykal uzun y\u0131llar genel ba\u015fkanl\u0131k yapt\u0131. Onu be\u015ferli gruplar i\u00e7inde almay\u0131 uygun bulmad\u0131m. \u00d6zel g\u00f6r\u00fc\u015fme yapt\u0131k. Farkl\u0131 bir g\u00fcndemle de\u011fil. Di\u011fer vekillerle yapt\u0131\u011f\u0131m\u0131z g\u00f6r\u00fc\u015fmenin benzerini Baykal&#8217;la ba\u015f ba\u015fa yapt\u0131k.<\/p>\n<p style=\"text-align: justify;\"><strong>\u00d6N\u00dcM\u00dcZDE B\u0130R ORDU VAR<\/strong><\/p>\n<p style=\"text-align: justify;\">G\u00fc\u00e7l\u00fc bir AKP medyas\u0131 var. Biz ne dersek diyelim onlar\u0131n g\u00f6revi bizi ele\u015ftirmek. Biz demokrasi dersek yine bizi su\u00e7larlar. Bunlar ayn\u0131 tip insanlar. G\u00fcn\u00fcn 24 saati CHP&#8217;yi ele\u015ftirirler. Bu kamuoyunda farkl\u0131 bir alg\u0131n\u0131n \u00e7\u0131kmas\u0131na yol a\u00e7\u0131yor. Bizim TV kanallar\u0131m\u0131z yok. 91 \u00fclkenin 300&#8217;\u00fc a\u015fk\u0131n temsilcisine anlattt\u0131k yar\u0131m saatte. Hakl\u0131s\u0131n\u0131z dendi. Avrupa&#8217;daki baz\u0131 kurulu\u015flara anlatt\u0131k, hakl\u0131s\u0131n\u0131z dedi. Bu \u00fclkenin \u00fcniversiteleri var, hukuk fak\u00fclteleri var onlar\u0131n ses \u00e7\u0131kard\u0131\u011f\u0131n\u0131 duydunuz mu? STK&#8217;lar\u0131n dedi\u011fini duydunuz mu? CHP boykot etti dendi. Boykot eden adam Meclis&#8217;e girer mi. Yemin krizi dendi.  Bizim yeminle ilgili bir sorunumuz yok. Kriz demokrasi krizidir. Haklar\u0131 ellerinden al\u0131n\u0131yor. \u00d6n\u00fcm\u00fczde bir ordu var, tek g\u00f6revleri CHP&#8217;yi nas\u0131l haks\u0131z duruma d\u00fc\u015f\u00fcrebiliriz. AKP bunu niye imzalad\u0131. Kendisini d\u00fcnyaya anlatamayaca\u011f\u0131 i\u00e7in imzalad\u0131. 800 g\u00fcnd\u00fcr niye i\u00e7erideler? Biz sorunun \u00e7\u00f6z\u00fclmesi i\u00e7in pencereyi a\u00e7t\u0131k. Bug\u00fcn su\u00e7lanabiliriz ama CHP demokrasi ay\u0131b\u0131n\u0131 ortadan kald\u0131rmak i\u00e7in irade koydu diyecekler.<\/p>\n<p style=\"text-align: justify;\"><strong>KARAR ACELEYLE ALINMADI<\/strong><\/p>\n<p style=\"text-align: justify;\">(\u0130sa G\u00f6k&#8217;\u00fcn &#8216;acele karar&#8217; a\u00e7\u0131klamas\u0131) Karar\u0131n al\u0131nma s\u00fcrecini ve perde arkas\u0131n\u0131 vekil arkada\u015flara anlatmad\u0131m. Al\u0131nan karar\u0131n sa\u011fl\u0131kl\u0131 olarak uygulamaya konulabilmesi i\u00e7in karardan yola \u00e7\u0131k\u0131p k\u0131r\u0131c\u0131 \u00fcslup kullanmayal\u0131m onu g\u00f6sterdik. Ama Erdo\u011fan konu\u015funca ben de bug\u00fcn anlatt\u0131m. AKP&#8217;nin bize verdi\u011fi metinler de var, biz onlar\u0131 ikna ettik. D\u00fcn sabah verdikleri metin vard\u0131, \u00f6\u011fle vard\u0131. Sonra belli metin \u00fczerinde mutab\u0131k kald\u0131k. Bu geli\u015fmeleri aktarmad\u0131\u011f\u0131m\u0131z i\u00e7in aceleyle al\u0131nm\u0131\u015f bir karar olarak yorumland\u0131. Uzun s\u00fcre tart\u0131\u015f\u0131lan, gecenin ge\u00e7 saatlerine kadar s\u00fcren bir s\u00fcre\u00e7te al\u0131nd\u0131.<\/p>\n<p style=\"text-align: justify;\"><strong>K\u0130M DO\u011eRUYU S\u00d6YL\u00dcYOR?<\/strong><\/p>\n<p style=\"text-align: justify;\">H\u00fck\u00fcmetle \u0130mral\u0131 aras\u0131ndaki g\u00f6r\u00fc\u015fmeleri bilmiyoruz. Avukatlar\u0131n a\u00e7\u0131klamas\u0131nda protokol yap\u0131ld\u0131, imza a\u015famas\u0131na gelindi. Erdo\u011fan da protokol yok dedi. Kim do\u011fruyu s\u00f6yl\u00fcyor? Sorun \u00e7\u00f6z\u00fclmelidir dedik. Sorunun \u00e7\u00f6z\u00fcm yeri siyaset kurumudur. Uzla\u015fmayla \u00e7\u00f6z\u00fclebilir ama taraflar\u0131n sa\u011fl\u0131kl\u0131 bilgilendirilmesi laz\u0131m.<\/p>\n<p style=\"text-align: justify;\"><strong>HER SE\u00c7\u0130LM\u0130\u015e VEK\u0130L MECL\u0130S&#8217;E G\u0130RMEL\u0130<\/strong><\/p>\n<p style=\"text-align: justify;\">(BDP&#8217;nin Meclis&#8217;e gelmemesi) Onlar da AKP yetkilileriyle bir araya gelecekler. Halk\u0131n oylar\u0131yla se\u00e7ilmi\u015f her vekil parlamentoya gelmeli.<\/p>\n<p style=\"text-align: justify;\"><strong>&#8216;SATMAYIZ&#8217; KEL\u0130MES\u0130N\u0130 MHP \u0130\u00c7\u0130N KULLANMADIM<\/strong><\/p>\n<p style=\"text-align: justify;\">(&#8216;Biz arkada\u015flar\u0131m\u0131z\u0131 satmay\u0131z&#8217; a\u00e7\u0131klamas\u0131) MHP&#8217;ye y\u00f6nelik b\u00f6yle bir ifade kullanmad\u0131m. Bizim arkada\u015flar\u0131m\u0131z oradayken, onlar\u0131 g\u00f6rmemezlikten gelemeyiz. Var olan 8 vekil i\u00e7in de h\u00fck\u00fcml\u00fcl\u00fck s\u00f6z konusu de\u011fil. Bir iddia dolay\u0131s\u0131yla tutuklu. Bunlar\u0131n gelip yemin etmemelerinin \u00f6n\u00fcnde hi\u00e7bir hukuki engel yok.<\/p>\n<p style=\"text-align: justify;\"><strong>ERDO\u011eAN &#8216;ONLAR K\u00dc\u00c7\u00dcL\u00dcYOR&#8217; D\u0130YOR, \u0130NSAF<\/strong><\/p>\n<p style=\"text-align: justify;\">Y\u00fczde 26 oy ald\u0131k. Bu bizim ba\u015far\u0131d\u0131r diyece\u011fimiz bir rakam de\u011fil. Bu bizim i\u00e7in hezimet demek haksz\u0131l\u0131k olur. Oy oran\u0131m\u0131z\u0131 5 puan art\u0131rm\u0131\u015f\u0131z. AKP&#8217;nin oy art\u0131\u015f\u0131n\u0131n \u00fcst\u00fcnde. Erdo\u011fan diyor ki, biz b\u00fcy\u00fcyoruz onlar k\u00fc\u00e7\u00fcl\u00fcyor diyor. \u0130nsaf. Bizim oyumuzun daha fazla artmas\u0131 gerekti\u011fini biz de biliyoruz. Bizim g\u00f6nl\u00fcm\u00fczde yatan daha fazla oyun al\u0131nmas\u0131yd\u0131. Eksikliklerimiz var m\u0131, masaya yat\u0131rd\u0131k. Pek \u00e7ok eksi\u011fimiz var. \u00d6nce il ba\u015fkanlar\u0131 sonra belediye ba\u015fkanlar\u0131 toplant\u0131s\u0131 yapaca\u011f\u0131z. Performansla ilgili rakamlar hen\u00fcz tam \u00e7\u0131kmad\u0131. \u00c7\u0131k\u0131nca onlar\u0131 da ortaya koyaca\u011f\u0131z. T\u00fcz\u00fck de\u011fi\u015fikli\u011fi yap\u0131yoruz. \u00dcye yap\u0131s\u0131yla ilgili yeni kararlar alaca\u011f\u0131z. Var olan eksikliklerimizi giderece\u011fiz. Eksiklikleri sadece bizim g\u00f6rmemiz yetmiyor. CHP d\u0131\u015f\u0131ndan ba\u011f\u0131ms\u0131z otoritelerinin de bize rapor sunmas\u0131n\u0131 istedik.<\/p>\n<p style=\"text-align: justify;\"><strong>KURULTAY TALEB\u0130N\u0130 SAYGIYLA KAR\u015eILADIM<\/strong><\/p>\n<p style=\"text-align: justify;\">(Kurultay tart\u0131\u015fmalar\u0131) Kurultay talebini \u00f6teden beri sayg\u0131yla kar\u015f\u0131lad\u0131m. Kimse kurultay isteyenlerin aleyhine konu\u015fmas\u0131n diye talimat verdim. \u0130l ba\u015fkanlar\u0131 toplant\u0131s\u0131n\u0131 kurultay talebi nedeniyle erteledim. Kimseye de imza vermeyin demedim. Sonra kurultaydan vazge\u00e7ildi.<\/p>\n<p style=\"text-align: justify;\"><strong>ERDO\u011eAN S\u00d6Z\u00dcNDE DURMADI<\/strong><\/p>\n<p style=\"text-align: justify;\">Mutabakat metni imzaland\u0131ktan sonra konu\u015fmamaya \u00f6zen g\u00f6sterdim. Demokrasi m\u00fccadelesinin gere\u011fi partiler taraf\u0131ndan yerine getirilir diye. Erdo\u011fan s\u00f6z\u00fcnde durmad\u0131. \u00dc\u00e7\u00fcnc\u00fc kez konu\u015funca bana konu\u015fmak farz oldu, yoksa ben yine konu\u015fmayacakt\u0131m. Uzla\u015fma metnine sad\u0131k kalaca\u011f\u0131z.<\/p>\n<p style=\"text-align: justify;\"><strong>ANAYASA \u0130\u00c7\u0130N EL\u0130M\u0130ZDEN GELEN\u0130 YAPACA\u011eIZ<\/strong><\/p>\n<p style=\"text-align: justify;\">Anayasa de\u011fi\u015fikli\u011fi konusunda h\u00fck\u00fcmetten ayr\u0131nt\u0131l\u0131 hi\u00e7bir \u015fey duymad\u0131m. Elimizden gelen her t\u00fcrl\u00fc katk\u0131y\u0131 yapaca\u011f\u0131z. \u00d6zg\u00fcrl\u00fck deyip \u00f6zg\u00fcrl\u00fc\u011f\u00fc k\u0131s\u0131tlayan mekanizmaya izin vermeyece\u011fiz. Bizim arad\u0131\u011f\u0131m\u0131z evrensel hukuk. &#8220;<\/p>\n<p><a class=\"lightview\" title=\" :::: width:550, height:413\" rel=\"set[]\" href=\"\/swf\/flvplayer.swf?file=http:\/\/ntvmsnbc-video.mncdn.net\/FlvFiles\/0000030774.flv&amp;skin=\/swf\/nacht.zip&amp;menu=false&amp;volume=45&amp;autostart=true&amp;volume=50&amp;controlbar=over&amp;stretching=exactfit\"><img decoding=\"async\" class=\"aligncenter\" src=\"http:\/\/www.korhanyilmaz.com\/wp-data\/images\/videoizle1.png\" alt=\"\" \/><\/a><\/p>\n<p style=\"text-align: justify;\"><a href=\"http:\/\/www.ntvmsnbc.com\/id\/25231661\/\" target=\"_blank\">Kaynak : NTVMSNBC<\/a><\/p>\n","protected":false},"excerpt":{"rendered":"<p style=\"text-align: justify;\">\n<p style=\"text-align: justify;\">Ba\u015fbakan Erodo\u011fan&#8217;\u0131n &#8216;Dik durmad\u0131n\u0131z&#8217; ele\u015ftirisini de\u011ferlendiren CHP Lideri K\u0131l\u0131\u00e7daro\u011flu, &#8220;Hepimiz bir metin imzalad\u0131k, gere\u011fini yapaca\u011f\u0131z. Ba\u015fbakan&#8217;\u0131n bu \u00fcslubunu hi\u00e7 beklemiyordum. \u00dc\u00e7 kez konu\u015funca bana da konu\u015fmak farz oldu&#8221; dedi.<\/p>\n<p style=\"text-align: justify;\">ANKARA &#8211; CHP Genel Ba\u015fkan\u0131 Kemal K\u0131l\u0131\u00e7daro\u011flu, g\u00fcndemdeki geli\u015fmeleri NTV canl\u0131 yay\u0131n\u0131nda de\u011ferlendirdi. <\/p>\n","protected":false},"author":1,"featured_media":0,"comment_status":"open","ping_status":"open","sticky":false,"template":"","format":"standard","meta":{"footnotes":""},"categories":[105],"tags":[],"class_list":["post-36556","post","type-post","status-publish","format-standard","hentry","category-gundem","odd"],"_links":{"self":[{"href":"http:\/\/www.korhanyilmaz.com\/index.php?rest_route=\/wp\/v2\/posts\/36556","targetHints":{"allow":["GET"]}}],"collection":[{"href":"http:\/\/www.korhanyilmaz.com\/index.php?rest_route=\/wp\/v2\/posts"}],"about":[{"href":"http:\/\/www.korhanyilmaz.com\/index.php?rest_route=\/wp\/v2\/types\/post"}],"author":[{"embeddable":true,"href":"http:\/\/www.korhanyilmaz.com\/index.php?rest_route=\/wp\/v2\/users\/1"}],"replies":[{"embeddable":true,"href":"http:\/\/www.korhanyilmaz.com\/index.php?rest_route=%2Fwp%2Fv2%2Fcomments&post=36556"}],"version-history":[{"count":0,"href":"http:\/\/www.korhanyilmaz.com\/index.php?rest_route=\/wp\/v2\/posts\/36556\/revisions"}],"wp:attachment":[{"href":"http:\/\/www.korhanyilmaz.com\/index.php?rest_route=%2Fwp%2Fv2%2Fmedia&parent=36556"}],"wp:term":[{"taxonomy":"category","embeddable":true,"href":"http:\/\/www.korhanyilmaz.com\/index.php?rest_route=%2Fwp%2Fv2%2Fcategories&post=36556"},{"taxonomy":"post_tag","embeddable":true,"href":"http:\/\/www.korhanyilmaz.com\/index.php?rest_route=%2Fwp%2Fv2%2Ftags&post=36556"}],"curies":[{"name":"wp","href":"https:\/\/api.w.org\/{rel}","templated":true}]}}