{"id":36545,"date":"2011-07-12T13:50:07","date_gmt":"2011-07-12T10:50:07","guid":{"rendered":"http:\/\/www.korhanyilmaz.com\/?p=36545"},"modified":"2011-07-12T17:18:59","modified_gmt":"2011-07-12T14:18:59","slug":"senin-omurgandan-benim-kaygim-var","status":"publish","type":"post","link":"http:\/\/www.korhanyilmaz.com\/?p=36545","title":{"rendered":"&#8220;E\u011fer bu imzay\u0131 inkar edersen &#8230;&#8221;"},"content":{"rendered":"<p style=\"text-align: justify;\"><a href=\"http:\/\/www.korhanyilmaz.com\/wp-content\/uploads\/2011\/07\/1519.jpg\"  class=\"lightview\"><img loading=\"lazy\" decoding=\"async\" class=\"aligncenter size-full wp-image-36546\" src=\"http:\/\/www.korhanyilmaz.com\/wp-content\/uploads\/2011\/07\/1519.jpg\" alt=\"\" width=\"462\" height=\"210\" \/><\/a><\/p>\n<p style=\"text-align: justify;\">CHP lideri K\u0131l\u0131\u00e7daro\u011flu&#8217;ndan yemin kriziyle ilgili kendilerine &#8220;Dik duramad\u0131lar, omurgas\u0131zlar&#8221; diyen Ba\u015fbakan Erdo\u011fan&#8217;a sert cevap. &#8220;Biz dik duruyoruz. Bu imzay\u0131 inkar edersen, benim senin omurgandan kayg\u0131m var.&#8221;<\/p>\n<p style=\"text-align: justify;\">TBMM- CHP Genel Ba\u015fkan\u0131 Kemal K\u0131l\u0131\u00e7daro\u011flu, yemin kriziyle ilgili kendilerine &#8220;Dik duramad\u0131lar, omurgas\u0131zlar&#8221; diyen   Ba\u015fbakan Erdo\u011fan&#8217;a ayn\u0131 sertlikte cevap verdi. K\u0131l\u0131\u00e7daro\u011flu, &#8220;Say\u0131n Erdo\u011fan, benim bildi\u011fim insanlar att\u0131klar\u0131 imzaya sahip \u00e7\u0131karlar, o imza herkesin namusudur. Biz dik duruyoruz. Bu imzay\u0131 inkar ediyorsan senin omurgandan benim kayg\u0131m var&#8221; dedi. <!--more--><\/p>\n<p style=\"text-align: justify;\">\u0130\u015fte K\u0131l\u0131\u00e7daro\u011flu&#8217;nun konu\u015fmas\u0131ndan sat\u0131r ba\u015flar\u0131:<\/p>\n<p style=\"text-align: justify;\">&#8220;G\u00f6r\u00fc\u015fmelere dair ayr\u0131nt\u0131lar\u0131 a\u00e7\u0131klamak istemezdim ama farz oldu. Ba\u015fbakan &#8220;CHP diklenmi\u015f, dik duramam\u0131\u015ft\u0131r&#8221; dedi. Biz &#8220;Onlar yemin edene kadar&#8230;&#8221; demedik, &#8221; Yemin yolunu a\u00e7ana kadar&#8230;&#8221; dedik.<\/p>\n<p style=\"text-align: justify;\"><strong>\u0130K\u0130 Y\u00dcZL\u00dc POL\u0130T\u0130KA B\u0130LMEY\u0130Z<\/strong><\/p>\n<p style=\"text-align: justify;\">Biz iki y\u00fczl\u00fc politikay\u0131 bilmeyiz. Biz arkada\u015flar\u0131m\u0131za yemin yolu a\u00e7\u0131lana kadar yemin etmeyece\u011fiz dedik. Bizim s\u00f6ylediklerimizi bari oku. Okuduklar\u0131n\u0131 anlayabiliyor mu bundan da endi\u015fem var. \u0130ki pek \u00e7ok gazeteci arkada\u015f, sordular.  Yemin yolu nas\u0131l a\u00e7\u0131lacak?<\/p>\n<p style=\"text-align: justify;\"><strong>YA OKUDU\u011eUNU ANLAMIYOR YA DA&#8230;<\/strong><\/p>\n<p style=\"text-align: justify;\">Bize bir metin getirdiler. Okuyorum metinlerini, d\u00fcn sabah getirdikleri metin. &#8221;T\u00fcm siyasi parti ve milletvekillerini, azami hassasiyeti g\u00f6stermeleri gerekti\u011fine inan\u0131yoruz.&#8221; Bunu kabul etmedik. Bu bizim arzu etti\u011fimiz beyan de\u011fildir. \u00d6\u011flen oldu ayn\u0131 metin bir daha geldi. Yine orda de\u011fi\u015fen bir \u015fey yok. Okuyorum bizim s\u00f6yledi\u011fimiz metni: &#8221;T\u00fcm siyasi parti ve milletvekillerinin, milletin kendilerine verdi\u011fi g\u00f6revi yerine getirmek i\u00e7in TBMM\u2019de olmalar\u0131 gerekti\u011fine inan\u0131yoruz.&#8221;<\/p>\n<p style=\"text-align: justify;\">Bizim istedi\u011fimiz beyan bu. Ya okudu\u011funu anlam\u0131yor ya da \u015fimdi fark etti, ben nas\u0131l \u00e7ark ederim diye d\u00fc\u015f\u00fcn\u00fcyor. Bu metinde var \u00e7\u00fcnk\u00fc bu c\u00fcmle.<\/p>\n<p style=\"text-align: justify;\">Anayasa dahil t\u00fcm mevzuat\u0131n, hukukun \u00fcst\u00fcnl\u00fc\u011f\u00fc \u00e7er\u00e7evesinde, \u00f6zg\u00fcrl\u00fckleri geni\u015fletici bir anlay\u0131\u015fla yorumlanmas\u0131 gerekti\u011fine inan\u0131yoruz. \u015eimdi herhalde bu AB\u2019nin bir raporu vard\u0131, dengeli rapor demi\u015f ve sonra Ankara\u2019da \u00e7ark etmi\u015fti.<\/p>\n<p style=\"text-align: justify;\"><strong>ONLARIN GET\u0130RD\u0130\u011e\u0130 METN\u0130 KABUL ETMED\u0130K<\/strong><\/p>\n<p style=\"text-align: justify;\">Bir, Say\u0131n Erdo\u011fan benim bildi\u011fim insanlar att\u0131klar\u0131 imzaya sahip \u00e7\u0131karlar, o imza herkesin namusudur. Benim bildi\u011fim kural bu. Metin \u00e7ok a\u00e7\u0131k. Hi\u00e7bir yoruma yer vermeyecek kadar a\u00e7\u0131k. Biz onlar\u0131n getirdi\u011fini kabul etmedik. Bu metin ge\u00e7ti, imzalar var. Biz bu ayr\u0131nt\u0131lar\u0131 tart\u0131\u015fmak istemezdik. Birileri bizi su\u00e7layabilir. Biz sonu\u00e7 almaya odaklanm\u0131\u015f\u0131z. \u015eimdi kalk, dik durdular, dik durmad\u0131lar. Biz dik duruyoruz. Bu imzay\u0131 inkar edersen, benim senin omurgandan kayg\u0131m vard\u0131r.<\/p>\n<p style=\"text-align: justify;\"><strong>\u0130MZALARINA SAH\u0130P \u00c7IKSINLAR<\/strong><\/p>\n<p style=\"text-align: justify;\">Demokrasi kazanacaksa bu imzalar\u0131n gere\u011finin yerine getirilmesi gerekir dedik. Verdi\u011fimiz s\u00f6zden vazge\u00e7medik. Hi\u00e7bir zaman \u015fu olsun bu olsun demedik. Demokrasinin, insan haklar\u0131n\u0131n olmas\u0131 laz\u0131m dedik, bunlar olmayacaksa demokrasinin ne anlam\u0131 var.<\/p>\n<p style=\"text-align: justify;\">O metnin alt\u0131nda \u00fc\u00e7 tane AKP&#8217;linin imzas\u0131 var, bu imzalar\u0131n arkas\u0131nda durmalar\u0131n\u0131 bekliyoruz \u00e7\u00fcnk\u00fc namuslu insanlar\u0131n yamas\u0131 gereken budur.<\/p>\n<p style=\"text-align: justify;\"><strong>MUHTIRAYI VERENLERDEN HESAP SORMADI, MAA\u015eLARINA ZAM YAPTI<\/strong><\/p>\n<p style=\"text-align: justify;\">Neymi\u015f 27 nisan bildirisi. CHP \u015f\u00f6yle yapt\u0131 b\u00f6yle yapt\u0131 vesaire. \u0130\u015fin \u00f6z\u00fcne gelelim. Bir muht\u0131ra verildi mi? Muht\u0131ray\u0131 verenlerden hesap soruldu mu? Sana muht\u0131ra veren ki\u015fiye \u00fcst\u00fcn hizmet madalyas\u0131 verdin mi vermedin mi Erdo\u011fan \u00e7\u0131k \u00f6nce buna cevap ver. Kalkm\u0131\u015f CHP\u2019yi su\u00e7luyor. Sonunda bu muht\u0131ra de\u011fildir demeye ba\u015flad\u0131. Ma\u011fdur edebiyat\u0131 yapt\u0131. Hani 12 Eyl\u00fcl pa\u015falar\u0131ndan hesap soracakt\u0131n? Soramazs\u0131n, maa\u015flar\u0131na zam yapt\u0131n. Sen 12 Eyl\u00fcl\u2019de hangi bedeli \u00f6dedin? Hangi i\u015fkenceden ge\u00e7tin? \u0130\u015fkence \u00e7eken idam edenlerin yak\u0131nlar\u0131n\u0131n ac\u0131lar\u0131n\u0131 istismar ettin sen.<\/p>\n<p style=\"text-align: justify;\"><strong>SABAH S\u00d6YLED\u0130\u011e\u0130N\u0130 AK\u015eAM \u0130NKAR EDEN K\u0130M?<\/strong><\/p>\n<p style=\"text-align: justify;\">Efendim biz sabah s\u00f6yledi\u011fimizi ak\u015fam inkar ediyormu\u015fuz. Pes yani. \u015eimdi bir \u00f6nek verece\u011fim. Bu beyefendi gitti, NATO\u2019nun Libya\u2019ya m\u00fcdahalesi konu\u015fuluyordu.<\/p>\n<p style=\"text-align: justify;\">28 \u015eubat 2011: NATO Libya\u2019ya m\u00fcdahale etmeli midir? B\u00f6yle bir sa\u00e7mal\u0131k olur mu? NATO\u2019nun ne i\u015fi var orada? Bak\u0131n T\u00fcrkiye olarak bunun kar\u015f\u0131s\u0131nday\u0131z. B\u00f6yle bir \u015fey konu\u015fulamaz, d\u00fc\u015f\u00fcn\u00fclemez. Kim s\u00f6yl\u00fcyor Recep Tayyip Erdo\u011fan.<\/p>\n<p style=\"text-align: justify;\">25 Mart 2011. Ayn\u0131 Recep Tayyip Erdo\u011fan yine konu\u015fuyor. Libya\u2019ya m\u00fcdahaleyi kabul ediyor, izin veriyor, m\u00fcdahale edin diyor. NATO\u2019nun devreye girmesiyle de belli yerlerde rahatlama meydana geldi.<\/p>\n<p style=\"text-align: justify;\">Allah a\u015fk\u0131na sabah s\u00f6yledi\u011fini ak\u015fam inkar edenler kim. NATO m\u00fcdahale etti. Binlerce sivil \u00f6l\u00fcd\u00fcr\u00fcld\u00fc. Akdeniz\u2019in karanl\u0131k sular\u0131nda binlerce M\u00fcsl\u00fcman bo\u011fularak \u00f6ld\u00fc. T\u00fcrkiye\u2019den yard\u0131m istendi, bizim gemilerimiz yard\u0131m edemedi. NATO izin vermedi\u011fi i\u00e7in. Bunu kim ele\u015ftirdi? Sosyalist enternasyonal de CHP ele\u015ftirdi.&#8221;<\/p>\n<p style=\"text-align: justify;\"><a href=\"http:\/\/www.gazeteport.com.tr\/haber\/42077\/quotnamuslu_insanlar_attiklari_imzaya_sahip_cikarlarquot\" target=\"_blank\">Kaynak : GAZETEPORT<\/a><\/p>\n","protected":false},"excerpt":{"rendered":"<p style=\"text-align: justify;\">\n<p style=\"text-align: justify;\">CHP lideri K\u0131l\u0131\u00e7daro\u011flu&#8217;ndan yemin kriziyle ilgili kendilerine &#8220;Dik duramad\u0131lar, omurgas\u0131zlar&#8221; diyen Ba\u015fbakan Erdo\u011fan&#8217;a sert cevap. &#8220;Biz dik duruyoruz. Bu imzay\u0131 inkar edersen, benim senin omurgandan kayg\u0131m var.&#8221;<\/p>\n<p style=\"text-align: justify;\">TBMM- CHP Genel Ba\u015fkan\u0131 Kemal K\u0131l\u0131\u00e7daro\u011flu, yemin kriziyle ilgili kendilerine &#8220;Dik duramad\u0131lar, omurgas\u0131zlar&#8221; diyen Ba\u015fbakan Erdo\u011fan&#8217;a ayn\u0131 sertlikte cevap verdi. K\u0131l\u0131\u00e7daro\u011flu, <\/p>\n","protected":false},"author":1,"featured_media":0,"comment_status":"open","ping_status":"open","sticky":false,"template":"","format":"standard","meta":{"footnotes":""},"categories":[105],"tags":[],"class_list":["post-36545","post","type-post","status-publish","format-standard","hentry","category-gundem","odd"],"_links":{"self":[{"href":"http:\/\/www.korhanyilmaz.com\/index.php?rest_route=\/wp\/v2\/posts\/36545","targetHints":{"allow":["GET"]}}],"collection":[{"href":"http:\/\/www.korhanyilmaz.com\/index.php?rest_route=\/wp\/v2\/posts"}],"about":[{"href":"http:\/\/www.korhanyilmaz.com\/index.php?rest_route=\/wp\/v2\/types\/post"}],"author":[{"embeddable":true,"href":"http:\/\/www.korhanyilmaz.com\/index.php?rest_route=\/wp\/v2\/users\/1"}],"replies":[{"embeddable":true,"href":"http:\/\/www.korhanyilmaz.com\/index.php?rest_route=%2Fwp%2Fv2%2Fcomments&post=36545"}],"version-history":[{"count":0,"href":"http:\/\/www.korhanyilmaz.com\/index.php?rest_route=\/wp\/v2\/posts\/36545\/revisions"}],"wp:attachment":[{"href":"http:\/\/www.korhanyilmaz.com\/index.php?rest_route=%2Fwp%2Fv2%2Fmedia&parent=36545"}],"wp:term":[{"taxonomy":"category","embeddable":true,"href":"http:\/\/www.korhanyilmaz.com\/index.php?rest_route=%2Fwp%2Fv2%2Fcategories&post=36545"},{"taxonomy":"post_tag","embeddable":true,"href":"http:\/\/www.korhanyilmaz.com\/index.php?rest_route=%2Fwp%2Fv2%2Ftags&post=36545"}],"curies":[{"name":"wp","href":"https:\/\/api.w.org\/{rel}","templated":true}]}}