{"id":36541,"date":"2011-07-12T12:38:59","date_gmt":"2011-07-12T09:38:59","guid":{"rendered":"http:\/\/www.korhanyilmaz.com\/?p=36541"},"modified":"2011-07-12T17:17:06","modified_gmt":"2011-07-12T14:17:06","slug":"erdogan-chp-diklendi-ama","status":"publish","type":"post","link":"http:\/\/www.korhanyilmaz.com\/?p=36541","title":{"rendered":"Erdo\u011fan: &#8220;CHP diklendi ama&#8230;&#8221;"},"content":{"rendered":"<p style=\"text-align: justify;\"><a href=\"http:\/\/www.korhanyilmaz.com\/wp-content\/uploads\/2011\/07\/1518.jpg\"  class=\"lightview\"><img loading=\"lazy\" decoding=\"async\" class=\"aligncenter size-full wp-image-36542\" src=\"http:\/\/www.korhanyilmaz.com\/wp-content\/uploads\/2011\/07\/1518.jpg\" alt=\"\" width=\"292\" height=\"224\" \/><\/a><\/p>\n<p style=\"text-align: justify;\">Ba\u015fbakan Erdo\u011fan, &#8220;Diklenmeden dik duruyoruz. CHP diklenmi\u015f, ama dik duramam\u0131\u015ft\u0131r. Fark bu&#8221; dedi. Erdo\u011fan BDP&#8217;nin Meclis boykotuyla ilgili de, &#8220;BDP olmasa da Meclis \u00e7al\u0131\u015f\u0131r ve hizmet \u00fcretir&#8221; diye konu\u015ftu.<!--more--><\/p>\n<p style=\"text-align: justify;\">Partisinin grup toplant\u0131s\u0131nda konu\u015fan Ba\u015fbakan&#8217;\u0131n a\u00e7\u0131klamalar\u0131ndan \u00f6ne \u00e7\u0131kanlar \u015f\u00f6yle:<\/p>\n<p style=\"text-align: justify;\"><strong>Sivas katliam\u0131: <\/strong><\/p>\n<p style=\"text-align: justify;\">&#8211; 2 Temmuz 1993&#8217;te Sivas&#8217;ta ve 5 Temmuz 1993&#8217;te Ba\u015fba\u011flar&#8217;daki katliam 18. y\u0131l d\u00f6n\u00fcm\u00fcnde bir kez daha an\u0131ld\u0131. Ba\u015fta Sivas katliam\u0131 olmak \u00fczere, yak\u0131n tarihte ya\u015fanan olaylarla ilgili esrar perdesi hala da\u011f\u0131lm\u0131\u015f de\u011fil. AK Parti iktidar\u0131 d\u00f6nemindeki her \u00e7abam\u0131z da engellenmek, \u00fcst\u00fc \u00f6rt\u00fclmek giri\u015fimleriyle kar\u015f\u0131la\u015fm\u0131\u015ft\u0131r.<\/p>\n<p style=\"text-align: justify;\">&#8211; D\u00fcn Dan\u0131\u015ftay&#8217;a y\u00f6nelik kanl\u0131 sald\u0131r\u0131y\u0131 siyasi \u00e7\u0131kar i\u00e7in kullanmaya heveslenenler, olay\u0131n \u00fcst\u00fcne gidilmesi durumunda a\u00e7\u0131\u011fa d\u00fc\u015ft\u00fcler. Ayn\u0131 \u00e7evreler, Sivas olaylar\u0131n\u0131, \u00c7orum&#8217;u, K.Mara\u015f&#8217;\u0131 ayd\u0131nlatacak hukuk s\u00fcre\u00e7lerini de engellediler.<\/p>\n<p style=\"text-align: justify;\">&#8211; Sivas olaylar\u0131n\u0131 bir istismar malzemesi olarak kullananlar\u0131n, bug\u00fcn AK Parti&#8217;yi \u00e7etelerle m\u00fccadelede yaln\u0131z b\u0131rakmalar\u0131 son derece manidard\u0131r. Bu \u00e7evreler yaln\u0131z b\u0131rakmakla kalmad\u0131lar, Silivri&#8217;ye giderek san\u0131klar\u0131n yan\u0131nda oturdular. Genel Merkez&#8217;den Silivri&#8217;ye t\u00fcnel olu\u015fturdular.<\/p>\n<p style=\"text-align: justify;\">&#8211; CHP, s\u00f6z konusu Ergenekon olunca milli iradeyi hat\u0131rlamas\u0131n\u0131n ne kadar samimiyetle ba\u011fda\u015ft\u0131\u011f\u0131n\u0131 sizin takdirinize b\u0131rak\u0131yorum.<\/p>\n<p style=\"text-align: justify;\"><strong>&#8220;CHP 27 Nisan a\u00e7\u0131klamas\u0131na destek \u00e7\u0131kt\u0131&#8221; <\/strong><\/p>\n<p style=\"text-align: justify;\">&#8211; D\u00fcn tabi vakit itibariyle \u00e7ok k\u0131sa bir zaman s\u00fcreci i\u00e7erisinde konu\u015fmalara cevap verme f\u0131rsat\u0131 buldum. \u015eurada baz\u0131 ba\u015fl\u0131klar var ki \u00f6nemli. 27 Nisan a\u00e7\u0131klamas\u0131na destek \u00e7\u0131kan CHP olmu\u015ftur. Ayn\u0131 CHP muht\u0131ra m\u0131yd\u0131 a\u00e7\u0131klama m\u0131yd\u0131 bunun tart\u0131\u015fmas\u0131n\u0131 yap\u0131yor. Yahu bildiri olsa ne yazar, a\u00e7\u0131klama olsa ne yazar, muht\u0131ra olsa ne yazar. Bu h\u00fck\u00fcmet ertesi g\u00fcn bunun gere\u011fini yapm\u0131\u015ft\u0131r. Peki sen ne yapt\u0131n? Bunlar\u0131n durumu bu.<\/p>\n<p style=\"text-align: justify;\"><strong>&#8220;Ne oldu da CHP milli iradeyi ke\u015ffetti?&#8221; <\/strong><\/p>\n<p style=\"text-align: justify;\">&#8211; Birdenbire ne oldu da CHP milli iradeyi ke\u015ffetti? AK Parti\u2019ye kapatma davas\u0131 a\u00e7\u0131ld\u0131\u011f\u0131nda, yarg\u0131 da milli iradedir diyenlerin, bug\u00fcn yarg\u0131 kararlar\u0131n\u0131 k\u0131yas\u0131ya ele\u015ftirmeleri \u00e7ok b\u00fcy\u00fck bir \u00e7eli\u015fkidir. Biz ne kapatma davas\u0131nda, ne de bize kar\u015f\u0131 yap\u0131lan hukuksuzluklar kar\u015f\u0131s\u0131nda soka\u011fa d\u00f6k\u00fclmedik. Milli iradeyi, Meclis\u2019i boykot etmek gibi bir yanl\u0131\u015f\u0131n i\u00e7inde olmad\u0131k. Sab\u0131rla s\u00fcreci takip ettik. \u00c7\u0131kan karar\u0131 da be\u011fensek de be\u011fenmesek de r\u0131za g\u00f6sterdik, gere\u011fini yerine getirdik.<\/p>\n<p style=\"text-align: justify;\"><strong>&#8220;CHP diklendi ama dik duramad\u0131&#8221; <\/strong><\/p>\n<p style=\"text-align: justify;\">&#8211; Biz her zaman ne diyoruz? Diklenmeden dik durduk. Dik duraca\u011f\u0131z, diklenmeyece\u011fiz. CHP diklenmi\u015f ama dik duramam\u0131\u015ft\u0131r. Ne dediler? \u0130ki arkada\u015f\u0131m\u0131z yemin etmeden Meclis\u2019e girmeyiz dediler, d\u00fcn geldiler yeminlerini ettiler. \u0130\u015fte bunlar bu. E benim vatanda\u015f\u0131m bunlar\u0131 g\u00f6rm\u00fcyor mu? Ne diyor? Arkada\u015f siz do\u011fru konu\u015fmuyorsunuz, omurgal\u0131 de\u011filsiniz diyor. Bunlar\u0131n durumu bu.<\/p>\n<p style=\"text-align: justify;\"><strong>G\u00fcld\u00fcren f\u0131kra&#8230; <\/strong><\/p>\n<p style=\"text-align: justify;\">Nasreddin Hoca\u2019ya sormu\u015flar. Hocam alimsin, bilgilisin lakin bug\u00fcne kadar bir icat yapt\u0131n m\u0131 demi\u015fler. Bir ke\u015ffin oldu mu demi\u015fler. Hoca ekmekle kar yemeyi ben ke\u015ffettim demi\u015f. Ama benim bile ho\u015fuma gitmedi demi\u015f. \u015eimdi CHP\u2019nin yapt\u0131\u011f\u0131 bu. Bir boykot icat etti ama kendisinin bile ho\u015funa gitmedi. Nitekim d\u00fcn CHP bu yanl\u0131\u015ftan d\u00f6nd\u00fc ve yemin ederek nihayet milli iradenin gere\u011fini yerine getirdi. CHP\u2019nin bu sefer ki \u00e7ark edi\u015finin, hay\u0131rl\u0131 olmas\u0131na inanmak istiyoruz.<\/p>\n<p style=\"text-align: justify;\"><strong>&#8220;BDP DE GELS\u0130N YEM\u0130N ETS\u0130N&#8221; <\/strong><\/p>\n<p style=\"text-align: justify;\">&#8211; Tabi BDP\u2019nin de ayn\u0131 \u015fekilde yemini etmesini, hatta \u00f6nce kay\u0131tlar\u0131n\u0131 yapmas\u0131n\u0131 da bekliyoruz. Yaz\u0131kt\u0131r bu yaz tatilini yeminsiz milletvekili olarak arazide dola\u015fmay\u0131 onlar da b\u0131rakmal\u0131. \u0130ki de bir bizi d\u0131\u015flad\u0131lar. Hay\u0131r, hay\u0131r sen kendi kendini d\u0131\u015flad\u0131n. Diyarbak\u0131r&#8217;da toplant\u0131 neyine? Toplant\u0131 yap\u0131lacak yer Ankara. Adres yanl\u0131\u015f. Grup toplant\u0131n\u0131 yapacaksan gel burada yap. Diyarbak\u0131r\u2019da ancak belediye meclis \u00fcyeleri toplant\u0131 yapar. Milletvekillerin toplant\u0131 yapaca\u011f\u0131 yer buras\u0131d\u0131r.<\/p>\n<p style=\"text-align: justify;\"><strong>&#8220;Do\u011fu ve G\u00fcneydo\u011fu&#8217;da 112 vekilin 70 tanesi bizim&#8221; <\/strong><\/p>\n<p style=\"text-align: justify;\">&#8211; 12 Haziran se\u00e7imleri \u00f6ncesinde istismar iftira yoluyla Ak Parti\u2019nin Do\u011fu ve G\u00fcneydo\u011fu\u2019dan \u00e7ekildi\u011fine dair yalan yanl\u0131\u015f de\u011ferlendirmeler yap\u0131ld\u0131. K\u00fcrt meselesine ili\u015fkin de\u011ferlendirmelerimizin, \u00e7arp\u0131t\u0131lmas\u0131ndan tutunuz adaylara y\u00f6nelik istismara kadar, silahl\u0131 sald\u0131r\u0131ya kadar her y\u00f6ntem AK Parti\u2019nin kar\u015f\u0131s\u0131nda devreye sokuldu. B\u00fct\u00fcn bu \u00e7abalara ra\u011fmen, AK Parti Do\u011fu ve G\u00fcneydo\u011fu illerindeki toplam 112 milletvekilinin 70 tanesini alm\u0131\u015ft\u0131r. 7 co\u011frafi b\u00f6lgede oldu\u011fu gibi AK Parti yine birinci parti olarak ipi g\u00f6\u011f\u00fcslemi\u015ftir.<\/p>\n<p style=\"text-align: justify;\"><strong>&#8220;CHP gibi gelecekler, yeminlerini edecekler&#8221; <\/strong><\/p>\n<p style=\"text-align: justify;\">&#8211; Meselenin sorumlusu olarak h\u00fck\u00fcmeti g\u00f6renler, uzla\u015fma yerine tehditler savuranlar g\u00f6receksiniz er ya da ge\u00e7 CHP gibi gelecekler, yeminlerini edecekler. BDP olmasa da bu Meclis \u00e7al\u0131\u015f\u0131r ve hizmet \u00fcretir arkada\u015flar\u0131m. Bu yasalar a\u00e7\u0131k ortada. Bunlar\u0131 ge\u00e7mi\u015fte kendileri yapt\u0131lar. Biz geldik bu yasalar\u0131 bulduk, bunlarla \u00e7al\u0131\u015f\u0131yoruz.<\/p>\n<p style=\"text-align: justify;\">Ha d\u00fcn ana muhalefetin genel ba\u015fkan\u0131, \u201cYani bunlar \u00e7o\u011funlu\u011fa sahip diye, biz istedi\u011fimizi yapar\u0131z havas\u0131ndalar.\u201d dedi. Biz temel ilke olarak, \u00e7o\u011funlu\u011fun az\u0131nl\u0131\u011fa tahakk\u00fcm\u00fcme kar\u015f\u0131y\u0131z. Ancak az\u0131nl\u0131\u011f\u0131n da \u00e7o\u011funlu\u011fa tahakk\u00fcm\u00fcne de asla m\u00fcsaade etmeyiz.<\/p>\n<p style=\"text-align: justify;\"><strong>&#8220;Neymi\u015f? Devletin imam\u0131n\u0131n arkas\u0131nda Cuma namaz\u0131 k\u0131l\u0131nmazm\u0131\u015f&#8221; <\/strong><\/p>\n<p style=\"text-align: justify;\">&#8211; K\u00fcrtlerin dini Zerd\u00fc\u015ftl\u00fckt\u00fcr diyen bir anlay\u0131\u015f var bunlar\u0131n ba\u015f\u0131nda ve K\u00fcrt karde\u015flerimize \u0130slam k\u0131l\u0131\u00e7 zoruyla dayat\u0131lm\u0131\u015ft\u0131r diyen bunlar. Ama \u015fimdi bak\u0131yorsunuz s\u00f6zde Cuma namaz\u0131 k\u0131l\u0131yorlar. Yapt\u0131klar\u0131 i\u015f bu. Ama burada zaten Cuma k\u0131l\u0131n\u0131yor. E neymi\u015f? Devletin camisinde ve devletin imam\u0131n\u0131n arkas\u0131nda Cuma namaz\u0131 k\u0131l\u0131nmazm\u0131\u015f. B\u00f6yle de kendilerine g\u00f6re bir fetva vermi\u015ftir. Cuma, ehliyet ve liyakat sahibi olan hocalar\u0131m\u0131z\u0131n arkas\u0131nda k\u0131l\u0131n\u0131r ve onun da bir adab\u0131 var. Biz biliyorsunuz, kendi gelene\u011fimizde de k\u00f6ylerdeki mescitlerde de Cuma k\u0131lmay\u0131z. Genelde kasabaya, il\u00e7eye ineriz. Oralarda genelde Cuma\u2019lar\u0131m\u0131z\u0131 ifa eder yerine getiririz. Neden? \u00c7\u00fcnk\u00fc o bizim birlik beraberlik mesajlar\u0131n\u0131 alaca\u011f\u0131m\u0131z g\u00fcnd\u00fcr.<\/p>\n<p style=\"text-align: justify;\"><a href=\"http:\/\/www.cnnturk.com\/2011\/turkiye\/07\/12\/erdogan.chp.diklendi.ama\/622689.0\/index.html\" target=\"_blank\">Kaynak : CNN T\u00dcRK<\/a><\/p>\n","protected":false},"excerpt":{"rendered":"<p style=\"text-align: justify;\">\n<p style=\"text-align: justify;\">Ba\u015fbakan Erdo\u011fan, &#8220;Diklenmeden dik duruyoruz. CHP diklenmi\u015f, ama dik duramam\u0131\u015ft\u0131r. Fark bu&#8221; dedi. Erdo\u011fan BDP&#8217;nin Meclis boykotuyla ilgili de, &#8220;BDP olmasa da Meclis \u00e7al\u0131\u015f\u0131r ve hizmet \u00fcretir&#8221; diye konu\u015ftu.<\/p>\n","protected":false},"author":1,"featured_media":0,"comment_status":"open","ping_status":"open","sticky":false,"template":"","format":"standard","meta":{"footnotes":""},"categories":[105],"tags":[],"class_list":["post-36541","post","type-post","status-publish","format-standard","hentry","category-gundem","odd"],"_links":{"self":[{"href":"http:\/\/www.korhanyilmaz.com\/index.php?rest_route=\/wp\/v2\/posts\/36541","targetHints":{"allow":["GET"]}}],"collection":[{"href":"http:\/\/www.korhanyilmaz.com\/index.php?rest_route=\/wp\/v2\/posts"}],"about":[{"href":"http:\/\/www.korhanyilmaz.com\/index.php?rest_route=\/wp\/v2\/types\/post"}],"author":[{"embeddable":true,"href":"http:\/\/www.korhanyilmaz.com\/index.php?rest_route=\/wp\/v2\/users\/1"}],"replies":[{"embeddable":true,"href":"http:\/\/www.korhanyilmaz.com\/index.php?rest_route=%2Fwp%2Fv2%2Fcomments&post=36541"}],"version-history":[{"count":0,"href":"http:\/\/www.korhanyilmaz.com\/index.php?rest_route=\/wp\/v2\/posts\/36541\/revisions"}],"wp:attachment":[{"href":"http:\/\/www.korhanyilmaz.com\/index.php?rest_route=%2Fwp%2Fv2%2Fmedia&parent=36541"}],"wp:term":[{"taxonomy":"category","embeddable":true,"href":"http:\/\/www.korhanyilmaz.com\/index.php?rest_route=%2Fwp%2Fv2%2Fcategories&post=36541"},{"taxonomy":"post_tag","embeddable":true,"href":"http:\/\/www.korhanyilmaz.com\/index.php?rest_route=%2Fwp%2Fv2%2Ftags&post=36541"}],"curies":[{"name":"wp","href":"https:\/\/api.w.org\/{rel}","templated":true}]}}