{"id":3654,"date":"2009-02-25T12:15:48","date_gmt":"2009-02-25T10:15:48","guid":{"rendered":"http:\/\/www.korhanyilmaz.com\/?p=3654"},"modified":"2009-02-25T12:15:48","modified_gmt":"2009-02-25T10:15:48","slug":"hanim-kardesle-diyaloga-girdik","status":"publish","type":"post","link":"http:\/\/www.korhanyilmaz.com\/?p=3654","title":{"rendered":"Han\u0131m karde\u015fle diyalo\u011fa girdik"},"content":{"rendered":"<p style=\"text-align: center;\"><img loading=\"lazy\" decoding=\"async\" class=\"aligncenter size-full wp-image-3655\" title=\"Han\u0131m karde\u015fle diyalo\u011fa girdik \" src=\"http:\/\/www.korhanyilmaz.com\/wp-content\/uploads\/2009\/02\/250220091212556816945.jpg\" alt=\"Han\u0131m karde\u015fle diyalo\u011fa girdik \" width=\"376\" height=\"240\" \/><\/p>\n<p style=\"text-align: justify;\"><strong>\u0130stanbul G\u00fcng\u00f6ren&#8217;de dilden dile dola\u015fan; AKP&#8217;li Belediye Ba\u015fkan Yard\u0131mc\u0131s\u0131 Rahmi Berber&#8217;in makam odas\u0131nda bir kad\u0131nla ili\u015fkisini g\u00f6steren g\u00fcvenlik kameras\u0131 kay\u0131tlar\u0131 ortaya \u00e7\u0131kt\u0131<\/strong><\/p>\n<p style=\"text-align: justify;\">AKP&#8217;li G\u00fcng\u00f6ren Belediye Ba\u015fkan Yard\u0131mc\u0131s\u0131 Rahmi Berber, makam\u0131nda bir kad\u0131nla cinsel ili\u015fkiye girdi\u011fini g\u00f6steren g\u00fcvenlik kameras\u0131 kay\u0131tlar\u0131n\u0131n bulundu\u011fu iddialar\u0131 \u00fczerine, bir hafta \u00f6nce istifa etti. \u0130stifan\u0131n ard\u0131ndan ortaya \u00e7\u0131kan kamera kay\u0131tlar\u0131nda tesett\u00fcrl\u00fc bir kad\u0131nla makam\u0131nda birlikte oldu\u011fu g\u00f6r\u00fclen evli ve iki \u00e7ocuk babas\u0131 43 ya\u015f\u0131ndaki Rahmi Berber, &#8220;Tamamen \u00f6zel bir \u015fey. \u00c7ok k\u0131sa bir d\u00f6nem bir han\u0131m karde\u015f, han\u0131mca\u011f\u0131z vard\u0131. Belirli bir diyaloga girdik. Ama daha sonra bitti gitti&#8221; dedi; ancak istifa gerek\u00e7esinin bu kaset de\u011fil, &#8216;yorulmas\u0131&#8217; oldu\u011funu s\u00f6yledi.<!--more--><br \/>\n<strong>G\u00f6r\u00fcnt\u00fclerde neler var<\/strong><br \/>\nG\u00fcng\u00f6ren Belediyesi&#8217;nin g\u00fcvenlik kameras\u0131 kay\u0131tlar\u0131na g\u00f6re, &#8216;\u00f6zel ili\u015fki&#8217;, 28 A\u011fustos 2008 saat 19.39&#8217;da \u015f\u00f6yle ya\u015fan\u0131yor: Tesett\u00fcrl\u00fc 25-30 ya\u015flar\u0131nda bir kad\u0131n, Belediye binas\u0131na girerek Belediye Ba\u015fkan Yard\u0131mc\u0131s\u0131 Rahmi Berber&#8217;in odas\u0131na y\u00f6neliyor. Kad\u0131n\u0131 kar\u015f\u0131layan Berber, odas\u0131n\u0131n \u0131\u015f\u0131\u011f\u0131n\u0131 kapatt\u0131ktan sonra makam koltu\u011funa ge\u00e7iyor. Bu s\u0131rada kad\u0131n rahat hareketleriyle dikkat \u00e7ekerken, Rahmi Berber&#8217;in bir ara masas\u0131n\u0131n etraf\u0131nda yar\u0131\u00e7\u0131plak dola\u015ft\u0131\u011f\u0131 da g\u00f6r\u00fcl\u00fcyor. Yar\u0131m saat sonra kad\u0131n toparlan\u0131p ba\u015f\u0131n\u0131 \u00f6rt\u00fcyor. berber, dudaklar\u0131ndan \u00f6perek u\u011furlad\u0131\u011f\u0131 kad\u0131n\u0131n ayr\u0131lmas\u0131 sonras\u0131 oday\u0131 toparl\u0131yor.<\/p>\n<p style=\"text-align: justify;\"><strong>&#8216;Yoruldu\u011fum i\u00e7in b\u0131rakt\u0131m&#8217;<\/strong><br \/>\nG\u00fcng\u00f6ren Belediyesi ve AKP il\u00e7e te\u015fkilat\u0131nda g\u00fcnlerdir konu\u015fulan g\u00f6r\u00fcnt\u00fcler, \u015fimdiye kadar ortaya \u00e7\u0131kmam\u0131\u015ft\u0131. Partililer, Rahmi Berber&#8217;in istifa gerek\u00e7esinin bu g\u00f6r\u00fcnt\u00fcler oldu\u011funu s\u00f6ylerken, Berber ise bu iddiay\u0131 \u015f\u00f6yle yalanlad\u0131: &#8220;Bunun istifamla ilgisi yok. G\u00f6revimi uzun zamand\u0131r b\u0131rakmay\u0131 d\u00fc\u015f\u00fcn\u00fcyordum. Say\u0131n ba\u015fkana da istifa etmeyi d\u00fc\u015f\u00fcnd\u00fc\u011f\u00fcm\u00fc s\u00f6ylemi\u015ftim. G\u00f6r\u00fcnt\u00fclerde ne oldu\u011funu \u00e7ok fazla bilmiyorum. Gayriahlaki bir \u015fey oldu\u011funu da d\u00fc\u015f\u00fcnm\u00fcyorum. Bu g\u00f6r\u00fcnt\u00fc iddialar\u0131 beni y\u0131pratt\u0131. Fakat siyaseten de\u011fil. Yoruldu\u011fum i\u00e7in g\u00f6revimi b\u0131rakt\u0131m. Elhamd\u00fclillah yapt\u0131\u011f\u0131m i\u015fle ilgili herhangi bir s\u0131k\u0131nt\u0131 yok. Kald\u0131 ki, partili arkada\u015flar\u0131mla hi\u00e7bir problemim yok. G\u00f6rev s\u00fcremde hep do\u011fru olan \u015feyleri yapmaya \u00e7al\u0131\u015ft\u0131m.&#8221;<\/p>\n<p style=\"text-align: justify;\"><strong>&#8216;Evet bir han\u0131mca\u011f\u0131z vard\u0131&#8217;<\/strong><br \/>\nKamera kay\u0131tlar\u0131nda neler oldu\u011fu anlat\u0131l\u0131nca ili\u015fkisini kabul eden Rahmi Berber, \u015funlar\u0131 s\u00f6yledi: &#8220;Tamamen \u00f6zel bir \u015fey. \u00c7ok k\u0131sa bir d\u00f6nem bir han\u0131m karde\u015f, han\u0131mca\u011f\u0131z vard\u0131. Belirli bir diyalo\u011fa girdik. Ama daha sonra bitti gitti. Kapand\u0131 gitti. 5 y\u0131l boyunca g\u00f6rev yapt\u0131m. Kimse bana h\u0131rs\u0131zl\u0131k, adam kay\u0131rma gibi su\u00e7lar i\u015fledi\u011fimi \u015feyler s\u00f6yleyemez. Sonu\u00e7ta yanl\u0131\u015f\u0131m\u0131z vard\u0131r. Yanl\u0131\u015f yapm\u0131\u015f\u0131zd\u0131r. Olmamas\u0131 gereken bir durum ya\u015fand\u0131 gitti. \u0130craat\u0131m\u0131zla \u00e7ok fazla ilgisi de yok.&#8221; Facebook, Xing gibi arkada\u015fl\u0131k sitelerine \u00fcye olan Rahmi Berber&#8217;in bu sitelerdeki profilinde Belediye Ba\u015fkan Yard\u0131mc\u0131s\u0131 oldu\u011fu da yaz\u0131yor.<\/p>\n<p style=\"text-align: justify;\"><strong>Berber, &#8216;Facebook&#8217; sitesinde Erdo\u011fan&#8217;\u0131 arkada\u015f\u0131 g\u00f6stermi\u015f<\/strong><br \/>\n\u0130T\u00dc Mimarl\u0131k Fak\u00fcltesi mezunu olan Berber, 1966 y\u0131l\u0131nda Trabzon&#8217;da do\u011fdu. Okul sonras\u0131nda kurdu\u011fu \u015firketinde serbest mimarl\u0131k, m\u00fc\u015favirlik ve m\u00fcteahhitlik \u00fczerine \u00e7al\u0131\u015ft\u0131. 2000&#8217;den itibaren \u0130STON A.\u015e.&#8217;de y\u00f6neticilik yapt\u0131. Aralar\u0131nda, toplu konut, organize sanayi sitesi, i\u015f merkezi, otel ve eski eserlerin r\u00f6leve-restorasyon projelerinin de bulundu\u011fu bir\u00e7ok yap\u0131ya, proje m\u00fcellifi ve teknik uygulama sorumlusu olarak imza att\u0131. Berber, 28 Mart Se\u00e7imleri&#8217;nde AKP&#8217;den G\u00fcng\u00f6ren Belediye Meclis \u00dcyesi se\u00e7ildi.\n<\/p>\n<p style=\"text-align: justify;\">Rahmi Berber ile odas\u0131nda bulu\u015ftu\u011fu &#8216;yasak a\u015fk\u0131&#8217;n\u0131n g\u00f6r\u00fcnt\u00fcleri, belediye  g\u00fcvenlik kameralar\u0131na i\u015fte b\u00f6yle yans\u0131d\u0131.<\/p>\n<p style=\"text-align: justify;\"><span style=\"color: #888888;\">Kaynak : Vatan Gazetesi<\/span><\/p>\n","protected":false},"excerpt":{"rendered":"<p style=\"text-align: center;\">\n<p style=\"text-align: justify;\">\u0130stanbul G\u00fcng\u00f6ren&#8217;de dilden dile dola\u015fan; AKP&#8217;li Belediye Ba\u015fkan Yard\u0131mc\u0131s\u0131 Rahmi Berber&#8217;in makam odas\u0131nda bir kad\u0131nla ili\u015fkisini g\u00f6steren g\u00fcvenlik kameras\u0131 kay\u0131tlar\u0131 ortaya \u00e7\u0131kt\u0131<\/p>\n<p style=\"text-align: justify;\">AKP&#8217;li G\u00fcng\u00f6ren Belediye Ba\u015fkan Yard\u0131mc\u0131s\u0131 Rahmi Berber, makam\u0131nda bir kad\u0131nla cinsel ili\u015fkiye girdi\u011fini g\u00f6steren g\u00fcvenlik kameras\u0131 kay\u0131tlar\u0131n\u0131n bulundu\u011fu iddialar\u0131 \u00fczerine, bir hafta \u00f6nce istifa etti. \u0130stifan\u0131n <\/p>\n","protected":false},"author":1,"featured_media":0,"comment_status":"open","ping_status":"closed","sticky":false,"template":"","format":"standard","meta":{"footnotes":""},"categories":[105],"tags":[],"class_list":["post-3654","post","type-post","status-publish","format-standard","hentry","category-gundem","odd"],"_links":{"self":[{"href":"http:\/\/www.korhanyilmaz.com\/index.php?rest_route=\/wp\/v2\/posts\/3654","targetHints":{"allow":["GET"]}}],"collection":[{"href":"http:\/\/www.korhanyilmaz.com\/index.php?rest_route=\/wp\/v2\/posts"}],"about":[{"href":"http:\/\/www.korhanyilmaz.com\/index.php?rest_route=\/wp\/v2\/types\/post"}],"author":[{"embeddable":true,"href":"http:\/\/www.korhanyilmaz.com\/index.php?rest_route=\/wp\/v2\/users\/1"}],"replies":[{"embeddable":true,"href":"http:\/\/www.korhanyilmaz.com\/index.php?rest_route=%2Fwp%2Fv2%2Fcomments&post=3654"}],"version-history":[{"count":0,"href":"http:\/\/www.korhanyilmaz.com\/index.php?rest_route=\/wp\/v2\/posts\/3654\/revisions"}],"wp:attachment":[{"href":"http:\/\/www.korhanyilmaz.com\/index.php?rest_route=%2Fwp%2Fv2%2Fmedia&parent=3654"}],"wp:term":[{"taxonomy":"category","embeddable":true,"href":"http:\/\/www.korhanyilmaz.com\/index.php?rest_route=%2Fwp%2Fv2%2Fcategories&post=3654"},{"taxonomy":"post_tag","embeddable":true,"href":"http:\/\/www.korhanyilmaz.com\/index.php?rest_route=%2Fwp%2Fv2%2Ftags&post=3654"}],"curies":[{"name":"wp","href":"https:\/\/api.w.org\/{rel}","templated":true}]}}