{"id":36538,"date":"2011-07-12T10:46:33","date_gmt":"2011-07-12T07:46:33","guid":{"rendered":"http:\/\/www.korhanyilmaz.com\/?p=36538"},"modified":"2011-07-12T14:38:18","modified_gmt":"2011-07-12T11:38:18","slug":"o-fenere-sahip-cikmam","status":"publish","type":"post","link":"http:\/\/www.korhanyilmaz.com\/?p=36538","title":{"rendered":"&#8220;O Fener&#8217;e sahip \u00e7\u0131kmam&#8230;&#8221;"},"content":{"rendered":"<p style=\"text-align: center;\"><a href=\"http:\/\/www.korhanyilmaz.com\/wp-content\/uploads\/2011\/07\/1517.jpg\"  class=\"lightview\"><img loading=\"lazy\" decoding=\"async\" class=\"aligncenter size-full wp-image-36539\" src=\"http:\/\/www.korhanyilmaz.com\/wp-content\/uploads\/2011\/07\/1517.jpg\" alt=\"\" width=\"307\" height=\"236\" \/><\/a><\/p>\n<p style=\"text-align: justify;\">Ba\u015fbakan Yard\u0131mc\u0131s\u0131 B\u00fclent Ar\u0131n\u00e7, Deniz Feneri soru\u015fturmas\u0131nda RT\u00dcK \u00fcyesi Zahid Akman ile Kanal 7&#8217;nin \u00fc\u00e7 y\u00f6neticisinin tutuklanmas\u0131n\u0131n ard\u0131ndan &#8220;O Fener&#8217;e sahip \u00e7\u0131kmam&#8221; diye konu\u015ftu. &#8220;Almanya Deniz Feneri&#8217;nde bir pislik var&#8221; diyen Ar\u0131n\u00e7, T\u00fcrkiye&#8217;de su\u00e7lanan isimleri y\u0131llard\u0131r tan\u0131d\u0131\u011f\u0131n\u0131 belirtti. Ar\u0131n\u00e7, &#8220;K\u00f6t\u00fc insanlar diyemem, sahip \u00e7\u0131kmam. \u0130n\u015fallah aklan\u0131rlar&#8221; dedi.<!--more--><\/p>\n<p style=\"text-align: justify;\"><em>H\u00fcrriyet gazetesinde yer alan Metehan Demir imzal\u0131 haber \u015f\u00f6yle: <\/em><\/p>\n<p style=\"text-align: justify;\"><strong>Bu isimleri tan\u0131r\u0131m sahip \u00e7\u0131kmam <\/strong><\/p>\n<p style=\"text-align: justify;\">T\u00fcrkiye\u2019de su\u00e7lanan isimleri y\u0131llard\u0131r tan\u0131d\u0131\u011f\u0131n\u0131 belirten Ar\u0131n\u00e7, \u201cSahip \u00e7\u0131kmam. K\u00f6t\u00fc insanlar demem, diyemem. \u0130n\u015fallah aklan\u0131rlar. Bu olmayacaksa herkes yapt\u0131\u011f\u0131 i\u015fin kar\u015f\u0131l\u0131\u011f\u0131n\u0131 g\u00f6rmelidir\u201d dedi. Ar\u0131n\u00e7, Srebrenica katliam\u0131n\u0131n anma t\u00f6renlerine kat\u0131lmak i\u00e7in Bosna Hersek\u2019e giderken u\u00e7akta \u015fu a\u00e7\u0131klamalarda bulundu:<\/p>\n<p style=\"text-align: justify;\">\u201cAlmanya\u2019daki dava sonu\u00e7land\u0131. Onlar\u0131n mevzuat\u0131 gere\u011fi san\u0131klar bir \u015fekilde olay\u0131 kabullendiler. Bunun T\u00fcrkiye ile ba\u011flant\u0131s\u0131 hukuki a\u00e7\u0131dan nedir bilmiyorum. Soru\u015fturman\u0131n ya da yarg\u0131laman\u0131n bir an \u00f6nce bitmesi, T\u00fcrkiye\u2019nin tan\u0131d\u0131\u011f\u0131 bu isimlerin irtibat\u0131n\u0131n yarg\u0131 karar\u0131yla ortaya \u00e7\u0131kmas\u0131n\u0131 istiyorum. Kim yapm\u0131\u015fsa, ne \u015fekilde yapm\u0131\u015fsa cezaland\u0131r\u0131lmal\u0131. Ben T\u00fcrkiye\u2019deki Deniz Feneri Derne\u011fi\u2019ne e\u015fimle birlikte katk\u0131da bulunmu\u015f bir insan\u0131m. E\u015fim arkada\u015flar\u0131yla Deniz Feneri\u2019ne gider, ucuz kuma\u015flardan elbiseler diker, ihtiya\u00e7 sahiplerine da\u011f\u0131t\u0131rlard\u0131. Meclis\u2019teki ihtiya\u00e7 fazlas\u0131 mutfak malzemeleri ve lojmandan \u00e7\u0131kan baz\u0131 e\u015fyalar\u0131n da\u011f\u0131t\u0131lmas\u0131n\u0131 istemi\u015ftim. Da\u011f\u0131tt\u0131\u011f\u0131m\u0131z mutfak malzemesi i\u00e7inde Deniz Feneri\u2019ne verdi\u011fimiz de oldu. Bildi\u011fim kadar\u0131yla T\u00fcrkiye Deniz Feneri bir \u015fekilde t\u00fcm soru\u015fturmalardan aklanm\u0131\u015f oldu. Almanya aya\u011f\u0131nda bir yarg\u0131 karar\u0131 var. O ki\u015filer de bu i\u015fleri kabul etmi\u015fler, ikrarlar\u0131 var. T\u00fcrkiye\u2019de bu tip i\u015fler bir kad\u0131n\u0131n itiraf\u0131yla ya da yeterli pay\u0131 almayan ya da menfaat edilemeyen birilerinin itiraf\u0131yla \u00e7\u0131kar. O karar ne kadar hukukidir de\u011fildir, hukuk tart\u0131\u015fmas\u0131 yapar\u0131z. Bir netice var ve o neticeye r\u0131za g\u00f6steren taraflar var. Bir pisli\u011fin oldu\u011fu kesin. Almanya Deniz Feneri\u2019nde bir \u015feylerin oldu\u011fu anla\u015f\u0131l\u0131yor. Onun T\u00fcrkiye\u2019de kuryelerle vs. birilerine \u00e7\u0131kar sa\u011flay\u0131p sa\u011flamad\u0131\u011f\u0131 incelenip ara\u015ft\u0131r\u0131lacak. Bu isimleri y\u0131llard\u0131r tan\u0131yorum. Sahip \u00e7\u0131kmam. RT\u00dcK d\u00f6neminde \u2018art\u0131k bu i\u015fi bitir\u2019 dedim. Mecburen ba\u015fkanl\u0131ktan ayr\u0131ld\u0131. K\u00f6t\u00fc insanlar demem, diyemem, ama soru\u015fturma ve tutuklama var. En k\u0131sa s\u00fcrede yarg\u0131 g\u00f6revini yaps\u0131n. \u0130n\u015fallah aklan\u0131rlar. Bu olmayacaksa tabii herkes yapt\u0131\u011f\u0131 i\u015fin kar\u015f\u0131l\u0131\u011f\u0131n\u0131 g\u00f6rmelidir. Tutuklulu\u011fun y\u0131llar sonra gelmesi i\u015fin kendi s\u00fcreciyle ilgilidir. Normaldir. Neden \u015fimdi diyecek halimiz yok.<\/p>\n<p style=\"text-align: justify;\"><strong>Sporda olmamal\u0131 <\/strong><\/p>\n<p style=\"text-align: justify;\">Yarg\u0131lama uzun s\u00fcrecek ama Futbol Federasyonu\u2019nun bir karar vermesi laz\u0131m. \u015eampiyonluk al\u0131nsa sonra beraat etseler ayr\u0131 bir sorun, \u015fampiyonlar ligine gidip sonra mahkum olsalar ayr\u0131 bir s\u0131k\u0131nt\u0131. UEFA istedi\u011fine g\u00f6re bir karar verilecek. Zor bir i\u015f ama yap\u0131lmal\u0131. \u00c7ok merak etmedi\u011fim i\u00e7in uza\u011f\u0131nda duruyorum. T\u00fcrkiye de en \u00e7ok taraftar\u0131 olan kul\u00fcb\u00fcn ba\u015fkan\u0131. FB ile \u00f6zde\u015f haline gelmi\u015f insan. Ama iddia edilen konular da sporda olmamas\u0131 gereken konular. \u0130\u015fin i\u00e7ine futbolcular, menajerler kul\u00fcp ba\u015fkanlar\u0131n\u0131n girmesi komplike bir olay. Orda da yarg\u0131 s\u00fcrecinin s\u00fcratli bir \u015fekilde sonu\u00e7lanmas\u0131n\u0131 isteriz. T\u00fcrkiye\u2019de kimsenin su\u00e7 i\u015fleme imtiyaz\u0131 yok. Baz\u0131 ki\u015filerin tutuklanmas\u0131 ve bu i\u015flere konu edilmesi dikkat \u00e7ekiyor, ama ger\u00e7ek hukuk devletinde olmas\u0131 gereken \u015feylerden diye d\u00fc\u015f\u00fcn\u00fcyorum. D\u00fcnya bunu yapt\u0131.\u201d<\/p>\n<p style=\"text-align: justify;\"><strong>YA\u015e\u2019ta s\u0131k\u0131nt\u0131 olmaz <\/strong><\/p>\n<p style=\"text-align: justify;\">(Balyoz yarg\u0131lamalar\u0131n\u0131n YA\u015e\u2019a etkisi) YA\u015e\u2019ta mevcut kanunlar, gelenekler bir s\u0131k\u0131nt\u0131ya yol a\u00e7madan terfi ve atamalar\u0131 ger\u00e7ekle\u015ftirir. TSK g\u00fc\u00e7l\u00fc ve gelenekleri olan bir kurum. Biz burada bir eksikli\u011fin ya da zaafa u\u011fratacak bir geli\u015fmenin ya\u015fanmayaca\u011f\u0131n\u0131 biliriz. Ba\u015fbakan, Milli Savunma Bakan\u0131 bu konuda gerekli \u00e7al\u0131\u015fmalar\u0131 yap\u0131yorlard\u0131r. \u015e\u00fbra\u2019ya kat\u0131lan 25\u2019e yak\u0131n general, amiral var. Birlikte silahl\u0131 kuvvetlerin onuruna ge\u00e7mi\u015fine yak\u0131\u015fan kararlar alacaklard\u0131r. Krizle sonu\u00e7lanaca\u011f\u0131n\u0131 d\u00fc\u015f\u00fcnm\u00fcyorum. Tutuklanan a\u00e7\u0131\u011fa al\u0131nan isimler var. Yarg\u0131 s\u00fcreci devam ediyor. TSK mevzuat\u0131nda o ki\u015filerle neler yap\u0131laca\u011f\u0131 \u00f6ng\u00f6r\u00fclm\u00fc\u015f. Bu konunun ilgili ilgisiz ki\u015filerce tart\u0131\u015f\u0131lmas\u0131 da kuruma zarar verir. Demokrasiye inanm\u0131\u015f komuta kademesi bu durum kar\u015f\u0131s\u0131nda mutlaka gere\u011fini yapacaklard\u0131r.<\/p>\n<p style=\"text-align: justify;\"><strong>BDP, Meclis\u2019e gelmek istiyor <\/strong><\/p>\n<p style=\"text-align: justify;\">B\u00dcLENT Ar\u0131n\u00e7\u2019\u0131n, yemin krizi konusundaki g\u00f6r\u00fc\u015fleri de \u015f\u00f6yle: And i\u00e7meme konusundaki tav\u0131rlar\u0131 ne siyasete ne hukuka ne anayasaya ne de parlamentonun geleneklerine uyuyor. CHP yapt\u0131\u011f\u0131 hatan\u0131n fark\u0131na vard\u0131. BDP belki bu tavr\u0131n\u0131 en az\u0131ndan ekime kadar s\u00fcrd\u00fcrmeyi d\u00fc\u015f\u00fcnebilirler. Ama \u2018bizi denklem d\u0131\u015f\u0131 b\u0131rakt\u0131n\u0131z\u2019 s\u00f6zleri bir an \u00f6nce Meclise gelmeyi arzu ettiklerini g\u00f6steriyor. Ankara\u2019dan uzak kal\u0131nca siyasetten uzak kald\u0131lar. Siyasetten uzak kal\u0131nca \u015fiddete daha \u00e7ok bula\u015ft\u0131lar. BDP, \u015fiddetle, ter\u00f6rle varl\u0131\u011f\u0131n\u0131 duyurma ihtiyac\u0131 hissediyor. Bir partinin \u2018grup toplant\u0131s\u0131n\u0131 Diyarbak\u0131r\u2019da yapaca\u011f\u0131m\u2019 demesi anayasal su\u00e7tur. Anayasa\u2019n\u0131n 83\u2019\u00fcnc\u00fc maddesindeki dokunulmazl\u0131k, Meclis \u00e7al\u0131\u015fmalar\u0131ndaki s\u00f6zlerinden ve oylar\u0131ndan sorumlu olmamalar\u0131d\u0131r. Grup toplant\u0131s\u0131 Meclis \u00e7al\u0131\u015fmas\u0131ndan say\u0131l\u0131r. Grup toplant\u0131lar\u0131ndaki her konu\u015fma su\u00e7 te\u015fkil etmez ama b\u00f6yle bir grup toplant\u0131s\u0131 yerine ba\u015fka bir yerde milletvekilleri toplayarak yapacaklar\u0131 toplant\u0131 sadece bir sohbet, konferans olur. \u00c7ay i\u00e7me toplant\u0131s\u0131 olur, kendilerini aldatmas\u0131nlar. Bug\u00fcn her istediklerini s\u00f6yl\u00fcyorlar her tehdidi savuruyorlar, ki\u015filere y\u00f6nelik al\u00e7alt\u0131c\u0131 konu\u015fmalar yap\u0131yor ama bunlar BDP\u2019ye itibar kaybettirir.<\/p>\n<p style=\"text-align: justify;\"><strong>Bu \u015fehir h\u00e2l\u00e2 mahzun ve g\u00f6z\u00fc ya\u015fl\u0131 bir anne gibi <\/strong><\/p>\n<p style=\"text-align: justify;\">BOSNA-Hersek\u2019te 11 Temmuz 1995 tarihinde 8 bin erke\u011fin katledildi\u011fi Srebrenica\u2019da, soyk\u0131r\u0131m\u0131n 16\u2019nc\u0131 anma y\u0131ld\u00f6n\u00fcm\u00fc t\u00f6renlerine kat\u0131lan Ba\u015fbakan Yard\u0131mc\u0131s\u0131 B\u00fclent Ar\u0131n\u00e7, sosyal payla\u015f\u0131m a\u011f\u0131 Twitter\u2019a, \u201cKatliam\u0131n \u00fczerinden 16 y\u0131l ge\u00e7mesine ra\u011fmen Srebrenitsa h\u00e2l\u00e2 mahzun ve g\u00f6z\u00fc ya\u015fl\u0131 bir anne gibi\u201d yazd\u0131. Anma t\u00f6renlerine T\u00fcrkiye ad\u0131na kat\u0131lan Ar\u0131n\u00e7, Twitter\u2019da \u015fu duygular\u0131na yer verdi:<\/p>\n<p style=\"text-align: justify;\">\u201cBug\u00fcn Srebrenit-sa\u2019day\u0131m. On bine yak\u0131n M\u00fcsl\u00fcman Bo\u015fnak\u2019\u0131n haince katledildi\u011fi, insanl\u0131k onurunun ayaklar alt\u0131na al\u0131nd\u0131\u011f\u0131 \u015fehirdeyim. Birazdan soyk\u0131r\u0131ma u\u011frayan masumlar\u0131n an\u0131s\u0131na d\u00fczenlenecek t\u00f6renlere \u00fclkemi temsilen kat\u0131laca\u011f\u0131m. Katliam\u0131n \u00fczerinden 16 y\u0131l ge\u00e7mesine ra\u011fmen Srebrenitsa h\u00e2l\u00e2 mahzun ve g\u00f6z\u00fc ya\u015fl\u0131 bir anne gibi. Sanki d\u00fcnyan\u0131n her yerinden binlerce anne bug\u00fcn ko\u015fup bu h\u00fcz\u00fcnl\u00fc \u015fehire gelmi\u015f gibi. Kimileri mezar ta\u015flar\u0131n\u0131n ba\u015f\u0131nda dualar okuyor, kimileri bir mezar ta\u015f\u0131 bile olmayan yavrular\u0131 e\u015fleri ve karde\u015fleri i\u00e7in g\u00f6zya\u015f\u0131 d\u00f6k\u00fcyor. 16 y\u0131l \u00f6nce b\u00fcy\u00fck bir yara alan insanl\u0131k onurumuzu birazc\u0131k olsun onarmak i\u00e7in, buradaki \u015fehitlerin aziz hat\u0131ralar\u0131 i\u00e7in ve bir daha asla soyk\u0131r\u0131mlar ya\u015fanmamas\u0131 i\u00e7in Srebrenitsa\u2019day\u0131z ve Srebrenitsa\u2019y\u0131 asla ve asla unutmayaca\u011f\u0131z, unutturmayaca\u011f\u0131z.\u201d<\/p>\n<p style=\"text-align: justify;\"><a href=\"http:\/\/www.cnnturk.com\/2011\/yazarlar\/07\/12\/o.fenere.sahip.cikmam\/622669.0\/index.html\" target=\"_blank\">Kaynak : CNN T\u00dcRK<\/a><\/p>\n","protected":false},"excerpt":{"rendered":"<p style=\"text-align: center;\">\n<p style=\"text-align: justify;\">Ba\u015fbakan Yard\u0131mc\u0131s\u0131 B\u00fclent Ar\u0131n\u00e7, Deniz Feneri soru\u015fturmas\u0131nda RT\u00dcK \u00fcyesi Zahid Akman ile Kanal 7&#8217;nin \u00fc\u00e7 y\u00f6neticisinin tutuklanmas\u0131n\u0131n ard\u0131ndan &#8220;O Fener&#8217;e sahip \u00e7\u0131kmam&#8221; diye konu\u015ftu. &#8220;Almanya Deniz Feneri&#8217;nde bir pislik var&#8221; diyen Ar\u0131n\u00e7, T\u00fcrkiye&#8217;de su\u00e7lanan isimleri y\u0131llard\u0131r tan\u0131d\u0131\u011f\u0131n\u0131 belirtti. Ar\u0131n\u00e7, &#8220;K\u00f6t\u00fc insanlar diyemem, sahip \u00e7\u0131kmam. \u0130n\u015fallah aklan\u0131rlar&#8221; dedi.<\/p>\n","protected":false},"author":1,"featured_media":0,"comment_status":"open","ping_status":"open","sticky":false,"template":"","format":"standard","meta":{"footnotes":""},"categories":[105],"tags":[],"class_list":["post-36538","post","type-post","status-publish","format-standard","hentry","category-gundem","odd"],"_links":{"self":[{"href":"http:\/\/www.korhanyilmaz.com\/index.php?rest_route=\/wp\/v2\/posts\/36538","targetHints":{"allow":["GET"]}}],"collection":[{"href":"http:\/\/www.korhanyilmaz.com\/index.php?rest_route=\/wp\/v2\/posts"}],"about":[{"href":"http:\/\/www.korhanyilmaz.com\/index.php?rest_route=\/wp\/v2\/types\/post"}],"author":[{"embeddable":true,"href":"http:\/\/www.korhanyilmaz.com\/index.php?rest_route=\/wp\/v2\/users\/1"}],"replies":[{"embeddable":true,"href":"http:\/\/www.korhanyilmaz.com\/index.php?rest_route=%2Fwp%2Fv2%2Fcomments&post=36538"}],"version-history":[{"count":0,"href":"http:\/\/www.korhanyilmaz.com\/index.php?rest_route=\/wp\/v2\/posts\/36538\/revisions"}],"wp:attachment":[{"href":"http:\/\/www.korhanyilmaz.com\/index.php?rest_route=%2Fwp%2Fv2%2Fmedia&parent=36538"}],"wp:term":[{"taxonomy":"category","embeddable":true,"href":"http:\/\/www.korhanyilmaz.com\/index.php?rest_route=%2Fwp%2Fv2%2Fcategories&post=36538"},{"taxonomy":"post_tag","embeddable":true,"href":"http:\/\/www.korhanyilmaz.com\/index.php?rest_route=%2Fwp%2Fv2%2Ftags&post=36538"}],"curies":[{"name":"wp","href":"https:\/\/api.w.org\/{rel}","templated":true}]}}