{"id":36533,"date":"2011-07-12T08:17:40","date_gmt":"2011-07-12T05:17:40","guid":{"rendered":"http:\/\/www.korhanyilmaz.com\/?p=36533"},"modified":"2011-07-12T13:57:58","modified_gmt":"2011-07-12T10:57:58","slug":"chpde-yemin-firesi","status":"publish","type":"post","link":"http:\/\/www.korhanyilmaz.com\/?p=36533","title":{"rendered":"CHP&#8217;de yemin firesi"},"content":{"rendered":"<p style=\"text-align: center;\"><a href=\"http:\/\/www.korhanyilmaz.com\/wp-content\/uploads\/2011\/07\/1516.jpeg\"  class=\"lightview\"><img loading=\"lazy\" decoding=\"async\" class=\"aligncenter size-full wp-image-36534\" src=\"http:\/\/www.korhanyilmaz.com\/wp-content\/uploads\/2011\/07\/1516.jpeg\" alt=\"\" width=\"320\" height=\"214\" \/><\/a><\/p>\n<p style=\"text-align: justify;\">CHP Mersin Milletvekili \u0130sa G\u00f6k, kriz parti d\u00fczeyinde a\u015f\u0131lm\u0131\u015f olsa da TBMM&#8217;de yemin etmedi.<\/p>\n<p style=\"text-align: justify;\">CHP\u2019li y\u00f6netimi, AKP ile var\u0131lan mutabakat\u0131n ard\u0131ndan TBMM Genel Kurulu\u2019nda yemin etme karar\u0131 ald\u0131. Tutuklu bulunan vekillerle birlikte 9 milletvekili \u00e7e\u015fitli nedenlerle Meclis k\u00fcrs\u00fcs\u00fcnde yemin edemedi. CHP\u2019de 135 milletvekilinden sadece126\u2019s\u0131 yemin etti. <!--more--><\/p>\n<p style=\"text-align: justify;\">Yemin etmeyen-edemeyen vekiller aras\u0131nda en dikket \u00e7eken isim ise, \u0130sa G\u00f6k oldu.CHP Mersin Milletvekili \u0130sa G\u00f6k, a\u00e7\u0131klanm\u0131\u015f herhangi bir mazereti olmad\u0131\u011f\u0131 halde yemin etmedi. \u0130sa G\u00f6k, &#8216;Yemin etmemem, bilin\u00e7li bir tercihti.&#8217; derken, davran\u0131\u015f\u0131n\u0131n gerek\u00e7elerini bug\u00fcn Meclis\u2019te yapaca\u011f\u0131 bas\u0131n toplant\u0131s\u0131nda a\u00e7\u0131klayaca\u011f\u0131n\u0131 a\u00e7\u0131klad\u0131.<\/p>\n<p style=\"text-align: justify;\"><a href=\"http:\/\/www.radikal.com.tr\/Radikal.aspx?aType=RadikalDetayV3&amp;ArticleID=1055944&amp;Date=12.07.2011&amp;CategoryID=78\" target=\"_blank\">Kaynak : Radikal.com.tr<\/a><\/p>\n","protected":false},"excerpt":{"rendered":"<p style=\"text-align: center;\">\n<p style=\"text-align: justify;\">CHP Mersin Milletvekili \u0130sa G\u00f6k, kriz parti d\u00fczeyinde a\u015f\u0131lm\u0131\u015f olsa da TBMM&#8217;de yemin etmedi.<\/p>\n<p style=\"text-align: justify;\">CHP\u2019li y\u00f6netimi, AKP ile var\u0131lan mutabakat\u0131n ard\u0131ndan TBMM Genel Kurulu\u2019nda yemin etme karar\u0131 ald\u0131. Tutuklu bulunan vekillerle birlikte 9 milletvekili \u00e7e\u015fitli nedenlerle Meclis k\u00fcrs\u00fcs\u00fcnde yemin edemedi. CHP\u2019de 135 milletvekilinden sadece126\u2019s\u0131 yemin etti. <\/p>\n","protected":false},"author":1,"featured_media":0,"comment_status":"open","ping_status":"open","sticky":false,"template":"","format":"standard","meta":{"footnotes":""},"categories":[105],"tags":[],"class_list":["post-36533","post","type-post","status-publish","format-standard","hentry","category-gundem","odd"],"_links":{"self":[{"href":"http:\/\/www.korhanyilmaz.com\/index.php?rest_route=\/wp\/v2\/posts\/36533","targetHints":{"allow":["GET"]}}],"collection":[{"href":"http:\/\/www.korhanyilmaz.com\/index.php?rest_route=\/wp\/v2\/posts"}],"about":[{"href":"http:\/\/www.korhanyilmaz.com\/index.php?rest_route=\/wp\/v2\/types\/post"}],"author":[{"embeddable":true,"href":"http:\/\/www.korhanyilmaz.com\/index.php?rest_route=\/wp\/v2\/users\/1"}],"replies":[{"embeddable":true,"href":"http:\/\/www.korhanyilmaz.com\/index.php?rest_route=%2Fwp%2Fv2%2Fcomments&post=36533"}],"version-history":[{"count":0,"href":"http:\/\/www.korhanyilmaz.com\/index.php?rest_route=\/wp\/v2\/posts\/36533\/revisions"}],"wp:attachment":[{"href":"http:\/\/www.korhanyilmaz.com\/index.php?rest_route=%2Fwp%2Fv2%2Fmedia&parent=36533"}],"wp:term":[{"taxonomy":"category","embeddable":true,"href":"http:\/\/www.korhanyilmaz.com\/index.php?rest_route=%2Fwp%2Fv2%2Fcategories&post=36533"},{"taxonomy":"post_tag","embeddable":true,"href":"http:\/\/www.korhanyilmaz.com\/index.php?rest_route=%2Fwp%2Fv2%2Ftags&post=36533"}],"curies":[{"name":"wp","href":"https:\/\/api.w.org\/{rel}","templated":true}]}}