{"id":36529,"date":"2011-07-11T20:43:13","date_gmt":"2011-07-11T17:43:13","guid":{"rendered":"http:\/\/www.korhanyilmaz.com\/?p=36529"},"modified":"2011-07-12T02:46:02","modified_gmt":"2011-07-11T23:46:02","slug":"vekillerin-birakilmamasi-onur-konusudur","status":"publish","type":"post","link":"http:\/\/www.korhanyilmaz.com\/?p=36529","title":{"rendered":"&#8216;Vekillerin b\u0131rak\u0131lmamas\u0131 onur konusudur&#8217;"},"content":{"rendered":"<p style=\"text-align: center;\"><a href=\"http:\/\/www.korhanyilmaz.com\/wp-content\/uploads\/2011\/07\/1515.jpg\"  class=\"lightview\"><img loading=\"lazy\" decoding=\"async\" class=\"aligncenter size-full wp-image-36530\" src=\"http:\/\/www.korhanyilmaz.com\/wp-content\/uploads\/2011\/07\/1515.jpg\" alt=\"\" width=\"322\" height=\"241\" \/><\/a><\/p>\n<p style=\"text-align: justify;\">MHP Genel Ba\u015fkan\u0131 Devlet Bah\u00e7eli, yemin krizinin \u00e7\u00f6z\u00fcm kulvar\u0131na girmesinin sevindirici oldu\u011funu belirterek &#8220;Tutuklu milletvekillerinin \u0131srarla ve yasal engel olmaks\u0131z\u0131n serbest b\u0131rak\u0131lmamas\u0131 hepimizin meselesi olmal\u0131d\u0131r. Mahkumiyeti onaylanmam\u0131\u015f, su\u00e7lu olup olmad\u0131klar\u0131yla ilgili hukuki netli\u011fin belli olmad\u0131\u011f\u0131 vekiller en ba\u015fta TBMM&#8217;nin onur konusudur&#8221; diye konu\u015ftu.<!--more--><\/p>\n<p style=\"text-align: justify;\">Ankara- MHP Genel Ba\u015fkan\u0131 Devlet Bah\u00e7eli, 61&#8217;nci h\u00fck\u00fcmet program\u0131yla ilgili Meclis Genel Kurulu&#8217;nda yapt\u0131\u011f\u0131 konu\u015fmada, yemin krizi ve ya\u015fanan geli\u015fmelerde ilgili de\u011ferlendirmelerde bulundu.<\/p>\n<p style=\"text-align: justify;\">TBMM&#8217;nin \u00e7at\u0131s\u0131 alt\u0131nda bulunmaktan iftihar ettikleri, millet iradesinin somutla\u015ft\u0131\u011f\u0131 kutlu bir mekan oldu\u011funu belirten Bah\u00e7eli, TBMM&#8217;nin de\u011ferini k\u00fc\u00e7\u00fcltecek, itibar\u0131n\u0131 d\u00fc\u015f\u00fcrecek ve derin manas\u0131n\u0131 incitecek her t\u00fcrl\u00fc \u00e7eki\u015fme ve tart\u0131\u015fmadan uzak tutulmas\u0131 gerekti\u011fini s\u00f6yledi. TBMM&#8217;nin d\u00fc\u015fman silahlar\u0131 tasallutu alt\u0131nda dahi aciz ve yetersiz olmad\u0131\u011f\u0131n\u0131 dile getiren Bah\u00e7eli &#8220;Her ne sebeple olursa olsun boykot ve protesto gibi sonu\u00e7suz eylemlerle de kar\u015f\u0131la\u015fmam\u0131\u015ft\u0131r. Ne var ki se\u00e7imden sonra yemin merasimindeki boykot ve protesto giri\u015fimleri maalesef Gazi meclisin manevi \u015fahsiyetini rencide etmi\u015ftir. Millet iradesinin i\u015fleyi\u015fini sakatlayan bu sorunun \u00e7\u00f6z\u00fcm kulvar\u0131na girmesi hepimiz a\u00e7\u0131s\u0131ndan sevindiricidir. Tutuklu milletvekillerinin \u0131srarla ve yasal engel olmaks\u0131z\u0131n serbest b\u0131rak\u0131lmamas\u0131 hepimizin meselesi olmal\u0131d\u0131r. Hukuk sisteminde adalet herkesin yarar\u0131na i\u015flemeli ve toplumun temel \u00e7\u0131karlar\u0131n\u0131 dikkate almal\u0131d\u0131r. Millet iradesinin d\u00f6rt duvar aras\u0131nda bulunuyor olmas\u0131, ileri demokrasi s\u00f6zlerini nas\u0131l okumam\u0131z gerekti\u011fiyle ilgili \u00f6nemli ipu\u00e7lar\u0131 vermektedir. Mahkumiyete onaylanmam\u0131\u015f, su\u00e7lu olup olmad\u0131klar\u0131yla ilgili hukuki netli\u011fin belli olmad\u0131\u011f\u0131 vekiller en ba\u015fta TBMM&#8217;nin onur konusudur. Bu itibarla iktidar\u0131yla muhalefetiyle siyasi ilke ve ahlak \u00f6l\u00e7\u00fclerinde bulu\u015fmak ve \u00e7\u00f6z\u00fcm odakl\u0131 pozisyon almak meclisin g\u00fcvenilirli\u011fini muhafaza etmek bak\u0131m\u0131ndan \u00f6nem arz etmektedir&#8221; diye konu\u015ftu.<\/p>\n<p style=\"text-align: justify;\"><a href=\"http:\/\/www.cumhuriyet.com.tr\/?hn=260322&amp;kw=%27Vekillerin+b%FDrak%FDlmamas%FD+onur+konusudur%27\" target=\"_blank\">Kaynak : Cumhuriyet Haber Portal\u0131<\/a><\/p>\n","protected":false},"excerpt":{"rendered":"<p style=\"text-align: center;\">\n<p style=\"text-align: justify;\">MHP Genel Ba\u015fkan\u0131 Devlet Bah\u00e7eli, yemin krizinin \u00e7\u00f6z\u00fcm kulvar\u0131na girmesinin sevindirici oldu\u011funu belirterek &#8220;Tutuklu milletvekillerinin \u0131srarla ve yasal engel olmaks\u0131z\u0131n serbest b\u0131rak\u0131lmamas\u0131 hepimizin meselesi olmal\u0131d\u0131r. Mahkumiyeti onaylanmam\u0131\u015f, su\u00e7lu olup olmad\u0131klar\u0131yla ilgili hukuki netli\u011fin belli olmad\u0131\u011f\u0131 vekiller en ba\u015fta TBMM&#8217;nin onur konusudur&#8221; diye konu\u015ftu.<\/p>\n","protected":false},"author":1,"featured_media":0,"comment_status":"open","ping_status":"open","sticky":false,"template":"","format":"standard","meta":{"footnotes":""},"categories":[105],"tags":[],"class_list":["post-36529","post","type-post","status-publish","format-standard","hentry","category-gundem","odd"],"_links":{"self":[{"href":"http:\/\/www.korhanyilmaz.com\/index.php?rest_route=\/wp\/v2\/posts\/36529","targetHints":{"allow":["GET"]}}],"collection":[{"href":"http:\/\/www.korhanyilmaz.com\/index.php?rest_route=\/wp\/v2\/posts"}],"about":[{"href":"http:\/\/www.korhanyilmaz.com\/index.php?rest_route=\/wp\/v2\/types\/post"}],"author":[{"embeddable":true,"href":"http:\/\/www.korhanyilmaz.com\/index.php?rest_route=\/wp\/v2\/users\/1"}],"replies":[{"embeddable":true,"href":"http:\/\/www.korhanyilmaz.com\/index.php?rest_route=%2Fwp%2Fv2%2Fcomments&post=36529"}],"version-history":[{"count":0,"href":"http:\/\/www.korhanyilmaz.com\/index.php?rest_route=\/wp\/v2\/posts\/36529\/revisions"}],"wp:attachment":[{"href":"http:\/\/www.korhanyilmaz.com\/index.php?rest_route=%2Fwp%2Fv2%2Fmedia&parent=36529"}],"wp:term":[{"taxonomy":"category","embeddable":true,"href":"http:\/\/www.korhanyilmaz.com\/index.php?rest_route=%2Fwp%2Fv2%2Fcategories&post=36529"},{"taxonomy":"post_tag","embeddable":true,"href":"http:\/\/www.korhanyilmaz.com\/index.php?rest_route=%2Fwp%2Fv2%2Ftags&post=36529"}],"curies":[{"name":"wp","href":"https:\/\/api.w.org\/{rel}","templated":true}]}}