{"id":36525,"date":"2011-07-11T22:22:47","date_gmt":"2011-07-11T19:22:47","guid":{"rendered":"http:\/\/www.korhanyilmaz.com\/?p=36525"},"modified":"2011-07-12T01:36:45","modified_gmt":"2011-07-11T22:36:45","slug":"erdogan-minareler-sungu-kubbeler-migfer","status":"publish","type":"post","link":"http:\/\/www.korhanyilmaz.com\/?p=36525","title":{"rendered":"Erdo\u011fan: Minareler s\u00fcng\u00fc, kubbeler mi\u011ffer&#8230;"},"content":{"rendered":"<p style=\"text-align: justify;\"><a href=\"http:\/\/www.korhanyilmaz.com\/wp-content\/uploads\/2011\/07\/1514.jpg\"  class=\"lightview\"><img loading=\"lazy\" decoding=\"async\" class=\"aligncenter size-full wp-image-36526\" src=\"http:\/\/www.korhanyilmaz.com\/wp-content\/uploads\/2011\/07\/1514.jpg\" alt=\"\" width=\"298\" height=\"189\" \/><\/a><\/p>\n<p style=\"text-align: justify;\">Ba\u015fbakan Erdo\u011fan, 10 ay hapis cezas\u0131 ald\u0131\u011f\u0131 Ziya G\u00f6kalp&#8217;in \u015fiirini bu kez Meclis Genel Kurulu&#8217;nda okudu. &#8220;Beni \u015fimdi yarg\u0131lananlarla ayn\u0131 kefeye koymak yanl\u0131\u015f&#8221; dedi.<\/p>\n<p style=\"text-align: justify;\">ANKARA &#8211; Ba\u015fbakan Recep Tayyip Erdo\u011fan, TBMM Genel Kurulu&#8217;nda 61. H\u00fck\u00fcmet&#8217;in program\u0131 \u00fczerindeki g\u00f6r\u00fc\u015fmelerde y\u00f6neltilen ele\u015ftirileri yan\u0131tlad\u0131.<\/p>\n<p style=\"text-align: justify;\">Erdo\u011fan, 10 ay hapis cezas\u0131 ald\u0131\u011f\u0131 Ziya G\u00f6kalp&#8217;in \u015fiirini bu kez Meclis Genel Kurulu&#8217;nda okudu. &#8220;Beni \u015fimdi yarg\u0131lananlarla ayn\u0131 kefeye koymak yanl\u0131\u015f&#8221; dedi. <!--more--><\/p>\n<p style=\"text-align: justify;\">Erdo\u011fan, &#8221;Benim \u015fahs\u0131mla alakal\u0131 konuda, \u015fu andaki yarg\u0131lananlarla beni ayn\u0131 kefeye koyma yanl\u0131\u015f\u0131na, bedbahtl\u0131\u011f\u0131na d\u00fc\u015f\u00fcyorsunuz. Ben neden dolay\u0131 10 ay yedim? Ziya G\u00f6kalp&#8217;in \u015fu \u015fiiri ve onun arkas\u0131ndaki \u015fu ifadelerimden dolay\u0131. Bunu burada tekrar okuyorum: &#8216;Minareler s\u00fcng\u00fc, kubbeler mi\u011ffer; camiler k\u0131\u015flam\u0131z, m\u00fcminler asker.&#8217; Bu \u015fiir&#8230; &#8216;Bir \u015fey beni sindiremez; G\u00f6kler, yerler a\u00e7\u0131lsa, \u00fczerimize tufanlar, yanarda\u011flar sa\u00e7\u0131lsa; Biz oyuz ki; iman\u0131yla \u00f6v\u00fcnd\u00fc\u011f\u00fcm\u00fcz ecdad\u0131m\u0131z, titretici \u015feylere hi\u00e7bir g\u00fcn diz \u00e7\u00f6kmemi\u015f; zaferlerin tapusu, Anadolu&#8217;nun tapusu, Malazgirt&#8217;ten ta \u00c7anakkale&#8217;ye iman\u0131n ge\u00e7ilmez kalesine kadar ecdad\u0131m\u0131z\u0131 zaferden zafere ko\u015fturan bu birliktir, bu beraberliktir.&#8217; Ben, bu ifadelerden dolay\u0131 10 y\u0131l yedim&#8221;  diye konu\u015ftu.<\/p>\n<p style=\"text-align: justify;\">Erdo\u011fan&#8217;\u0131n bu s\u00f6zlerinin ard\u0131ndan, AK Parti&#8217;li milletvekilleri aya\u011fa kalkarak uzun s\u00fcre kendisini alk\u0131\u015flad\u0131.<\/p>\n<p style=\"text-align: justify;\"><strong>&#8216;KEND\u0130M\u0130 YARGI SALONUNDA H\u0130SSETT\u0130M&#8217;<\/strong><\/p>\n<p style=\"text-align: justify;\">H\u00fck\u00fcmet program\u0131 \u00fczerindeki g\u00f6r\u00fc\u015f, \u00f6neri ve ele\u015ftirilerini Genel Kurul ile payla\u015faca\u011f\u0131n\u0131 zannetti\u011fi muhalefetin, program \u00fczerinde konu\u015fma f\u0131rsat\u0131 bulamad\u0131\u011f\u0131n\u0131 anlatan Erdo\u011fan, &#8221;Dolay\u0131s\u0131yla, h\u00fck\u00fcmet program\u0131yla ilgili burada en ufak bir \u015fey duymad\u0131m, dinlemedim&#8221; dedi.<\/p>\n<p style=\"text-align: justify;\">Kendisini, zaman zaman &#8221;adeta sanki yarg\u0131 salonunda hissetti\u011fini&#8221; ifade eden Erdo\u011fan, &#8221;\u00c7\u00fcnk\u00fc sadece burada bu konu\u015fuldu. Biz h\u00fck\u00fcmet program\u0131n\u0131 tart\u0131\u015faca\u011f\u0131m\u0131z\u0131 zannediyorduk ve ben buna ra\u011fmen yine de konu\u015fmac\u0131lara \u015fahs\u0131m, grubum ad\u0131na te\u015fekk\u00fcr ediyorum&#8221; ifadesini kulland\u0131.<\/p>\n<p style=\"text-align: justify;\">12 Haziran se\u00e7imlerinin T\u00fcrkiye&#8217;de her kesime \u00e7ok \u00f6nemli mesajlar verdi\u011fini vurgulayan Ba\u015fbakan Erdo\u011fan, &#8221;Bu mesajlar\u0131 alanlara ne mutlu. Ben burada \u00f6zellikle bir hususun alt\u0131na \u00e7izerek ifade etmek istiyorum; 1945&#8217;te T\u00fcrkiye \u00e7ok partili d\u00f6neme ad\u0131m att\u0131. 1950 y\u0131l\u0131nda ilk kez millet iradesi sa\u011fl\u0131kl\u0131 bir \u015fekilde sand\u0131\u011fa yans\u0131d\u0131&#8221; \u015feklinde konu\u015ftu.<\/p>\n<p style=\"text-align: justify;\">Erdo\u011fan, 1945&#8217;ten bug\u00fcne kadar demokrasinin ini\u015fli, \u00e7\u0131k\u0131\u015fl\u0131 d\u00f6nemlerden ge\u00e7ti\u011fini, \u00e7ok badireler atlatt\u0131\u011f\u0131n\u0131, m\u00fcdahaleler ya\u015fad\u0131\u011f\u0131n\u0131 belirterek, ya\u015fanan t\u00fcm sanc\u0131lara, ac\u0131lara, tart\u0131\u015fmalara ra\u011fmen demokrasinin s\u00fcrekli olgunla\u015ft\u0131\u011f\u0131n\u0131, s\u00fcrekli ilerleme kaydetti\u011fini ve standartlar\u0131n\u0131 her ge\u00e7en g\u00fcn daha da ileri seviyelere ta\u015f\u0131d\u0131\u011f\u0131n\u0131 anlatt\u0131. 12 Haziran se\u00e7imlerinin T\u00fcrkiye&#8217;ne demokrasinin ula\u015ft\u0131\u011f\u0131 seviyeyi ve sahip oldu\u011fu ileri standartlar\u0131 g\u00f6stermesi bak\u0131m\u0131ndan \u00f6zellikle \u00f6nemli oldu\u011funu ifade eden Erdo\u011fan, s\u00f6zlerini \u015f\u00f6yle s\u00fcrd\u00fcrd\u00fc:<\/p>\n<p style=\"text-align: justify;\"><strong>&#8216;MUHALEFET\u0130N Y\u00dcZDE 50 N\u0130YE AK PART\u0130&#8217;YE G\u0130TT\u0130 D\u00dc\u015e\u00dcNMES\u0130 LAZIM&#8217;<\/strong><\/p>\n<p style=\"text-align: justify;\">&#8221;\u0130ster profes\u00f6r, ister \u00e7oban, bu milletin her bir ferdi serbest\u00e7e oyunu kullan\u0131yor. Kendi h\u00fcr iradesiyle kendi tercihini yap\u0131yor. Millet se\u00e7imler yoluyla her tart\u0131\u015fmaya, her soru i\u015faretine, her anla\u015fmazl\u0131\u011fa ve uyu\u015fmazl\u0131\u011fa \u00e7ok net bir \u015fekilde hakemlik yap\u0131yor ve s\u00f6ylenmesi gerekeni en g\u00fczel \u015fekilde s\u00f6yl\u00fcyor. 12 Haziran ak\u015fam\u0131 sand\u0131klar\u0131n a\u00e7\u0131lmas\u0131 ve ortaya \u00e7\u0131kan tablo, &#8216;Egemenlik kay\u0131ts\u0131z, \u015farts\u0131z milletindir&#8217; ilkesine inan\u0131yorsak, yap\u0131lmas\u0131 gereken muhalefet ba\u015f\u0131n\u0131 iki elinin aras\u0131na alacak, &#8216;biz nerede, ne yanl\u0131\u015f yapt\u0131k da acaba y\u00fczde 50 AK Parti&#8217;ye gitti&#8217; diye bunu d\u00fc\u015f\u00fcnmesi laz\u0131m. Yani y\u00fczde 26 alacaks\u0131n, as\u0131p keseceksin. Y\u00fczde 13 alacaks\u0131n, as\u0131p keseceksin. Yok b\u00f6yle bir \u015fey. Egemenlik kay\u0131ts\u0131z, \u015farts\u0131z milletinse buna teslim olacaks\u0131n. \u0130ki ki\u015fiden bir ki\u015fi AK Parti&#8217;ye oy vermi\u015f.&#8221;<\/p>\n<p style=\"text-align: justify;\">Erdo\u011fan&#8217;\u0131n bu s\u00f6zlerine CHP&#8217;li milletvekilleri, &#8221;Teslim olmak ne demek&#8221; diye tepki g\u00f6sterdi.<\/p>\n<p style=\"text-align: justify;\">Milletin se\u00e7imler yoluyla her soru i\u015faretine, her anla\u015fmazl\u0131\u011fa ve uyu\u015fmazl\u0131\u011fa \u00e7ok net bir \u015fekilde hakemlik yapt\u0131\u011f\u0131n\u0131 anlatan Erdo\u011fan, &#8221;Bu hakemli\u011fin neticesidir 12 Haziran. Hakemli\u011fe kulak asmayanlar\u0131 hakem sahadan atar, ba\u011f\u0131r\u0131p \u00e7a\u011f\u0131rmayla bu i\u015f olmaz&#8221; diye konu\u015ftu.<\/p>\n<p style=\"text-align: justify;\">Ba\u015fbakan Erdo\u011fan, 12 Haziran se\u00e7imlerinde kat\u0131l\u0131m\u0131n y\u00fczde 87 gibi \u00e7ok y\u00fcksek bir orana ula\u015ft\u0131\u011f\u0131n\u0131 an\u0131msatarak, temsiliyetin y\u00fczde 95&#8217;lik bir oranla \u00e7ok kapsay\u0131c\u0131 bir \u015fekilde te\u015fekk\u00fcl etmesinin milletin basiretini a\u00e7\u0131k ve net olarak ortaya koydu\u011funu s\u00f6yledi.<\/p>\n<p style=\"text-align: justify;\"><strong>&#8216;BAK GELD\u0130N\u0130Z YEM\u0130N ETT\u0130N\u0130Z, NE OLDU?&#8217;<\/strong><\/p>\n<p style=\"text-align: justify;\">&#8221;Milletin sahip oldu\u011fu demokratik olgunlu\u011fun ayn\u0131 derecede parlamentoya ve siyasete de yans\u0131mas\u0131 en b\u00fcy\u00fck arzumuzdur&#8221; diyen Erdo\u011fan, \u015funlar\u0131 kaydetti:<\/p>\n<p style=\"text-align: justify;\">&#8221;Bug\u00fcn art\u0131k d\u00fcn\u00fcn s\u00f6ylemleriyle d\u00fcn\u00fcn kelimeleriyle d\u00fcne ait parametrelerle yolumuza devam edemeyiz. \u00c7at\u0131\u015fmaya, \u00e7eki\u015fmeye, birbirinin pa\u00e7as\u0131ndan tutarak a\u015fa\u011f\u0131ya \u00e7ekmeye, karalamaya, iftiraya dayal\u0131 bir siyaset anlay\u0131\u015f\u0131 T\u00fcrkiye&#8217;nin hak etti\u011fi bir siyaset anlay\u0131\u015f\u0131 de\u011fildir. Siyaset\u00e7iler, bunun alt\u0131n\u0131 \u00e7iziyorum, millet kadar vizyon ve ufuk sahibi olmak durumundad\u0131r. Siyaset kurumu, milletle ayn\u0131 frekans\u0131 tutturmal\u0131, ayn\u0131 y\u00f6ne bakmal\u0131, T\u00fcrkiye&#8217;nin ula\u015ft\u0131\u011f\u0131 standartlara paralel bir duru\u015f sergilemek zorundad\u0131r. \u015eu hususu her f\u0131rsatta ifade ettim: Demokrasilerde muhalefet en az iktidar kadar \u00f6nemlidir ama muhalefet konumunu bilemiyorsa marjinalle\u015fiyorsa o zaman bu \u00fclkede ileri demokrasiden bahsedemeyiz. Hele hele anamuhalefet marjinalle\u015firse bu b\u00fcy\u00fck tehlikedir. Siz kalkar da &#8216;\u0130ki arkada\u015f\u0131m\u0131z burada yemin etmedik\u00e7e biz yemin etmeyece\u011fiz&#8217; derseniz bu marjinal bir d\u00fc\u015f\u00fcncedir ve bak geldiniz yemin ettiniz, ne oldu?&#8221;<\/p>\n<p style=\"text-align: justify;\"><strong>&#8216;CHP 1940&#8217;LARI A\u015eAMADI&#8217;<\/strong><\/p>\n<p style=\"text-align: justify;\">Erdo\u011fan, 61. H\u00fck\u00fcmet&#8217;in program\u0131 \u00fczerindeki ele\u015ftirileri yan\u0131t verirken, CHP&#8217;li milletvekillerinin yemin konusundaki tavr\u0131n\u0131 ele\u015ftirerek, &#8221;Asl\u0131nda sizin bu salona girmemeniz, giremememiz gerekirdi. Bu \u0130\u00e7t\u00fcz\u00fck&#8217;te var. Bir \u0130\u00e7t\u00fcz\u00fck ihlali yap\u0131ld\u0131&#8221; dedi.<\/p>\n<p style=\"text-align: justify;\">CHP&#8217;li milletvekillerinin s\u00f6zlerine tepki g\u00f6stermesi \u00fczerine Erdo\u011fan, &#8221;Yemini ettikten sonra istedi\u011fin zaman girersin. Ama yemin etmedi\u011fin zaman durumun trib\u00fcndekiler gibidir. \u0130ktidar \u00f6n\u00fcne 2023 gibi bir vizyon koymu\u015fken muhalefet, hala o tart\u0131\u015fmalar\u0131 y\u00fcr\u00fct\u00fcyorsa, hala bunlar\u0131 y\u00fcr\u00fct\u00fcyorsa, hala eskinin meselelerine tak\u0131l\u0131p kal\u0131yorsa, 1940&#8217;lar\u0131 a\u015f\u0131p bug\u00fcnlere gelemiyorsa biz bunu \u00fclke ad\u0131na sa\u011fl\u0131kl\u0131 hizmet ortam\u0131 g\u00f6rmeyiz&#8217; diye konu\u015ftu.<\/p>\n<p style=\"text-align: justify;\">Muhalefetin en az iktidar kadar vizyon sahibi olmas\u0131 gerekti\u011fini, 12 Haziran se\u00e7imlerinden \u00e7\u0131kan en net mesaj\u0131n bu oldu\u011funu vurgulayan Erdo\u011fan, \u015f\u00f6yle devam etti:<\/p>\n<p style=\"text-align: justify;\">&#8221;Hala bir \u015fey \u00f6\u011frenmeyecek misiniz? \u0130\u015fte Kas\u0131m 2002 tablo ortada, geliyoruz 22 Temmuz&#8217;a tablo ortada, geliyoruz 12 Haziran&#8217;a tablo ortada. Bir kendi halinize bak\u0131n, bir de AK Parti&#8217;ye bak\u0131n. Her \u015fey ortada. Bu aziz, sevgili millet AK Parti&#8217;ye zikzak yapt\u0131rmad\u0131, hep t\u0131rmand\u0131rd\u0131 ama sizde istikrar yok. Onun i\u00e7in de sizi muhalefete mahkum etti. Burada d\u00fc\u015f\u00fcneceksiniz, &#8216;nerede yanl\u0131\u015f\u0131m\u0131z var&#8217; diye d\u00fc\u015f\u00fcneceksiniz. Biz hep bunu d\u00fc\u015f\u00fcnd\u00fck, bunu hep halk\u0131m\u0131zla payla\u015ft\u0131k. En geni\u015f manada kamuoyu ara\u015ft\u0131rmalar\u0131n\u0131 yapt\u0131rd\u0131k, acaba biz y\u00fczde 46 iken y\u00fczde 54 niye; y\u00fczde 34&#8217;de iken hemen ara\u015ft\u0131rd\u0131k y\u00fczde 66 niye? Buray\u0131 da bizim almam\u0131z laz\u0131m, bunlar\u0131n \u00fczerinde de bizim tasarrufumuzun olmas\u0131 laz\u0131m. Hep bunlar\u0131 \u00e7al\u0131\u015ft\u0131k. Devaml\u0131 ders \u00e7al\u0131\u015ft\u0131k. 81 vilayette biz var\u0131z. Ama siz 81 vilayete daha yeni yeni gitmeye ba\u015flad\u0131n\u0131z. Bundan dolay\u0131 da biz gururluyuz, seviniyoruz. Niye? Siyaseti 81 vilayette yapmam\u0131z laz\u0131m. Bunun s\u00fcrekli uyar\u0131s\u0131n\u0131 yapa yapa bug\u00fcne geldik. \u015eimdi CHP ilk kez bu se\u00e7imde bunu yapt\u0131. Dilerim ki MHP de yapar. MHP&#8217;nin de yapmas\u0131 laz\u0131m. Hep beraber bu illerin tamam\u0131nda bulunmak gerekir. Ben dersi ald\u0131m, gayet iyi de \u00e7al\u0131yor. Netice de ortada. Siz ne haldesiniz ona bak\u0131n.&#8221;<\/p>\n<p style=\"text-align: justify;\"><strong>&#8216;YETER K\u0130 B\u0130ZE AYAK BA\u011eI OLAN MESELELER\u0130 \u00c7\u00d6ZEL\u0130M&#8217;<\/strong><\/p>\n<p style=\"text-align: justify;\">Erdo\u011fan, ter\u00f6r\u00fcn bu \u00fclkeye maliyetinin 30 bine a\u015fk\u0131n insan\u0131n hayat\u0131n\u0131 kaybetmesinin yan\u0131nda bir hesaplamaya g\u00f6re 300 milyar dolar\u0131n \u00fczerinde ekonomik bedel oldu\u011funu kaydederek, \u015f\u00f6yle konu\u015ftu:<\/p>\n<p style=\"text-align: justify;\">&#8221;Bu 300 milyar dolar ekonomiye, \u00f6zellikle de istihdama harcanm\u0131\u015f olsayd\u0131 bug\u00fcn T\u00fcrkiye nerelerde olurdu? Ben bunu muhayyilenize b\u0131rak\u0131yorum. Ter\u00f6r\u00fcn yan\u0131nda modern, demokratik, kat\u0131l\u0131mc\u0131, \u00f6zg\u00fcrl\u00fck\u00e7\u00fc bir Anayasam\u0131z\u0131n olmamas\u0131, en az ter\u00f6r kadar \u00fclkeye bedel \u00f6detmi\u015ftir, maliyet y\u00fcklemi\u015ftir. Enflasyondan faizlere, yat\u0131r\u0131mlardan bor\u00e7lanmaya kadar ekonomiyi, g\u00fcnl\u00fck hayat\u0131, soka\u011f\u0131, mutfa\u011f\u0131 ilgilendiren her g\u00f6sterge, ge\u00e7mi\u015fte ya\u015fanan istikrars\u0131zl\u0131k ve g\u00fcvensizlik ortamlar\u0131ndan ziyadesiyle etkinlenmi\u015ftir. Son 9 y\u0131lda kaydetti\u011fimiz ilerleme, istikrar\u0131n, g\u00fcven ortam\u0131n\u0131n, demokratikle\u015fme alan\u0131nda att\u0131\u011f\u0131m\u0131z ad\u0131mlar\u0131n, aktif d\u0131\u015f politikan\u0131n bir neticesidir.<\/p>\n<p style=\"text-align: justify;\">Anayasa ve ter\u00f6r sorununu da geride b\u0131rakt\u0131\u011f\u0131m\u0131zda inan\u0131n T\u00fcrkiye t\u00fcm zincirlerinden kurtulmu\u015f ve bu \u015fekilde de gelece\u011fe y\u00fcr\u00fcyecektir. Bunu b\u00f6yle bilmenizi isterim. Yeter ki safralar\u0131m\u0131z\u0131 atal\u0131m, yeter ki y\u00fcklerimizden kurtulal\u0131m, yeter ki bize ayak ba\u011f\u0131 olan meseleleri \u00e7\u00f6zelim, bize engelleyen, bizi yava\u015flatan sorunlar\u0131 geride b\u0131rakal\u0131m.&#8221;<\/p>\n<p style=\"text-align: justify;\"><strong>&#8216;ATAT\u00dcRK TAL\u0130MAT VER\u0130YOR, \u0130N\u00d6N\u00dc YAPMIYOR&#8217;<\/strong><\/p>\n<p style=\"text-align: justify;\">Erdo\u011fan, &#8221;Program ile ilgili &#8216;Hep bu programda -cek, -cak var&#8217; dendi\u011fini&#8221; ifade ederek, &#8221;Gelecek zaman sigas\u0131d\u0131r -cek, -cak. Biz 2023&#8217;\u00fc ve onun \u00f6n\u00fcnde 4 y\u0131l\u0131 konu\u015fuyoruz. Tabii -cek, -cak diyece\u011fiz. \u015eimdiki zaman sigas\u0131yla veya ge\u00e7mi\u015f zaman sigas\u0131yla konu\u015fulmaz. Ama 9 y\u0131lda yapt\u0131klar\u0131m\u0131z da var bu program\u0131n i\u00e7inde, herhalde bunu da okumu\u015fsunuzdur. Okuduysan\u0131z orada neler yapt\u0131\u011f\u0131m\u0131z\u0131 da g\u00f6r\u00fcyorsunuz. U\u00e7aklarla u\u00e7uyorsunuz, yollardan gidip geliyorsunuz, \u015fu barajlardan sular i\u00e7iyorsunuz. Art\u0131k bunlar\u0131 g\u00f6rmemezlikten gelmeyin. Marifet iltifata tabidir. Art\u0131k bunlar\u0131 da g\u00f6r\u00fcn. \u015eu Hastanelerin, okullar\u0131n halini g\u00f6r&#8221; diye konu\u015ftu.<\/p>\n<p style=\"text-align: justify;\">CHP Grup Ba\u015fkanvekili Muharrem \u0130nce&#8217;nin kendisine laf atmas\u0131 \u00fczerine, Erdo\u011fan, &#8221;Ge\u00e7 o i\u015fi. Ne alakas\u0131 var. \u0130smet Pa\u015fa&#8217;n\u0131n sayesinde bu \u00fclkenin ne bedeller \u00f6dedi\u011fini de biz biliyoruz. Hadi ge\u00e7, ge\u00e7 o i\u015fi. Gazi Mustafa Kemal Atat\u00fcrk, Konya Alaattin Camii ile alakal\u0131 olarak \u0130n\u00f6n\u00fc&#8217;ye talimat veriyor, &#8216;Buray\u0131 restore ettir&#8217; diyor. \u00c7\u00fcnk\u00fc ah\u0131r olarak kullan\u0131l\u0131yordu. Temizletmiyor, restorasyonunu yapt\u0131rtm\u0131yor. Ebediyete intikal ediyor Atat\u00fcrk, oray\u0131 restore etmek de bize kal\u0131yor. Bundan da haberin var m\u0131? Hepsi belge, b\u00f6lge&#8230; Benim miad\u0131m belgelerle konu\u015fmakt\u0131r, havada tavada de\u011fil. Bunlar\u0131 \u00f6\u011freneceksiniz&#8221; kar\u015f\u0131l\u0131\u011f\u0131n\u0131 verdi.<\/p>\n<p style=\"text-align: justify;\"><strong>&#8216;G\u00dcR\u00dcZ&#8217;\u00dcN, TEZ\u0130\u00c7&#8217;\u0130N OLDU\u011eU ZAMANLARDA NEDEN S\u00d6YLEM\u0130YORSUNUZ?&#8217;<\/strong><\/p>\n<p style=\"text-align: justify;\">76 \u00fcniversiteye 89 \u00fcniversite ilave ettiklerini belirten Erdo\u011fan, \u00f6zel sekt\u00f6r\u00fcn de \u00fcniversite kurabilece\u011fini hat\u0131rlatt\u0131. Erdo\u011fan, \u015funlar\u0131 s\u00f6yledi:<\/p>\n<p style=\"text-align: justify;\">&#8221;Say\u0131n Genel Ba\u015fkan K\u0131l\u0131\u00e7daro\u011flu burada bir ifade kulland\u0131. Diyor ki &#8216;gelin \u00fcniversiteler rekt\u00f6rlerini kendileri se\u00e7sin.&#8217; Bunu \u015fimdi s\u00f6yl\u00fcyorsunuz de\u011fil mi? Bunu Kemal G\u00fcr\u00fcz&#8217;\u00fcn oldu\u011fu yerde, Tezi\u00e7&#8217;in oldu\u011fu zamanlarda neden s\u00f6ylemiyorsunuz? O zaman CHP yok muydu, o zaman neden s\u00f6ylemediniz? \u015eimdi mi geldi akl\u0131n\u0131z ba\u015f\u0131n\u0131za? \u00c7\u0131kt\u0131lar, &#8216;biz Y\u00d6K&#8217;\u00fc kald\u0131raca\u011f\u0131z.&#8217; Kusura bakmay\u0131n, Y\u00d6K&#8217;\u00fc biz reforme ederiz ama Y\u00d6K&#8217;\u00fc niye kald\u0131ral\u0131m. Bu \u00fcniversitelerin bir denetimi, d\u00fczenlemesi gerekmez mi? Rekt\u00f6rlerin atamas\u0131, vesairesi&#8230; Bunlar\u0131n hepsini konu\u015furuz. Bunlar\u0131n hepsini \u00fcniversiteler kendileri yaps\u0131n. \u0130mtihanlar nas\u0131l yap\u0131lacak, bunlar\u0131n hepsini oturur, konu\u015furuz. Hepsi&#8230; Eyvallah ama bir denetleyen, d\u00fczenleyen kurumun olmas\u0131 bu i\u015fin gere\u011fidir. Kald\u0131 ki Y\u00d6K&#8217;\u00fc kuran biz de\u011filiz ve Y\u00d6K&#8217;ten en \u00e7ok nemalanan sizsiniz, sizsiniz.&#8221;<\/p>\n<p style=\"text-align: justify;\"><strong>&#8216;BAH\u00c7EL\u0130&#8217;DEN BA\u015eBAKAN ERDO\u011eAN&#8217;A ALKI\u015e&#8217;<\/strong><\/p>\n<p style=\"text-align: justify;\">Ba\u015fbakan Erdo\u011fan, MHP Genel Ba\u015fkan\u0131 Devlet Bah\u00e7eli&#8217;nin &#8221;dil noktas\u0131nda&#8221; hassasiyet g\u00f6sterdi\u011fini ifade ederek, &#8221;Her zaman s\u00f6yl\u00fcyoruz Say\u0131n Bah\u00e7eli; bu \u00fclkenin resmi dili T\u00fcrk\u00e7e&#8217;dir ama herkes ana dilini rahatl\u0131kla kullanabilmeli&#8221; dedi.<\/p>\n<p style=\"text-align: justify;\">Erdo\u011fan&#8217;\u0131n bu s\u00f6zlerini AK Parti&#8217;li milletvekillerinin yan\u0131s\u0131ra, Bah\u00e7eli ba\u015fta olmak \u00fczere MHP&#8217;li milletvekilleri de alk\u0131\u015flad\u0131.<\/p>\n<p style=\"text-align: justify;\">Y\u00fcr\u00fctme ile birlikte yasama ve yarg\u0131n\u0131n da ayn\u0131 vizyonu payla\u015fmas\u0131 i\u00e7in, hukuk ve demokrasi i\u00e7inde m\u00fccadelelerini s\u00fcrd\u00fcreceklerini ifade eden Erdo\u011fan, 3. d\u00f6nemlerinde muhalefet partileri ile farkl\u0131 bir tarzda, formatta \u00e7al\u0131\u015fmak arzusunda olduklar\u0131n\u0131 bildirdi. Erdo\u011fan, &#8221;E\u011fer \u00e7al\u0131\u015f\u0131rlarsa&#8230; 2023 vizyonuna muhalefet partileri ile el ele, g\u00f6n\u00fcl birli\u011fi i\u00e7erisinde haz\u0131rlanmak isteriz. K\u0131r\u0131c\u0131, y\u0131prat\u0131c\u0131, tahrik edici bir dil ve \u00fcslup yerine, yap\u0131c\u0131, yol g\u00f6sterici, uyar\u0131c\u0131 bir ele\u015ftiri ve muhalefet k\u00fclt\u00fcr\u00fcn\u00fcn siyasetimize egemen olmas\u0131n\u0131 istiyoruz&#8221; a\u00e7\u0131klamas\u0131nda bulundu.<\/p>\n<p style=\"text-align: justify;\">Ba\u015fbakan Erdo\u011fan, H\u00fck\u00fcmet program\u0131n\u0131n toplumun t\u00fcm kesimlerinde ve i\u015f d\u00fcnyas\u0131nda oldu\u011fu kadar b\u00f6lgede de yeni bir heyecana vesile oldu\u011funu belirterek, bu program\u0131; toplumun t\u00fcm kesimleri, siyasi partiler, sivil toplum \u00f6rg\u00fctleri, i\u015f d\u00fcnyas\u0131, \u00fcniversiteler, medya ve kanaat \u00f6nderleri ile birlikte y\u00fcr\u00fcteceklerini kaydetti.<\/p>\n<p style=\"text-align: justify;\">12 Haziran se\u00e7imleriyle T\u00fcrkiye&#8217;de yeni bir sayfan\u0131n a\u00e7\u0131ld\u0131\u011f\u0131na inand\u0131klar\u0131n\u0131 belirten Erdo\u011fan, &#8221;Art\u0131k hedef, bu yeni sayfay\u0131, \u00fczerini gayet ihtimamla doldurmakt\u0131r&#8221; diye konu\u015ftu.<\/p>\n<p style=\"text-align: justify;\"><strong>&#8216;B\u0130Z D\u0130N\u0130 YA\u015eARIZ, T\u00dcCCARLI\u011eINI S\u0130Z YAPARSINIZ&#8217;<\/strong><\/p>\n<p style=\"text-align: justify;\">Ba\u015fbakan Erdo\u011fan, AK Parti h\u00fck\u00fcmetlerinin bu 4. program\u0131n\u0131n, di\u011ferleri gibi ula\u015f\u0131labilir, ger\u00e7ekle\u015febilir, aya\u011f\u0131 yere basan projelerden olu\u015ftu\u011funu ifade ederek, yapamayacaklar\u0131 hi\u00e7 bir \u015feyi s\u00f6ylemediklerini bildirdi. Erdo\u011fan, &#8221;Hayal ticareti, umut simsarl\u0131\u011f\u0131 hi\u00e7 bir zaman yapmad\u0131k, yapm\u0131yoruz. \u0130mkanlar\u0131n kaynaklar\u0131n\u0131&#8230;&#8221; diye konu\u015ftu.<\/p>\n<p style=\"text-align: justify;\">Erdo\u011fan, muhalefet s\u0131ralar\u0131ndan, &#8221;din t\u00fcccarl\u0131\u011f\u0131&#8221; \u015feklinde laf at\u0131lmas\u0131 \u00fczerine, &#8221;Bak\u0131n \u00e7ok ay\u0131p oluyor. Biz dini ya\u015far\u0131z, t\u00fcccarl\u0131\u011f\u0131n\u0131 siz yapars\u0131n\u0131z&#8221; kar\u015f\u0131l\u0131\u011f\u0131n\u0131 verdi.<\/p>\n<p style=\"text-align: justify;\">T\u00fcrkiye&#8217;nin tarihiyle, k\u00fclt\u00fcr\u00fcyle oldu\u011fu kadar milletiyle ve tecr\u00fcbesiyle de b\u00fcy\u00fck bir devlet oldu\u011funu ifade eden Erdo\u011fan, &#8221;Yeni bir Anayasayla biz bu karde\u015fli\u011fi b\u00fcy\u00fctelim istiyoruz&#8221; dedi.<\/p>\n<p style=\"text-align: justify;\"><strong>&#8216;SAYIN BAH\u00c7EL\u0130 S\u0130Z\u0130N D\u00d6NEM\u0130N\u0130ZDE DE \u0130MRALI \u0130LE G\u00d6R\u00dc\u015e\u00dcLD\u00dc&#8217;<\/strong><\/p>\n<p style=\"text-align: justify;\">&#8221;\u0130mral\u0131 ile pazarl\u0131k meselesi konusu beni ciddi manada rahats\u0131z ediyor&#8221; diyen Ba\u015fbakan Erdo\u011fan, &#8221;Bak\u0131n\u0131z 3,5 y\u0131ll\u0131k iktidar\u0131n\u0131z d\u00f6neminde \u0130mral\u0131 ile de g\u00f6r\u00fc\u015fmeler yap\u0131lm\u0131\u015ft\u0131r say\u0131n Bah\u00e7eli. Bizim d\u00f6nemimizde de&#8230; Bunun pazarl\u0131k olup olmad\u0131\u011f\u0131n\u0131 size kim s\u00f6yl\u00fcyor? Avukat\u0131yla g\u00f6r\u00fc\u015fmesi yasak m\u0131d\u0131r?&#8221; diye sordu.<\/p>\n<p style=\"text-align: justify;\">MHP s\u0131ralar\u0131ndan &#8221;yalanlay\u0131n o zaman?&#8221; s\u00f6zlerine, Erdo\u011fan, &#8221;Biz bunu her zaman yalanlad\u0131k, bunun gere\u011fini s\u00f6yledik&#8221; kar\u015f\u0131l\u0131\u011f\u0131n\u0131 verdi.<\/p>\n<p style=\"text-align: justify;\">Erdo\u011fan, &#8221;\u0130dam kalkmam\u0131\u015ft\u0131, iktidar\u0131n\u0131z d\u00f6nemiydi, ni\u00e7in idam\u0131n\u0131 ertelediniz? Siz ertelediniz. B\u00fct\u00fcn imzalarla belgelerini size ka\u00e7 kez g\u00f6sterdim&#8221; dedi. &#8221;Hikaye&#8221; \u015feklinde laf at\u0131lmas\u0131 \u00fczerine, Ba\u015fbakan Erdo\u011fan, &#8221;Size g\u00f6re hikaye bize g\u00f6re ger\u00e7ek. Belgeler elimizde. Bunu ka\u00e7 kez g\u00f6sterdik&#8221; \u015feklinde konu\u015ftu.<\/p>\n<p style=\"text-align: justify;\">Erdo\u011fan, &#8221;Birka\u00e7 kez say\u0131n Bah\u00e7eli \u00e7ok a\u011f\u0131r ifadeler kulland\u0131 ve ben meydanlarda kendilerine, kusura bakmas\u0131nlar, \u00e7ok a\u011f\u0131r cevap verdim. Dedim ki: &#8216;Bunu ispat edin, ispat etmezseniz&#8230;&#8217; dedim&#8221; dedi. MHP s\u0131ralar\u0131ndan gelen &#8221;itiraf ettiniz&#8221; s\u00f6zlerine \u00fczerine, Ba\u015fbakan Erdo\u011fan, &#8221;Hi\u00e7bir yerde b\u00f6yle bir itiraf yok. Biz bug\u00fcne kadar hi\u00e7bir ter\u00f6r \u00f6rg\u00fct\u00fcn\u00fcn y\u00f6neticileriyle masaya oturmad\u0131k. O size ait olan bir \u015fey. Ertelerseniz, \u00f6telersiniz ama bizim kitab\u0131m\u0131zda bu olmam\u0131\u015ft\u0131r&#8221; diye konu\u015ftu. MHP Grubundan gelen itirazlara Ba\u015fbakan Erdo\u011fan, &#8221;Yalan s\u00f6yl\u00fcyorsun, d\u00fcr\u00fcst de\u011filsin, do\u011fru konu\u015fmuyorsun&#8221; kar\u015f\u0131l\u0131\u011f\u0131n\u0131 verdi. Ba\u015fbakan Erdo\u011fan, &#8221;G\u00fcneydo\u011fu&#8217;da Do\u011fu&#8217;da her yerde &#8216;tek millet, tek bayrak, tek devlet, tek vatan&#8217; diyen biziz Say\u0131n Bah\u00e7eli. &#8216;T\u00fcrkiyeliyim&#8217; demekten de rahats\u0131z de\u011filim. Hi\u00e7 rahats\u0131z de\u011filim. Ben bu vatan\u0131n, milletin evlad\u0131y\u0131m ve T\u00fcrkiyeliyim, bundan da rahats\u0131z de\u011filim. Millet kavram\u0131n\u0131 da l\u00fctfen Atat\u00fcrk&#8217;e sorun. Onun millet kavram\u0131 neyse o tan\u0131m\u0131 al\u0131p onunla beraber yola devam edelim&#8221; diye konu\u015ftu.<\/p>\n<p style=\"text-align: justify;\"><strong>&#8216;M\u0130NARELER S\u00dcNG\u00dc, KUBBELER M\u0130\u011eFER&#8230;&#8217;<\/strong><\/p>\n<p style=\"text-align: justify;\">Erdo\u011fan, s\u00f6zlerini \u015f\u00f6yle s\u00fcrd\u00fcrd\u00fc:<\/p>\n<p style=\"text-align: justify;\">&#8221;Benim \u015fahs\u0131mla alakal\u0131 konuda, \u015fu andaki yarg\u0131lananlarla beni ayn\u0131 kefeye koyma yanl\u0131\u015f\u0131na, bedbahtl\u0131\u011f\u0131na d\u00fc\u015f\u00fcyorsunuz. Ben neden dolay\u0131 10 ay yedim? Ziya G\u00f6kalp&#8217;in \u015fu \u015fiiri ve onun arkas\u0131ndaki \u015fu ifadelerimden dolay\u0131. Bunu burada tekrar okuyorum: &#8216;Minareler s\u00fcng\u00fc, kubbeler mi\u011ffer; camiler k\u0131\u015flam\u0131z, m\u00fcminler asker.&#8217; Bu \u015fiir&#8230; &#8216;Bir \u015fey beni sindiremez; G\u00f6kler, yerler a\u00e7\u0131lsa, \u00fczerimize tufanlar, yanarda\u011flar sa\u00e7\u0131lsa; Biz oyuz ki; iman\u0131yla \u00f6v\u00fcnd\u00fc\u011f\u00fcm\u00fcz ecdad\u0131m\u0131z, titretici \u015feylere hi\u00e7bir g\u00fcn diz \u00e7\u00f6kmemi\u015f; zaferlerin tapusu, Anadolu&#8217;nun tapusu, Malazgirt&#8217;ten ta \u00c7anakkale&#8217;ye iman\u0131n ge\u00e7ilmez kalesine kadar ecdad\u0131m\u0131z\u0131 zaferden zafere ko\u015fturan bu birliktir, bu beraberliktir.&#8217; Ben, bu ifadelerden dolay\u0131 10 y\u0131l yedim.&#8221;<\/p>\n<p style=\"text-align: justify;\">Erdo\u011fan&#8217;\u0131n bu s\u00f6zlerinin ard\u0131ndan, AK Parti&#8217;li milletvekilleri aya\u011fa kalkarak uzun s\u00fcre kendisini alk\u0131\u015flad\u0131. Erdo\u011fan, &#8221;Fakat sizin savundu\u011funuz arkada\u015flar\u0131n\u0131z acaba neden dolay\u0131 \u015fu anda san\u0131k durumundalar. Yarg\u0131ya da m\u00fcdahale etmeyin&#8221; dedi.<\/p>\n<p style=\"text-align: justify;\">Ba\u015fbakan Erdo\u011fan, \u015funlar\u0131 kaydetti:<\/p>\n<p style=\"text-align: justify;\">&#8221;Say\u0131n K\u0131l\u0131\u00e7daro\u011flu, &#8216;haklar\u0131nda yarg\u0131 karar\u0131 bulunanlar su\u00e7lu muydu yemin ettirilmedi&#8217; dedi ve Anayasan\u0131n 38. maddesini okudu. Bu ki\u015filer aday g\u00f6sterildiklerinde haklar\u0131nda dava a\u00e7\u0131lm\u0131\u015f, iddianame haz\u0131rlanm\u0131\u015f, tutuklu olduklar\u0131 biliniyor. Buna ra\u011fmen adeta hukukun arkas\u0131na dolanmak, adeta Silivri&#8217;ye genel merkezden bir t\u00fcnel kazmak amac\u0131yla bu \u015fah\u0131slar aday g\u00f6steriliyor. 12 Haziran se\u00e7imleri \u00f6ncesinde bir televizyon program\u0131nda say\u0131n K\u0131l\u0131\u00e7daro\u011flu&#8217;na &#8216;se\u00e7ildikleri halde yarg\u0131 bu isimleri b\u0131rakmazsa ne yapars\u0131n\u0131z?&#8217; deniliyor.<\/p>\n<p style=\"text-align: justify;\">Say\u0131n K\u0131l\u0131\u00e7daro\u011flu, &#8216;yarg\u0131 kararlar\u0131na sayg\u0131 duyar\u0131z&#8217; diyor. Gayet a\u00e7\u0131k. Peki \u015fimdi ne oldu? Yarg\u0131 karar\u0131na neden sayg\u0131 duyulmuyor. Se\u00e7ildikten sonra tahliye talepleri reddedilenler hakk\u0131nda h\u00fck\u00fcmet ne yapabilir? Bizden beklenen ne? Yarg\u0131ya m\u00fcdahale etmemiz mi bekleniyor? Hakimleri, mahkemeleri aramam\u0131z m\u0131 isteniyor? Bunu siz yapabilirsiniz ama biz yap\u0131lmas\u0131na m\u00fcsaade etmeyiz. Say\u0131n Genel Ba\u015fkan bana Anayasan\u0131n 38. maddesini hat\u0131rlat\u0131yor. Ben de say\u0131n Genel Ba\u015fkan&#8217;a Anayasan\u0131n 138. maddesini hat\u0131rlat\u0131yorum; &#8216;Hi\u00e7bir organ, makam, merci veya ki\u015fi yarg\u0131 yetkisinin kullan\u0131lmas\u0131nda mahkemelere ve hakimlere emir ve talimat veremez, genelge g\u00f6nderemez, tavsiye ve telkinde bulunamaz.&#8217; \u00dc\u00e7\u00fcnc\u00fc f\u0131kra; &#8216;G\u00f6r\u00fclmekte olan bir dava hakk\u0131nda yasama Meclisinde yarg\u0131 yetkisinin kullan\u0131lmas\u0131yla ilgili soru sorulamaz, g\u00f6r\u00fc\u015fme yap\u0131lamaz veya herhangi bir beyanda bulunulamaz.&#8217; Olay budur ve teknik bir konudur. B\u0131rakal\u0131m yarg\u0131 ne karar verecekse onu takip edelim.&#8221; Ba\u015fbakan Erdo\u011fan, s\u00fcrenin doldu\u011funu belirterek, s\u00f6zlerini bitirdi.<\/p>\n<p style=\"text-align: justify;\"><a href=\"http:\/\/www.ntvmsnbc.com\/id\/25231432\/\" target=\"_blank\">Kaynak : NTVMSNBC<\/a><\/p>\n","protected":false},"excerpt":{"rendered":"<p style=\"text-align: justify;\">\n<p style=\"text-align: justify;\">Ba\u015fbakan Erdo\u011fan, 10 ay hapis cezas\u0131 ald\u0131\u011f\u0131 Ziya G\u00f6kalp&#8217;in \u015fiirini bu kez Meclis Genel Kurulu&#8217;nda okudu. &#8220;Beni \u015fimdi yarg\u0131lananlarla ayn\u0131 kefeye koymak yanl\u0131\u015f&#8221; dedi.<\/p>\n<p style=\"text-align: justify;\">ANKARA &#8211; Ba\u015fbakan Recep Tayyip Erdo\u011fan, TBMM Genel Kurulu&#8217;nda 61. H\u00fck\u00fcmet&#8217;in program\u0131 \u00fczerindeki g\u00f6r\u00fc\u015fmelerde y\u00f6neltilen ele\u015ftirileri yan\u0131tlad\u0131.<\/p>\n<p style=\"text-align: justify;\">Erdo\u011fan, 10 ay hapis cezas\u0131 <\/p>\n","protected":false},"author":1,"featured_media":0,"comment_status":"open","ping_status":"open","sticky":false,"template":"","format":"standard","meta":{"footnotes":""},"categories":[105],"tags":[],"class_list":["post-36525","post","type-post","status-publish","format-standard","hentry","category-gundem","odd"],"_links":{"self":[{"href":"http:\/\/www.korhanyilmaz.com\/index.php?rest_route=\/wp\/v2\/posts\/36525","targetHints":{"allow":["GET"]}}],"collection":[{"href":"http:\/\/www.korhanyilmaz.com\/index.php?rest_route=\/wp\/v2\/posts"}],"about":[{"href":"http:\/\/www.korhanyilmaz.com\/index.php?rest_route=\/wp\/v2\/types\/post"}],"author":[{"embeddable":true,"href":"http:\/\/www.korhanyilmaz.com\/index.php?rest_route=\/wp\/v2\/users\/1"}],"replies":[{"embeddable":true,"href":"http:\/\/www.korhanyilmaz.com\/index.php?rest_route=%2Fwp%2Fv2%2Fcomments&post=36525"}],"version-history":[{"count":0,"href":"http:\/\/www.korhanyilmaz.com\/index.php?rest_route=\/wp\/v2\/posts\/36525\/revisions"}],"wp:attachment":[{"href":"http:\/\/www.korhanyilmaz.com\/index.php?rest_route=%2Fwp%2Fv2%2Fmedia&parent=36525"}],"wp:term":[{"taxonomy":"category","embeddable":true,"href":"http:\/\/www.korhanyilmaz.com\/index.php?rest_route=%2Fwp%2Fv2%2Fcategories&post=36525"},{"taxonomy":"post_tag","embeddable":true,"href":"http:\/\/www.korhanyilmaz.com\/index.php?rest_route=%2Fwp%2Fv2%2Ftags&post=36525"}],"curies":[{"name":"wp","href":"https:\/\/api.w.org\/{rel}","templated":true}]}}