{"id":36520,"date":"2011-04-12T23:59:12","date_gmt":"2011-04-12T20:59:12","guid":{"rendered":"http:\/\/www.korhanyilmaz.com\/?p=36520"},"modified":"2011-07-12T01:09:46","modified_gmt":"2011-07-11T22:09:46","slug":"basbakanin-strasbourg-konusmasi","status":"publish","type":"post","link":"http:\/\/www.korhanyilmaz.com\/?p=36520","title":{"rendered":"Ba\u015fbakan`\u0131n Strasbourg konu\u015fmas\u0131"},"content":{"rendered":"<p style=\"text-align: center;\"><a href=\"http:\/\/www.korhanyilmaz.com\/wp-content\/uploads\/2011\/04\/1513.jpg\"  class=\"lightview\"><img loading=\"lazy\" decoding=\"async\" class=\"aligncenter size-full wp-image-36523\" src=\"http:\/\/www.korhanyilmaz.com\/wp-content\/uploads\/2011\/04\/1513.jpg\" alt=\"\" width=\"347\" height=\"242\" \/><\/a><\/p>\n<p style=\"text-align: justify;\">Ba\u015fbakan Erdo\u011fan, Fransa`n\u0131n Strasburg kentinde d\u00fczenlenen konferansta vatanda\u015flara seslendi. Erdo\u011fan gurbet\u00e7i vatanda\u015falar bir dizi \u00e7a\u011fr\u0131da bulundu.<\/p>\n<p style=\"text-align: justify;\">Ba\u015fbakan Recep Tayyip Erdo\u011fan, Strasbourg`daki T\u00fcrk vatanda\u015flar\u0131na hitap ederken &#8220;Sizler bizim Avrupa`daki temsilcilerimiz, Avrupa`ya a\u00e7\u0131lan penceremiz oldunuz. Sizler bizim Bat\u0131`ya bakan y\u00fcz\u00fcm\u00fcz, modern y\u00f6n\u00fcm\u00fcz oldunuz. Sizler, birileri istemese de, Avrupa Birli\u011fi`nde bizim \u00fcyelerimiz oldunuz&#8220; dedi.<!--more--><\/p>\n<p style=\"text-align: justify;\">Avrupa Konseyi Parlamenterler Meclisi Genel Kurulu`na kat\u0131lmak \u00fczere Fransa`n\u0131n Strasbourg kentine gelen Erdo\u011fan, Rhenus Sport`da &#8220;Vatanda\u015f Bulu\u015fmas\u0131&#8220;na kat\u0131ld\u0131.<\/p>\n<p style=\"text-align: justify;\">Ba\u015fbakan Erdo\u011fan, buradaki konu\u015fmas\u0131nda, &#8220;kalbi gurbette \u00e7arpan\u0131n, g\u00f6nl\u00fcn\u00fcn s\u0131lada yand\u0131\u011f\u0131n\u0131&#8220; ifade ederek, T\u00fcrk vatanda\u015flar\u0131n\u0131n on y\u0131llar \u00f6nce evini, bark\u0131n\u0131, topra\u011f\u0131n\u0131, anne babas\u0131n\u0131, e\u015f ve \u00e7ocuklar\u0131n\u0131 geride b\u0131rakarak gurbet ellere geldiklerini belirtti.<\/p>\n<p style=\"text-align: justify;\">Erdo\u011fan, s\u00f6zlerini \u015f\u00f6yle s\u00fcrd\u00fcrd\u00fc:<\/p>\n<p style=\"text-align: justify;\">&#8220;\u00c7ok zor g\u00fcnler ge\u00e7irdiniz, zor \u015fartlarda tutunma m\u00fccadelesi verdiniz. S\u0131laya hasret bir yana yabanc\u0131 olman\u0131n, T\u00fcrk olman\u0131n, M\u00fcsl\u00fcman olman\u0131n, emek\u00e7i olman\u0131n a\u011f\u0131rl\u0131\u011f\u0131n\u0131 y\u00fcre\u011finizde hissettiniz. Ekmek paras\u0131 i\u00e7in al\u0131n teri d\u00f6kerken kula\u011f\u0131n\u0131z ana vatanda, g\u00f6z\u00fcn\u00fcz, g\u00f6nl\u00fcn\u00fcz ana vatanda, \u00f6zleme, hasrete g\u00f6\u011f\u00fcs gerdiniz. \u015eundan l\u00fctfen emin olunuz ana vatandaki karde\u015fleriniz sizlerle her zaman gurur duydular. T\u00fcrkiye`de karde\u015fleriniz sizlerin h\u00fczn\u00fcn\u00fc, sevincini sizlerle birlikte payla\u015ft\u0131lar. Sizin mutlulu\u011funuz, bizim mutlulu\u011fumuz oldu. Gurbette sizin ac\u0131n\u0131z, s\u0131lada bizim ac\u0131m\u0131z oldu. Sizler bizim Avrupa`daki temsilcilerimiz, Avrupa`ya a\u00e7\u0131lan penceremiz oldunuz. Sizler bizim Bat\u0131`ya bakan y\u00fcz\u00fcm\u00fcz, modern y\u00f6n\u00fcm\u00fcz oldunuz. Sizler, birileri istemese de Avrupa Birli\u011fi`nde bizim \u00fcyelerimiz oldunuz.&#8220;<\/p>\n<p style=\"text-align: justify;\">Bu nedenle gurbet\u00e7ilere \u015f\u00fckran ve minnet bor\u00e7lu olduklar\u0131n\u0131 dile getiren Erdo\u011fan, &#8220;\u015eunu a\u00e7\u0131k a\u00e7\u0131k s\u00f6yl\u00fcyorum; Sizler asla ve asla yaln\u0131z de\u011filsiniz. Sizler gurbette tek ba\u015f\u0131na de\u011filsiniz, kendi kaderine terk edilmi\u015f asla de\u011filsiniz. Sizin arkan\u0131zda T\u00fcrkiye Cumhuriyeti var karde\u015flerim. Sizin arkan\u0131zda g\u00fc\u00e7l\u00fc ekonomisiyle, d\u0131\u015f politikas\u0131yla itibarl\u0131 bir \u00fclke var. Sizin arkan\u0131zda \u015fanl\u0131 bir tarih, k\u00f6kl\u00fc bir medeniyet, zengin bir k\u00fclt\u00fcr var&#8220; diye konu\u015ftu.<\/p>\n<p style=\"text-align: justify;\"><strong>-&#8220;BUG\u00dcN BAMBA\u015eKA B\u0130R T\u00dcRK\u0130YE VAR&#8220;- <\/strong><\/p>\n<p style=\"text-align: justify;\">Gurbetteki hi\u00e7bir T\u00fcrk vatanda\u015f\u0131n\u0131n boynunun b\u00fck\u00fck olmayaca\u011f\u0131n\u0131 kaydeden Erdo\u011fan, hi\u00e7bir T\u00fcrk vatanda\u015f\u0131n\u0131n kendisini, ezik, \u00f6telenmi\u015f, itilmi\u015f hissetmeyece\u011fini dile getirdi.<\/p>\n<p style=\"text-align: justify;\">Erdo\u011fan, &#8220;Sizlerden kimli\u011finizi, pasaportunuzu gururla g\u00f6stermenizi istiyorum. Gururla, g\u00f6\u011fs\u00fcn\u00fcz\u00fc gere gere `Ben T\u00fcrkiye Cumhuriyeti vatanda\u015f\u0131y\u0131m` demenizi istiyorum. B\u00fcy\u00fck bir \u00fclkenin, bir medeniyetin mensuplar\u0131 olarak ba\u015f\u0131 dik, aln\u0131 ak olarak bulundu\u011funuz her yerde \u00f6z g\u00fcvenle kendinizi ifade etmenizi istiyorum&#8220; dedi.<\/p>\n<p style=\"text-align: justify;\">Ba\u015fbakan Erdo\u011fan, T\u00fcrkiye`den Avrupa`ya g\u00f6\u00e7\u00fcn 50 y\u0131l \u00f6nce ba\u015flad\u0131\u011f\u0131n\u0131 an\u0131msatarak, T\u00fcrk vatanda\u015flar\u0131n\u0131n yoksulluk, i\u015fsizlik, umutsuzluk nedeniyle gurbete s\u00fcr\u00fcklendi\u011fini s\u00f6yledi.<\/p>\n<p style=\"text-align: justify;\">T\u00fcrkiye`nin ge\u00e7mi\u015fte her zaman ekonomik krizlerle an\u0131lan bir \u00fclke oldu\u011funu belirten Erdo\u011fan, &#8220;T\u00fcrkiye demokrasisi yaral\u0131 bir \u00fclke oldu, b\u00f6yle an\u0131ld\u0131. T\u00fcrkiye, ter\u00f6rle, yoksullukla, geri kalm\u0131\u015fl\u0131kla, ne yaz\u0131k ki b\u00fct\u00fcn bu s\u0131fatlarla an\u0131lan bir \u00fclke oldu&#8220; diye konu\u015ftu.<\/p>\n<p style=\"text-align: justify;\">Krizlerle an\u0131lan bir \u00fclkenin vatanda\u015flar\u0131 olarak gurbette bulunan T\u00fcrk vatanda\u015flar\u0131n\u0131n da ayn\u0131 ac\u0131y\u0131 hissetti\u011fini ifade eden Erdo\u011fan, &#8220;\u015eunu b\u00fcy\u00fck bir memnuniyetle s\u00f6yl\u00fcyorum, o g\u00fcnler art\u0131k ge\u00e7mi\u015fte kalm\u0131\u015ft\u0131r. Ekonomik krizler, m\u00fcdahaleler, a\u011f\u0131r aksak i\u015fleyen demokrasi, yasaklar, yolsuzluklar art\u0131k geride kalm\u0131\u015ft\u0131r. Bug\u00fcn bamba\u015fka bir T\u00fcrkiye var&#8220; de\u011ferlendirmesinde bulundu.<\/p>\n<p style=\"text-align: justify;\">T\u00fcrkiye`nin bug\u00fcn t\u00fcm d\u00fcnyada g\u00fc\u00e7l\u00fc, ekonomisiyle, aktif d\u0131\u015f politikas\u0131yla standartlar\u0131 y\u00fckselen ve demokrasisiyle farkl\u0131 bir konumda oldu\u011funu vurgulayan Erdo\u011fan, \u015funlar\u0131 kaydetti:<\/p>\n<p style=\"text-align: justify;\">&#8220;Bug\u00fcn gelece\u011fe umutla bakan, g\u00fcvenle, \u00f6zg\u00fcvenle bakan bir T\u00fcrkiye var. K\u00fcresel finans krizi nedeniyle t\u00fcm d\u00fcnyada ekonomiler daral\u0131rken bug\u00fcn istikrarla b\u00fcy\u00fcyen bir T\u00fcrkiye var. 2010 y\u0131l\u0131nda T\u00fcrkiye ekonomisi y\u00fczde 8,9 oran\u0131nda b\u00fcy\u00fcd\u00fc. Yani T\u00fcrkiye, Avrupa`da ve OECD \u00fclkeleri i\u00e7inde bir numara. T\u00fcrkiye d\u00fcnyada \u00fc\u00e7\u00fcnc\u00fc s\u0131rada. Bildi\u011finiz gibi bu k\u00fcresel finans krizi ba\u015flad\u0131\u011f\u0131 zaman biz \u015funu s\u00f6ylemi\u015ftik, `Bu T\u00fcrkiye`yi te\u011fet ge\u00e7ecek` demi\u015ftik. Bunu s\u00f6yledi\u011fimizde baz\u0131lar\u0131 g\u00fclm\u00fc\u015ft\u00fc, `Ba\u015fbakan ne diyor` demi\u015flerdi. Ve i\u015f bitti bu defa \u015funu s\u00f6ylediler; `Ba\u015fbakan hakl\u0131 \u00e7\u0131kt\u0131` dediler. \u00c7\u00fcnk\u00fc biz yere sa\u011flam bas\u0131yorduk, biz u\u00e7muyorduk birileri gibi&#8230; Biz hayal \u00fcretmiyorduk, i\u015fimizi bilerek yap\u0131yorduk. Ve bunun da neticelerini hamd olsun ald\u0131k, g\u00f6rd\u00fck g\u00f6r\u00fcyoruz.&#8220;<\/p>\n<p style=\"text-align: justify;\"><strong>-&#8220;\u00d6NCEK\u0130LER Y\u00d6NET\u0130C\u0130 DE\u011e\u0130L M\u0130YD\u0130?&#8220;- <\/strong><\/p>\n<p style=\"text-align: justify;\">Ba\u015fbakan Erdo\u011fan, g\u00f6reve geldiklerinde T\u00fcrkiye`nin ekonomik verileriyle bug\u00fcnk\u00fc de\u011ferlerini kar\u015f\u0131la\u015ft\u0131rarak de\u011ferlendirmelerde bulundu.<\/p>\n<p style=\"text-align: justify;\">\u0130ktidara geldiklerinde T\u00fcrkiye`nin Gayri Safi Yurt \u0130\u00e7i Has\u0131las\u0131 ile borcunun oran itibariyle y\u00fczde 73 civar\u0131ndayken, bug\u00fcn y\u00fczde 45`e d\u00fc\u015ft\u00fc\u011f\u00fcn\u00fc kaydeden Erdo\u011fan, devletin bor\u00e7lanma faizinin o d\u00f6nemde yakla\u015f\u0131k y\u00fczde 63 iken, bug\u00fcn y\u00fczde 7 civar\u0131na indi\u011fini belirtti.<\/p>\n<p style=\"text-align: justify;\">O d\u00f6nemde y\u00fczde 30 oran\u0131ndaki enflasyon oran\u0131n\u0131n 3,99 &#8211; 4`e d\u00fc\u015ft\u00fc\u011f\u00fcn\u00fc anlatan Erdo\u011fan, \u015f\u00f6yle devam etti:<\/p>\n<p style=\"text-align: justify;\">&#8220;Bizden \u00f6nceki iktidar gitti IMF`den 30 milyar dolar bor\u00e7 ald\u0131. Bize 23,5 milyar dolar bor\u00e7la devrettiler. \u00d6dedik, \u00f6dedik, \u00f6dedik&#8230; \u015eimdi borcumuz 5,2 milyar dolar. Bitmedi&#8230; Merkez Bankam\u0131z\u0131n d\u00f6viz rezervi 2002 sonu itibariyle 27 milyar dolard\u0131. \u015eu anda 92 milyar dolar.<\/p>\n<p style=\"text-align: justify;\">Nereden nereye geldik. Bizden \u00f6ncekiler y\u00f6netici de\u011fil miydi? Yolsuzluklar\u0131n oldu\u011fu bir \u00fclkede rakamlar buraya ula\u015f\u0131r m\u0131? \u0130\u015fte bak\u0131n nerelere geldik g\u00f6r\u00fcyorsunuz. \u015eu anda T\u00fcrkiye d\u00fcnyada takdirle izleniyor, parmakla g\u00f6steriliyoruz, emin ad\u0131mlarla ilerliyoruz, \u00e7\u0131tay\u0131 \u00e7ok daha y\u00fckseklere \u00e7ekiyoruz. \u015eimdi art\u0131k 4 y\u0131l sonras\u0131n\u0131n hesab\u0131n\u0131 yapm\u0131yoruz. Art\u0131k 2023 y\u0131l\u0131n\u0131n hesab\u0131n\u0131n\u0131 yap\u0131yoruz. Cumhuriyetimizin kurulu\u015funun 100 y\u0131l d\u00f6n\u00fcm\u00fcne haz\u0131rlan\u0131yoruz. \u015eu andaki seviyeler bize yetmez. T\u00fcrkiye bunun \u00e7ok daha \u00f6tesini, \u00e7ok daha fazlas\u0131n\u0131 hak ediyor. \u015eimdi hedef 2023`te 2 trilyon dolar milli gelir, bunu hedefliyoruz.&#8220;<\/p>\n<p style=\"text-align: justify;\">Ba\u015fbakan Recep Tayyip Erdo\u011fan, &#8220;Biz Ortado\u011fu`da, Kuzey Afrika`da, Kafkasya ve Balkanlar`da rol kapma yar\u0131\u015f\u0131nda de\u011filiz, \u00e7\u0131kar pe\u015finde hi\u00e7 de\u011filiz. Bizim tavr\u0131m\u0131z birileri gibi `ganimet \u00f6n\u00fcnde harami tavr\u0131` de\u011fildir. Tam tersine bizim tavr\u0131m\u0131z, ta\u015f\u0131d\u0131\u011f\u0131 b\u00fcy\u00fck misyonun fark\u0131nda b\u00fcy\u00fck ve sorumlu devlet tavr\u0131d\u0131r&#8220; dedi.<\/p>\n<p style=\"text-align: justify;\">Avrupa Konseyi Parlamenterler Meclisi Genel Kurulu`na kat\u0131lmak \u00fczere Fransa`n\u0131n Strasbourg kentine gelen Erdo\u011fan, Rhenus Sport`da &#8220;Vatanda\u015f Bulu\u015fmas\u0131&#8220;na kat\u0131ld\u0131.<\/p>\n<p style=\"text-align: justify;\">Erdo\u011fan, kendileri i\u00e7in \u00f6nce insan\u0131n geldi\u011fini belirterek, devleti \u00f6nceleyen bir anlay\u0131\u015f de\u011fil, insan\u0131 \u00f6nceleyen bir anlay\u0131\u015fa sahip olduklar\u0131n\u0131 s\u00f6yledi.<\/p>\n<p style=\"text-align: justify;\">Ba\u015fbakan Erdo\u011fan, &#8220;\u00d6nce insan, sonra devlet&#8230; \u0130nsan g\u00fc\u00e7l\u00fc olursa devlet g\u00fc\u00e7l\u00fcd\u00fcr. \u0130nsan g\u00fc\u00e7l\u00fc de\u011filse devlet g\u00fc\u00e7l\u00fc de\u011fildir. Onun i\u00e7in de \u00f6nce fert fert g\u00fc\u00e7l\u00fc olaca\u011f\u0131z ve \u0130n\u015fallah devletimiz de daha g\u00fc\u00e7l\u00fc olacak ve bu anlay\u0131\u015fla yolumuza devam ediyoruz&#8220; dedi.<\/p>\n<p style=\"text-align: justify;\">Kendilerinin okurken kitap bulamad\u0131\u011f\u0131n\u0131, teksir notlar\u0131 ile okuduklar\u0131n\u0131 anlatan Erdo\u011fan, &#8220;Art\u0131k bizim yavrular\u0131m\u0131z okullar a\u00e7\u0131l\u0131rken s\u0131ralar\u0131n\u0131n \u00fczerinde kitaplar\u0131n\u0131 \u00fccretsiz olarak bulacak. \u00dccretsiz olarak \u015fu anda kitaplar\u0131 da\u011f\u0131t\u0131yor muyuz? Da\u011f\u0131t\u0131yoruz&#8220; diye konu\u015ftu.<\/p>\n<p style=\"text-align: justify;\">Kitaplar\u0131 zengin-fakir ayr\u0131m\u0131 yapmaks\u0131z\u0131n da\u011f\u0131tt\u0131klar\u0131n\u0131 dile getiren Erdo\u011fan, &#8220;Fakat ne dediler biliyor musunuz? `Fakire niye verdi\u011finizi anlad\u0131k da zengine niye veriyorsunuz?` dediler. Onlara bir \u015fey s\u00f6yledim. `\u00d6\u011frencinin zengini fakiri olmaz` dedik&#8220; ifadelerini kulland\u0131.<\/p>\n<p style=\"text-align: justify;\">Erdo\u011fan, 74 milyonun tamam\u0131na, art\u0131k her y\u00f6n\u00fcyle, e\u011fitimde, sa\u011fl\u0131kta, adalette, emniyette, ula\u015f\u0131mda, tar\u0131mda, enerjide ula\u015f\u0131r hale geldiklerini belirterek, barajlarla, k\u00f6pr\u00fclerle, t\u00fcnellerle, sulama kanallar\u0131yla T\u00fcrkiye`yi ba\u015ftan ba\u015fa yeniden in\u015fa ettiklerini ve yeniden in\u015fa etmeye devam edeceklerini s\u00f6yledi. Erdo\u011fan, \u015f\u00f6yle devam etti:<\/p>\n<p style=\"text-align: justify;\">&#8220;Art\u0131k kendi sava\u015f gemisini in\u015fa eden, kendi insans\u0131z u\u00e7aklar\u0131n\u0131 imal eden, \u015fu anda test u\u00e7u\u015flar\u0131n\u0131 yap\u0131yoruz, kendi helikopterlerini \u00fcreten, kendi silahlar\u0131n\u0131 tasarlayan, tamamen T\u00fcrk m\u00fchendislerinin eme\u011fiyle uzaya g\u00f6ndermek \u00fczere G\u00f6kt\u00fcrk uydusunu yapan bir T\u00fcrkiye var. 2020`de in\u015fallah kendi jetimizi de \u00fcretiyoruz. Onun da \u00e7al\u0131\u015fmalar\u0131 \u015fu anda devam ediyor.&#8220;<\/p>\n<p style=\"text-align: justify;\"><strong>-&#8220;KARDE\u015eLER\u0130M\u0130Z\u0130N EL\u0130NDEN TUTTUK VE TUTMAYA DEVAM ED\u0130YORUZ&#8220;-<\/strong><\/p>\n<p style=\"text-align: justify;\">T\u00fcrk tarihine de kendilerinin sahip \u00e7\u0131kt\u0131\u011f\u0131n\u0131 vurgulayan Erdo\u011fan, T\u00fcrkiye i\u00e7inde d\u00f6rt bin vak\u0131f eserini restore ettiklerini, bug\u00fcne kazand\u0131rd\u0131klar\u0131n\u0131 ve yar\u0131nlara ta\u015f\u0131d\u0131klar\u0131n\u0131 s\u00f6yledi.<\/p>\n<p style=\"text-align: justify;\">Mo\u011folistan`da T\u00fcrklere ait ilk yaz\u0131l\u0131 eserlere de kendilerinin sahip \u00e7\u0131kt\u0131\u011f\u0131n\u0131 dile getiren Erdo\u011fan, Avrupa`daki pek \u00e7ok kentte camilere, k\u00f6pr\u00fclere, medreselere, Osmanl\u0131 mezarl\u0131\u011f\u0131na, t\u00fcrbelere de kendilerinin sahip \u00e7\u0131kt\u0131\u011f\u0131n\u0131 kaydetti.<\/p>\n<p style=\"text-align: justify;\">Erdo\u011fan, &#8220;K\u0131r\u0131m`da soyda\u015flar\u0131m\u0131za biz sahip \u00e7\u0131kt\u0131k. Melbourne`den Toronto`ya, Bi\u015fkek`ten Viyana`ya K\u0131rcaali`den G\u00fcm\u00fclcine`ye, Strasbourg`dan Londra`ya kadar vatanda\u015flar\u0131m\u0131z\u0131n, soyda\u015flar\u0131m\u0131z\u0131n, karde\u015flerimizin elinden tuttuk ve tutmaya devam ediyoruz&#8220; dedi.<\/p>\n<p style=\"text-align: justify;\"><strong>-&#8220;HAKKI B\u0130Z M\u00dcDAFAA ETT\u0130K, HUKUKU, ADALET\u0130 CESARETLE B\u0130Z SAVUNDUK&#8220;- <\/strong><\/p>\n<p style=\"text-align: justify;\">K\u0131z\u0131lay ile Haiti`ye, Gazze`ye, Bingazi`ye, Tokyo`ya, \u015eili`ye, Pakistan`a yard\u0131m eli uzatt\u0131klar\u0131n\u0131 ifade eden Erdo\u011fan, \u015f\u00f6yle devam etti:<\/p>\n<p style=\"text-align: justify;\">&#8220;Libya`da kriz \u00e7\u0131kt\u0131\u011f\u0131nda hem kendi vatanda\u015flar\u0131m\u0131z\u0131 hem yabanc\u0131 \u00fclke vatanda\u015flar\u0131n\u0131 biz tahliye ettik. Daha d\u00fcn gece, Misrata`dan bini a\u015fk\u0131n M\u0131s\u0131rl\u0131y\u0131 gemimizle ald\u0131k \u015fu anda yolda, \u0130skenderiye`ye ta\u015f\u0131yoruz. T\u00fcrkiye bu.<\/p>\n<p style=\"text-align: justify;\">The Guardian gazetesinin muhabiri tutukland\u0131, biz devreye girdik. Libya`dan biz kurtard\u0131k. New York Times gazetesinin 4 muhabiri Libya`da tutukland\u0131, devreye girdik, tahliyelerini sa\u011flad\u0131k. Bingazi`den 321 yaral\u0131 Libyal\u0131 karde\u015fimizi T\u00fcrkiye`ye refakat\u00e7ileriyle beraber 400 k\u00fcs\u00fcr ki\u015fiyi biz getirdik. \u015eu anda \u0130zmir \u00c7e\u015fme`de onlara tahsis etti\u011fimiz bir hastanede tedavilerini yap\u0131yoruz.<\/p>\n<p style=\"text-align: justify;\">Kabil`de, Ba\u011fdat`ta, Darfur`da, Kahire`de, Tunus`ta, Bingazi`de, Gazze ve Kud\u00fcs`te e\u011filmeden, b\u00fck\u00fclmeden hakk\u0131 biz m\u00fcdafaa ettik, hukuku, adaleti cesaretle biz savunduk.<\/p>\n<p style=\"text-align: justify;\">Bug\u00fcn Anadolu`da, Trakya`da 74 milyon insan\u0131m\u0131z\u0131n, Almanya`daki, Fransa`daki vatanda\u015flar\u0131m\u0131z\u0131n, d\u00fcnyan\u0131n d\u00f6rt bir yan\u0131na da\u011f\u0131lm\u0131\u015f soyda\u015flar\u0131m\u0131z\u0131n, karde\u015flerimizin, `Ben, T\u00fcrkiye Cumhuriyetinin vatanda\u015f\u0131y\u0131m` diyerek iftihar edece\u011fi, pasaportunu gururla g\u00f6sterece\u011fi bir T\u00fcrkiye var.<\/p>\n<p style=\"text-align: justify;\">Bug\u00fcn art\u0131k g\u00fcndemi belirlenen de\u011fil, g\u00fcndem belirleyen, m\u00fcdahil olan, inisiyatif alan, bar\u0131\u015f i\u00e7in, \u00f6zg\u00fcrl\u00fck, demokrasi, hukuk ve adalet i\u00e7in mert\u00e7e m\u00fccadele veren bir T\u00fcrkiye var.&#8220;<\/p>\n<p style=\"text-align: justify;\">Tarihin y\u00fckledi\u011fi sorumluluktan asla ka\u00e7\u0131lamayaca\u011f\u0131n\u0131 dile getiren Erdo\u011fan, T\u00fcrkiye`nin &#8220;tarihe yay\u0131lan ulu bir \u00e7\u0131nar gibi&#8220; oldu\u011funu s\u00f6yledi. Erdo\u011fan, \u015funlar\u0131 s\u00f6yledi:<\/p>\n<p style=\"text-align: justify;\">&#8220;O \u00e7\u0131nar\u0131n g\u00f6lgesi d\u00fcnyan\u0131n d\u00f6rt bir yan\u0131na yay\u0131lm\u0131\u015f vatanda\u015flar\u0131m\u0131z\u0131, soyda\u015flar\u0131m\u0131z\u0131, karde\u015flerimizi serinletmeye, onlar\u0131 kollamaya, korumaya yeter. T\u00fcrkiye \u00e7\u0131nar\u0131n\u0131n g\u00f6lgesi b\u00fct\u00fcn mazlumlara, b\u00fct\u00fcn ma\u011fdurlara bir korunak, bir s\u0131\u011f\u0131nak olmak i\u00e7in yeter. Biz diyoruz ki `Adaletin bulunmad\u0131\u011f\u0131 bir d\u00fcnyada herkes su\u00e7ludur.` \u0130\u015fte onun i\u00e7in T\u00fcrkiye olarak \u00f6zg\u00fcrl\u00fck, bar\u0131\u015f, refah, adalet ve demokrasi i\u00e7in var g\u00fcc\u00fcm\u00fczle \u00e7al\u0131\u015f\u0131yor, \u00e7abal\u0131yoruz.<\/p>\n<p style=\"text-align: justify;\">Biz Ortado\u011fu`da, Kuzey Afrika`da, Kafkasya ve Balkanlar`da rol kapma yar\u0131\u015f\u0131nda de\u011filiz, \u00e7\u0131kar pe\u015finde hi\u00e7 de\u011filiz. Bizim tavr\u0131m\u0131z birileri gibi `ganimet \u00f6n\u00fcnde harami tavr\u0131` de\u011fildir. Tam tersine bizim tavr\u0131m\u0131z ta\u015f\u0131d\u0131\u011f\u0131 b\u00fcy\u00fck misyonun fark\u0131nda b\u00fcy\u00fck ve sorumlu devlet tavr\u0131d\u0131r.<\/p>\n<p style=\"text-align: justify;\">Biz Libya`ya bakt\u0131\u011f\u0131nda yer alt\u0131 zenginliklerini, petrol kuyular\u0131n\u0131, madenleri g\u00f6renlerden de\u011filiz. Biz Libya`ya bakt\u0131\u011f\u0131m\u0131zda ortak bir tarih, ortak bir medeniyet g\u00f6r\u00fcyoruz. Orada karde\u015flerimizi g\u00f6r\u00fcyoruz. \u0130nsan olman\u0131n gerektirdi\u011fi neyse biz onu g\u00f6r\u00fcyor ve ona g\u00f6re tav\u0131r belirliyoruz. Biz Libya`n\u0131n yeni bir Irak, yeni bir Afganistan olmas\u0131n\u0131 istemiyoruz. Biz Libya`n\u0131n toprak b\u00fct\u00fcnl\u00fc\u011f\u00fc ad\u0131na, Libya`n\u0131n selameti ad\u0131na orada bar\u0131\u015f ve huzur ve dayan\u0131\u015fma arzuluyoruz. Libya`da, Kuzey Afrika`da rol kapmaya \u00e7al\u0131\u015fanlar, \u015fahsi h\u0131rslar\u0131 i\u00e7in, yakla\u015fan se\u00e7imler i\u00e7in, b\u00f6lgenin kaderi ile oynayanlar tarih kar\u015f\u0131s\u0131nda sorumlu olurlar. Libya hi\u00e7bir \u00fclkenin \u00e7\u0131kar arenas\u0131 olamaz. Libya Libyal\u0131lar\u0131nd\u0131r. Yemen Yemenlilerindir. Bahreyn Bahreylilerindir. Cezayir Cezayirlilerindir. Fas Fasl\u0131lar\u0131nd\u0131r. Irak Irakl\u0131lar\u0131nd\u0131r. Kimse buralar \u00fczerinde tasarrufta bulunmas\u0131n.&#8220;<\/p>\n<p style=\"text-align: justify;\">Ba\u015fbakan Recep Tayyip Erdo\u011fan, 2023 y\u0131l\u0131nda T\u00fcrkiye`nin farkl\u0131 bir \u00fclke olaca\u011f\u0131n\u0131 belirterek, &#8220;Cumhuriyetimizin kurulu\u015funun 100. y\u0131l d\u00f6n\u00fcm\u00fcn\u00fc biz laf \u00fcreterek de\u011fil i\u015f \u00fcreterek kutlayaca\u011f\u0131z. D\u00fcnyan\u0131n ilk 10 ekonomisi aras\u0131nda yerimizi alaca\u011f\u0131z. Hi\u00e7 endi\u015feniz olmas\u0131n&#8220; dedi.<\/p>\n<p style=\"text-align: justify;\">Avrupa Konseyi Parlamenterler Meclisi Genel Kuruluna kat\u0131lmak \u00fczere Fransa`n\u0131n Strasbourg kentine gelen Erdo\u011fan, Rhenus Sport`da &#8220;Vatanda\u015f Bulu\u015fmas\u0131&#8220;na kat\u0131ld\u0131.<\/p>\n<p style=\"text-align: justify;\">Erdo\u011fan, g\u00f6reve geldiklerinde T\u00fcrkiye`nin 230 milyar dolar milli geliri bulundu\u011fu, 2010 y\u0131l\u0131 sonunda bu rakam\u0131n 730 milyar dolara \u00e7\u0131k\u0131\u011f\u0131n\u0131 s\u00f6yledi.<\/p>\n<p style=\"text-align: justify;\">Erdo\u011fan, &#8220;\u015eimdi hedef 2023`te 2 trilyon dolar milli gelir, bunu hedefliyoruz. Sekiz senede buray\u0131 yakalad\u0131k. \u0130n\u015fallah 12 sene sonra 2 trilyon dolar. \u015eu anda ki\u015fi ba\u015f\u0131na milli gelirde 10 bin dolar\u0131 a\u015ft\u0131k. Ama buraya 3 bin dolardan geldik. \u015eimdi hedef 2023`te 25 bin dolar ki\u015fi ba\u015f\u0131na milli gelir&#8220; diye konu\u015ftu.<\/p>\n<p style=\"text-align: justify;\">G\u00f6reve geldiklerinde 36 milyar dolar olan ihracat\u0131 2010 y\u0131l\u0131 sonu itibariyle 114 milyar dolara \u00e7\u0131kard\u0131klar\u0131n\u0131 ifade eden Erdo\u011fan, ihracatta hedefin 2023 sonunda 500 milyar dolar oldu\u011funu kaydederek, &#8220;Buna ula\u015faca\u011f\u0131z. Cumhuriyetimizin kurulu\u015funun 100. y\u0131l d\u00f6n\u00fcm\u00fcn\u00fc biz laf \u00fcreterek de\u011fil i\u015f \u00fcreterek kutlayaca\u011f\u0131z. D\u00fcnyan\u0131n ilk 10 ekonomisi aras\u0131nda yerimizi alaca\u011f\u0131z. Hi\u00e7 endi\u015feniz olmas\u0131n&#8220; \u015feklinde konu\u015ftu.<\/p>\n<p style=\"text-align: justify;\">Erdo\u011fan, T\u00fcrkiye`nin akl\u0131n\u0131n ucundan ge\u00e7meyen \u015feyleri kendilerinin g\u00f6rev gelmesinden sonra ger\u00e7ekle\u015ftirdiklerini ifade ederek, \u015funlar\u0131 s\u00f6yledi:<\/p>\n<p style=\"text-align: justify;\">&#8220;Burada \u00e7ok ilgin\u00e7 bir rakam verece\u011fim sizlere. Turizm gelirimiz neydi biliyor musunuz? 8,5 milyar dolar, \u015fimdi 22 milyar dolar.<\/p>\n<p style=\"text-align: justify;\">T\u00fcrkiye`ye gelen turist say\u0131s\u0131 neydi biliyor musunuz? 13,5 milyon. \u015eimdi T\u00fcrkiye`ye gelen turist say\u0131s\u0131 ne oldu biliyor musunuz? 28 milyona ula\u015ft\u0131. Nas\u0131l oluyor bunlar? T\u00fcrkiye g\u00fcven dolu istikrar dolu bir \u00fclke. G\u00fcven var, istikrar var onun i\u00e7in geliyorlar. \u00c7al\u0131\u015facak, \u00e7abalayacak, gayret edecek in\u015fallah bu hedefleri daha da ileriye ta\u015f\u0131yaca\u011f\u0131z.<\/p>\n<p style=\"text-align: justify;\">2002 y\u0131l\u0131 sonunda T\u00fcrkiye d\u00fcnya ekonomileri aras\u0131ndaki yeri neydi biliyor musunuz? 26. s\u0131radayd\u0131. \u015eimdi 17. s\u0131raday\u0131z. Buralara durup dururken gelmedik, \u00e7al\u0131\u015farak geldik.&#8220;<\/p>\n<p style=\"text-align: justify;\"><strong>-&#8220;HEDEF 15 B\u0130N K\u0130LOMETRE B\u00d6L\u00dcNM\u00dc\u015e YOL&#8220;- <\/strong><\/p>\n<p style=\"text-align: justify;\">T\u00fcrkiye`de 2002 sonu itibariyle 6 bin 100 kilometre b\u00f6l\u00fcnm\u00fc\u015f yol bulundu\u011funa dikkati \u00e7eken Erdo\u011fan, 8 y\u0131lda 13 bin 600 kilometre b\u00f6l\u00fcnm\u00fc\u015f yol yapt\u0131klar\u0131n\u0131 s\u00f6yledi. B\u00f6l\u00fcnm\u00fc\u015f yol yap\u0131m\u0131nda hedefin bu yollar\u0131 15 bin kilometreye \u00e7\u0131karmak oldu\u011funu kaydeden Erdo\u011fan, &#8220;Biz Afyon`dan yola \u00e7\u0131karken, 2002 se\u00e7imleri \u00f6ncesi 15 bin kilometreyi s\u00f6yledi\u011fimizde, `Bunlar hayal hayal` dediler. Ne oldu \u015fimdi bitti, bitiyor. Ama yeni hedefi belirledik 2023`e bir 15 bin kilometre daha ilave ediyoruz&#8220; de\u011ferlendirmesinde bulundu.<\/p>\n<p style=\"text-align: justify;\">&#8220;T\u00fcrkiye seninle gurur duyuyor&#8220; sloganlar\u0131yla kesilen konu\u015fmas\u0131nda Erdo\u011fan, &#8220;Bunlar t\u00fcnel nedir bilmezdi yahu&#8230; Biz sadece \u015fu Karadeniz sahil yoluna 12 tane da\u011flar\u0131 delerek t\u00fcnel yapt\u0131k. Niye, biz Ferhat\u0131z, siz \u015eirinsiniz \u015eirin, onun i\u00e7in da\u011flar\u0131 delmemiz gerekiyordu ve da\u011flar\u0131 deldik, \u015eirin`e ula\u015ft\u0131k. Onun i\u00e7in durmak yok, yola devam&#8220; diye konu\u015ftu.<\/p>\n<p style=\"text-align: justify;\">Bo\u011faz\u0131n alt\u0131ndan t\u00fcp ge\u00e7idin y\u0131llar y\u0131l\u0131 konu\u015fuldu\u011funu ifade eden Erdo\u011fan \u015fu de\u011ferlendirmede bulundu:<\/p>\n<p style=\"text-align: justify;\">&#8220;Ama bunlar yapamad\u0131lar. Laf\u0131n\u0131 ettiler. Abdulmecit, projenin eskizlerini yapm\u0131\u015f 19. as\u0131r. Ama ar\u015fivlerde kalm\u0131\u015f. Biz geldik. Dedemizin ar\u015fiv notlar\u0131n\u0131 \u00e7\u0131kard\u0131k, bunlar\u0131 inceledik. Dedik ki `E\u011fer biz Osmanl\u0131`n\u0131n bakiyesi \u00fczerindeysek, biz onlar\u0131n b\u0131rakt\u0131\u011f\u0131 yerden bu yola devam etmemiz laz\u0131m`. Madem ki onlar o zaman burada bo\u011faz\u0131n alt\u0131ndan b\u00f6yle bir t\u00fcp ge\u00e7idin ad\u0131m\u0131n\u0131 att\u0131larsa bu ad\u0131m yerde kalamaz. T\u00fcp ge\u00e7idin t\u00fcp\u00fc bitti. \u0130ki kere gittim gezdim, inceledim. Ma\u015fallah p\u0131r\u0131l p\u0131r\u0131l. \u0130\u00e7 donan\u0131m\u0131 yap\u0131l\u0131yor. 2013 sonu itibariyle in\u015fallah Asya`y\u0131 Avrupa`ya denizin alt\u0131nda da ba\u011fl\u0131yoruz. Ama bir tane yetmez dedik bu rayl\u0131 sistem. Peki nereyi nereye ba\u011flad\u0131k. Londra`y\u0131 Pekin`e ba\u011flad\u0131k, bununla.<\/p>\n<p style=\"text-align: justify;\">\u0130kinci bir t\u00fcp ge\u00e7it daha yap\u0131yoruz, bo\u011faz\u0131n alt\u0131ndan her \u015fey tamam ihalesi yap\u0131ld\u0131. Oradan da otomobiller ge\u00e7ecek. Avrupa yakas\u0131nda Ah\u0131rkap\u0131`dan girecekler Anadolu yakas\u0131nda da Haydarpa\u015fa Lisesi`nin arkas\u0131ndan \u00e7\u0131kacaklar otomobiller. \u0130ki gidi\u015f iki geli\u015f.<\/p>\n<p style=\"text-align: justify;\">\u0130\u015f bilenin, k\u0131l\u0131\u00e7 ku\u015fanan\u0131n. Ama y\u0131llar y\u0131l\u0131 bu \u00fclkede ne denildi, `Bunlar olmaz` denildi. Mesele ne biliyor musunuz? Mesele inanmak, mesele inanmak. E\u011fer inan\u0131rsan\u0131z, inan\u00e7 \u00f6yle bir zenginliktir ki tekeden bile s\u00fct \u00e7\u0131kar\u0131r. Atalar\u0131m\u0131z bunu bo\u015funa s\u00f6ylememi\u015f. Biz bunu b\u00f6yle bilerek ad\u0131m att\u0131k.&#8220;<\/p>\n<p style=\"text-align: justify;\"><strong>-&#8220;2023 FARKLI B\u0130R T\u00dcRK\u0130YE OLACAK&#8220;- <\/strong><\/p>\n<p style=\"text-align: justify;\">\u0130stanbul Bo\u011faz\u0131`na yap\u0131lacak 3. k\u00f6pr\u00fcye de ba\u015flad\u0131klar\u0131n\u0131 s\u00f6yleyen Erdo\u011fan, &#8220;2023 farkl\u0131 bir T\u00fcrkiye olacak, farkl\u0131 bir \u0130stanbul, farkl\u0131 bir Ankara, farkl\u0131 bir \u0130zmir. Bu b\u00fcy\u00fck \u015fehirlerimiz adeta marka \u015fehir olarak 81 vilayetimizi aya\u011fa kald\u0131racak&#8220; dedi.<\/p>\n<p style=\"text-align: justify;\">\u0130n\u015fa edilen 480 bin konutun 360 binin sahiplerine teslim edildi\u011fini belirten Erdo\u011fan, salonda bulunanlara, &#8220;Siz niye gelip bu konutlardan alm\u0131yorsunuz?&#8220; diye sordu ve &#8220;Gelin 15-20 y\u0131l vadeli bu konutlardan al\u0131n. Bunu devletin kendi kurumu olan TOK\u0130 ile yap\u0131yoruz. Burada kar yok, burada faiz yok, sadece enflasyon fark\u0131 var. Sosyal guruplar var, orta gelir gurubu var, orta gelir grubu \u00fcst\u00fc var. Yeni \u015fehirler in\u015fa ettik. \u0130stanbul Ata\u015fehir yepyeni bir \u015fehir. Bunu tamamen TOK\u0130 yapt\u0131. Eser ortada. E\u015fek \u00f6l\u00fcr kal\u0131r semeri, insan \u00f6l\u00fcr kal\u0131r semeri. Biz eserimizle var\u0131z. Ve ben davet ediyorum. Avrupa`daki karde\u015flerim gelsinler \u00fclkelerinde 81 ilin hepsinde TOK\u0130 konutlar yap\u0131yor. Her yerden istifade edebilirsiniz&#8220; dedi.<\/p>\n<p style=\"text-align: justify;\">162 bin yeni derslik in\u015fa ettiklerini ve 80 yeni \u00fcniversite a\u00e7t\u0131klar\u0131n\u0131 bildiren Erdo\u011fan, \u00fcniversitesi olmayan ilin bulunmad\u0131\u011f\u0131n\u0131 s\u00f6yledi. Sa\u011fl\u0131kta devrim ger\u00e7ekle\u015ftirdiklerini anlatan Ba\u015fbakan Erdo\u011fan, \u015f\u00f6yle devam etti:<\/p>\n<p style=\"text-align: justify;\">&#8220;Art\u0131k, benim vatanda\u015f\u0131m, b\u00fct\u00fcn hastanelere gidebiliyor. Art\u0131k devlet hastanesi, \u00f6zel hastane ayr\u0131m\u0131 yok. \u0130stedi\u011fine gidiyor. B\u00fct\u00fcn vilayetlerimizin b\u00f6lgeleri var. S\u0131k\u0131nt\u0131 m\u0131 var, farkl\u0131 ile mi gidecek? Sa\u011fl\u0131k Bakanl\u0131\u011f\u0131m\u0131z\u0131n helikopter ambulanslar\u0131 var. O al\u0131yor g\u00f6t\u00fcr\u00fcyor. Bunlar \u00fccrete tabi de\u011fil. Jet ambulanslar\u0131m\u0131z var, uluslar aras\u0131 m\u0131 \u015fehirler aras\u0131 m\u0131? O zaman ambulans\u0131m\u0131z al\u0131p g\u00f6t\u00fcr\u00fcyor. Benim insan\u0131ma y\u0131llarca insanca muamele edilmedi, k\u0131zaklar \u00fczerinde hamile kad\u0131nlar ta\u015f\u0131nd\u0131 bizim \u00fclkemizde, ama art\u0131k bunlar yok denecek seviyeye geldi. \u015eimdi paletli ambulanslar var. Da\u011flar\u0131n tepesine \u00e7\u0131k\u0131yor, oralardan hastalar\u0131m\u0131z al\u0131n\u0131yor. Buralara geldik, \u00e7\u00fcnk\u00fc biz sa\u011fl\u0131kta \u015funa inand\u0131k; Ne diyor Kanuni, `Halk i\u00e7inde muteber nesne yok devlet gibi, olmaya devlet cihanda bir nefes s\u0131hhat gibi`. \u015eimdi hem b\u00f6yle bir ecdad\u0131n torunu olacaks\u0131n ki o devleti bir sa\u011fl\u0131kl\u0131 nefese feda ediyor. \u00d6yleyse niye insan\u0131m\u0131z\u0131n de\u011ferini anlam\u0131yoruz?&#8220;<\/p>\n<p style=\"text-align: justify;\">Daha iyi g\u00fcnlerin gelece\u011finin alt\u0131n\u0131 \u00e7izen Erdo\u011fan, &#8220;Biz hastanede ila\u00e7 kuyruklar\u0131nda \u00e7ok bekledik. Ben sigortal\u0131yd\u0131m o kuyruklarda \u00e7ok bekledim. Sabah\u0131n erken saatlerinde gidip re\u00e7eteyi uzat\u0131rd\u0131k, 5 ila\u00e7 yazm\u0131\u015f doktor, ikisi var 3`\u00fc yok. Ne yapaca\u011f\u0131m? Git eczaneden al. B\u00f6yle d\u00f6nerdik geri. Ama \u015fimdi git istedi\u011fin eczaneden al. Her \u015fey serbest. Buraya geldik&#8220; dedi.<\/p>\n<p style=\"text-align: justify;\">Her hastanede gerekli t\u00fcm cihazlar\u0131n bulundu\u011funu belirten Erdo\u011fan, &#8220;\u00d6yle 7-8 ay sonraya emar i\u00e7in g\u00fcn vermek bizim kitab\u0131m\u0131zda yok art\u0131k ge\u00e7ti onlar. Onlar cahiliye d\u00f6neminin adetiydi. Cahiliye siyasetinin adetiydi. \u015eimdi art\u0131k insan\u0131 \u00f6nceleyen bir siyaset var. \u015eeyh Edebali ne diyor `\u0130nsani y\u00fccelt ki devlet y\u00fccelsin. \u015eimdi \u00f6nce insan dedik&#8220; diye konu\u015ftu.<\/p>\n<p style=\"text-align: justify;\"><a href=\"http:\/\/www.postgazetesi.com\/c\/ho.asp?id=18451\" target=\"_blank\">Kaynak : Postgazetesi.com<\/a><\/p>\n<p style=\"text-align: justify;\">&nbsp;<\/p>\n<hr style=\"width: 450px;\" \/>\n<p>[youtube]http:\/\/www.youtube.com\/watch?v=ek-XWlg__jU[\/youtube]<\/p>\n","protected":false},"excerpt":{"rendered":"<p style=\"text-align: center;\">\n<p style=\"text-align: justify;\">Ba\u015fbakan Erdo\u011fan, Fransa`n\u0131n Strasburg kentinde d\u00fczenlenen konferansta vatanda\u015flara seslendi. Erdo\u011fan gurbet\u00e7i vatanda\u015falar bir dizi \u00e7a\u011fr\u0131da bulundu.<\/p>\n<p style=\"text-align: justify;\">Ba\u015fbakan Recep Tayyip Erdo\u011fan, Strasbourg`daki T\u00fcrk vatanda\u015flar\u0131na hitap ederken &#8220;Sizler bizim Avrupa`daki temsilcilerimiz, Avrupa`ya a\u00e7\u0131lan penceremiz oldunuz. Sizler bizim Bat\u0131`ya bakan y\u00fcz\u00fcm\u00fcz, modern y\u00f6n\u00fcm\u00fcz oldunuz. Sizler, birileri istemese de, Avrupa Birli\u011fi`nde bizim <\/p>\n","protected":false},"author":1,"featured_media":0,"comment_status":"open","ping_status":"open","sticky":false,"template":"","format":"standard","meta":{"footnotes":""},"categories":[105],"tags":[],"class_list":["post-36520","post","type-post","status-publish","format-standard","hentry","category-gundem","odd"],"_links":{"self":[{"href":"http:\/\/www.korhanyilmaz.com\/index.php?rest_route=\/wp\/v2\/posts\/36520","targetHints":{"allow":["GET"]}}],"collection":[{"href":"http:\/\/www.korhanyilmaz.com\/index.php?rest_route=\/wp\/v2\/posts"}],"about":[{"href":"http:\/\/www.korhanyilmaz.com\/index.php?rest_route=\/wp\/v2\/types\/post"}],"author":[{"embeddable":true,"href":"http:\/\/www.korhanyilmaz.com\/index.php?rest_route=\/wp\/v2\/users\/1"}],"replies":[{"embeddable":true,"href":"http:\/\/www.korhanyilmaz.com\/index.php?rest_route=%2Fwp%2Fv2%2Fcomments&post=36520"}],"version-history":[{"count":0,"href":"http:\/\/www.korhanyilmaz.com\/index.php?rest_route=\/wp\/v2\/posts\/36520\/revisions"}],"wp:attachment":[{"href":"http:\/\/www.korhanyilmaz.com\/index.php?rest_route=%2Fwp%2Fv2%2Fmedia&parent=36520"}],"wp:term":[{"taxonomy":"category","embeddable":true,"href":"http:\/\/www.korhanyilmaz.com\/index.php?rest_route=%2Fwp%2Fv2%2Fcategories&post=36520"},{"taxonomy":"post_tag","embeddable":true,"href":"http:\/\/www.korhanyilmaz.com\/index.php?rest_route=%2Fwp%2Fv2%2Ftags&post=36520"}],"curies":[{"name":"wp","href":"https:\/\/api.w.org\/{rel}","templated":true}]}}