{"id":36513,"date":"2011-04-14T10:48:52","date_gmt":"2011-04-14T07:48:52","guid":{"rendered":"http:\/\/www.korhanyilmaz.com\/?p=36513"},"modified":"2011-07-12T01:00:09","modified_gmt":"2011-07-11T22:00:09","slug":"basbakanin-strasbourg-cikislari","status":"publish","type":"post","link":"http:\/\/www.korhanyilmaz.com\/?p=36513","title":{"rendered":"Ba\u015fbakan&#8217;\u0131n, Strasbourg \u00e7\u0131k\u0131\u015flar\u0131!"},"content":{"rendered":"<p style=\"text-align: justify;\">&nbsp;<\/p>\n<div id=\"attachment_36514\" style=\"width: 463px\" class=\"wp-caption aligncenter\"><a href=\"http:\/\/www.korhanyilmaz.com\/wp-content\/uploads\/2011\/07\/1512.jpeg\"  class=\"lightview\"><img loading=\"lazy\" decoding=\"async\" aria-describedby=\"caption-attachment-36514\" class=\"size-full wp-image-36514 \" src=\"http:\/\/www.korhanyilmaz.com\/wp-content\/uploads\/2011\/07\/1512.jpeg\" alt=\"\" width=\"453\" height=\"236\" \/><\/a><p id=\"caption-attachment-36514\" class=\"wp-caption-text\">Ba\u015fbakan Recep Tayyip Erdo\u011fan, Fransa\u2019da Avrupa Konseyi Parlamenterler Meclisi\u2019ne (AKPM) \u00fc\u00e7\u00fcnc\u00fc kez hitap etti. <\/p><\/div>\n<p>T24 &#8211; Erdo\u011fan Avrupa Parlamentosu\u2019nda Frans\u0131z parlamenterin \u201cT\u00fcrkiye\u2019de dini az\u0131nl\u0131klar ve ibadetler\u201d sorusuna \u015f\u00f6yle yan\u0131t verdi:Sizi T\u00fcrkiye\u2019ye davet etmek isterim. T\u00fcrkiye\u2019yi yak\u0131ndan takip etmiyorsunuz. Zannederim arkada\u015f Frans\u0131z. Ama, T\u00fcrkiye\u2019ye de Frans\u0131z.Kimse, \u2018biz ibadetimizi yapam\u0131yoruz\u2019 diyemez, derse bize kar\u015f\u0131 sayg\u0131s\u0131zl\u0131k yapar.<!--more--><\/p>\n<p style=\"text-align: justify;\">Avrupa Konseyi Parlamenterler Meclisi\u2019ne (AKPM) \u00fc\u00e7\u00fcnc\u00fc kez hitap eden Ba\u015fbakan Recep Tayyip Erdo\u011fan, soru soran Avrupal\u0131 parlamenterlere \u00e7ok sert \u00e7\u0131kt\u0131. Milliyet gazetesinde yer alan haber \u015f\u00f6yle:<\/p>\n<p style=\"text-align: justify;\">\u0130mam\u0131n Ordusu kitab\u0131n\u0131 \u201cbomba haz\u0131rl\u0131\u011f\u0131na\u201d benzeten Erdo\u011fan, gazeteci tutuklamalar\u0131n\u0131n yarg\u0131n\u0131n inisiyatifiyle ger\u00e7ekle\u015fti\u011fini belirterek, \u201c\u0130\u015finize gelince ba\u011f\u0131ms\u0131z yarg\u0131dan bahsediyorsunuz\u201d dedi. Erdo\u011fan, y\u00fczde 10 baraj\u0131n\u0131n neden indirilmedi\u011fi y\u00f6n\u00fcndeki bir soruyu da \u201cKarar\u0131 T\u00fcrk halk\u0131 verir. Size soracak de\u011filiz\u201d diye yan\u0131tlad\u0131.<\/p>\n<p style=\"text-align: justify;\">Frans\u0131z parlamenter Muriel Marland-Militello\u2019nun dini az\u0131nl\u0131klarla ilgili sorusunu da \u201cGaliba Frans\u0131zs\u0131n\u0131z, T\u00fcrkiye\u2019ye de Frans\u0131zs\u0131n\u0131z\u201d cevab\u0131n\u0131 verdi. Ermenistan\u2019a da \u201cDiasporadan \u00fcrkmeyin. Azerbaycan\u2019\u0131n hakk\u0131n\u0131 Ermenistan\u2019a yedirmeyiz\u201d mesaj\u0131 veren Erdo\u011fan, T\u00fcrkiye\u2019nin Avrupa Birli\u011fi \u00fcyeli\u011fini engelleyen \u00fclkeleri de sert \u015fekilde ele\u015ftirdi.<\/p>\n<p style=\"text-align: justify;\">AKPM\u2019nin pek de al\u0131\u015f\u0131k olmad\u0131\u011f\u0131 bir ton benimseyen Erdo\u011fan, yapt\u0131\u011f\u0131 \u00e7\u0131k\u0131\u015flarla daha \u00f6nce k\u00fcrs\u00fcden konu\u015fma yapan liderlerden olduk\u00e7a farkl\u0131 bir profil \u00e7izmesiyle dikkat \u00e7ekti. Erdo\u011fan\u2019\u0131n verdi\u011fi mesajlar\u0131n sertli\u011fi ak\u0131llara Davos\u2019taki D\u00fcnya Ekonomik Forumu\u2019nda \u0130srail Cumhurba\u015fkan\u0131 \u015eimon Peres\u2019e y\u00f6nelik olarak yapt\u0131\u011f\u0131 \u201cOne minute\u201d \u00e7\u0131k\u0131\u015f\u0131n\u0131 getirdi.<\/p>\n<p style=\"text-align: justify;\"><strong>Bombaya benzetti <\/strong><\/p>\n<p style=\"text-align: justify;\">L\u00fcksemburglu parlamenter Anne Brasseur\u2019\u00fcn, \u201cBas\u0131n \u00f6zg\u00fcrl\u00fc\u011f\u00fcn\u00fcn \u00f6nemini vurgulad\u0131n\u0131z. \u0130mam\u0131n Ordusu kitab\u0131 sans\u00fcre u\u011frad\u0131 ve Ahmet \u015e\u0131k isimli gazeteci tutukland\u0131. Bunun sebebini bize a\u00e7\u0131klar m\u0131s\u0131n\u0131z? Yay\u0131ndan \u00f6nce yap\u0131lan sans\u00fcr\u00fcn ve yazar\u0131n\u0131n tutuklanmas\u0131n\u0131n sebebini a\u00e7\u0131klar m\u0131s\u0131n\u0131z?\u201d sorusu \u00fczerine Erdo\u011fan \u015funlar\u0131 s\u00f6yledi:<\/p>\n<p style=\"text-align: justify;\">\u201c\u00d6nyarg\u0131lardan ar\u0131nd\u0131r\u0131lm\u0131\u015f bir yap\u0131 \u00e7ok \u00e7ok \u00f6nemli. Bu kitaplar\u0131 toplatan ben de\u011filim. Bu bas\u0131lmam\u0131\u015f kitapla ilgili bu tutuklanan medya mensuplar\u0131n\u0131n belge, bilgileri dedi\u011fimiz olay var ya, i\u015fte bu belge ve bilgiler ard\u0131ndan neyin geldi\u011fini g\u00f6steriyor ki yarg\u0131, y\u00fcr\u00fctmeye \u2018burada \u015f\u00f6yle bir haz\u0131rl\u0131k var, hemen siz bu haz\u0131rl\u0131\u011f\u0131n \u00fczerine gidin\u2019 diyor ve o haz\u0131rl\u0131\u011f\u0131n \u00fczerine gidildi\u011finde ortaya bu \u00e7\u0131k\u0131yor. Bombay\u0131 kullanmak su\u00e7tur ama bomban\u0131n haz\u0131rlanmas\u0131ndaki malzemeleri kullanmak da su\u00e7tur.<\/p>\n<p style=\"text-align: justify;\">Diyelim ki bir yerde bomban\u0131n kullan\u0131lmas\u0131nda ne varsa, fitilinden ta di\u011fer maddelerine var\u0131ncaya kadar ne varsa bunun ihbar\u0131 gelmi\u015fse, g\u00fcvenlik g\u00fc\u00e7leri gidip bunlar\u0131 toplamaz m\u0131, almaz mi? \u00c7\u00fcnk\u00fc bu da bir su\u00e7 te\u015fkil etmektedir. Gider onlar\u0131 al\u0131r.<\/p>\n<p style=\"text-align: justify;\">Burada da e\u011fer daha \u00f6nce gelmi\u015f belgeler ve bilgiler i\u00e7erisinde bu t\u00fcr haz\u0131rl\u0131klar\u0131n oldu\u011fu varsa, yarg\u0131 da bununla ilgili karar\u0131n\u0131 vermi\u015ftir ve g\u00fcvenlik g\u00fc\u00e7lerimizden \u2019su adreste b\u00f6yle bir haz\u0131rl\u0131k vard\u0131r, gidin bu haz\u0131rl\u0131\u011f\u0131 alan gelin\u2019 demi\u015ftir.<\/p>\n<p style=\"text-align: justify;\">Bu haz\u0131rl\u0131k daha sonra internet sitelerine kitap olarak adeta girmi\u015ftir ve internet sitelerinde de bunun i\u00e7inde neler oldu\u011fu ortadad\u0131r. Bu ger\u00e7ekleri herhalde g\u00f6rmek isabetli olacakt\u0131r diye d\u00fc\u015f\u00fcn\u00fcyorum.\u201d<\/p>\n<p style=\"text-align: justify;\"><strong>\u0130\u015finize gelince <\/strong><\/p>\n<p style=\"text-align: justify;\">Konun y\u00fcr\u00fctmenin eylemi de\u011fil yarg\u0131n\u0131n alm\u0131\u015f oldu\u011fu bir karar oldu\u011funu belirten Erdo\u011fan, \u201cHep i\u015finize geldi\u011finde ba\u011f\u0131ms\u0131z yarg\u0131dan bahsediyoruz, ba\u011f\u0131ms\u0131z yarg\u0131y\u0131 her yerde savunuyoruz ama T\u00fcrkiye\u2019ye gelince, T\u00fcrkiye\u2019de ba\u011f\u0131ms\u0131z yarg\u0131 istemiyorsunuz. Ya? Y\u00fcr\u00fctmeye ba\u011f\u0131ml\u0131 bir yarg\u0131 istiyorsunuz. Kusura bakmay\u0131n y\u00fcr\u00fctmeye ba\u011f\u0131ml\u0131 bir yarg\u0131 yok. Ba\u011f\u0131ms\u0131z bir yarg\u0131 var, ba\u011f\u0131ms\u0131z yarg\u0131 da g\u00f6revini yerine getiriyor\u201d dedi.<\/p>\n<p style=\"text-align: justify;\"><strong>\u2018Bizi alk\u0131\u015fl\u0131yorsunuz\u2019 <\/strong><\/p>\n<p style=\"text-align: justify;\">Ayn\u0131 parlamenterin, \u201cKad\u0131n te\u015fkilat\u0131na de\u011findiniz ama heyetinizde hi\u00e7 kad\u0131n olmad\u0131\u011f\u0131n\u0131 tespit ediyorum. Umar\u0131m gelecek sefer heyetinizde kad\u0131nlar da olur\u201d demesi ve di\u011fer parlamenterlerin bunu alk\u0131\u015flamas\u0131 \u00fczerine Erdo\u011fan, \u201cAlk\u0131\u015flayanlara te\u015fekk\u00fcr ediyorum. \u00c7\u00fcnk\u00fc bizi alk\u0131\u015fl\u0131yorlar. Bir di\u011fer heyetimizde bayan arkada\u015flar\u0131m burada. Ben bug\u00fcn buraya sadece \u015fahs\u0131m ve iki bakan arkada\u015f\u0131mla geldim. Bayan milletvekili arkada\u015flar\u0131m da konsey \u00fcyesi olarak buradalar\u201d dedi.<\/p>\n<p style=\"text-align: justify;\"><strong>Orhan Pamuk yan\u0131t\u0131 <\/strong><\/p>\n<p style=\"text-align: justify;\">\u0130svi\u00e7reli Parlamenter Andreas Gross\u2019un \u0130fade \u00f6zg\u00fcrl\u00fc\u011f\u00fcn\u00fcn bask\u0131 alt\u0131nda oldu\u011funu belirterek Orhan Pamuk\u2019u kitab\u0131n\u0131n soru\u015fturulmas\u0131n\u0131 g\u00fcndeme getirmesi ve cezaevindeki gazetecileri sormas\u0131 \u00fczerine Erdo\u011fan, \u015funlar\u0131 s\u00f6yledi: \u201cPamuk\u2019un kitab\u0131 ile ilgili su\u00e7 duyurusunda bulunuldu. Yarg\u0131 de\u011ferlendirdi. Olumlu bir \u015fekilde sonu\u00e7land\u0131. Cezaevindeki gazeteciler yaz\u0131lar\u0131ndan dolay\u0131 de\u011fil, su\u00e7, ter\u00f6r \u00f6rg\u00fctleri ve darbecilerile ilgili ili\u015fkileri nedeniyle b\u00f6yle sonu\u00e7land\u0131. Y\u00fcr\u00fctmenin bu konuda ad\u0131m atmas\u0131 s\u00f6z konusu de\u011fildir. Ba\u015fka belgelerin \u00e7\u0131kt\u0131\u011f\u0131 y\u00f6nelik yarg\u0131dan a\u00e7\u0131klamalar geliyor. Medyadaki bilgilerle \u00f6\u011freniyoruz. Bir an \u00f6nce bunlar neticelensin. Uzun s\u00fcreli tutukluluk noktas\u0131nda rahats\u0131zl\u0131\u011f\u0131m\u0131z vard\u0131r.\u201d<\/p>\n<p style=\"text-align: justify;\"><strong>Herkesi ele\u015ftirdi <\/strong><\/p>\n<p style=\"text-align: justify;\">Fransa\u2019da bulunan Ba\u015fbakan Recep Tayyip Erdo\u011fan\u2019dan ABD, Fransa, TSK, muhalefet ve tiyatroculara y\u00f6nelik sert ele\u015ftiriler geldi.<\/p>\n<p style=\"text-align: justify;\">T\u00fcrkiye\u2019deki bas\u0131n \u00f6zg\u00fcrl\u00fc\u011f\u00fcyle ilgili s\u00f6zlerinden dolay\u0131 Ba\u015fbakan Erdo\u011fan taraf\u0131ndan ele\u015ftirilen ABD\u2019nin Ankara B\u00fcy\u00fckel\u00e7isi Ricciardone, d\u00fcn sabah \u2018\u2019Olanlar\u0131 anlamaya \u00e7al\u0131\u015f\u0131yoruz. Bu ne perhiz, bu ne lahana tur\u015fusu\u201d dedi. Ricciardone\u2019ye Fransa\u2019dan yan\u0131t veren Erdo\u011fan, \u201cBunlar ilk \u00f6nce demokrasiyi kendileri sindirsinler\u201d diye konu\u015ftu. Ricciardone\u2019nin bu s\u00f6zlere cevab\u0131 gecikmedi.<\/p>\n<p style=\"text-align: justify;\">Ba\u015fbakan Recep Tayyip Erdo\u011fan, ABD \u2019nin Ankara B\u00fcy\u00fckel\u00e7isi Ricciardone\u2019nin bu a\u00e7\u0131klamalar\u0131na Strasbourg\u2019dan yan\u0131t verdi.<\/p>\n<p style=\"text-align: justify;\"><strong>\u00d6nce sen kavra <\/strong><\/p>\n<p style=\"text-align: justify;\">AKPM oturumunun ard\u0131ndan gazetecilere konu\u015fan Erdo\u011fan, ABD B\u00fcy\u00fckel\u00e7ili\u011fi\u2019nin k\u0131z\u0131na \u2018Foto\u011fraf\u0131n d\u00fczg\u00fcn de\u011fil\u2019 diyerek vize vermek istemedi\u011fini s\u00f6yledi. K\u0131z\u0131 ve gelininin ABD vizesi almak i\u00e7in ba\u015fvurdu\u011funu, ilk ba\u015fta bir sorun ya\u015famad\u0131klar\u0131n\u0131 ancak daha sonra k\u0131z\u0131n\u0131n foto\u011fraf\u0131n\u0131n uygun olmad\u0131\u011f\u0131n\u0131 s\u00f6yleyerek ba\u015fka foto\u011fraflar istendi\u011fini belirtti. Sonras\u0131nda kendisinin ve Ankara\u2019n\u0131n devreye girmesi ile sorunun \u00e7\u00f6z\u00fcld\u00fc\u011f\u00fcn\u00fc belirtti.<\/p>\n<p style=\"text-align: justify;\">Erdo\u011fan bu konuyla ilgili, \u201cBir ba\u015fbakan olarak benim k\u0131z\u0131m bu sorunu ya\u015f\u0131yorsa, vatanda\u015flar\u0131m acaba ne sorun ya\u015f\u0131yor\u201d diye sordu.<\/p>\n<p style=\"text-align: justify;\">Ba\u015fbakan ayr\u0131ca B\u00fcy\u00fckel\u00e7i Riccardone\u2019nin bug\u00fcnk\u00fc a\u00e7\u0131klamalar\u0131yla ilgili olarak, \u201c\u00d6nce kendileri demokrasiyi kavras\u0131nlar\u201d yan\u0131t\u0131n\u0131 verdi.<\/p>\n<p style=\"text-align: justify;\">Erdo\u011fan\u2019\u0131n bu s\u00f6zleri \u00fczerine Ricciardone bir a\u00e7\u0131klama daha yapt\u0131. Ricciardone, \u201cKimseden ba\u015f\u00f6rt\u00fcs\u00fcn\u00fc \u00e7\u0131karmas\u0131n\u0131 istemiyoruz\u201d dedi.<\/p>\n<p style=\"text-align: justify;\"><strong>TSK yanl\u0131\u015f yapt\u0131 <\/strong><\/p>\n<p style=\"text-align: justify;\">Balyoz Davas\u0131\u2019yla ilgili olarak 6 Nisan\u2019da Genelkurmay\u2019\u0131n yapt\u0131\u011f\u0131 \u201cT\u00fcrk Silahl\u0131 Kuvvetleri\u2019nin g\u00f6revli ve emekli 163 personelinin tutukluluk halinin devam\u0131n\u0131 anlamakta g\u00fc\u00e7l\u00fck \u00e7ekilmektedir\u201d a\u00e7\u0131klamas\u0131n\u0131 de\u011ferlendiren Erdo\u011fan \u201cTSK, Balyoz a\u00e7\u0131klamas\u0131 ile yanl\u0131\u015f yapt\u0131. TSK tamamen sivil irade alt\u0131ndad\u0131r\u201d dedi.<\/p>\n<p style=\"text-align: justify;\"><strong>Devlet istedi\u011fiyle g\u00f6r\u00fc\u015f\u00fcr <\/strong><\/p>\n<p style=\"text-align: justify;\">\u0130mral\u0131\u2019da ter\u00f6rist Abdullah \u00d6calan ile devlet aras\u0131ndaki uzun s\u00fcredir ger\u00e7ekle\u015fen g\u00f6r\u00fc\u015fmeleri ele\u015ftiren MHP\u2019ye de yan\u0131t veren Ba\u015fbakan, \u201cH\u00fck\u00fcmet, devlet kanallar\u0131yla bu g\u00f6r\u00fc\u015fmeleri ger\u00e7ekle\u015ftirir. Devlet, istedi\u011fiyle g\u00f6r\u00fc\u015f\u00fcr. Devletin ba\u015f\u0131 da iktidard\u0131r.\u201d<\/p>\n<p style=\"text-align: justify;\"><strong>Birli\u011fe dinamit koyuyorlar <\/strong><\/p>\n<p style=\"text-align: justify;\">Son d\u00f6nemde BDP taraf\u0131ndan Do\u011fu ve G\u00fcneydo\u011fu\u2019da ba\u015flat\u0131lan sivil itaatsizlik eylemlerini da de\u011ferlendiren Erdo\u011fan, \u201cDiyanet\u2019in beyanlar\u0131n\u0131 tan\u0131m\u0131yoruz, demek, tehlikelidir. Sivil itaatsizlik eylem, birlik ve beraberli\u011fe kar\u015f\u0131 bir dinamittir\u201d ifadelerini kulland\u0131. KCK davas\u0131 i\u00e7in ise Erdo\u011fan, \u201conlar siyaset yapt\u0131\u011f\u0131 i\u00e7in i\u00e7eri al\u0131nmam\u0131\u015ft\u0131r\u201d dedi.<\/p>\n<p style=\"text-align: justify;\"><strong>Ba\u015f\u00f6rt\u00fcs\u00fc kampanyas\u0131 <\/strong><\/p>\n<p style=\"text-align: justify;\">Milletvekili genel se\u00e7imlerinde ba\u015f\u00f6rt\u00fcl\u00fc aday neden g\u00f6sterilmedi\u011fi y\u00f6n\u00fcndeki sorulara Erdo\u011fan, \u201cPazarl\u0131k haline getirilmemeli. \u2018Ba\u015f\u00f6rt\u00fcs\u00fc yoksa oy yok\u2019 kampanyas\u0131n\u0131 k\u0131n\u0131yorum, yak\u0131\u015f\u0131ks\u0131z bir kampanya. Gerilimden yana de\u011filiz\u201d cevab\u0131n\u0131 verdi.<\/p>\n<p style=\"text-align: justify;\"><strong>Sanata deli g\u00f6mle\u011fi <\/strong><\/p>\n<p style=\"text-align: justify;\">Ankara B\u00fcy\u00fck Tiyatro Salonu\u2019nda cuma ak\u015fam\u0131 sahnelenen \u2018Gen\u00e7 Osman\u2019 adl\u0131 oyun s\u0131ras\u0131nda oyunculardan birinin \u00f6n s\u0131rada oturan Ba\u015fbakan\u2019\u0131n k\u0131z\u0131 S\u00fcmeyye Erdo\u011fan ve arkada\u015f\u0131na s\u00f6zl\u00fc ve el hareketleriyle hakaret etti\u011fi iddias\u0131 ilgili sorular\u0131 yan\u0131tlayan Erdo\u011fan, \u201cSanat b\u00f6yle sevdirilmez. Bu sanat\u0131n \u00f6tesinde ideolojinin deli g\u00f6mle\u011fine giydirilmesidir\u201d dedi.<\/p>\n<p style=\"text-align: justify;\"><strong>\u0130\u015fte o parlamenter <\/strong><\/p>\n<p style=\"text-align: justify;\">Fransa\u2019da Cumhurba\u015fkan\u0131 Nicolas Sarkozy\u2019nin partisi UMP \u00fcyesi olan Muriel Marland-Militello (68) 2002 y\u0131l\u0131ndan beri mecliste Nice kentini temsil ediyor. Fransa\u2019n\u0131n g\u00fcney kentinde ayn\u0131 zamanda belediye ba\u015fkan yard\u0131mc\u0131s\u0131 olan Marland-Militello \u00fcniversitede siyaset bilimi ve do\u011fu dilleri okudu.<\/p>\n<p style=\"text-align: justify;\"><strong>Y\u00fczde 10\u2019u biz koymad\u0131k <\/strong><\/p>\n<p style=\"text-align: justify;\">Erdo\u011fan, Hollandal\u0131 Parlamenter Tiny Kox\u2019un,y \u201cBen Avrupa solundan\u0131m. Demokratik de\u011fi\u015fimden yana oldu\u011funuzu s\u00f6ylediniz. Ancak, buna sayg\u0131l\u0131ysan\u0131z, neden T\u00fcrkiye\u2019deki se\u00e7im yasasindaki y\u00fczde 10\u2019luk baraj\u0131 indiremediniz?\u201d \u015feklindeki sorusunu ise \u015f\u00f6yle yan\u0131tlad\u0131:<\/p>\n<p style=\"text-align: justify;\">\u201cY\u00fczde 10 baraj\u0131n\u0131 koyan benim partim de\u011fil, biz de y\u00fczde 10 baraj\u0131yla geldik. Biz geldi\u011fimizde bu baraj vard\u0131. Biz sol kanatta ve sag kanatta veya u\u00e7larda kalmad\u0131k. Fransa\u2019da Romanlar\u0131n buradan kovuldu\u011funu g\u00f6r\u00fcyorum. Demokrasi bu mu? T\u00fcrkiye\u2019yi yarg\u0131lama gayreti i\u00e7erisine girenler, \u00f6nce kendilerine baks\u0131nlar. Ondan sonra da bizi yarg\u0131las\u0131nlar\u201d dedi.<\/p>\n<p style=\"text-align: justify;\"><strong>Size soracak de\u011filiz <\/strong><\/p>\n<p style=\"text-align: justify;\">Y\u00fczde 10 baraj\u0131n\u0131 indirmenin demokrasi ile ilintili bir konu olmad\u0131\u011f\u0131n\u0131 belirten Erdo\u011fan \u015f\u00f6yle devam etti: \u201c\u015eu anda Avrupa\u2019da y\u00fczde 8, y\u00fczde 7 baraji da var, olabilir. Ama biz \u00fclkemizin istikrar\u0131 i\u00e7in, g\u00fcveni i\u00e7in b\u00f6yle bir ad\u0131m\u0131 devam ettirme karar\u0131 alm\u0131\u015f\u0131z. Tek ba\u015f\u0131na iktidarlar\u0131n oldu\u011fu d\u00f6nemde T\u00fcrkiye\u2019nin \u00e7\u0131tas\u0131 hep y\u00fckselmi\u015f, koalisyon h\u00fck\u00fcmetlerinin oldu\u011fu d\u00f6nemlerde de hep gerileme d\u00f6nemi ba\u015flam\u0131\u015ft\u0131r. \u00dclkemize yeni s\u0131k\u0131nt\u0131lar ya\u015fatmak istemiyoruz. Yeri geldi\u011fi zaman bu baraj\u0131n biraz d\u00fc\u015f\u00fcr\u00fclmesi gerekirse onu da yine halk\u0131m\u0131zla m\u00fczakeresini yapar\u0131z ama onu size soracak de\u011filiz. Halk\u0131m\u0131zla m\u00fczakeresini yapar\u0131z. Halk\u0131m\u0131z bize \u2018indirin\u2019 diyorsa indiririz. Halk\u0131m\u0131z bize \u2019b\u00f6yle devam edin\u2019 diyorsa b\u00f6yle devam ederiz. Karar\u0131n\u0131 verecek olan 74 milyonluk T\u00fcrkiye\u2019dir.\u201d<\/p>\n<p style=\"text-align: justify;\"><strong>Bizzat takip edece\u011fim <\/strong><\/p>\n<p style=\"text-align: justify;\">Frans\u0131z kad\u0131n parlamenter Muriel Marland-Militello\u2019nun, \u201cB\u00fct\u00fcn dini az\u0131nl\u0131klar\u0131n e\u015fit olarak ibadet yerlerine eri\u015fim haklar\u0131n\u0131n, dinlerini ifade etme haklar\u0131n\u0131 ya\u015fayabilmeleri i\u00e7in bize nas\u0131l bir g\u00fcvence getirebilirsiniz?\u201d sorusuna kar\u015f\u0131l\u0131k Erdo\u011fan\u2019\u0131n esprili \u015fekilde, \u201cSizi ben T\u00fcrkiye\u2019ye davet etmek isterim. T\u00fcrkiye\u2019yi yak\u0131ndan takip etmiyorsunuz. Duyduklar\u0131n\u0131zla hareket ediyorsunuz.<\/p>\n<p style=\"text-align: justify;\">Zannediyorum, arkada\u015f\u0131m\u0131z Frans\u0131z m\u0131? Ama T\u00fcrkiye\u2019ye de Frans\u0131z. Biz de b\u00f6yle g\u00fczel bir s\u00f6z var: T\u00fcrkiye\u2019ye \u00e7ok Frans\u0131zs\u0131n\u0131z\u201d ifadelerini kullanmas\u0131, Genel Kurul\u2019da g\u00fcl\u00fc\u015fmelere neden oldu.<\/p>\n<p style=\"text-align: justify;\">Erdo\u011fan az\u0131nl\u0131klara y\u00f6nelik yapt\u0131klar\u0131n\u0131 anlatarak \u015funlar\u0131 s\u00f6yledi:<\/p>\n<p style=\"text-align: justify;\">\u201c\u00dclkemizde bulunan ne kadar farkl\u0131 dini az\u0131nl\u0131k varsa hepsinin ibadetini yapma noktas\u0131nda garantisi benim, sigortas\u0131 benim. Hepsi ibadetini rahatl\u0131kla yapar. Onlar\u0131n sigortas\u0131 durumunday\u0131z. Kimse bu noktada \u2019biz ibaretimizi yapam\u0131yor durumday\u0131z\u2019 diyemez. E\u011fer derse, hakikaten bize kar\u015f\u0131 bu sayg\u0131s\u0131zl\u0131k olur. Kim diyorsa haberim olsun, bizzat ilgilenece\u011fim, bizzat takip edece\u011fim. Bu kadar a\u00e7\u0131k konu\u015fuyorum.\u201d<\/p>\n<p style=\"text-align: justify;\"><strong>Ha\u00e7l\u0131 seferleri hat\u0131rlatmas\u0131 <\/strong><\/p>\n<p style=\"text-align: justify;\">Konu\u015fmas\u0131nda isim vermeden s\u0131k\u00e7a Fransa Cumhurba\u015fkan\u0131 Nicolas Sarkozy\u2019yi hedef alan Erdo\u011fan, Hristiyan d\u00fcnyas\u0131 ile \u0130slam d\u00fcnyas\u0131n\u0131n birbirine bak\u0131\u015f\u0131n\u0131n, tarihsel s\u00fcre\u00e7te b\u00fcy\u00fck oranda Ha\u00e7l\u0131 Seferleri\u2019yle \u015fekillendi\u011fini kaydederek \u015funlar\u0131 belirtti:<\/p>\n<p style=\"text-align: justify;\">\u201cHa\u00e7l\u0131 Seferleri\u2019ni derin haf\u0131zas\u0131ndan silemeyenler, kendi toplumlar\u0131na da b\u00f6lgelerine de d\u00fcnyaya da bar\u0131\u015f ve ho\u015fg\u00f6r\u00fc vaat edemezler. \u00dcz\u00fclerek g\u00f6zlemliyorum ki, Avrupa i\u00e7inde kutupla\u015fma giderek \u015fiddetlenmektedir. Bu durumun baz\u0131 \u00fclkelerde art\u0131k devlet kademelerinde bile g\u00f6r\u00fclmesi, siyasi partilerin bu temelde prim yaparak oy kazanmaya \u00e7al\u0131\u015f\u0131yor olmalar\u0131 olay\u0131n vehametini art\u0131rmaktad\u0131r.\u201d<\/p>\n<p style=\"text-align: justify;\">Erdo\u011fan, Ermeni vekil Armen Rustamyan\u2019\u0131n, \u201cS\u0131n\u0131rlar\u0131n a\u00e7\u0131lmamas\u0131 ve baz\u0131 an\u0131tlar\u0131n kald\u0131r\u0131lmas\u0131\u201d sorusunu \u201dBiz dost, karde\u015f Azerbaycan halk\u0131n\u0131n hakk\u0131n\u0131 ve hukukunu da Ermenistan\u2019a yediremeyiz bu kadar a\u00e7\u0131k konu\u015fuyorum\u201d diyerek yan\u0131tlad\u0131.<\/p>\n<p style=\"text-align: justify;\"><a href=\"http:\/\/www.t24.com.tr\/haberdetay\/138864.aspx\" target=\"_blank\">Kaynak : T24<\/a><\/p>\n<p style=\"text-align: justify;\">&nbsp;<\/p>\n<hr style=\"width: 500px;\" \/>\n<p>[youtube width=&#8221;550&#8243; height=&#8221;344&#8243;]http:\/\/www.youtube.com\/watch?v=AVntVuVKTmU[\/youtube]<\/p>\n","protected":false},"excerpt":{"rendered":"<p style=\"text-align: justify;\">&nbsp;<\/p>\n<p id=\"caption-attachment-36514\" class=\"wp-caption-text\">Ba\u015fbakan Recep Tayyip Erdo\u011fan, Fransa\u2019da Avrupa Konseyi Parlamenterler Meclisi\u2019ne (AKPM) \u00fc\u00e7\u00fcnc\u00fc kez hitap etti. <\/p>\n<p>T24 &#8211; Erdo\u011fan Avrupa Parlamentosu\u2019nda Frans\u0131z parlamenterin \u201cT\u00fcrkiye\u2019de dini az\u0131nl\u0131klar ve ibadetler\u201d sorusuna \u015f\u00f6yle yan\u0131t verdi:Sizi T\u00fcrkiye\u2019ye davet etmek isterim. T\u00fcrkiye\u2019yi yak\u0131ndan takip etmiyorsunuz. Zannederim arkada\u015f Frans\u0131z. Ama, T\u00fcrkiye\u2019ye de Frans\u0131z.Kimse, \u2018biz ibadetimizi yapam\u0131yoruz\u2019 diyemez, <\/p>\n","protected":false},"author":1,"featured_media":0,"comment_status":"open","ping_status":"open","sticky":false,"template":"","format":"standard","meta":{"footnotes":""},"categories":[105],"tags":[],"class_list":["post-36513","post","type-post","status-publish","format-standard","hentry","category-gundem","odd"],"_links":{"self":[{"href":"http:\/\/www.korhanyilmaz.com\/index.php?rest_route=\/wp\/v2\/posts\/36513","targetHints":{"allow":["GET"]}}],"collection":[{"href":"http:\/\/www.korhanyilmaz.com\/index.php?rest_route=\/wp\/v2\/posts"}],"about":[{"href":"http:\/\/www.korhanyilmaz.com\/index.php?rest_route=\/wp\/v2\/types\/post"}],"author":[{"embeddable":true,"href":"http:\/\/www.korhanyilmaz.com\/index.php?rest_route=\/wp\/v2\/users\/1"}],"replies":[{"embeddable":true,"href":"http:\/\/www.korhanyilmaz.com\/index.php?rest_route=%2Fwp%2Fv2%2Fcomments&post=36513"}],"version-history":[{"count":0,"href":"http:\/\/www.korhanyilmaz.com\/index.php?rest_route=\/wp\/v2\/posts\/36513\/revisions"}],"wp:attachment":[{"href":"http:\/\/www.korhanyilmaz.com\/index.php?rest_route=%2Fwp%2Fv2%2Fmedia&parent=36513"}],"wp:term":[{"taxonomy":"category","embeddable":true,"href":"http:\/\/www.korhanyilmaz.com\/index.php?rest_route=%2Fwp%2Fv2%2Fcategories&post=36513"},{"taxonomy":"post_tag","embeddable":true,"href":"http:\/\/www.korhanyilmaz.com\/index.php?rest_route=%2Fwp%2Fv2%2Ftags&post=36513"}],"curies":[{"name":"wp","href":"https:\/\/api.w.org\/{rel}","templated":true}]}}