{"id":36510,"date":"2011-04-13T14:03:59","date_gmt":"2011-04-13T11:03:59","guid":{"rendered":"http:\/\/www.korhanyilmaz.com\/?p=36510"},"modified":"2011-07-12T00:39:45","modified_gmt":"2011-07-11T21:39:45","slug":"basbakan-strasbourgda","status":"publish","type":"post","link":"http:\/\/www.korhanyilmaz.com\/?p=36510","title":{"rendered":"Ba\u015fbakan Strasbourg&#8217;da"},"content":{"rendered":"<p style=\"text-align: justify;\">Avrupa Konseyi Parlamenterler Meclisi Genel Kurulu&#8217;na kat\u0131lmak \u00fczere d\u00fcn ak\u015fam saatlerinde Strasbourg&#8217;a gelen Erdo\u011fan ve e\u015fi Emine Han\u0131m, Fransa&#8217;da ya\u015fayan T\u00fcrklerle bulu\u015ftu.<\/p>\n<p style=\"text-align: justify;\">T\u00fcrkleri Frans\u0131z vatanda\u015fl\u0131\u011f\u0131na da ge\u00e7erek \u00e7ifte vatanda\u015f olmaya \u00e7a\u011f\u0131ran Erdo\u011fan, Fransa&#8217;da uygulanmaya ba\u015flanan pe\u00e7e yasa\u011f\u0131 ve Libya politikas\u0131 nedeniyle isim vermeden Fransa Cumhurba\u015fkan\u0131 Sarkozy&#8217;yi ele\u015ftirdi. Ba\u015fbakan &#8220;Avrupa&#8217;n\u0131n pop\u00fclizm u\u011fruna, se\u00e7im kazanmak u\u011fruna, ayr\u0131mc\u0131l\u0131\u011f\u0131 ve tek tiple\u015fmeyi tercih etmesi tarihi bir yan\u0131lg\u0131 olacakt\u0131r. \u0130nsani de\u011ferler ba\u015fkas\u0131n\u0131n hayat tarz\u0131na, inan\u00e7lar\u0131na, d\u0131\u015f g\u00f6r\u00fcn\u00fc\u015f\u00fcne sayg\u0131y\u0131 gerektirir. Bug\u00fcn en son ihtiya\u00e7 duydu\u011fumuz \u015fey \u00f6tekile\u015ftirmedir, ayr\u0131mc\u0131l\u0131kt\u0131r, kutupla\u015ft\u0131rmad\u0131r&#8221; dedi. <!--more--><\/p>\n<p style=\"text-align: justify;\">Ba\u015fbakan Erdo\u011fan,ba\u015fkanl\u0131\u011f\u0131n\u0131 Mevl\u00fct \u00c7avu\u015fo\u011flu&#8217;nun yapt\u0131\u011f\u0131 Avrupa Konseyi Parlamenterler Meclisi&#8217;nin oturumuna kat\u0131lmak \u00fczere yakla\u015f\u0131k yar\u0131m saat \u00f6nce meclis binas\u0131na giri\u015f yapt\u0131. AKPM Ba\u015fkan\u0131 Mevl\u00fct \u00c7avu\u015fo\u011flu ile ikili g\u00f6r\u00fc\u015fme yapan Erdo\u011fan&#8217;\u0131n Avrupa Konseyi Genel Sekreteri Thorbjorn Jagland ile de g\u00f6r\u00fc\u015fmesinin ard\u0131ndan, saat 12.00&#8217;da meclis genel kurulunda &#8220;Konuk H\u00fck\u00fcmet Ba\u015fkan\u0131&#8221; s\u0131fat\u0131yla Avrupal\u0131 parlamenterlere seslenecek ve d\u00f6nem ba\u015fkanl\u0131\u011f\u0131n\u0131 y\u00fcr\u00fcten T\u00fcrkiye&#8217;nin, Avrupa Konseyi&#8217;ne verdi\u011fi deste\u011fi teyit edecek.<\/p>\n<p style=\"text-align: justify;\"><a href=\"http:\/\/www.sondakika.com\/haber-basbakan-strasbourg-da-2652115\/\" target=\"_blank\">Kaynak : Sondakika.com<\/a><\/p>\n","protected":false},"excerpt":{"rendered":"<p style=\"text-align: justify;\">Avrupa Konseyi Parlamenterler Meclisi Genel Kurulu&#8217;na kat\u0131lmak \u00fczere d\u00fcn ak\u015fam saatlerinde Strasbourg&#8217;a gelen Erdo\u011fan ve e\u015fi Emine Han\u0131m, Fransa&#8217;da ya\u015fayan T\u00fcrklerle bulu\u015ftu.<\/p>\n<p style=\"text-align: justify;\">T\u00fcrkleri Frans\u0131z vatanda\u015fl\u0131\u011f\u0131na da ge\u00e7erek \u00e7ifte vatanda\u015f olmaya \u00e7a\u011f\u0131ran Erdo\u011fan, Fransa&#8217;da uygulanmaya ba\u015flanan pe\u00e7e yasa\u011f\u0131 ve Libya politikas\u0131 nedeniyle isim vermeden Fransa Cumhurba\u015fkan\u0131 Sarkozy&#8217;yi ele\u015ftirdi. Ba\u015fbakan &#8220;Avrupa&#8217;n\u0131n pop\u00fclizm u\u011fruna, <\/p>\n","protected":false},"author":1,"featured_media":0,"comment_status":"open","ping_status":"open","sticky":false,"template":"","format":"standard","meta":{"footnotes":""},"categories":[105],"tags":[],"class_list":["post-36510","post","type-post","status-publish","format-standard","hentry","category-gundem","odd"],"_links":{"self":[{"href":"http:\/\/www.korhanyilmaz.com\/index.php?rest_route=\/wp\/v2\/posts\/36510","targetHints":{"allow":["GET"]}}],"collection":[{"href":"http:\/\/www.korhanyilmaz.com\/index.php?rest_route=\/wp\/v2\/posts"}],"about":[{"href":"http:\/\/www.korhanyilmaz.com\/index.php?rest_route=\/wp\/v2\/types\/post"}],"author":[{"embeddable":true,"href":"http:\/\/www.korhanyilmaz.com\/index.php?rest_route=\/wp\/v2\/users\/1"}],"replies":[{"embeddable":true,"href":"http:\/\/www.korhanyilmaz.com\/index.php?rest_route=%2Fwp%2Fv2%2Fcomments&post=36510"}],"version-history":[{"count":0,"href":"http:\/\/www.korhanyilmaz.com\/index.php?rest_route=\/wp\/v2\/posts\/36510\/revisions"}],"wp:attachment":[{"href":"http:\/\/www.korhanyilmaz.com\/index.php?rest_route=%2Fwp%2Fv2%2Fmedia&parent=36510"}],"wp:term":[{"taxonomy":"category","embeddable":true,"href":"http:\/\/www.korhanyilmaz.com\/index.php?rest_route=%2Fwp%2Fv2%2Fcategories&post=36510"},{"taxonomy":"post_tag","embeddable":true,"href":"http:\/\/www.korhanyilmaz.com\/index.php?rest_route=%2Fwp%2Fv2%2Ftags&post=36510"}],"curies":[{"name":"wp","href":"https:\/\/api.w.org\/{rel}","templated":true}]}}