{"id":36505,"date":"2011-07-11T20:31:39","date_gmt":"2011-07-11T17:31:39","guid":{"rendered":"http:\/\/www.korhanyilmaz.com\/?p=36505"},"modified":"2011-07-11T22:52:15","modified_gmt":"2011-07-11T19:52:15","slug":"balyozda-skandal-serh","status":"publish","type":"post","link":"http:\/\/www.korhanyilmaz.com\/?p=36505","title":{"rendered":"Balyozda Skandal \u015eerh"},"content":{"rendered":"<p style=\"text-align: center;\"><a href=\"http:\/\/www.korhanyilmaz.com\/wp-content\/uploads\/2011\/07\/1511.jpg\"  class=\"lightview\"><img loading=\"lazy\" decoding=\"async\" class=\"aligncenter size-full wp-image-36506\" src=\"http:\/\/www.korhanyilmaz.com\/wp-content\/uploads\/2011\/07\/1511.jpg\" alt=\"\" width=\"462\" height=\"210\" \/><\/a><\/p>\n<p style=\"text-align: justify;\">Mahkeme Ba\u015fkan\u0131 Ak\u00e7ay&#8217;dan Balyoz Davas\u0131 tutuklu san\u0131klar\u0131n\u0131n tahliye taleplerinin reddi ile ilgili \u00e7arp\u0131c\u0131 \u015ferh.<\/p>\n<p style=\"text-align: justify;\">Balyoz davas\u0131n\u0131n tutuklu san\u0131klar\u0131n\u0131n \u201ctahliye taleplerinin reddi&#8221; karar\u0131na yap\u0131lan itiraz \u0130stanbul 11. A\u011f\u0131r Ceza Mahkemesi\u2019nce oy \u00e7oklu\u011fu ile reddedildi. Daha \u00f6nce \u015ferh kararlar\u0131 ile dikkat \u00e7eken Mahkeme Ba\u015fkan\u0131 \u015eeref Ak\u00e7ay, yine dikkat \u00e7ekici bir muhalefet karar\u0131na imza att\u0131. Kendisinin izinde oldu\u011fu d\u00f6nemde, 7\u2019si general 8 asker hakk\u0131ndaki itiraz\u0131n 1 Temmuz Cuma g\u00fcn\u00fc gece 24.00\u2019den sonra karara ba\u011fland\u0131\u011f\u0131n\u0131 ifade eden Ba\u015fkan Ak\u00e7ay, \u201cYoksa 4 Temmuz Pazartesi tarihinde g\u00f6reve ba\u015flayaca\u011f\u0131m\u0131 s\u00f6ylemi\u015f olmam nedeni ile acaba mahkeme ba\u015fkan\u0131n\u0131n dosyaya bakmas\u0131 engellenmek mi istenmi\u015ftir?&#8221; dedi. <!--more--><\/p>\n<p style=\"text-align: justify;\">\u0130stanbul 10. A\u011f\u0131r Ceza Mahkemesi, Silivri Cezaevi\u2019nde g\u00f6r\u00fclen Balyoz davas\u0131n\u0131n 37\u2019nci duru\u015fmas\u0131nda t\u00fcm tutuklu san\u0131klar\u0131n tahliye taleplerini reddetti. Bu karar \u00fczerine san\u0131klar\u0131n avukatlar\u0131, bir \u00fcst mahkeme olan \u0130stanbul 11. A\u011f\u0131r Ceza Mahkemesi\u2019ne itirazda bulundu. \u0130tiraz\u0131 de\u011ferlendiren \u00fcst mahkeme, itirazlar\u0131 oy \u00e7oklu\u011fu ile reddetti. Mahkeme Ba\u015fkan\u0131 \u015eeref Ak\u00e7ay, san\u0131klar\u0131n tahliye edilmesi y\u00f6n\u00fcnde g\u00f6r\u00fc\u015f bildirdi.<\/p>\n<p style=\"text-align: justify;\"><strong>BA\u015eKAN, ENG\u0130N ALAN KARARINI DE\u011eERLEND\u0130RD\u0130<\/strong><\/p>\n<p style=\"text-align: justify;\">Mahkeme Ba\u015fkan\u0131 \u015eeref Ak\u00e7ay, muhalefet \u015ferhinde Balyoz san\u0131klar\u0131ndan olan MHP Milletvekili Engin Alan\u2019la ilgili de\u011ferlendirme yapt\u0131. Mahkeme Ba\u015fkan\u0131 Ak\u00e7ay, ter\u00f6r \u00f6rg\u00fct\u00fc \u00fcyeli\u011fi ile yarg\u0131lan\u0131p ayn\u0131 konumda olan ba\u015fka bir milletvekilinin yine Balyoz davas\u0131na bakan mahkemece serbest b\u0131rak\u0131ld\u0131\u011f\u0131n\u0131 hat\u0131rlatt\u0131.<\/p>\n<p style=\"text-align: justify;\"><strong>TAHL\u0130YE ED\u0130LEN PKK \u00dcYEL\u0130\u011e\u0130NDEN SU\u00c7LANIYOR, ED\u0130LMEYEN \u0130SE ASKER<\/strong><\/p>\n<p style=\"text-align: justify;\">Mahkeme Ba\u015fkan\u0131 Ak\u00e7ay, \u201cTahliye edilen bu ki\u015fiye at\u0131l\u0131 su\u00e7, \u2018\u00dclkeyi b\u00f6lmek isteyen PKK \u00f6rg\u00fct \u00fcyeli\u011fidir.\u2019 Tahliye talebi reddedilen di\u011fer san\u0131k ise askerdir. G\u00f6revi bu \u00f6rg\u00fctle m\u00fccadele etmektir. Mahkeme uygulamalar\u0131, uygulamalar\u0131 yapan ki\u015filere g\u00f6re de\u011fi\u015fmez. Hukuk ne ise herkese e\u015fit olarak uygulanmas\u0131 gerekir. \u00d6nceki tahliyeyi veren ba\u015fka heyet olup ben heyet olarak ayn\u0131 g\u00f6r\u00fc\u015fte de\u011filim demek ve ayn\u0131 konumdaki insanlara e\u015fit muamele yapmamak hukuk ile ba\u011fda\u015fmaz. Yaparsan\u0131z yasalara g\u00f6re de\u011fil, bana g\u00f6re diye hukuk yap\u0131ld\u0131\u011f\u0131n\u0131 g\u00f6sterir. Bana g\u00f6re diyen hukuk olmaz. Hukuk insanlar\u0131n sosyal, siyasal, dini g\u00f6r\u00fc\u015flerine \u0131rk, dil, cinsine g\u00f6re uygulanmaz. Objektif ve e\u015fit olarak herkese uygulanmas\u0131 gerekir. Bana g\u00f6re dedi\u011fimiz yerde hukuk ve hukuk\u00e7uluk biter. Keyfilik ba\u015flar ve huzursuzluk ba\u015flar. Adaletten bahsedilemez&#8221; dedi.<\/p>\n<p style=\"text-align: justify;\"><strong>GECE 24.00\u2019DEN SONRA DOSYA \u0130NCELEN\u0130P KARAR VER\u0130LD\u0130<\/strong><\/p>\n<p style=\"text-align: justify;\">\u0130kinci Balyoz davas\u0131 kapsam\u0131nda haklar\u0131nda yakalama \u00e7\u0131kar\u0131lan 7\u2019si general 8 askerin itiraz\u0131n\u0131n kendisinin ba\u015fkan oldu\u011fu \u0130stanbul 11. A\u011f\u0131r Ceza Mahkemesi\u2019nce reddedildi\u011fini belirten Ba\u015fkan Ak\u00e7ay, &#8220;\u0130zinli oldu\u011fum d\u00f6nemde biriken imzal\u0131k evraklar i\u00e7in cuma g\u00fcn\u00fc adliyeye geldim. Kalem \u00e7al\u0131\u015fanlar\u0131na pazartesi g\u00fcn\u00fc i\u015fe ba\u015flayaca\u011f\u0131m\u0131 s\u00f6yledim.Cuma g\u00fcn\u00fc bizim mahkemenin de gece 24.00\u2019e kadar askeri casusluk duru\u015fmas\u0131 vard\u0131. Duru\u015fman\u0131n bitmesinin ard\u0131ndan \u201cgece yar\u0131s\u0131&#8221; 45 dakikada 33 klas\u00f6r olan dosyayla ilgili itirazlar reddedildi. \u015eimdi cuma g\u00fcn\u00fc 24.00\u2019e kadar duru\u015fma yap\u0131lan bir g\u00fcnde ayn\u0131 g\u00fcn 33 klas\u00f6r dosya gece 24.00\u2019den sonra 45 dakikada neden ve nas\u0131l incelenmi\u015ftir? En \u00f6nemlisi, neden bu kadar yo\u011fun bir duru\u015fmadan sonra inceleme ihtiyac\u0131 duyulmu\u015ftur? Ve bu karar 45 dakikada gece yar\u0131s\u0131 nas\u0131l verilmi\u015ftir? Burada ger\u00e7ek manada bir inceleme yap\u0131lm\u0131\u015f m\u0131d\u0131r? &#8220;<\/p>\n<p style=\"text-align: justify;\"><strong>BA\u015eKANIN DOSYAYA BAKMASI MI ENGELLEND\u0130<\/strong><\/p>\n<p style=\"text-align: justify;\">Ak\u00e7ay g\u00f6r\u00fc\u015flerini \u015f\u00f6yle devam ettirdi: \u201cYoksa 4 Temmuz Pazartesi tarihinde g\u00f6reve ba\u015flayaca\u011f\u0131m\u0131 s\u00f6ylemi\u015f olmam nedeni ile acaba mahkeme ba\u015fkan\u0131n\u0131n dosyaya bakmas\u0131 engellenmek mi istenmi\u015ftir? Ya da san\u0131klara \u00f6zel bir ilgi ve muamele yapma ihtiyac\u0131ndan m\u0131 do\u011fmu\u015ftur? Hangi gerek\u00e7e ile olursa olsun bu uygulama ger\u00e7ek manada bir dosya inceleme ve vicdani kanaate g\u00f6re karar verme olarak kabul edilemez. Yap\u0131lanlar ho\u015f ve kabul edilir \u015feyler de\u011fildir. Ne d\u00fcnyada ne de T\u00fcrkiye\u2019de b\u00f6yle bir itiraz\u0131n, bu \u015fekilde karara ba\u011fland\u0131\u011f\u0131na ili\u015fkin bir \u00f6rnek g\u00f6steremezsiniz.&#8221;<\/p>\n<p style=\"text-align: justify;\"><a href=\"http:\/\/www.gazeteport.com.tr\/haber\/41954\/kavga_gibi_gorus_ayriligi\" target=\"_blank\">Kaynak : GAZETEPORT<\/a><\/p>\n","protected":false},"excerpt":{"rendered":"<p style=\"text-align: center;\">\n<p style=\"text-align: justify;\">Mahkeme Ba\u015fkan\u0131 Ak\u00e7ay&#8217;dan Balyoz Davas\u0131 tutuklu san\u0131klar\u0131n\u0131n tahliye taleplerinin reddi ile ilgili \u00e7arp\u0131c\u0131 \u015ferh.<\/p>\n<p style=\"text-align: justify;\">Balyoz davas\u0131n\u0131n tutuklu san\u0131klar\u0131n\u0131n \u201ctahliye taleplerinin reddi&#8221; karar\u0131na yap\u0131lan itiraz \u0130stanbul 11. A\u011f\u0131r Ceza Mahkemesi\u2019nce oy \u00e7oklu\u011fu ile reddedildi. Daha \u00f6nce \u015ferh kararlar\u0131 ile dikkat \u00e7eken Mahkeme Ba\u015fkan\u0131 \u015eeref Ak\u00e7ay, yine dikkat \u00e7ekici bir <\/p>\n","protected":false},"author":1,"featured_media":0,"comment_status":"open","ping_status":"open","sticky":false,"template":"","format":"standard","meta":{"footnotes":""},"categories":[105],"tags":[],"class_list":["post-36505","post","type-post","status-publish","format-standard","hentry","category-gundem","odd"],"_links":{"self":[{"href":"http:\/\/www.korhanyilmaz.com\/index.php?rest_route=\/wp\/v2\/posts\/36505","targetHints":{"allow":["GET"]}}],"collection":[{"href":"http:\/\/www.korhanyilmaz.com\/index.php?rest_route=\/wp\/v2\/posts"}],"about":[{"href":"http:\/\/www.korhanyilmaz.com\/index.php?rest_route=\/wp\/v2\/types\/post"}],"author":[{"embeddable":true,"href":"http:\/\/www.korhanyilmaz.com\/index.php?rest_route=\/wp\/v2\/users\/1"}],"replies":[{"embeddable":true,"href":"http:\/\/www.korhanyilmaz.com\/index.php?rest_route=%2Fwp%2Fv2%2Fcomments&post=36505"}],"version-history":[{"count":0,"href":"http:\/\/www.korhanyilmaz.com\/index.php?rest_route=\/wp\/v2\/posts\/36505\/revisions"}],"wp:attachment":[{"href":"http:\/\/www.korhanyilmaz.com\/index.php?rest_route=%2Fwp%2Fv2%2Fmedia&parent=36505"}],"wp:term":[{"taxonomy":"category","embeddable":true,"href":"http:\/\/www.korhanyilmaz.com\/index.php?rest_route=%2Fwp%2Fv2%2Fcategories&post=36505"},{"taxonomy":"post_tag","embeddable":true,"href":"http:\/\/www.korhanyilmaz.com\/index.php?rest_route=%2Fwp%2Fv2%2Ftags&post=36505"}],"curies":[{"name":"wp","href":"https:\/\/api.w.org\/{rel}","templated":true}]}}