{"id":36499,"date":"2011-07-11T18:01:16","date_gmt":"2011-07-11T15:01:16","guid":{"rendered":"http:\/\/www.korhanyilmaz.com\/?p=36499"},"modified":"2011-07-11T19:22:45","modified_gmt":"2011-07-11T16:22:45","slug":"tbmmde-mustafa-balbay-tartismasi","status":"publish","type":"post","link":"http:\/\/www.korhanyilmaz.com\/?p=36499","title":{"rendered":"TBMM&#8217;de Mustafa Balbay tart\u0131\u015fmas\u0131"},"content":{"rendered":"<p style=\"text-align: center;\"><a href=\"http:\/\/www.korhanyilmaz.com\/wp-content\/uploads\/2011\/07\/1510.jpg\"  class=\"lightview\"><img loading=\"lazy\" decoding=\"async\" class=\"aligncenter size-full wp-image-36500\" src=\"http:\/\/www.korhanyilmaz.com\/wp-content\/uploads\/2011\/07\/1510.jpg\" alt=\"\" width=\"307\" height=\"236\" \/><\/a><\/p>\n<p style=\"text-align: justify;\">TBMM Genel Kurulu&#8217;nda, CHP&#8217;li milletvekillerinin andi\u00e7meleri s\u0131ras\u0131nda tutuklu milletvekili Mustafa Balbay&#8217;\u0131n isminin okunmamas\u0131 tart\u0131\u015fmaya neden oldu.<\/p>\n<p style=\"text-align: justify;\">Katip \u00fcye, Burdur Milletvekili Bayram \u00d6z\u00e7elik il ve soyad\u0131 s\u0131ras\u0131na g\u00f6re milletvekillerinin isimlerini tek tek okudu. \u0130zmir&#8217;e s\u0131ra geldi\u011finde Balbay&#8217;\u0131n isminin atlanmas\u0131 \u00fczerine CHP Grup Ba\u015fkanvekili Muharrem \u0130nce, \u00d6z\u00e7elik&#8217;in listeyi, alfabetik s\u0131raya g\u00f6re okumas\u0131n\u0131 istedi. <!--more--><\/p>\n<p style=\"text-align: justify;\">Birle\u015fimi y\u00f6neten Sad\u0131k Yakut, CHP \u0130zmir Milletvekili Balbay ve Zonguldak Milletvekili Mehmet Haberal&#8217;\u0131n, tutuklu olarak yarg\u0131lanmalar\u0131n\u0131n devam etti\u011fine y\u00f6nelik mahkeme yaz\u0131s\u0131n\u0131n, 7 Temmuz&#8217;da TBMM Genel Kurulunun bilgisine sunuldu\u011funu an\u0131msatt\u0131.<\/p>\n<p style=\"text-align: justify;\">\u0130nce, Yakut&#8217;a, &#8220;Mahkeme yerine kendinizi koyamazs\u0131n\u0131z, arkada\u015flar\u0131m\u0131z\u0131n ad\u0131n\u0131 okursunuz burada olur ya da olmaz. Bir arkada\u015f\u0131m\u0131z yurt d\u0131\u015f\u0131nda onun da ad\u0131n\u0131 okudunuz&#8221; diye itiraz etti.<\/p>\n<p style=\"text-align: justify;\">Yakut&#8217;un, &#8220;Yapabilece\u011fim bir \u015fey yok&#8221; demesi \u00fczerine, \u0130nce, Balbay&#8217;\u0131n milletvekili olup olmad\u0131\u011f\u0131n\u0131 sordu.<\/p>\n<p style=\"text-align: justify;\">Yakut&#8217;un, milletvekili oldu\u011funu s\u00f6ylemesi \u00fczerine \u0130nce, &#8220;Ba\u015fkanl\u0131k Divan\u0131n\u0131n keyfi davranma hakk\u0131 yoktur, yanl\u0131\u015f yap\u0131yorsunuz, tutumunuz hakk\u0131n\u0131zda s\u00f6z istiyoruz&#8221; diye kar\u015f\u0131l\u0131k verdi.<\/p>\n<p style=\"text-align: justify;\">Yakut, tutumu \u00fczerinde \u0130nce&#8217;ye s\u00f6z verdi.<\/p>\n<p style=\"text-align: justify;\">AK Parti&#8217;lilerin yemin etmedi\u011fi itiraz\u0131nda bulunmas\u0131 \u00fczerine, \u0130nce, \u00f6nce andi\u00e7ti, daha sonra s\u00f6z ald\u0131.<\/p>\n<p style=\"text-align: justify;\"><strong>&#8220;Balbay&#8217;\u0131n ad\u0131n\u0131 anons eder misiniz?&#8221;<\/strong><\/p>\n<p style=\"text-align: justify;\">Muharrem \u0130nce, &#8220;TBMM&#8217;yi boykot etmediklerini, yapt\u0131klar\u0131n\u0131n protesto olmad\u0131\u011f\u0131n\u0131, Gazi Meclisi, ulusal Kurtulu\u015f Sava\u015f\u0131 y\u00f6netmi\u015f bir Meclisi boykot etmenin haklar\u0131 ve hadleri olmad\u0131\u011f\u0131n\u0131&#8221; s\u00f6yledi.<\/p>\n<p style=\"text-align: justify;\">\u0130nce, toplumsal duyarl\u0131l\u0131k olu\u015fturmak, millet iradesine sayg\u0131 ve milletin oyunun temsil edilmesini istediklerini, milletin oyunun pe\u015fine d\u00fc\u015ft\u00fcklerini kaydetti.<\/p>\n<p style=\"text-align: justify;\">\u0130nce, milletin hakk\u0131na, oyuna sahip \u00e7\u0131kt\u0131klar\u0131n\u0131 ifade ederek, &#8220;Arkada\u015flar\u0131m\u0131za dokunulmazl\u0131k, ayr\u0131cal\u0131k, af istemiyoruz. Adil \u015fekilde yarg\u0131lanmas\u0131 s\u00fcrs\u00fcn. Yemin etmeleri engellendi\u011fi gibi adlar\u0131n\u0131n okunmas\u0131 da engelleniyor. Buna sessiz kalamay\u0131z&#8221; diye konu\u015ftu.<\/p>\n<p style=\"text-align: justify;\">Yakut&#8217;un tutumu lehinde s\u00f6z alan AK Parti Grup Ba\u015fkanvekili Mustafa Elita\u015f, il s\u0131ras\u0131na g\u00f6re yap\u0131lan uygulama oldu\u011funu, Divan\u0131n uygulamas\u0131n\u0131n do\u011fru oldu\u011funu ifade etti.<\/p>\n<p style=\"text-align: justify;\">Muharrem \u0130nce, &#8220;Siz okumayacaks\u0131n\u0131z, en gen\u00e7 \u00fcyemiz; Mustafa Balbay&#8217;\u0131n ad\u0131n\u0131 anons eder misiniz?&#8221; diyerek, CHP Tekirda\u011f Milletvekili Emre K\u00f6pr\u00fcl\u00fc&#8217;ye Balbay&#8217;\u0131n ad\u0131n\u0131 okuttu.<\/p>\n<p style=\"text-align: justify;\">Bunun \u00fczerine CHP milletvekilleri alk\u0131\u015flad\u0131.<\/p>\n<p style=\"text-align: justify;\">CHP Samsun Milletvekili Haluk Ko\u00e7 aleyhte, AK Parti Grup Ba\u015fkanvekili Ahmet Ayd\u0131n&#8217;\u0131n lehte s\u00f6z almas\u0131n\u0131n ard\u0131ndan Yakut, &#8220;\u0130simler ilk g\u00fcn okundu ancak sonraki birle\u015fimde mahkeme karar\u0131n\u0131 Genel Kurul bilgisine sunduk. Tamamen teknik konudur, tutumunda yanl\u0131\u015fl\u0131k ve de\u011fi\u015fiklik yoktur&#8221; diyerek, usul tart\u0131\u015fmas\u0131n\u0131 sonland\u0131rd\u0131.<\/p>\n<p style=\"text-align: justify;\">Daha sonra, CHP&#8217;li milletvekilleri andi\u00e7meye devam etti.<\/p>\n<p style=\"text-align: justify;\"><a href=\"http:\/\/www.cnnturk.com\/2011\/turkiye\/07\/11\/tbmmde.mustafa.balbay.tartismasi\/622644.0\/index.html\" target=\"_blank\">Kaynak : CNN T\u00dcRK<\/a><\/p>\n","protected":false},"excerpt":{"rendered":"<p style=\"text-align: center;\">\n<p style=\"text-align: justify;\">TBMM Genel Kurulu&#8217;nda, CHP&#8217;li milletvekillerinin andi\u00e7meleri s\u0131ras\u0131nda tutuklu milletvekili Mustafa Balbay&#8217;\u0131n isminin okunmamas\u0131 tart\u0131\u015fmaya neden oldu.<\/p>\n<p style=\"text-align: justify;\">Katip \u00fcye, Burdur Milletvekili Bayram \u00d6z\u00e7elik il ve soyad\u0131 s\u0131ras\u0131na g\u00f6re milletvekillerinin isimlerini tek tek okudu. \u0130zmir&#8217;e s\u0131ra geldi\u011finde Balbay&#8217;\u0131n isminin atlanmas\u0131 \u00fczerine CHP Grup Ba\u015fkanvekili Muharrem \u0130nce, \u00d6z\u00e7elik&#8217;in listeyi, alfabetik s\u0131raya <\/p>\n","protected":false},"author":1,"featured_media":0,"comment_status":"open","ping_status":"open","sticky":false,"template":"","format":"standard","meta":{"footnotes":""},"categories":[105],"tags":[],"class_list":["post-36499","post","type-post","status-publish","format-standard","hentry","category-gundem","odd"],"_links":{"self":[{"href":"http:\/\/www.korhanyilmaz.com\/index.php?rest_route=\/wp\/v2\/posts\/36499","targetHints":{"allow":["GET"]}}],"collection":[{"href":"http:\/\/www.korhanyilmaz.com\/index.php?rest_route=\/wp\/v2\/posts"}],"about":[{"href":"http:\/\/www.korhanyilmaz.com\/index.php?rest_route=\/wp\/v2\/types\/post"}],"author":[{"embeddable":true,"href":"http:\/\/www.korhanyilmaz.com\/index.php?rest_route=\/wp\/v2\/users\/1"}],"replies":[{"embeddable":true,"href":"http:\/\/www.korhanyilmaz.com\/index.php?rest_route=%2Fwp%2Fv2%2Fcomments&post=36499"}],"version-history":[{"count":0,"href":"http:\/\/www.korhanyilmaz.com\/index.php?rest_route=\/wp\/v2\/posts\/36499\/revisions"}],"wp:attachment":[{"href":"http:\/\/www.korhanyilmaz.com\/index.php?rest_route=%2Fwp%2Fv2%2Fmedia&parent=36499"}],"wp:term":[{"taxonomy":"category","embeddable":true,"href":"http:\/\/www.korhanyilmaz.com\/index.php?rest_route=%2Fwp%2Fv2%2Fcategories&post=36499"},{"taxonomy":"post_tag","embeddable":true,"href":"http:\/\/www.korhanyilmaz.com\/index.php?rest_route=%2Fwp%2Fv2%2Ftags&post=36499"}],"curies":[{"name":"wp","href":"https:\/\/api.w.org\/{rel}","templated":true}]}}