{"id":36493,"date":"2011-07-11T13:24:31","date_gmt":"2011-07-11T10:24:31","guid":{"rendered":"http:\/\/www.korhanyilmaz.com\/?p=36493"},"modified":"2011-07-11T15:28:45","modified_gmt":"2011-07-11T12:28:45","slug":"yemin-krizi-cozuldu","status":"publish","type":"post","link":"http:\/\/www.korhanyilmaz.com\/?p=36493","title":{"rendered":"Yemin krizi \u00e7\u00f6z\u00fcld\u00fc"},"content":{"rendered":"<p style=\"text-align: justify;\"><a href=\"http:\/\/www.korhanyilmaz.com\/wp-content\/uploads\/2011\/07\/1509.jpeg\"  class=\"lightview\"><img loading=\"lazy\" decoding=\"async\" class=\"aligncenter size-full wp-image-36494\" src=\"http:\/\/www.korhanyilmaz.com\/wp-content\/uploads\/2011\/07\/1509.jpeg\" alt=\"\" width=\"336\" height=\"223\" \/><\/a><\/p>\n<p style=\"text-align: justify;\">AKP ve CHP kurmaylar\u0131n\u0131n sabah saatlerinden itibaren yapt\u0131\u011f\u0131 toplant\u0131 ile yemin krizi \u00e7\u00f6z\u00fcld\u00fc.<\/p>\n<p style=\"text-align: justify;\">Kurmaylar, haz\u0131rlanan metni \u00f6nce CHP Genel Ba\u015fkan\u0131 Kemal K\u0131l\u0131\u00e7daro\u011flu ile Ba\u015fbakan Erdo\u011fan\u2019a sundu. Erdo\u011fan ve K\u0131l\u0131\u00e7daro\u011flu\u2019nun onay\u0131 ile yemin krizinde anla\u015fma sa\u011fland\u0131. CHP milletvekilleri saat 15.00\u2019de toplanan Meclis Genel Kurulu\u2019nda yemin edecek. <!--more--><\/p>\n<p style=\"text-align: justify;\"><strong>ERDO\u011eAN: BEKLENT\u0130M\u0130Z BUYDU<\/strong><\/p>\n<p style=\"text-align: justify;\">Ba\u015fbakan Recep Tayyip Erdo\u011fan, CHP&#8217;li milletvekillerinin yemin etmesine y\u00f6nelik mutabakat konusunda, \u201cZaten beklentimiz buydu\u201d dedi.<\/p>\n<p style=\"text-align: justify;\"><strong>MUTABAKAT METN\u0130NDEN<\/strong><\/p>\n<p style=\"text-align: justify;\">AK Parti ve CHP y\u00f6neticilerinin toplant\u0131s\u0131 sonras\u0131nda yap\u0131lan a\u00e7\u0131klamada, yasama faaliyetlerine kat\u0131lmayan milletvekillerinin yemin ederek, Meclis \u00e7al\u0131\u015fmalar\u0131na i\u015ftirak etmelerinin arzu edildi\u011fi belirtildi.<\/p>\n<p style=\"text-align: justify;\">AK Parti ve CHP y\u00f6neticilerinin, ge\u00e7en cuma ve bug\u00fcn yap\u0131lan toplant\u0131lar\u0131ndan \u00e7\u0131kan sonu\u00e7 \u201cbas\u0131n a\u00e7\u0131klamas\u0131\u201d ba\u015fl\u0131\u011f\u0131yla duyuruldu.<\/p>\n<p style=\"text-align: justify;\">Yaz\u0131l\u0131 a\u00e7\u0131klamada, toplant\u0131lara kat\u0131lan AK Parti Grup Ba\u015fkanvekilleri Nurettin Canikli ve Ahmet Ayd\u0131n ile AK Parti Genel Ba\u015fkan Yard\u0131mc\u0131s\u0131 Haluk \u0130pek, CHP ad\u0131na Grup Ba\u015fkanvekili Akif Hamza\u00e7ebi, CHP K\u0131rklareli Milletvekili Turgut Dibek ve \u0130stanbul Milletvekili Ayd\u0131n Ayayd\u0131n&#8217;\u0131n imzas\u0131 yer ald\u0131.<\/p>\n<p style=\"text-align: justify;\">A\u00e7\u0131klamada, TBMM&#8217;nin, T\u00fcrkiye Cumhuriyeti&#8217;ni kuran, Kurtulu\u015f Sava\u015f\u0131&#8217;n\u0131 y\u00f6neten ve ola\u011fan\u00fcst\u00fc ko\u015fullarda dahi toplanarak, bug\u00fcn ya\u015fan\u0131lanlarla k\u0131yaslanamayacak, \u00e7ok daha b\u00fcy\u00fck sorunlar\u0131n \u00fcstesinden gelen bir Meclis oldu\u011fu vurguland\u0131.<\/p>\n<p style=\"text-align: justify;\">Halk\u0131n egemenli\u011fi ve milletin iradesinin, se\u00e7ilmi\u015f ve vekalet verilmi\u015f milletvekilleri arac\u0131l\u0131\u011f\u0131yla TBMM&#8217;de hayata ge\u00e7irilece\u011fi ifade edilen a\u00e7\u0131klamada, \u015f\u00f6yle denildi:<\/p>\n<p style=\"text-align: justify;\">\u201cBu \u00e7er\u00e7evede t\u00fcm siyasi partilerin ve milletvekillerinin, milletimizin kendilerine verdi\u011fi bu onurlu g\u00f6revi yerine getirmeleri i\u00e7in TBMM&#8217;de olmalar\u0131 gerekti\u011fine inan\u0131yoruz. 12 Haziran se\u00e7imleri sonras\u0131nda baz\u0131 milletvekillerinin yemin etmeyerek, yasama faaliyetlerine kat\u0131lmamalar\u0131 eksikliktir. Son se\u00e7imlerle birlikte y\u00fczde 95 seviyelerinde y\u00fcksek bir temsil oran\u0131n\u0131 yans\u0131tan TBMM, milletimizin yeni bir anayasa yap\u0131lmas\u0131 talebiyle birlikte birle\u015ftirilerek de\u011ferlendirildi\u011finde, t\u00fcm siyasi partiler i\u00e7in uygun bir uzla\u015fma zemini olu\u015fturmaktad\u0131r. Ortaya \u00e7\u0131kan bu tarihi f\u0131rsat, toplumsal s\u00f6zle\u015fme tan\u0131m\u0131na uygun bir anayasa yap\u0131lmas\u0131 hedefi i\u00e7in kullan\u0131lmal\u0131d\u0131r.<\/p>\n<p style=\"text-align: justify;\">Siyaset kurumu i\u00e7in sorunlar\u0131n g\u00fcndeme getirilece\u011fi, tart\u0131\u015f\u0131laca\u011f\u0131, de\u011ferlendirilece\u011fi ve \u00e7\u00f6z\u00fcm bulunaca\u011f\u0131 yegane ortam TBMM&#8217;dir. Siyasi partiler, sorunlar\u0131n \u00e7\u00f6z\u00fcm\u00fc i\u00e7in TBMM zemininde olmal\u0131d\u0131r.<\/p>\n<p style=\"text-align: justify;\">Bu inan\u00e7la, anayasa dahil, t\u00fcm mevzuat\u0131n hukukun \u00fcst\u00fcnl\u00fc\u011f\u00fc \u00e7er\u00e7evesinde ve kuvvetler ayr\u0131l\u0131\u011f\u0131 ilkesi dikkate al\u0131narak, \u00f6zg\u00fcrl\u00fckleri geni\u015fletici bir anlay\u0131\u015fla yorumlanmas\u0131 ve uygulanmas\u0131 gerekti\u011fine inan\u0131yoruz.<\/p>\n<p style=\"text-align: justify;\">Sonu\u00e7 olarak, Meclisin a\u00e7\u0131l\u0131\u015f\u0131ndan bug\u00fcne kadar yasama faaliyetlerine kat\u0131lmam\u0131\u015f olan milletvekillerinin yemin ederek, Meclis \u00e7al\u0131\u015fmalar\u0131na i\u015ftirak etmelerini ve katk\u0131 sa\u011flamalar\u0131n\u0131 arzu ediyoruz.\u201d<\/p>\n<p style=\"text-align: justify;\"><strong>&#8220;CHP&#8217;L\u0130LERE HAZIR OLUN MESAJI&#8221;<\/strong><\/p>\n<p style=\"text-align: justify;\">Meclis Ba\u015fkanl\u0131k Divan\u0131\u2019nda Ak Parti ve CHP kurmaylar\u0131 aras\u0131nda toplant\u0131n\u0131n ba\u015flamas\u0131n\u0131n ard\u0131ndan CHP Genel Merkezi\u2019nden milletvekillerinin telefonlar\u0131na &#8220;Meclis\u2019te haz\u0131r olun&#8221; mesaj\u0131 g\u00f6nderildi.<\/p>\n<p style=\"text-align: justify;\"><strong>A\u00c7IKLAMAYI BEK\u0130R BOZDA\u011e YAPTI<\/strong><\/p>\n<p style=\"text-align: justify;\">Saat 15:00&#8217;te TBMM&#8217;de ba\u015falayan oturumda yemin krizinin \u00e7\u00f6z\u00fcm\u00fcyle ilgili ilk a\u00e7\u0131klamay\u0131 Bekir Bozda\u011f yapt\u0131. Srebrenitsa soyk\u0131r\u0131m\u0131 nedeniyle g\u00fcndem d\u0131\u015f\u0131 s\u00f6z alan Bozda\u011f, iki parti heyetinin yapt\u0131klar\u0131 mutabakatla bu sorunu a\u015ft\u0131\u011f\u0131n\u0131, kendilerinin de milletin iradesinin Meclis&#8217;e yans\u0131mas\u0131 i\u00e7in bu sonucu arzu ettiklerini s\u00f6yledi. Bozda\u011f, yemin etmeyecek olan BDP grubu i\u00e7in de &#8216;onlar\u0131 da Meclis&#8217;te g\u00f6rmek istiyoruz&#8217; yorumunda bulundu.<\/p>\n<p style=\"text-align: justify;\"><a href=\"http:\/\/www.radikal.com.tr\/Radikal.aspx?aType=RadikalDetayV3&amp;ArticleID=1055867&amp;Date=11.07.2011&amp;CategoryID=78\" target=\"_blank\">Kaynak : Radikal.com.tr<\/a><\/p>\n","protected":false},"excerpt":{"rendered":"<p style=\"text-align: justify;\">\n<p style=\"text-align: justify;\">AKP ve CHP kurmaylar\u0131n\u0131n sabah saatlerinden itibaren yapt\u0131\u011f\u0131 toplant\u0131 ile yemin krizi \u00e7\u00f6z\u00fcld\u00fc.<\/p>\n<p style=\"text-align: justify;\">Kurmaylar, haz\u0131rlanan metni \u00f6nce CHP Genel Ba\u015fkan\u0131 Kemal K\u0131l\u0131\u00e7daro\u011flu ile Ba\u015fbakan Erdo\u011fan\u2019a sundu. Erdo\u011fan ve K\u0131l\u0131\u00e7daro\u011flu\u2019nun onay\u0131 ile yemin krizinde anla\u015fma sa\u011fland\u0131. CHP milletvekilleri saat 15.00\u2019de toplanan Meclis Genel Kurulu\u2019nda yemin edecek. <\/p>\n","protected":false},"author":1,"featured_media":0,"comment_status":"open","ping_status":"open","sticky":false,"template":"","format":"standard","meta":{"footnotes":""},"categories":[105],"tags":[],"class_list":["post-36493","post","type-post","status-publish","format-standard","hentry","category-gundem","odd"],"_links":{"self":[{"href":"http:\/\/www.korhanyilmaz.com\/index.php?rest_route=\/wp\/v2\/posts\/36493","targetHints":{"allow":["GET"]}}],"collection":[{"href":"http:\/\/www.korhanyilmaz.com\/index.php?rest_route=\/wp\/v2\/posts"}],"about":[{"href":"http:\/\/www.korhanyilmaz.com\/index.php?rest_route=\/wp\/v2\/types\/post"}],"author":[{"embeddable":true,"href":"http:\/\/www.korhanyilmaz.com\/index.php?rest_route=\/wp\/v2\/users\/1"}],"replies":[{"embeddable":true,"href":"http:\/\/www.korhanyilmaz.com\/index.php?rest_route=%2Fwp%2Fv2%2Fcomments&post=36493"}],"version-history":[{"count":0,"href":"http:\/\/www.korhanyilmaz.com\/index.php?rest_route=\/wp\/v2\/posts\/36493\/revisions"}],"wp:attachment":[{"href":"http:\/\/www.korhanyilmaz.com\/index.php?rest_route=%2Fwp%2Fv2%2Fmedia&parent=36493"}],"wp:term":[{"taxonomy":"category","embeddable":true,"href":"http:\/\/www.korhanyilmaz.com\/index.php?rest_route=%2Fwp%2Fv2%2Fcategories&post=36493"},{"taxonomy":"post_tag","embeddable":true,"href":"http:\/\/www.korhanyilmaz.com\/index.php?rest_route=%2Fwp%2Fv2%2Ftags&post=36493"}],"curies":[{"name":"wp","href":"https:\/\/api.w.org\/{rel}","templated":true}]}}