{"id":36484,"date":"2011-07-11T12:48:06","date_gmt":"2011-07-11T09:48:06","guid":{"rendered":"http:\/\/www.korhanyilmaz.com\/?p=36484"},"modified":"2011-11-23T22:09:16","modified_gmt":"2011-11-23T20:09:16","slug":"madimakin-1-numarali-sanigi-oldu","status":"publish","type":"post","link":"http:\/\/www.korhanyilmaz.com\/?p=36484","title":{"rendered":"Mad\u0131mak&#8217;\u0131n &#8216;1 numaral\u0131 san\u0131\u011f\u0131&#8217; \u00f6ld\u00fc!"},"content":{"rendered":"<p style=\"text-align: justify;\"><a href=\"http:\/\/www.korhanyilmaz.com\/wp-content\/uploads\/2011\/07\/1507.jpg\"  class=\"lightview\"><img loading=\"lazy\" decoding=\"async\" class=\"aligncenter size-full wp-image-36485\" src=\"http:\/\/www.korhanyilmaz.com\/wp-content\/uploads\/2011\/07\/1507.jpg\" alt=\"\" width=\"307\" height=\"236\" \/><\/a><\/p>\n<p style=\"text-align: justify;\">Sivas&#8217;ta 2 Temmuz 1993 tarihinde 37 ki\u015finin \u00f6lmesiyli ilgili soru\u015fturman\u0131n &#8216;1 numaral\u0131 san\u0131\u011f\u0131&#8217; olarak aranan d\u00f6nemin Refah Parti&#8217;li Belediye Meclis \u00fcyesi Cafer Er\u00e7akmak&#8217;\u0131n, d\u00fcn Sivas&#8217;ta ya\u015fam\u0131n\u0131 yitirdi\u011fi ortaya \u00e7\u0131kt\u0131. <!--more--><\/p>\n<p style=\"text-align: justify;\">Er\u00e7akmak&#8217;\u0131n cenazesinin, ayn\u0131 g\u00fcn yak\u0131nlar\u0131 taraf\u0131ndan gizlice Yukar\u0131tekke Mezarl\u0131\u011f\u0131&#8217;nda topra\u011fa verildi\u011fi de \u00f6\u011frenildi. Polis, Er\u00e7akmak&#8217;\u0131n bu s\u00fcre boyunca nerede sakland\u0131\u011f\u0131n\u0131 ara\u015ft\u0131r\u0131yor. Er\u00e7akmak&#8217;\u0131n saklanmas\u0131na yard\u0131m edenlerin de sorgulanaca\u011f\u0131 \u00f6\u011frenildi.<\/p>\n<p style=\"text-align: justify;\">Hakk\u0131nda Sivas katliam\u0131n\u0131n ba\u015f azmettiricilerinden biri oldu\u011fu y\u00f6n\u00fcnde iddialar olan ve 18 y\u0131ld\u0131r firarda olan Er\u00e7akmak&#8217;\u0131n uzun y\u0131llar Fransa&#8217;da sakland\u0131\u011f\u0131 \u00f6ne s\u00fcr\u00fclm\u00fc\u015ft\u00fc.<\/p>\n<p style=\"text-align: justify;\">Er\u00e7akmak&#8217;\u0131n ne zaman Sivas&#8217;a geldi\u011fi ve nas\u0131l \u00f6ld\u00fc\u011f\u00fc ise hen\u00fcz netle\u015fmedi.<\/p>\n<p style=\"text-align: justify;\"><a href=\"http:\/\/www.cnnturk.com\/2011\/turkiye\/07\/11\/madimakin.1.numarali.sanigi.oldu\/622605.0\/index.html\" target=\"_blank\">Kaynak : CNN T\u00dcRK<\/a><\/p>\n<p>&nbsp;<\/p>\n","protected":false},"excerpt":{"rendered":"<p style=\"text-align: justify;\">\n<p style=\"text-align: justify;\">Sivas&#8217;ta 2 Temmuz 1993 tarihinde 37 ki\u015finin \u00f6lmesiyli ilgili soru\u015fturman\u0131n &#8216;1 numaral\u0131 san\u0131\u011f\u0131&#8217; olarak aranan d\u00f6nemin Refah Parti&#8217;li Belediye Meclis \u00fcyesi Cafer Er\u00e7akmak&#8217;\u0131n, d\u00fcn Sivas&#8217;ta ya\u015fam\u0131n\u0131 yitirdi\u011fi ortaya \u00e7\u0131kt\u0131. <\/p>\n","protected":false},"author":1,"featured_media":0,"comment_status":"open","ping_status":"open","sticky":false,"template":"","format":"standard","meta":{"footnotes":""},"categories":[105],"tags":[515],"class_list":["post-36484","post","type-post","status-publish","format-standard","hentry","category-gundem","tag-cafer-ercakmak","odd"],"_links":{"self":[{"href":"http:\/\/www.korhanyilmaz.com\/index.php?rest_route=\/wp\/v2\/posts\/36484","targetHints":{"allow":["GET"]}}],"collection":[{"href":"http:\/\/www.korhanyilmaz.com\/index.php?rest_route=\/wp\/v2\/posts"}],"about":[{"href":"http:\/\/www.korhanyilmaz.com\/index.php?rest_route=\/wp\/v2\/types\/post"}],"author":[{"embeddable":true,"href":"http:\/\/www.korhanyilmaz.com\/index.php?rest_route=\/wp\/v2\/users\/1"}],"replies":[{"embeddable":true,"href":"http:\/\/www.korhanyilmaz.com\/index.php?rest_route=%2Fwp%2Fv2%2Fcomments&post=36484"}],"version-history":[{"count":0,"href":"http:\/\/www.korhanyilmaz.com\/index.php?rest_route=\/wp\/v2\/posts\/36484\/revisions"}],"wp:attachment":[{"href":"http:\/\/www.korhanyilmaz.com\/index.php?rest_route=%2Fwp%2Fv2%2Fmedia&parent=36484"}],"wp:term":[{"taxonomy":"category","embeddable":true,"href":"http:\/\/www.korhanyilmaz.com\/index.php?rest_route=%2Fwp%2Fv2%2Fcategories&post=36484"},{"taxonomy":"post_tag","embeddable":true,"href":"http:\/\/www.korhanyilmaz.com\/index.php?rest_route=%2Fwp%2Fv2%2Ftags&post=36484"}],"curies":[{"name":"wp","href":"https:\/\/api.w.org\/{rel}","templated":true}]}}