{"id":36476,"date":"2011-07-10T22:03:27","date_gmt":"2011-07-10T19:03:27","guid":{"rendered":"http:\/\/www.korhanyilmaz.com\/?p=36476"},"modified":"2011-07-11T03:02:45","modified_gmt":"2011-07-11T00:02:45","slug":"orada-poset-mi-var-siiiiist-sessiz-ol","status":"publish","type":"post","link":"http:\/\/www.korhanyilmaz.com\/?p=36476","title":{"rendered":"Orada po\u015fet mi var? \u015eiiiii\u015ft&#8230; Sessiz ol!"},"content":{"rendered":"<p style=\"text-align: center;\"><a href=\"http:\/\/www.korhanyilmaz.com\/wp-content\/uploads\/2011\/07\/1506.jpg\"  class=\"lightview\"><img loading=\"lazy\" decoding=\"async\" class=\"aligncenter size-full wp-image-36477\" src=\"http:\/\/www.korhanyilmaz.com\/wp-content\/uploads\/2011\/07\/1506.jpg\" alt=\"\" width=\"420\" height=\"210\" \/><\/a><\/p>\n<p style=\"text-align: justify;\"><strong>&#8216;Orada po\u015fet mi var?\u201d diye soran arkada\u015f\u0131n\u0131 \u201c\u015eiii\u015ft\u201d diye uyard\u0131&#8217;<\/strong><\/p>\n<p style=\"text-align: justify;\">Avukatlar, te\u011fmenlerin evindeki arama g\u00f6r\u00fcnt\u00fclerini mahkemeye izlettirirken, buzdolab\u0131n\u0131n arkas\u0131nda bulunan siyah po\u015fette TNT kal\u0131plar\u0131n\u0131 bulmadan \u00f6nce bir polisin \u201cOrada po\u015fet mi var?\u201d diye soran arkada\u015f\u0131n\u0131 \u201c\u015eiii\u015ft\u201d diye uyard\u0131\u011f\u0131 belirlendi. <!--more--><\/p>\n<p style=\"text-align: justify;\">Kafes eylem plan\u0131\u201d ve \u201cAmirallere suikast\u201d iddialar\u0131na ili\u015fkin davalarla birle\u015ftirilen Poyrazk\u00f6y\u2019de ele ge\u00e7irilen m\u00fchimmatla ilgili 69 san\u0131kl\u0131 davan\u0131n 14\u2019\u00fcnc\u00fc duru\u015fmas\u0131nda \u00e7arp\u0131c\u0131 bir detay ortaya \u00e7\u0131kt\u0131. Mahkemede tutuklu te\u011fmenler Faruk Ak\u0131n ve Sinan Efe Noyan\u2019\u0131n avukat\u0131 \u0130rfan S\u00fctl\u00fco\u011flu, te\u011fmenlerin evinin aramas\u0131 s\u0131ras\u0131nda kay\u0131t yapan polis kameras\u0131 g\u00f6r\u00fcnt\u00fclerini mahkeme heyetine izlettirdi. Kay\u0131tta polisler patlay\u0131c\u0131lar\u0131n bulundu\u011fu buzdolab\u0131na y\u00f6neldiklerinde hi\u00e7 bir \u015fey g\u00f6r\u00fcnm\u00fcyorken bir polisin di\u011ferine \u201cPo\u015fet mi var orada?\u201d dedi\u011finde di\u011fer polisin \u201c\u015eiiit\u201d diyerek susturmas\u0131 dikkat \u00e7ekti. G\u00f6r\u00fcnt\u00fcn\u00fcn devam\u0131nda ise polislerin po\u015fetleri zorlanarak \u00e7engel benzeri bir ara\u00e7la \u00e7\u0131kard\u0131\u011f\u0131 anla\u015f\u0131ld\u0131.<\/p>\n<p style=\"text-align: justify;\"><strong>B\u0131rak\u0131n hayat\u0131m\u0131 kurtaray\u0131m<\/strong><\/p>\n<p style=\"text-align: justify;\">Duru\u015fmada savunmas\u0131n\u0131 yapan Te\u011fmen Faruk Ak\u0131n, \u201cBen Harp Okulundan derece ile mezun oldum. Benimle ayn\u0131 d\u00f6nem zar zor mezun olanlar 2 ay sonra \u00fcste\u011fmen olacak. Mesle\u011fimi dondurdunuz bari b\u0131rak\u0131n hayat\u0131m\u0131 kurtar\u0131y\u0131m\u201d dedi. Faruk Ak\u0131n savunmas\u0131n\u0131 yaparken annesi g\u00f6zya\u015flar\u0131n\u0131 tutamad\u0131.<\/p>\n<p style=\"text-align: justify;\"><strong>Ko\u00e7 M\u00fczesi\u2019ndeki patlay\u0131c\u0131lar<\/strong><\/p>\n<p style=\"text-align: justify;\">Duru\u015fmada Ko\u00e7 M\u00fczesi\u2019ndeki denizalt\u0131da bulunan patlay\u0131c\u0131lar ile ilgili de ilgin\u00e7 geli\u015fmeler ya\u015fand\u0131. Davan\u0131n sal\u0131 g\u00fcn\u00fc g\u00f6r\u00fclen duru\u015fmas\u0131nda Rahmi Ko\u00e7 M\u00fczesi M\u00fcd\u00fcr\u00fc Ertu\u011frul Duru, tan\u0131k olarak dinlenmi\u015f ve denizalt\u0131na gizlenmi\u015f patlay\u0131c\u0131lar\u0131 rehber olarak \u00e7al\u0131\u015fan O\u011fuz \u0130\u015fleyen\u2019in \u00f6\u011fleden sonra kendisine getirdi\u011fini s\u00f6ylemi\u015fti. Bug\u00fcn g\u00f6r\u00fclen duru\u015fmada da rehber \u0130\u015fleyen, patlay\u0131c\u0131lar\u0131 \u00f6\u011fleden sonra buldu\u011funu do\u011frulad\u0131. Ancak Kuzey Deniz Saha Komutanl\u0131\u011f\u0131\u2019ndan gelen bir yaz\u0131da ise patlay\u0131c\u0131lar\u0131n bulundu\u011fu g\u00fcn sabah saat 10.00\u2019da komutanl\u0131\u011f\u0131 kendini Ertu\u011frul Duru olarak tan\u0131tan birinin arad\u0131\u011f\u0131 ve patlay\u0131c\u0131 madde bulundu\u011funu s\u00f6yledi\u011fi kaydedildi. San\u0131k avukatlar\u0131 ise, patlay\u0131c\u0131lar\u0131 \u00f6\u011fleden sonra buldu\u011funu ve kimseye s\u00f6ylemedi\u011fini ifade eden Duru\u2019nun ayn\u0131 g\u00fcn sabah 11.00 s\u0131ralar\u0131nda Kuzey Deniz Saha Komutanl\u0131\u011f\u0131\u2019na giri\u015f yapt\u0131\u011f\u0131na dair kay\u0131tlar\u0131 mahkemeye sundu. Mahkeme san\u0131kalr\u0131n tutukluluk hallerinin devam\u0131na ili\u015fkin karar verirken duru\u015fmay\u0131 3 ay sonras\u0131na erteledi.<\/p>\n<p style=\"text-align: justify;\"><strong>O po\u015fetten patlay\u0131c\u0131 ve \u2018suikast emri\u2019 \u00e7\u0131km\u0131\u015ft\u0131<\/strong><\/p>\n<p style=\"text-align: justify;\">Amirallere Suikast soru\u015fturmas\u0131 kapsam\u0131nda 18 Temmuz 2009\u2019da G\u00f6lc\u00fck De\u011firmendere\u2019de denizci te\u011fmenler Faruk Ak\u0131n ve Sinan Efe Noyan\u2019\u0131n m\u00fc\u015fterek oturduklar\u0131 evde polis taraf\u0131ndan arama yap\u0131ld\u0131. Aramaya askeri yetkililerle birlikte narkotik timleri de kat\u0131lm\u0131\u015ft\u0131 \u00e7\u00fcnk\u00fc gelen ihbarda te\u011fmenlerin uyu\u015fturucu kulland\u0131klar\u0131 iddia ediliyordu. \u0130ki te\u011fmenin de evde bulundu\u011fu s\u0131rada yap\u0131lan aramalarda buzdolab\u0131n\u0131n arkas\u0131nda hem suikast emri veren bir pusula, hem de o suikastta kullan\u0131laca\u011f\u0131 iddia edilen, yar\u0131m kilo a\u011f\u0131rl\u0131\u011f\u0131nda patlay\u0131c\u0131 bulunmu\u015ftu. Po\u015fetin i\u00e7indeki ka\u011f\u0131t par\u00e7as\u0131nda \u201cU\u011fur ve Metin Pa\u015fa\u2019ya yap\u0131lacak operasyon\u201d yaz\u0131s\u0131 bulunuyordu. D\u00fczg\u00fcn bir el yaz\u0131s\u0131 ile kaleme al\u0131nan notta bahsedilen U\u011fur Pa\u015fa, d\u00f6nemin donanma komutan\u0131, \u015fimdiki deniz kuvvetleri komutan\u0131 Oramiral E\u015fref U\u011fur Yi\u011fit. Metin Pa\u015fa ise d\u00f6nemin Deniz Kuvvetleri Komutan\u0131 Oramiral Metin Ata\u00e7\u2019t\u0131.<\/p>\n<p style=\"text-align: justify;\"><a href=\"http:\/\/haber.gazetevatan.com\/orada-poset-mi-var-siiiiist-sessiz-ol\/387790\/1\/Gundem\" target=\"_blank\">Kaynak : VATAN Gazetesi<\/a><\/p>\n","protected":false},"excerpt":{"rendered":"<p style=\"text-align: center;\">\n<p style=\"text-align: justify;\">&#8216;Orada po\u015fet mi var?\u201d diye soran arkada\u015f\u0131n\u0131 \u201c\u015eiii\u015ft\u201d diye uyard\u0131&#8217;<\/p>\n<p style=\"text-align: justify;\">Avukatlar, te\u011fmenlerin evindeki arama g\u00f6r\u00fcnt\u00fclerini mahkemeye izlettirirken, buzdolab\u0131n\u0131n arkas\u0131nda bulunan siyah po\u015fette TNT kal\u0131plar\u0131n\u0131 bulmadan \u00f6nce bir polisin \u201cOrada po\u015fet mi var?\u201d diye soran arkada\u015f\u0131n\u0131 \u201c\u015eiii\u015ft\u201d diye uyard\u0131\u011f\u0131 belirlendi. <\/p>\n","protected":false},"author":1,"featured_media":0,"comment_status":"open","ping_status":"open","sticky":false,"template":"","format":"standard","meta":{"footnotes":""},"categories":[105],"tags":[],"class_list":["post-36476","post","type-post","status-publish","format-standard","hentry","category-gundem","odd"],"_links":{"self":[{"href":"http:\/\/www.korhanyilmaz.com\/index.php?rest_route=\/wp\/v2\/posts\/36476","targetHints":{"allow":["GET"]}}],"collection":[{"href":"http:\/\/www.korhanyilmaz.com\/index.php?rest_route=\/wp\/v2\/posts"}],"about":[{"href":"http:\/\/www.korhanyilmaz.com\/index.php?rest_route=\/wp\/v2\/types\/post"}],"author":[{"embeddable":true,"href":"http:\/\/www.korhanyilmaz.com\/index.php?rest_route=\/wp\/v2\/users\/1"}],"replies":[{"embeddable":true,"href":"http:\/\/www.korhanyilmaz.com\/index.php?rest_route=%2Fwp%2Fv2%2Fcomments&post=36476"}],"version-history":[{"count":0,"href":"http:\/\/www.korhanyilmaz.com\/index.php?rest_route=\/wp\/v2\/posts\/36476\/revisions"}],"wp:attachment":[{"href":"http:\/\/www.korhanyilmaz.com\/index.php?rest_route=%2Fwp%2Fv2%2Fmedia&parent=36476"}],"wp:term":[{"taxonomy":"category","embeddable":true,"href":"http:\/\/www.korhanyilmaz.com\/index.php?rest_route=%2Fwp%2Fv2%2Fcategories&post=36476"},{"taxonomy":"post_tag","embeddable":true,"href":"http:\/\/www.korhanyilmaz.com\/index.php?rest_route=%2Fwp%2Fv2%2Ftags&post=36476"}],"curies":[{"name":"wp","href":"https:\/\/api.w.org\/{rel}","templated":true}]}}