{"id":36469,"date":"2011-07-11T00:46:37","date_gmt":"2011-07-10T21:46:37","guid":{"rendered":"http:\/\/www.korhanyilmaz.com\/?p=36469"},"modified":"2011-07-11T02:49:45","modified_gmt":"2011-07-10T23:49:45","slug":"amaclari-dikkat-cekmekse-basardilar","status":"publish","type":"post","link":"http:\/\/www.korhanyilmaz.com\/?p=36469","title":{"rendered":"&#8216;Ama\u00e7lar\u0131 dikkat \u00e7ekmekse ba\u015fard\u0131lar&#8217;"},"content":{"rendered":"<p style=\"text-align: center;\"><a href=\"http:\/\/www.korhanyilmaz.com\/wp-content\/uploads\/2011\/07\/2011-07-11_024533.jpg\"  class=\"lightview\"><img loading=\"lazy\" decoding=\"async\" class=\"aligncenter size-full wp-image-36470\" src=\"http:\/\/www.korhanyilmaz.com\/wp-content\/uploads\/2011\/07\/2011-07-11_024533.jpg\" alt=\"\" width=\"360\" height=\"215\" \/><\/a><\/p>\n<p style=\"text-align: justify;\">Cumhurba\u015fkan\u0131 Abdullah G\u00fcl, CHP ve BDP&#8217;li vekillere seslenerek &#8220;Yar\u0131ndan itibaren yemin edip siyasi sorumluluklar\u0131n\u0131 \u00fcstlenmeleri gerek&#8221; dedi.<\/p>\n<p style=\"text-align: justify;\">SOFYA &#8211; Cumhurba\u015fkan\u0131 Abdullah G\u00fcl, resmi ziyaret i\u00e7in geldi\u011fi Bulgaristan&#8217;\u0131n ba\u015fkenti Sofya&#8217;da temaslar\u0131n\u0131 izleyen gazetecilerle sohbet toplant\u0131s\u0131 yapt\u0131. G\u00fcl, CHP ve BDP&#8217;li milletvekillerinin hen\u00fcz yemin etmedikleri an\u0131msat\u0131larak sorunun yar\u0131n a\u015f\u0131labilece\u011fi y\u00f6n\u00fcnde i\u015faretler bulundu\u011funun belirtilmesi \u00fczerine 12 Haziran&#8217;daki genel se\u00e7imde halk\u0131n b\u00fct\u00fcn \u00f6nemli siyasi ak\u0131mlar\u0131 Meclise g\u00f6nderme iradesi ortaya koydu\u011funu s\u00f6yledi. <!--more--><\/p>\n<p style=\"text-align: justify;\">&#8221;\u015eimdi i\u015fe koyulma zaman\u0131&#8221; diyen G\u00fcl, CHP ve BDP&#8217;lilerin yemin etmemesi ve Meclis faaliyetlerine kat\u0131lmamas\u0131n\u0131n g\u00f6r\u00fclmek istenen manzara olmad\u0131\u011f\u0131n\u0131 ifade etti. Tutuklu yarg\u0131lanan milletvekillerinin Meclise nas\u0131l gelece\u011fi sorununun hukuk yoluyla \u00e7\u00f6z\u00fclece\u011fini vurgulayan G\u00fcl, \u015f\u00f6yle konu\u015ftu:<\/p>\n<p style=\"text-align: justify;\">&#8221;Maksat dikkat \u00e7ekmekse has\u0131l olmu\u015ftur. Bu konuda g\u00f6r\u00fc\u015fmeler yap\u0131ld\u0131 ve g\u00f6r\u00fc\u015fmelerde iyi niyetler ortaya konuldu. Daha fazla gecikmeden yar\u0131ndan itibaren milletvekillerinin yemin edip siyasi sorumluluklar\u0131n\u0131 \u00fcstlenip Mecliste aktif faaliyete ge\u00e7meleri gerekir. \u0130\u015fler geciktik\u00e7e komplike hale gelir, esir al\u0131r. Bu davran\u0131\u015f, siyasi partileri esir al\u0131r. Maksat has\u0131l olmu\u015ftur. Milletvekillerinin, yeminlerini edip g\u00f6revlerini lay\u0131k\u0131yla yapmalar\u0131n\u0131n do\u011fru oldu\u011fu kanaatindeyim ve bu y\u00f6ndeki \u00e7a\u011fr\u0131m\u0131 yineliyorum.&#8221;<\/p>\n<p style=\"text-align: justify;\">CHP Edirne Milletvekili Kemal De\u011firmendereli, CHP K\u0131rklareli Milletvekili Mehmet Siyam Kesimo\u011flu ve Mardin Ba\u011f\u0131ms\u0131z Milletvekili Ahmet T\u00fcrk&#8217;\u00fcn ziyaretine e\u015flik etti\u011finin belirtilmesi \u00fczerine G\u00fcl, Cumhurba\u015fkan\u0131 olarak yurtd\u0131\u015f\u0131na geni\u015f heyetlerle gitti\u011fini s\u00f6yledi. Yurtd\u0131\u015f\u0131 ziyareti \u00f6ncesinde t\u00fcm siyasi parti gruplar\u0131ndan milletvekili ismi bildirilmesinin istendi\u011fini anlatan G\u00fcl, bu ziyaret \u00f6ncesinde de Cumhurba\u015fkanl\u0131\u011f\u0131 Genel Sekreterli\u011finin yaz\u0131\u015fmas\u0131 sonucu bu milletvekillerinin isimlerinin geldi\u011fini kaydetti.<\/p>\n<p style=\"text-align: justify;\">G\u00fcl, &#8221;Bu isimler de se\u00e7ilmi\u015f milletvekilleridir ve mazbatalar\u0131n\u0131 ald\u0131lar, halk\u0131 temsil ediyorlar. TBMM i\u00e7indeki \u00e7al\u0131\u015fmalar, \u0130\u00e7t\u00fcz\u00fck, yasa ve Anayasa kurallar\u0131na ba\u011fl\u0131, bizim gezimize halk\u0131 temsil edenler olarak kat\u0131l\u0131yorlar&#8221; diye konu\u015ftu.<\/p>\n<p style=\"text-align: justify;\"><a href=\"http:\/\/www.ntvmsnbc.com\/id\/25231111\/\" target=\"_blank\">Kaynak : NTVMSNBC<\/a><\/p>\n","protected":false},"excerpt":{"rendered":"<p style=\"text-align: center;\">\n<p style=\"text-align: justify;\">Cumhurba\u015fkan\u0131 Abdullah G\u00fcl, CHP ve BDP&#8217;li vekillere seslenerek &#8220;Yar\u0131ndan itibaren yemin edip siyasi sorumluluklar\u0131n\u0131 \u00fcstlenmeleri gerek&#8221; dedi.<\/p>\n<p style=\"text-align: justify;\">SOFYA &#8211; Cumhurba\u015fkan\u0131 Abdullah G\u00fcl, resmi ziyaret i\u00e7in geldi\u011fi Bulgaristan&#8217;\u0131n ba\u015fkenti Sofya&#8217;da temaslar\u0131n\u0131 izleyen gazetecilerle sohbet toplant\u0131s\u0131 yapt\u0131. G\u00fcl, CHP ve BDP&#8217;li milletvekillerinin hen\u00fcz yemin etmedikleri an\u0131msat\u0131larak sorunun yar\u0131n a\u015f\u0131labilece\u011fi y\u00f6n\u00fcnde <\/p>\n","protected":false},"author":1,"featured_media":0,"comment_status":"open","ping_status":"open","sticky":false,"template":"","format":"standard","meta":{"footnotes":""},"categories":[105],"tags":[],"class_list":["post-36469","post","type-post","status-publish","format-standard","hentry","category-gundem","odd"],"_links":{"self":[{"href":"http:\/\/www.korhanyilmaz.com\/index.php?rest_route=\/wp\/v2\/posts\/36469","targetHints":{"allow":["GET"]}}],"collection":[{"href":"http:\/\/www.korhanyilmaz.com\/index.php?rest_route=\/wp\/v2\/posts"}],"about":[{"href":"http:\/\/www.korhanyilmaz.com\/index.php?rest_route=\/wp\/v2\/types\/post"}],"author":[{"embeddable":true,"href":"http:\/\/www.korhanyilmaz.com\/index.php?rest_route=\/wp\/v2\/users\/1"}],"replies":[{"embeddable":true,"href":"http:\/\/www.korhanyilmaz.com\/index.php?rest_route=%2Fwp%2Fv2%2Fcomments&post=36469"}],"version-history":[{"count":0,"href":"http:\/\/www.korhanyilmaz.com\/index.php?rest_route=\/wp\/v2\/posts\/36469\/revisions"}],"wp:attachment":[{"href":"http:\/\/www.korhanyilmaz.com\/index.php?rest_route=%2Fwp%2Fv2%2Fmedia&parent=36469"}],"wp:term":[{"taxonomy":"category","embeddable":true,"href":"http:\/\/www.korhanyilmaz.com\/index.php?rest_route=%2Fwp%2Fv2%2Fcategories&post=36469"},{"taxonomy":"post_tag","embeddable":true,"href":"http:\/\/www.korhanyilmaz.com\/index.php?rest_route=%2Fwp%2Fv2%2Ftags&post=36469"}],"curies":[{"name":"wp","href":"https:\/\/api.w.org\/{rel}","templated":true}]}}