{"id":36457,"date":"2011-07-10T18:27:14","date_gmt":"2011-07-10T15:27:14","guid":{"rendered":"http:\/\/www.korhanyilmaz.com\/?p=36457"},"modified":"2011-07-11T02:32:19","modified_gmt":"2011-07-10T23:32:19","slug":"zahid-akmana-tutuklama","status":"publish","type":"post","link":"http:\/\/www.korhanyilmaz.com\/?p=36457","title":{"rendered":"Zahid Akman&#8217;a tutuklama"},"content":{"rendered":"<p style=\"text-align: center;\"><a href=\"http:\/\/www.korhanyilmaz.com\/wp-content\/uploads\/2011\/07\/1505.jpg\"  class=\"lightview\"><img loading=\"lazy\" decoding=\"async\" class=\"aligncenter size-full wp-image-36458\" src=\"http:\/\/www.korhanyilmaz.com\/wp-content\/uploads\/2011\/07\/1505.jpg\" alt=\"\" width=\"379\" height=\"240\" \/><\/a><\/p>\n<p style=\"text-align: justify;\">Deniz Feneri soru\u015fturmas\u0131nda g\u00f6zalt\u0131na al\u0131nan ve aralar\u0131nda eski RT\u00dcK Ba\u015fkan\u0131 Zahid Akman, Zekeriya Karaman, \u0130smail Karahan ve Mustafa \u00c7elik tutukland\u0131.<\/p>\n<p style=\"text-align: justify;\">ANKARA &#8211; Almanya&#8217;daki Deniz Feneri e.V. ba\u011flant\u0131l\u0131 soru\u015fturma kapsam\u0131nda g\u00f6zalt\u0131na al\u0131nan Zahid Akman, Zekeriya Karaman, \u0130smail Karahan, Mustafa \u00c7elik ve Erdo\u011fan Kara tutuklanmalar\u0131 istemiyle mahkemeye sevk edilmi\u015fti. <!--more--><\/p>\n<p style=\"text-align: justify;\">Cumhuriyet savc\u0131lar\u0131 Nadi T\u00fcrkaslan, Abdulvahap Yaren ve Mehmet Tam\u00f6z taraf\u0131ndan sorgular\u0131 ger\u00e7ekle\u015ftirilen zanl\u0131lar\u0131n, \u201csu\u00e7 i\u015flemek amac\u0131yla \u00f6rg\u00fct kurmak\u201d, \u201cnitelikli doland\u0131r\u0131c\u0131l\u0131k\u201d ve \u201csahtecilik\u201d iddias\u0131yla tutuklanmalar\u0131 talep ediliyordu.<\/p>\n<p style=\"text-align: justify;\">Bu isimlerden RT\u00dcK Ba\u015fkan\u0131 Zahid Akman, Zekeriya Karaman, \u0130smail Karahan ve Mustafa \u00c7elik tutukland\u0131.<\/p>\n<p style=\"text-align: justify;\"><a href=\"http:\/\/www.ntvmsnbc.com\/id\/25230991\/\" target=\"_blank\">Kaynak : NTVMSNBC<\/a><\/p>\n<p>&nbsp;<\/p>\n","protected":false},"excerpt":{"rendered":"<p style=\"text-align: center;\">\n<p style=\"text-align: justify;\">Deniz Feneri soru\u015fturmas\u0131nda g\u00f6zalt\u0131na al\u0131nan ve aralar\u0131nda eski RT\u00dcK Ba\u015fkan\u0131 Zahid Akman, Zekeriya Karaman, \u0130smail Karahan ve Mustafa \u00c7elik tutukland\u0131.<\/p>\n<p style=\"text-align: justify;\">ANKARA &#8211; Almanya&#8217;daki Deniz Feneri e.V. ba\u011flant\u0131l\u0131 soru\u015fturma kapsam\u0131nda g\u00f6zalt\u0131na al\u0131nan Zahid Akman, Zekeriya Karaman, \u0130smail Karahan, Mustafa \u00c7elik ve Erdo\u011fan Kara tutuklanmalar\u0131 istemiyle mahkemeye sevk edilmi\u015fti. <\/p>\n","protected":false},"author":1,"featured_media":0,"comment_status":"open","ping_status":"open","sticky":false,"template":"","format":"standard","meta":{"footnotes":""},"categories":[105],"tags":[],"class_list":["post-36457","post","type-post","status-publish","format-standard","hentry","category-gundem","odd"],"_links":{"self":[{"href":"http:\/\/www.korhanyilmaz.com\/index.php?rest_route=\/wp\/v2\/posts\/36457","targetHints":{"allow":["GET"]}}],"collection":[{"href":"http:\/\/www.korhanyilmaz.com\/index.php?rest_route=\/wp\/v2\/posts"}],"about":[{"href":"http:\/\/www.korhanyilmaz.com\/index.php?rest_route=\/wp\/v2\/types\/post"}],"author":[{"embeddable":true,"href":"http:\/\/www.korhanyilmaz.com\/index.php?rest_route=\/wp\/v2\/users\/1"}],"replies":[{"embeddable":true,"href":"http:\/\/www.korhanyilmaz.com\/index.php?rest_route=%2Fwp%2Fv2%2Fcomments&post=36457"}],"version-history":[{"count":0,"href":"http:\/\/www.korhanyilmaz.com\/index.php?rest_route=\/wp\/v2\/posts\/36457\/revisions"}],"wp:attachment":[{"href":"http:\/\/www.korhanyilmaz.com\/index.php?rest_route=%2Fwp%2Fv2%2Fmedia&parent=36457"}],"wp:term":[{"taxonomy":"category","embeddable":true,"href":"http:\/\/www.korhanyilmaz.com\/index.php?rest_route=%2Fwp%2Fv2%2Fcategories&post=36457"},{"taxonomy":"post_tag","embeddable":true,"href":"http:\/\/www.korhanyilmaz.com\/index.php?rest_route=%2Fwp%2Fv2%2Ftags&post=36457"}],"curies":[{"name":"wp","href":"https:\/\/api.w.org\/{rel}","templated":true}]}}