{"id":36447,"date":"2011-07-10T18:43:14","date_gmt":"2011-07-10T15:43:14","guid":{"rendered":"http:\/\/www.korhanyilmaz.com\/?p=36447"},"modified":"2011-07-11T02:33:16","modified_gmt":"2011-07-10T23:33:16","slug":"aziz-yildirim-tutuklandi","status":"publish","type":"post","link":"http:\/\/www.korhanyilmaz.com\/?p=36447","title":{"rendered":"Aziz Y\u0131ld\u0131r\u0131m tutukland\u0131"},"content":{"rendered":"<p style=\"text-align: center;\"><a href=\"http:\/\/www.korhanyilmaz.com\/wp-content\/uploads\/2011\/07\/1503.jpeg\"  class=\"lightview\"><img loading=\"lazy\" decoding=\"async\" class=\"aligncenter size-full wp-image-36448\" src=\"http:\/\/www.korhanyilmaz.com\/wp-content\/uploads\/2011\/07\/1503.jpeg\" alt=\"\" width=\"360\" height=\"240\" \/><\/a><\/p>\n<p style=\"text-align: justify;\">Futbolda \u015fike soru\u015fturmas\u0131 kapsam\u0131nda, Fenerbah\u00e7e Spor Kul\u00fcb\u00fc Ba\u015fkan\u0131 Aziz Y\u0131ld\u0131r\u0131m tutukland\u0131.<\/p>\n<p style=\"text-align: justify;\">Aziz Y\u0131ld\u0131r\u0131m, ge\u00e7en 3 Temmuz Pazar g\u00fcn\u00fc g\u00f6zetim alt\u0131na al\u0131nmas\u0131n\u0131n ard\u0131ndan, \u00f6nceki g\u00fcn getirildi\u011fi Be\u015fikta\u015f&#8217;taki \u0130stanbul Adliyesinde savc\u0131l\u0131k sorgusu tamamlanarak, \u201csu\u00e7 \u00f6rg\u00fct\u00fc kurmak ve y\u00f6netmek\u201d, \u201c\u015fike\u201d su\u00e7lar\u0131ndan tutuklanmas\u0131 istemiyle mahkemeye sevk edilmi\u015fti. Ancak rahats\u0131zlanan Y\u0131ld\u0131r\u0131m, \u015ei\u015fli Etfal E\u011fitim ve Ara\u015ft\u0131rma Hastanesi&#8217;ne kald\u0131r\u0131lm\u0131\u015f, d\u00fcn ak\u015fam saatlerinde tekrar adliyeye getirilerek, hakim kar\u015f\u0131s\u0131na \u00e7\u0131km\u0131\u015ft\u0131. <!--more--><\/p>\n<p style=\"text-align: justify;\">\u0130fadesi s\u0131ras\u0131nda yeniden rahats\u0131zlanmas\u0131 \u00fczerine gece saatlerinde hastaneye kald\u0131r\u0131larak yap\u0131lan tedavisinin ard\u0131ndan bug\u00fcn \u00f6\u011fleden sonra adliyeye getirilen ve \u00e7\u0131kar\u0131ld\u0131\u011f\u0131 mahkemece tutuklanan Y\u0131ld\u0131r\u0131m, Metris Cezaevi&#8217;ne sivil bir polis arac\u0131 ile g\u00f6t\u00fcr\u00fcld\u00fc. Siivil polis arac\u0131na, bir ambulans ile \u00c7evik Kuvvet \u015eube M\u00fcd\u00fcrl\u00fc\u011f\u00fcne ait bir ara\u00e7 da e\u015flik etti. Bu arada, adliye binas\u0131 \u00f6n\u00fcnde bekleyen bir grup Fenerbah\u00e7eli taraftar, Y\u0131ld\u0131r\u0131m&#8217;\u0131n tutukland\u0131\u011f\u0131 haberinin duyulmas\u0131 \u00fczerine, ta\u015fk\u0131nl\u0131k \u00e7\u0131kard\u0131. Taraftarlar, polis ve bas\u0131n mensuplar\u0131n\u0131n bulundu\u011fu y\u00f6ne ta\u015f ve bira \u015fi\u015fesi att\u0131. Ba\u015f\u0131na \u015fi\u015fe isabet eden bir televizyon muhabiri yaraland\u0131. Yaral\u0131 bas\u0131n mensubu hastaneye g\u00f6t\u00fcr\u00fcld\u00fc.<\/p>\n<p style=\"text-align: justify;\"><strong>BA\u011eDAT CADDES\u0130\u2019NDE FENERBAH\u00c7E\u2019YE DESTEK Y\u00dcR\u00dcY\u00dc\u015e\u00dc<\/strong><\/p>\n<p style=\"text-align: justify;\">Ya\u015fanan geli\u015fmeleri protesto etmek ve tak\u0131ma destek olmak i\u00e7in Ba\u011fdat Caddesi\u2019nde toplanan yakla\u015f\u0131k 15 bin Fenerbah\u00e7e taraftar\u0131, &#8220;Aziz Ba\u015fkan oley&#8221;, &#8220;Bu sevda bitmez, g\u00f6n\u00fcllerde dara\u011fac\u0131nda olsak bile son s\u00f6z\u00fcm\u00fcz Fenerbah\u00e7e&#8221; ve &#8220;H\u00fck\u00fcmet istifa&#8221; \u015feklinde sloganlar atarak \u015e\u00fckr\u00fc Sara\u00e7o\u011flu Stad\u0131\u2019na do\u011fru y\u00fcr\u00fcd\u00fc. Taraftarlar, &#8220;G\u00fcne\u015f bal\u00e7\u0131kla s\u0131vanmaz&#8221;, &#8220;Sen sokaklarda oyna Fenerbah\u00e7em. Biz kald\u0131r\u0131mlar\u0131 trib\u00fcn yapar\u0131z&#8221; yaz\u0131l\u0131 pankartlar ta\u015f\u0131d\u0131. Polisin yo\u011fun g\u00fcvenlik \u00f6nlemi ald\u0131\u011f\u0131 y\u00fcr\u00fcy\u00fc\u015f s\u0131ras\u0131nda ta\u015fk\u0131nl\u0131k yapan baz\u0131 taraflar bir polis otomobilinin camlar\u0131n\u0131 k\u0131rd\u0131. Bas\u0131n mensuplar\u0131n g\u00f6r\u00fcnt\u00fc almas\u0131na engel olan taraftarlar, bir s\u00fcre sonra da\u011f\u0131ld\u0131.<\/p>\n<p style=\"text-align: justify;\"><strong>TRABZONLULAR \u015eAMP\u0130YONLUGU \u0130ST\u0130YOR<\/strong><\/p>\n<p style=\"text-align: justify;\">Trabzon&#8217;da da bir grup Trabzonspor taraftar\u0131, soru\u015fturma kapsam\u0131nda tutuklanan Fenerbah\u00e7e Kul\u00fcb\u00fc Ba\u015fkan\u0131 Aziz Y\u0131ld\u0131r\u0131m ve Fenerbah\u00e7e&#8217;nin \u015fikeye kar\u0131\u015ft\u0131\u011f\u0131n\u0131 \u00f6ne s\u00fcrerek, \u015fampiyonlu\u011fun kendilerine verilmesi amac\u0131yla y\u00fcr\u00fcy\u00fc\u015f yapt\u0131. Kent merkezindeki Atapark&#8217;ta toplanan F\u0131rt\u0131na Gen\u00e7lik Taraftar Grubu mensubu bir grup bordo-mavili taraftar, Meydan semtine do\u011fru y\u00fcr\u00fcy\u00fc\u015fe ge\u00e7ti.<\/p>\n<p style=\"text-align: justify;\">Trabzonspor&#8217;un renklerini ta\u015f\u0131yan bordo-mavi bir bayrak a\u00e7arak, \u0131sl\u0131klar e\u015fli\u011finde y\u00fcr\u00fcyen ve \u201cPara, \u015fike i\u015fte Fener i\u015fte\u201d, \u201cTrabzon uyuma tak\u0131m\u0131na sahip \u00e7\u0131k\u201d, \u201c\u015eampiyonluk hakk\u0131m\u0131z, s\u00f6ke s\u00f6ke al\u0131r\u0131z\u201d, \u201c\u015eampiyonluk bizim, kupa bizim\u201d \u015feklinde sloganlar att\u0131. Taraftarlar, sloganlar e\u015fli\u011finde Meydan semtine ula\u015f\u0131p bir s\u00fcre daha tak\u0131mlar\u0131 lehine, Fenerbah\u00e7e ile Y\u0131ld\u0131r\u0131m aleyhine tezah\u00fcratlarda bulunmalar\u0131n\u0131n ard\u0131ndan da\u011f\u0131ld\u0131. Taraftar Grubu Ba\u015fkan\u0131 Serkan Kalkan, gazetecilere yapt\u0131\u011f\u0131 a\u00e7\u0131klamada, Aziz Y\u0131ld\u0131r\u0131m ve Fenerbah\u00e7e&#8217;nin \u015fikeye kar\u0131\u015ft\u0131\u011f\u0131n\u0131 belirterek, \u015fampiyonlu\u011fun Trabzonspor&#8217;a verilmesini istedi. Polislerce trafi\u011fi aksatmamalar\u0131 konusunda zaman zaman uyar\u0131lan grubun y\u00fcr\u00fcy\u00fc\u015f\u00fc nedeniyle Trabzon Emniyet M\u00fcd\u00fcrl\u00fc\u011f\u00fcne ba\u011fl\u0131 \u201c\u00c7evik Kuvvet\u201d ekiplerince de \u00e7evrede \u00f6nlem al\u0131nd\u0131.<\/p>\n<p style=\"text-align: justify;\"><strong>BA\u015eBAKAN ERDO\u011eAN: YARGININ KARARI<\/strong><\/p>\n<p style=\"text-align: justify;\">Tutuklama karar\u0131n\u0131n ard\u0131ndan bir a\u00e7\u0131klama yapan Ba\u015fbakan Recep Tayyip Erdo\u011fan ise Fenerbah\u00e7e Spor Kul\u00fcb\u00fc Ba\u015fkan\u0131 Aziz Y\u0131ld\u0131r\u0131m&#8217;\u0131n tutuklanmas\u0131n\u0131n yarg\u0131n\u0131n vermi\u015f oldu\u011fu bir karar oldu\u011funu ve \u00fczerinde herhangi bir yoruma girmesinin do\u011fru olmayaca\u011f\u0131n\u0131 ifade etti. Erdo\u011fan, \u201cBurada aslolan \u015fey ger\u00e7ek ki\u015filerle t\u00fczel ki\u015filer noktas\u0131ndaki de\u011ferlendirmelerdir. Bunun hassasiyeti bana g\u00f6re \u00e7ok daha b\u00fcy\u00fck \u00f6nem arz eder, diye d\u00fc\u015f\u00fcn\u00fcyorum\u201d dedi. Kendisinin de Fenerbah\u00e7e taraftar\u0131 oldu\u011funu belirten Erdo\u011fan, \u201cBunu olgunlukla kar\u015f\u0131lamam\u0131z laz\u0131m\u201d diye konu\u015ftu.<\/p>\n<p style=\"text-align: justify;\"><a href=\"http:\/\/www.radikal.com.tr\/Radikal.aspx?aType=RadikalDetayV3&amp;ArticleID=1055795&amp;Date=11.07.2011&amp;CategoryID=77\" target=\"_blank\">Kaynak : Radikal.com.tr<\/a><\/p>\n","protected":false},"excerpt":{"rendered":"<p style=\"text-align: center;\">\n<p style=\"text-align: justify;\">Futbolda \u015fike soru\u015fturmas\u0131 kapsam\u0131nda, Fenerbah\u00e7e Spor Kul\u00fcb\u00fc Ba\u015fkan\u0131 Aziz Y\u0131ld\u0131r\u0131m tutukland\u0131.<\/p>\n<p style=\"text-align: justify;\">Aziz Y\u0131ld\u0131r\u0131m, ge\u00e7en 3 Temmuz Pazar g\u00fcn\u00fc g\u00f6zetim alt\u0131na al\u0131nmas\u0131n\u0131n ard\u0131ndan, \u00f6nceki g\u00fcn getirildi\u011fi Be\u015fikta\u015f&#8217;taki \u0130stanbul Adliyesinde savc\u0131l\u0131k sorgusu tamamlanarak, \u201csu\u00e7 \u00f6rg\u00fct\u00fc kurmak ve y\u00f6netmek\u201d, \u201c\u015fike\u201d su\u00e7lar\u0131ndan tutuklanmas\u0131 istemiyle mahkemeye sevk edilmi\u015fti. Ancak rahats\u0131zlanan Y\u0131ld\u0131r\u0131m, \u015ei\u015fli Etfal <\/p>\n","protected":false},"author":1,"featured_media":0,"comment_status":"open","ping_status":"open","sticky":false,"template":"","format":"standard","meta":{"footnotes":""},"categories":[105],"tags":[],"class_list":["post-36447","post","type-post","status-publish","format-standard","hentry","category-gundem","odd"],"_links":{"self":[{"href":"http:\/\/www.korhanyilmaz.com\/index.php?rest_route=\/wp\/v2\/posts\/36447","targetHints":{"allow":["GET"]}}],"collection":[{"href":"http:\/\/www.korhanyilmaz.com\/index.php?rest_route=\/wp\/v2\/posts"}],"about":[{"href":"http:\/\/www.korhanyilmaz.com\/index.php?rest_route=\/wp\/v2\/types\/post"}],"author":[{"embeddable":true,"href":"http:\/\/www.korhanyilmaz.com\/index.php?rest_route=\/wp\/v2\/users\/1"}],"replies":[{"embeddable":true,"href":"http:\/\/www.korhanyilmaz.com\/index.php?rest_route=%2Fwp%2Fv2%2Fcomments&post=36447"}],"version-history":[{"count":0,"href":"http:\/\/www.korhanyilmaz.com\/index.php?rest_route=\/wp\/v2\/posts\/36447\/revisions"}],"wp:attachment":[{"href":"http:\/\/www.korhanyilmaz.com\/index.php?rest_route=%2Fwp%2Fv2%2Fmedia&parent=36447"}],"wp:term":[{"taxonomy":"category","embeddable":true,"href":"http:\/\/www.korhanyilmaz.com\/index.php?rest_route=%2Fwp%2Fv2%2Fcategories&post=36447"},{"taxonomy":"post_tag","embeddable":true,"href":"http:\/\/www.korhanyilmaz.com\/index.php?rest_route=%2Fwp%2Fv2%2Ftags&post=36447"}],"curies":[{"name":"wp","href":"https:\/\/api.w.org\/{rel}","templated":true}]}}