{"id":36436,"date":"2011-07-10T18:31:59","date_gmt":"2011-07-10T15:31:59","guid":{"rendered":"http:\/\/www.korhanyilmaz.com\/?p=36436"},"modified":"2011-07-11T02:32:49","modified_gmt":"2011-07-10T23:32:49","slug":"yemin-degil-demokrasi-krizi","status":"publish","type":"post","link":"http:\/\/www.korhanyilmaz.com\/?p=36436","title":{"rendered":"&#8216;Yemin de\u011fil demokrasi krizi&#8217;"},"content":{"rendered":"<p style=\"text-align: center;\"><a href=\"http:\/\/www.korhanyilmaz.com\/wp-content\/uploads\/2011\/07\/1501.jpeg\"  class=\"lightview\"><img loading=\"lazy\" decoding=\"async\" class=\"aligncenter size-full wp-image-36437\" src=\"http:\/\/www.korhanyilmaz.com\/wp-content\/uploads\/2011\/07\/1501.jpeg\" alt=\"\" width=\"360\" height=\"240\" \/><\/a><\/p>\n<p style=\"text-align: justify;\">CHP Genel Ba\u015fkan\u0131 Kemal K\u0131l\u0131\u00e7daro\u011flu, &#8220;Asl\u0131nda ortada bir yemin krizi yok. Bizim yeminle bir sorunumuz yok. Niye yemin krizi olsun? Ortada bir demokrasi krizi var. Bir \u00f6zg\u00fcrl\u00fck sorunu var ortada. Niye b\u00f6yle g\u00f6rm\u00fcyoruz olay\u0131?&#8221; dedi.<!--more--><\/p>\n<p style=\"text-align: justify;\">\u0130stanbul&#8217;a u\u00e7akla gelen K\u0131l\u0131\u00e7daro\u011flu&#8217;nu partililer, Sabiha G\u00f6k\u00e7en Havaliman\u0131&#8217;nda konvoyla kar\u015f\u0131lad\u0131. Burada se\u00e7im otob\u00fcs\u00fcne binen K\u0131l\u0131\u00e7daro\u011flu, konvoy e\u015fli\u011finde Ata\u015fehir&#8217;e geldi. Ata\u015fehir Belediyesi Naz\u0131m Hikmet Park\u0131 ve Naz\u0131m Hikmet Heykeli&#8217;nin a\u00e7\u0131l\u0131\u015f t\u00f6reninde konu\u015fan K\u0131l\u0131\u00e7daro\u011flu, CHP&#8217;nin bir tabloyla kar\u015f\u0131 kar\u015f\u0131ya b\u0131rak\u0131ld\u0131\u011f\u0131n\u0131 belirterek, \u201cBir yemin krizi var. Asl\u0131nda ortada bir yemin krizi yok. Bizim yeminle bir sorunumuz yok. Niye yemin krizi olsun? Ortada bir demokrasi krizi var. Bir \u00f6zg\u00fcrl\u00fck sorunu var ortada. Niye b\u00f6yle g\u00f6rm\u00fcyoruz olay\u0131?\u201d diye konu\u015ftu.<\/p>\n<p style=\"text-align: justify;\">Vatanda\u015flar\u0131n oy kulland\u0131\u011f\u0131n\u0131, adaylar\u0131n milletvekili se\u00e7ildi\u011fini, se\u00e7ilenlerin mazbatas\u0131n\u0131 ald\u0131\u011f\u0131n\u0131 vurgulayan K\u0131l\u0131\u00e7daro\u011flu, \u015funlar\u0131 s\u00f6yledi:<\/p>\n<p style=\"text-align: justify;\">\u201cMahkum mu? De\u011fil. Peki, Allah a\u015fk\u0131na mahkum olmayan birisi, ceza almam\u0131\u015f birisi halk\u0131n iradesine ra\u011fmen hangi gerek\u00e7eyle hapiste tutulur? E\u011fer halk\u0131n iradesi vesayet alt\u0131ndaysa eyvallah. Ama halk\u0131n iradesi vesayet alt\u0131ndaysa o m\u00fccadeleyi \u00f6nce demokrasi m\u00fccadelesi veren CHP yapacakt\u0131r. Baz\u0131 medya organlar\u0131 da &#8216;CHP boykotu&#8217; diyorlar. Ne boykotu Allah a\u015fk\u0131na. Parlamentoya giriyoruz, oturuyoruz. Boykot yapm\u0131yoruz. TBMM&#8217;yi y\u00fcceltmek istiyoruz. Halk\u0131n iradesine vurulan prangay\u0131 s\u00f6k\u00fcp atmak istiyoruz. Amac\u0131m\u0131z bu. Demokrasi eksiksiz olsun istiyoruz. Ay\u0131pl\u0131 demokrasi, \u00f6zg\u00fcrl\u00fck olmaz.\u201d<\/p>\n<p style=\"text-align: justify;\"><strong>\u201cE\u015eKIYA D\u00dcNYAYA H\u00dcK\u00dcMDAR OLMAYACAK\u201d<\/strong><\/p>\n<p style=\"text-align: justify;\">\u00d6zg\u00fcrl\u00fc\u011f\u00fcn sadece kendileri i\u00e7in de\u011fil, bu \u00fclkede ya\u015fayan herkes i\u00e7in ge\u00e7erli olan bir kavram oldu\u011funu vurgulayan K\u0131l\u0131\u00e7daro\u011flu, \u201c\u00d6yle yapmak zorunday\u0131z. Uluslararas\u0131 anla\u015fmalar\u0131 imzalad\u0131k. Anayasam\u0131z\u0131 onun i\u00e7in de\u011fi\u015ftirdik. 90&#8217;\u0131nc\u0131 maddede de dedik ki &#8216;uluslararas\u0131 anla\u015fmalar i\u00e7 hukukun \u00fcst\u00fcndedir&#8217; dedik. Peki gere\u011fini yapt\u0131k m\u0131? Niye gere\u011fini yapm\u0131yoruz? E\u015fk\u0131ya d\u00fcnyaya h\u00fck\u00fcmdar olmayacak\u201d diye konu\u015ftu.<\/p>\n<p style=\"text-align: justify;\">\u0130nsan haklar\u0131 i\u00e7in m\u00fccadele ettiklerini kaydeden K\u0131l\u0131\u00e7daro\u011flu, s\u00f6zlerine \u015f\u00f6yle devam etti:<\/p>\n<p style=\"text-align: justify;\">\u201cE\u011fer siz ki\u015finin en do\u011fal hakk\u0131 olan se\u00e7me ve se\u00e7me hakk\u0131n\u0131 elinden al\u0131rsan\u0131z bunun ad\u0131 demokrasi olur mu? Bunun ad\u0131 \u00f6zg\u00fcrl\u00fck olur mu? Vesayeti kabul etmiyoruz, halk\u0131n iradesinin \u00fczerine konulan vesayeti kabul etmiyoruz. Onun i\u00e7in yola \u00e7\u0131kt\u0131k. M\u00fccadelemiz de bunun i\u00e7in. Yani halk i\u00e7in, yani sizin i\u00e7in, yani sizlerin oylar\u0131 i\u00e7in m\u00fccadelemizi yap\u0131yoruz. M\u00fccadele demokrasi m\u00fccadelesidir. M\u00fccadelemizi yapaca\u011f\u0131z, kararl\u0131l\u0131kla yapaca\u011f\u0131z. K\u0131rmadan, d\u00f6kmeden yapaca\u011f\u0131z. Halk\u0131n iradesine sayg\u0131 duyarak yapaca\u011f\u0131z. Halk i\u00e7in m\u00fccadele ediyorsak halk\u0131n oylar\u0131na da sayg\u0131 duyaca\u011f\u0131z. Hi\u00e7 bir zaman, &#8216;\u015fu parti bu kadar, bu parti bu kadar oy ald\u0131, bize oy veren yurtta\u015f\u0131n oylar\u0131 sayg\u0131nd\u0131r&#8217; demedik.<\/p>\n<p style=\"text-align: justify;\">Di\u011ferlerine k\u0131zaca\u011f\u0131z, k\u00fcsece\u011fiz diye bir \u015fey yok. Bu \u00fclkede ya\u015f\u0131yorsak hangi siyasal partiye oy verilirse verilsin halk\u0131n oylar\u0131na sayg\u0131 duyaca\u011f\u0131z. Bu CHP&#8217;nin temel g\u00f6r\u00fc\u015f\u00fcd\u00fcr, temel felsefesidir. Ve evrensel hukukunda temel kural\u0131d\u0131r. Biz bu kurallara her yerde ve her ortamda uymak zorunday\u0131z. Uyaca\u011f\u0131z ve kararl\u0131l\u0131kla m\u00fccadelemizi s\u00fcrd\u00fcrece\u011fiz. Bizim iste\u011fimiz bu \u00fclkede demokrasi ve \u00f6zg\u00fcrl\u00fck olsun. Sadece bizim i\u00e7in de\u011fil, \u00e7ocuklar\u0131m\u0131z ve gelece\u011fimiz i\u00e7in de bu \u00e7ok \u00f6nemli bir m\u00fccadeledir.\u201d<\/p>\n<p style=\"text-align: justify;\"><a href=\"http:\/\/www.radikal.com.tr\/Radikal.aspx?aType=RadikalDetayV3&amp;ArticleID=1055794&amp;Date=11.07.2011&amp;CategoryID=78\" target=\"_blank\">Kaynak : Radikal.com.tr<\/a><\/p>\n","protected":false},"excerpt":{"rendered":"<p style=\"text-align: center;\">\n<p style=\"text-align: justify;\">CHP Genel Ba\u015fkan\u0131 Kemal K\u0131l\u0131\u00e7daro\u011flu, &#8220;Asl\u0131nda ortada bir yemin krizi yok. Bizim yeminle bir sorunumuz yok. Niye yemin krizi olsun? Ortada bir demokrasi krizi var. Bir \u00f6zg\u00fcrl\u00fck sorunu var ortada. Niye b\u00f6yle g\u00f6rm\u00fcyoruz olay\u0131?&#8221; dedi.<\/p>\n","protected":false},"author":1,"featured_media":0,"comment_status":"open","ping_status":"open","sticky":false,"template":"","format":"standard","meta":{"footnotes":""},"categories":[105],"tags":[],"class_list":["post-36436","post","type-post","status-publish","format-standard","hentry","category-gundem","odd"],"_links":{"self":[{"href":"http:\/\/www.korhanyilmaz.com\/index.php?rest_route=\/wp\/v2\/posts\/36436","targetHints":{"allow":["GET"]}}],"collection":[{"href":"http:\/\/www.korhanyilmaz.com\/index.php?rest_route=\/wp\/v2\/posts"}],"about":[{"href":"http:\/\/www.korhanyilmaz.com\/index.php?rest_route=\/wp\/v2\/types\/post"}],"author":[{"embeddable":true,"href":"http:\/\/www.korhanyilmaz.com\/index.php?rest_route=\/wp\/v2\/users\/1"}],"replies":[{"embeddable":true,"href":"http:\/\/www.korhanyilmaz.com\/index.php?rest_route=%2Fwp%2Fv2%2Fcomments&post=36436"}],"version-history":[{"count":0,"href":"http:\/\/www.korhanyilmaz.com\/index.php?rest_route=\/wp\/v2\/posts\/36436\/revisions"}],"wp:attachment":[{"href":"http:\/\/www.korhanyilmaz.com\/index.php?rest_route=%2Fwp%2Fv2%2Fmedia&parent=36436"}],"wp:term":[{"taxonomy":"category","embeddable":true,"href":"http:\/\/www.korhanyilmaz.com\/index.php?rest_route=%2Fwp%2Fv2%2Fcategories&post=36436"},{"taxonomy":"post_tag","embeddable":true,"href":"http:\/\/www.korhanyilmaz.com\/index.php?rest_route=%2Fwp%2Fv2%2Ftags&post=36436"}],"curies":[{"name":"wp","href":"https:\/\/api.w.org\/{rel}","templated":true}]}}