{"id":36428,"date":"2011-07-10T18:08:33","date_gmt":"2011-07-10T15:08:33","guid":{"rendered":"http:\/\/www.korhanyilmaz.com\/?p=36428"},"modified":"2011-07-11T02:31:47","modified_gmt":"2011-07-10T23:31:47","slug":"altin-kemer-basbakan-erdoganin","status":"publish","type":"post","link":"http:\/\/www.korhanyilmaz.com\/?p=36428","title":{"rendered":"&#8216;Alt\u0131n Kemer&#8217; Ba\u015fbakan Erdo\u011fan&#8217;\u0131n"},"content":{"rendered":"<p style=\"text-align: center;\"><a href=\"http:\/\/www.korhanyilmaz.com\/wp-content\/uploads\/2011\/07\/1500.jpeg\"  class=\"lightview\"><img loading=\"lazy\" decoding=\"async\" class=\"aligncenter size-full wp-image-36429\" src=\"http:\/\/www.korhanyilmaz.com\/wp-content\/uploads\/2011\/07\/1500.jpeg\" alt=\"\" width=\"360\" height=\"240\" \/><\/a><\/p>\n<p style=\"text-align: justify;\">Geleneksel 650. Edirne Tarihi K\u0131rkp\u0131nar G\u00fcre\u015fleri&#8217;ni izlemek \u00fczere Sarayi\u00e7i Ermeydan\u0131&#8217;na gelen Ba\u015fbakan Recep Tayyip Erdo\u011fan&#8217;a, \u00fcst \u00fcste \u00fc\u00e7 kez se\u00e7im galibiyeti elde etti\u011fi i\u00e7in alt\u0131n kemer tak\u0131ld\u0131.<!--more--><\/p>\n<p style=\"text-align: justify;\">Ak Parti Genel Ba\u015fkan\u0131 Ba\u015fkan\u0131 ve Ba\u015fbakan Recep Tayyip Erdo\u011fan bapehlivanl\u0131k final g\u00fcre\u015fini izlemek i\u00e7in \u0130\u00e7i\u015fleri Bakan\u0131 \u0130dris Naim \u015eahin, Gen\u00e7lik ve Spor Bakan\u0131 Suat K\u0131l\u0131\u00e7 ile birlikte helikopterle Edirne\u2019ye geldi. Erdo\u011fan yan\u0131nda o\u011flu Bilal ile torunu \u00d6mer Tayyip\u2019i de getirdi. Edirne Valisi G\u00f6khan S\u00f6zer ve Belediye Ba\u015fkan\u0131 Hamdi Sedef\u00e7i taraf\u0131ndan kar\u015f\u0131lanan Ba\u015fbakan Erdo\u011fan daha sonra partisinin il binas\u0131n\u0131 ziyaret etti.<\/p>\n<p style=\"text-align: justify;\">Ba\u015fbakan Erdo\u011fan daha sonra Ak Parti il binas\u0131ndan Ba\u015fbakanl\u0131k\u2019a ait otob\u00fcs ile g\u00fcre\u015flerin yap\u0131ld\u0131\u011f\u0131 Sarayi\u00e7i Ermeydan\u0131\u2019na geldi. G\u00fcre\u015f sahas\u0131na giri\u015fte g\u00fcre\u015fler i\u00e7in tutulan 101 davul ve zurna e\u015fli\u011finde kar\u015f\u0131lanan Erdo\u011fan, \u2019B\u00fcy\u00fcyen geli\u015fen T\u00fcrkiye\u2019nin mimar\u0131, milletimizin hizmetkar\u0131\u2019 diye anons edildi. Trib\u00fcnlerde bulunan yakla\u015f\u0131k 10 bin g\u00fcre\u015f severi selamlayan Ba\u015fbakan Erdo\u011fan\u2019a seyircilere alk\u0131\u015flayarak kar\u015f\u0131l\u0131k verdi.<\/p>\n<p style=\"text-align: justify;\"><strong>BAYRA\u011eI AYAKTA \u0130ZLED\u0130<\/strong><\/p>\n<p style=\"text-align: justify;\">Ba\u015fbakan Erdo\u011fan\u2019\u0131n yerine oturmas\u0131ndan sonra g\u00fcre\u015flerde g\u00f6rev alan hakemler ve cazg\u0131rlar b\u00fcy\u00fck bir T\u00fcrk Bayra\u011f\u0131 ile \u00e7ay\u0131ra \u00e7\u0131karak 10. Y\u0131l Mar\u015f\u0131 e\u015fli\u011finde tur att\u0131. Erdo\u011fan bayra\u011f\u0131n \u015feref trib\u00fcn\u00fcn \u00f6n\u00fcnden ge\u00e7i\u015finde aya\u011fa kalkarak alk\u0131\u015flad\u0131.<\/p>\n<p style=\"text-align: justify;\">K\u0131rkp\u0131nar\u2019da efsane ba\u015fpehlivan\u0131 Ahmet Ta\u015f\u00e7\u0131\u2019ya, K\u00fclt\u00fcr ve Turizm Bakanl\u0131\u011f\u0131 taraf\u0131ndan yapt\u0131r\u0131lan \u00f6zel kemer Ba\u015fbakan Erdo\u011fan taraf\u0131ndan tak\u0131ld\u0131. K\u0131rkp\u0131nar\u2019\u0131n ya\u015fayan iki alt\u0131n kemerli tek ba\u015fpehlivan\u0131 olan Ahmet Ta\u015f\u00e7\u0131, Ba\u015fbakan Erdo\u011fan\u2019a te\u015fekk\u00fcr etti.<\/p>\n<p style=\"text-align: justify;\">Edirne Belediye Ba\u015fkan\u0131 CHP\u2019li Hamdi Sedef\u00e7i taraf\u0131ndan Ba\u015fbakan Recep Tayyip Erdo\u011fan\u2019a \u00f6zel bir alt\u0131n kemer arma\u011fan edildi. Sunucu taraf\u0131ndan K\u0131rkp\u0131nar\u2019da ardarda \u00fc\u00e7 kez ba\u015fpehlivan olanlara alt\u0131n kemer verildi\u011fini s\u00f6yleyerek, son \u00fc\u00e7 se\u00e7imin galibi Erdo\u011fan\u2019a da bu nedenle belediye taraf\u0131ndan alt\u0131n kemer verildi\u011fini anons etti. Daha sonra Belediye Ba\u015fkan\u0131 Hamdi Sedef\u00e7i taraf\u0131ndan alt\u0131n kemer Ba\u015fbakan Edrdo\u011fan\u2019\u0131n boynuna kat\u0131ld\u0131.<\/p>\n<p style=\"text-align: justify;\">Kemerin tak\u0131lmas\u0131ndan sonra Erdo\u011fan ve Sedef\u00e7i pehlivanlar\u0131n g\u00fcre\u015f \u00f6ncesi yapt\u0131\u011f\u0131 gibi el ba\u011flad\u0131lar. Daha sonra K\u0131rkp\u0131nar A\u011fas\u0131 Seyfettin Selim\u2019de gelerek Erdo\u011fan\u2019\u0131 kutlad\u0131. Erdo\u011fan\u2019da Sedef\u00e7i ve Selim\u2019in ellerini havaya kald\u0131rarak seyircileri selamlad\u0131. Ayr\u0131ca g\u00fcre\u015fleri izlemeye gelen \u0130\u00e7i\u015fleri Bakan\u0131 \u0130dris Naim \u015eahin ile Gen\u00e7lik ve Spor Bakan\u0131 Suat K\u0131l\u0131\u00e7\u2019a da \u00f6d\u00fcller verildi. Ba\u015fbakan Erdo\u011fan, trib\u00fcnde torunu \u00d6mer Tayyip\u2019i kuca\u011f\u0131na alarak g\u00fcre\u015fleri izledi.<\/p>\n<p style=\"text-align: justify;\"><strong>SER\u0130NLEME S\u0130STEM\u0130 S\u00d6KT\u00dcR\u00dcLD\u00dc<\/strong><\/p>\n<p style=\"text-align: justify;\">Ba\u015fbakan Recep Tayyip Erdo\u011fan\u2019\u0131n K\u0131rkp\u0131nar G\u00fcre\u015fleri\u2019ne gelmesi nedeniyle Sarayi\u00e7i\u2019nden g\u00fcvenlik tedbirleri \u00fcst d\u00fczeye \u00e7\u0131kar\u0131ld\u0131. Tunca Nehri\u2019nde dalg\u0131\u00e7lar taraf\u0131ndan bomba aramas\u0131 yap\u0131ld\u0131. G\u00fcre\u015f trib\u00fcnlerinin \u00e7evresine g\u00fcvenlik \u015feridi \u00e7ekilerek seyirciler tek tek aranarak i\u00e7eri al\u0131nd\u0131. Ba\u015fbakan\u2019\u0131n g\u00fcre\u015fleri izledi\u011fi s\u0131rada Sarayi\u00e7i \u00fczerinde s\u00fcreakli u\u00e7an helikopterden g\u00fcvenlik \u00f6nlemlerini denetlendi. Erdo\u011fan\u2019\u0131n g\u00fcre\u015fleri izledi\u011fi trib\u00fcnlerde iki g\u00fcnden bu yana seyircilerin \u00fczerine su p\u00fcsk\u00fcrten \u00f6zel so\u011futma sistemleri Ba\u015fbakanl\u0131k korumas\u0131n\u0131n talebi \u00fczerine s\u00f6k\u00fcld\u00fc.<\/p>\n<p style=\"text-align: justify;\">AK Parti Genel Ba\u015fkan\u0131 ve Ba\u015fbakan Recep Tayyip Erdo\u011fan, K\u0131rkp\u0131nar\u2019a ilk kez \u0130stanbul B\u00fcy\u00fck\u015fehir Belediye Ba\u015fkan\u0131 oldu\u011fu 1995 y\u0131l\u0131nda geldi. Ayni y\u0131l Fethullah G\u00fclen ile birlikte g\u00fcre\u015fleri izleyen Erdo\u011fan dana sonra parti kurulu\u015fundan sonra da 2002 y\u0131l\u0131nda Sarayi\u00e7i\u2019ne gelmi\u015fti.<\/p>\n<p style=\"text-align: justify;\"><a href=\"http:\/\/www.radikal.com.tr\/Radikal.aspx?aType=RadikalDetayV3&amp;ArticleID=1055792&amp;Date=11.07.2011&amp;CategoryID=77\" target=\"_blank\">Kaynak : Radikal.com.tr<\/a><\/p>\n","protected":false},"excerpt":{"rendered":"<p style=\"text-align: center;\">\n<p style=\"text-align: justify;\">Geleneksel 650. Edirne Tarihi K\u0131rkp\u0131nar G\u00fcre\u015fleri&#8217;ni izlemek \u00fczere Sarayi\u00e7i Ermeydan\u0131&#8217;na gelen Ba\u015fbakan Recep Tayyip Erdo\u011fan&#8217;a, \u00fcst \u00fcste \u00fc\u00e7 kez se\u00e7im galibiyeti elde etti\u011fi i\u00e7in alt\u0131n kemer tak\u0131ld\u0131.<\/p>\n","protected":false},"author":1,"featured_media":0,"comment_status":"open","ping_status":"open","sticky":false,"template":"","format":"standard","meta":{"footnotes":""},"categories":[105],"tags":[],"class_list":["post-36428","post","type-post","status-publish","format-standard","hentry","category-gundem","odd"],"_links":{"self":[{"href":"http:\/\/www.korhanyilmaz.com\/index.php?rest_route=\/wp\/v2\/posts\/36428","targetHints":{"allow":["GET"]}}],"collection":[{"href":"http:\/\/www.korhanyilmaz.com\/index.php?rest_route=\/wp\/v2\/posts"}],"about":[{"href":"http:\/\/www.korhanyilmaz.com\/index.php?rest_route=\/wp\/v2\/types\/post"}],"author":[{"embeddable":true,"href":"http:\/\/www.korhanyilmaz.com\/index.php?rest_route=\/wp\/v2\/users\/1"}],"replies":[{"embeddable":true,"href":"http:\/\/www.korhanyilmaz.com\/index.php?rest_route=%2Fwp%2Fv2%2Fcomments&post=36428"}],"version-history":[{"count":0,"href":"http:\/\/www.korhanyilmaz.com\/index.php?rest_route=\/wp\/v2\/posts\/36428\/revisions"}],"wp:attachment":[{"href":"http:\/\/www.korhanyilmaz.com\/index.php?rest_route=%2Fwp%2Fv2%2Fmedia&parent=36428"}],"wp:term":[{"taxonomy":"category","embeddable":true,"href":"http:\/\/www.korhanyilmaz.com\/index.php?rest_route=%2Fwp%2Fv2%2Fcategories&post=36428"},{"taxonomy":"post_tag","embeddable":true,"href":"http:\/\/www.korhanyilmaz.com\/index.php?rest_route=%2Fwp%2Fv2%2Ftags&post=36428"}],"curies":[{"name":"wp","href":"https:\/\/api.w.org\/{rel}","templated":true}]}}