{"id":3637,"date":"2009-02-25T11:25:05","date_gmt":"2009-02-25T09:25:05","guid":{"rendered":"http:\/\/www.korhanyilmaz.com\/?p=3637"},"modified":"2009-02-25T11:25:05","modified_gmt":"2009-02-25T09:25:05","slug":"687-bin-ogretmenin-bilgisini-1-ogretmen-caldi","status":"publish","type":"post","link":"http:\/\/www.korhanyilmaz.com\/?p=3637","title":{"rendered":"687 bin \u00f6\u011fretmenin bilgisini 1 \u00f6\u011fretmen \u00e7ald\u0131!"},"content":{"rendered":"<p style=\"text-align: center;\"><img loading=\"lazy\" decoding=\"async\" class=\"aligncenter size-full wp-image-3638\" title=\"687 bin \u00f6\u011fretmenin bilgisini 1 \u00f6\u011fretmen \u00e7ald\u0131! \" src=\"http:\/\/www.korhanyilmaz.com\/wp-content\/uploads\/2009\/02\/99bcb1a14c78e44099e5bc76x.jpg\" alt=\"687 bin \u00f6\u011fretmenin bilgisini 1 \u00f6\u011fretmen \u00e7ald\u0131! \" width=\"380\" height=\"200\" \/><\/p>\n<p style=\"text-align: justify;\">Milli E\u011fitim Bakan\u0131 H\u00fcseyin \u00c7elik, \u00f6\u011fretmenlerin bilgilerinin \u00e7al\u0131nmas\u0131yla ilgili Bakanl\u0131k merkez te\u015fkilat\u0131nda g\u00f6rev yapan bir \u00f6\u011fretmenin g\u00f6zalt\u0131na al\u0131nd\u0131\u011f\u0131n\u0131 belirterek, &#8221;Maalesef k\u00f6stebek kendi i\u00e7imizden bir g\u00f6revli&#8221; dedi.<br \/>\n\u00c7elik, \u00f6\u011fretmen atamalar\u0131n\u0131n ard\u0131ndan gazetecilere yapt\u0131\u011f\u0131 a\u00e7\u0131klamada, \u00f6\u011fretmenlerin bilgilerinin \u00e7al\u0131nmas\u0131yla ilgili haberlerin bas\u0131na da yans\u0131d\u0131\u011f\u0131n\u0131 hat\u0131rlatarak, bu konuda soru\u015fturma yapt\u0131klar\u0131n\u0131 bildirdi.\n<\/p>\n<p style=\"text-align: justify;\"><strong>H\u00fcseyin \u00c7elik, \u015funlar\u0131 s\u00f6yledi:<\/strong><\/p>\n<p style=\"text-align: justify;\">&#8221;Bakanl\u0131\u011f\u0131m\u0131z ilgilileriyle emniyet aras\u0131nda \u00e7ok iyi bir koordinasyon sa\u011fland\u0131. Birlikte \u00e7al\u0131\u015ft\u0131k. \u00c7ok k\u0131sa bir s\u00fcrede, bu bilgileri Milli E\u011fitim Bakanl\u0131\u011f\u0131ndan alan ve bunun servisini yapan ki\u015fi yakaland\u0131. Maalesef k\u00f6stebek kendi i\u00e7imizden bir g\u00f6revli. \u015eu anda savc\u0131l\u0131\u011fa sevk edildi, g\u00f6zalt\u0131nda. Sorgulamas\u0131 devam ediyor. Sorgulama a\u015famas\u0131nda oldu\u011fu i\u00e7in ismini vermenin do\u011fru olmad\u0131\u011f\u0131n\u0131 d\u00fc\u015f\u00fcn\u00fcyoruz. En k\u0131sa zamanda, gerekli sorgulama bittikten sonra zaten bunu kamuoyuna a\u00e7\u0131klayaca\u011f\u0131z.<!--more--><\/p>\n<p style=\"text-align: justify;\">\u00c7ok k\u0131sa bir s\u00fcrede ki\u015finin bulunmas\u0131 ve bizim sistemimizin hacklenmemi\u015f olmas\u0131, bizi son derece sevindirdi ama ne yaz\u0131k ki b\u00f6yle insanlar \u00e7\u0131kabiliyor. Bunu hangi ama\u00e7la yapm\u0131\u015f, tek ba\u015f\u0131na m\u0131 yapm\u0131\u015f, birileriyle i\u015fbirli\u011fi halinde mi yapm\u0131\u015f, ald\u0131\u011f\u0131 bilgileri ne yapacakt\u0131, ni\u00e7in kullanacakt\u0131, bunlar\u0131n hepsi savc\u0131l\u0131k sorgulamas\u0131nda ortaya \u00e7\u0131kacak.&#8221;<\/p>\n<p style=\"text-align: justify;\">\u00c7elik, bir soru \u00fczerine, bu ki\u015finin Bakanl\u0131k merkez te\u015fkilat\u0131nda \u00e7al\u0131\u015fan bir \u00f6\u011fretmen oldu\u011funu bildirdi.<\/p>\n<p style=\"text-align: justify;\">&#8221;Sistemi daha g\u00fcvenli hale getirdiniz mi?&#8221; sorusuna \u00c7elik, &#8221;D\u00fcnyan\u0131n en g\u00fcvenli sistemlerinin ba\u015f\u0131nda da bir adam vard\u0131r. Neticede bu g\u00f6revli birisiyse bununla ilgili olarak d\u00fcnyan\u0131n hi\u00e7bir yerinde maalesef y\u00fczde y\u00fcz \u00e7\u00f6z\u00fcm \u00fcreten bir g\u00fcvenlik sistemi yoktur. Ama s\u00f6z konusu ki\u015fi yine sistemimiz sayesinde yakalanm\u0131\u015ft\u0131r&#8221; kar\u015f\u0131l\u0131\u011f\u0131n\u0131 verdi.<\/p>\n<p style=\"text-align: justify;\"><span style=\"color: #888888;\">Kaynak : Sabah Gazetesi<\/span><\/p>\n","protected":false},"excerpt":{"rendered":"<p style=\"text-align: center;\">\n<p style=\"text-align: justify;\">Milli E\u011fitim Bakan\u0131 H\u00fcseyin \u00c7elik, \u00f6\u011fretmenlerin bilgilerinin \u00e7al\u0131nmas\u0131yla ilgili Bakanl\u0131k merkez te\u015fkilat\u0131nda g\u00f6rev yapan bir \u00f6\u011fretmenin g\u00f6zalt\u0131na al\u0131nd\u0131\u011f\u0131n\u0131 belirterek, &#8221;Maalesef k\u00f6stebek kendi i\u00e7imizden bir g\u00f6revli&#8221; dedi. \u00c7elik, \u00f6\u011fretmen atamalar\u0131n\u0131n ard\u0131ndan gazetecilere yapt\u0131\u011f\u0131 a\u00e7\u0131klamada, \u00f6\u011fretmenlerin bilgilerinin \u00e7al\u0131nmas\u0131yla ilgili haberlerin bas\u0131na da yans\u0131d\u0131\u011f\u0131n\u0131 hat\u0131rlatarak, bu konuda soru\u015fturma yapt\u0131klar\u0131n\u0131 bildirdi. <\/p>\n<p style=\"text-align:  \n\n","protected":false},"author":1,"featured_media":0,"comment_status":"open","ping_status":"closed","sticky":false,"template":"","format":"standard","meta":{"footnotes":""},"categories":[105],"tags":[],"class_list":["post-3637","post","type-post","status-publish","format-standard","hentry","category-gundem","odd"],"_links":{"self":[{"href":"http:\/\/www.korhanyilmaz.com\/index.php?rest_route=\/wp\/v2\/posts\/3637","targetHints":{"allow":["GET"]}}],"collection":[{"href":"http:\/\/www.korhanyilmaz.com\/index.php?rest_route=\/wp\/v2\/posts"}],"about":[{"href":"http:\/\/www.korhanyilmaz.com\/index.php?rest_route=\/wp\/v2\/types\/post"}],"author":[{"embeddable":true,"href":"http:\/\/www.korhanyilmaz.com\/index.php?rest_route=\/wp\/v2\/users\/1"}],"replies":[{"embeddable":true,"href":"http:\/\/www.korhanyilmaz.com\/index.php?rest_route=%2Fwp%2Fv2%2Fcomments&post=3637"}],"version-history":[{"count":0,"href":"http:\/\/www.korhanyilmaz.com\/index.php?rest_route=\/wp\/v2\/posts\/3637\/revisions"}],"wp:attachment":[{"href":"http:\/\/www.korhanyilmaz.com\/index.php?rest_route=%2Fwp%2Fv2%2Fmedia&parent=3637"}],"wp:term":[{"taxonomy":"category","embeddable":true,"href":"http:\/\/www.korhanyilmaz.com\/index.php?rest_route=%2Fwp%2Fv2%2Fcategories&post=3637"},{"taxonomy":"post_tag","embeddable":true,"href":"http:\/\/www.korhanyilmaz.com\/index.php?rest_route=%2Fwp%2Fv2%2Ftags&post=3637"}],"curies":[{"name":"wp","href":"https:\/\/api.w.org\/{rel}","templated":true}]}}