{"id":3632,"date":"2009-02-25T09:58:23","date_gmt":"2009-02-25T07:58:23","guid":{"rendered":"http:\/\/www.korhanyilmaz.com\/?p=3632"},"modified":"2009-02-25T09:58:23","modified_gmt":"2009-02-25T07:58:23","slug":"tatlici%e2%80%99nin-olumunu-falci-bildi-mi","status":"publish","type":"post","link":"http:\/\/www.korhanyilmaz.com\/?p=3632","title":{"rendered":"Tatl\u0131c\u0131\u2019n\u0131n \u00f6l\u00fcm\u00fcn\u00fc falc\u0131 bildi mi?"},"content":{"rendered":"<p style=\"text-align: center;\"><img loading=\"lazy\" decoding=\"async\" class=\"aligncenter size-full wp-image-3633\" title=\"Tatl\u0131c\u0131\u2019n\u0131n \u00f6l\u00fcm\u00fcn\u00fc falc\u0131 bildi mi? \" src=\"http:\/\/www.korhanyilmaz.com\/wp-content\/uploads\/2009\/02\/250220090443310065390.jpg\" alt=\"Tatl\u0131c\u0131\u2019n\u0131n \u00f6l\u00fcm\u00fcn\u00fc falc\u0131 bildi mi? \" width=\"376\" height=\"240\" \/><\/p>\n<p style=\"text-align: justify;\"><strong>T\u00fcrkiye&#8217;nin en b\u00fcy\u00fck gayrimenkul zenginlerinden olan  Salih Tatl\u0131c\u0131&#8217;n\u0131n ard\u0131ndan bu kehanet konu\u015fuluyor<\/strong><\/p>\n<p style=\"text-align: justify;\">T\u00fcrkiye&#8217;nin en b\u00fcy\u00fck gayrimenkul zenginlerinden olan ve Pazar g\u00fcn\u00fc hayat\u0131n\u0131 kaybeden Salih Tatl\u0131c\u0131, d\u00fcn topra\u011fa verildi. Cenazesinde en \u00e7ok konu\u015fulan konu ise bir falc\u0131n\u0131n Tatl\u0131c\u0131 ile ilgili kehaneti oldu. \u0130ddiaya g\u00f6re bir falc\u0131 Tatl\u0131c\u0131&#8217;ya Tat Towers&#8217;\u0131n bitmesine yak\u0131n \u00f6lece\u011fini s\u00f6ylemi\u015f<\/p>\n<p style=\"text-align: justify;\">Ba\u015fta \u0130stanbul olmak \u00fczere T\u00fcrkiye&#8217;nin pek \u00e7ok yerinde say\u0131s\u0131z gayrimenkul\u00fc bulunan, zenginler listesinde T\u00fcrkiye 27&#8217;ncili\u011fine kadar y\u00fckselmi\u015f olan Salih Tatl\u0131c\u0131, d\u00fcn son yolculu\u011funa u\u011furland\u0131. Salih Tatl\u0131c\u0131&#8217;n\u0131n cenazesinde en \u00e7ok konu\u015fulan konu ise bir falc\u0131n\u0131n Tatl\u0131c\u0131 ile ilgili kehaneti oldu. <!--more--><br \/>\nSalih Tatl\u0131c\u0131, 1988 y\u0131l\u0131nda en tan\u0131d\u0131k projesi olan Zincirlikuyu&#8217;daki Tat Towers projesine ba\u015flam\u0131\u015ft\u0131. Ancak in\u015faat 1988 y\u0131l\u0131nda ba\u015flamas\u0131na ra\u011fmen aradan ge\u00e7en 20 y\u0131l boyunca bir t\u00fcrl\u00fc bitirilememi\u015fti. Zengin bir ki\u015fi olan Tatl\u0131c\u0131&#8217;n\u0131n bu projeyi s\u00fcr\u00fcncemede b\u0131rakmas\u0131n\u0131n ard\u0131nda ise bir falc\u0131n\u0131n kehanetinin oldu\u011fu iddia ediliyordu. Falc\u0131n\u0131n Tatl\u0131c\u0131&#8217;ya gelerek &#8220;Kulelerin in\u015faat\u0131 bitti\u011finde siz de hayat\u0131n\u0131z\u0131 kaybedeceksiniz&#8221; dedi\u011fi konu\u015fuluyordu. Bu kehaneti ciddiye alan Tatl\u0131c\u0131&#8217;n\u0131n \u00f6zellikle in\u015faat\u0131 bitirmedi\u011fi de belirtiliyordu.\n<\/p>\n<p style=\"text-align: justify;\"><strong>20 y\u0131l s\u00fcrd\u00fc<\/strong><\/p>\n<p style=\"text-align: justify;\">Ba\u015flad\u0131\u011f\u0131nda \u0130stanbul&#8217;un en y\u00fcksek kuleleri hedefi ile yola \u00e7\u0131kan Tat Towers&#8217;da 2008&#8217;de in\u015faat faaliyetleri h\u0131zlanm\u0131\u015ft\u0131. Salih Tatl\u0131c\u0131, 2008 y\u0131l\u0131n\u0131n Mart ay\u0131nda Alman k\u00f6kenli Bilfinger Berger Holding ile anla\u015ft\u0131. Tat Towers&#8217;\u0131n bitirilme projesinden ayn\u0131 holdinge ba\u011fl\u0131 HSG \u015firketi sorumlu olurken m\u00fclk y\u00f6netimini ise yine ayn\u0131 holding b\u00fcnyesinde bulunan EPM Assetis \u015firketi \u00fcstlendi. Bu geli\u015fmelerden sonra in\u015faat h\u0131zland\u0131 ve birka\u00e7 ay i\u00e7inde a\u00e7\u0131lacak duruma geldi. Ancak bu esnada da Salih Tatl\u0131c\u0131 hayat\u0131n\u0131 kaybetti. 20 y\u0131l s\u00fcren in\u015faatta sona yakla\u015f\u0131ld\u0131\u011f\u0131 s\u0131rada Salih Tatl\u0131c\u0131&#8217;n\u0131n hayata g\u00f6zlerini yummas\u0131, falc\u0131 dedikodusunun da alevlenmesine neden oldu.<\/p>\n<p style=\"text-align: justify;\"><strong>28 Nisan&#8217;da a\u00e7\u0131lacakt\u0131<\/strong><\/p>\n<p style=\"text-align: justify;\">Barbaros Bulvar\u0131, Maslak, Mecidiyek\u00f6y ba\u011flant\u0131s\u0131 \u00fczerinde K\u00f6pr\u00fc&#8217;ye \u00e7ok yak\u0131n stratejik bir noktada bulunan Tat Towers, Sheraton&#8217;dan Le Meridien&#8217;e, Marriott&#8217;tan Accor&#8217;a kadar d\u00fcnyaca \u00fcnl\u00fc dev otel zincirlerinin ilgi oda\u011f\u0131 olmu\u015ftu. En son 28 Nisan 2008&#8217;de a\u00e7\u0131laca\u011f\u0131 duyurulan merkezin Tatl\u0131c\u0131&#8217;n\u0131n sa\u011fl\u0131k problemleri nedeniyle a\u00e7\u0131l\u0131\u015f\u0131n\u0131n \u00f6zellikle geciktirildi\u011fi belirtiliyor.<\/p>\n<p style=\"text-align: justify;\">Tat Towers ofislerinin kiralama i\u015fini yapan Tu\u011frul Korkmazgil, \u015fu an binalar\u0131n \u00e7ok k\u00fc\u00e7\u00fck eksiklikleri d\u0131\u015f\u0131nda ta\u015f\u0131n\u0131lmaya haz\u0131r oldu\u011funu ancak Tatl\u0131c\u0131&#8217;n\u0131n \u00f6l\u00fcm\u00fcnden sonra t\u00fcm s\u00f6zle\u015fmelerin bekledi\u011fini s\u00f6yledi. 56 kat\u0131 ofislere ayr\u0131lan ve her katta 1.140 metrekare ofis alan\u0131 olan projenin y\u00fczde 100&#8217;\u00fcn\u00fcn kiralanmas\u0131 i\u00e7in yerli ve yabanc\u0131 \u015firketlerden gelen talebin haz\u0131r oldu\u011funu kaydeden Korkmazgil, &#8220;Art\u0131k miras\u00e7\u0131lar\u0131 bu konuyla ve bundan sonraki s\u00fcre\u00e7le ilgili kararlar\u0131 verecek&#8221; dedi.<\/p>\n<p style=\"text-align: justify;\"><strong>Diyarbak\u0131r&#8217;da tatl\u0131c\u0131l\u0131k yaparak ba\u015flad\u0131, en zenginler listesine girdi<\/strong><\/p>\n<p style=\"text-align: justify;\">\u0130lk birikimini Diyarbak\u0131r&#8217;da tatl\u0131c\u0131l\u0131k yaparak sa\u011flayan ve Tatl\u0131c\u0131 karde\u015flerin en b\u00fcy\u00fc\u011f\u00fc olan Salih Tatl\u0131c\u0131, \u0130stanbul&#8217;dan Anadolu&#8217;ya, Dubai&#8217;den ABD&#8217;ye kadar pek \u00e7ok yerde \u015fahsi gayrimenkul yat\u0131r\u0131mlar\u0131yla tan\u0131n\u0131yor. Bu kapsamda sekt\u00f6rde T\u00fcrkiye&#8217;de en b\u00fcy\u00fck 5 yat\u0131r\u0131mc\u0131dan biri oldu\u011fu belirtilen Tatl\u0131c\u0131&#8217;n\u0131n Tat Towers d\u0131\u015f\u0131nda Tat \u015ei\u015fli ve eski ismi Etiler Tat 2000 Al\u0131\u015fveri\u015f Merkezi ve Apart Otel olan Tat Etiler projeleri de bulunuyor. Tatl\u0131c\u0131, ayr\u0131ca i\u015fletmesini Barcelo Grubu&#8217;nun \u00fcstlendi\u011fi Belek Tat Beach Golf otelinin ve Beykoz Konaklar\u0131&#8217;n\u0131n yap\u0131ld\u0131\u011f\u0131 arazinin yar\u0131s\u0131n\u0131n da sahibiydi. Forbes&#8217;un her y\u0131l geleneksel olarak yapt\u0131\u011f\u0131 d\u00fcnyan\u0131n dolar milyarderleri listesine 2006 y\u0131l\u0131nda giren Tatl\u0131c\u0131, 980 milyon YTL serveti ile T\u00fcrkiye&#8217;nin 27&#8217;inci zengini olarak g\u00f6sterilmi\u015fti.<\/p>\n<p style=\"text-align: justify;\"><span style=\"color: #888888;\">Kaynak : Vatan Gazetesi<\/span><\/p>\n","protected":false},"excerpt":{"rendered":"<p style=\"text-align: center;\">\n<p style=\"text-align: justify;\">T\u00fcrkiye&#8217;nin en b\u00fcy\u00fck gayrimenkul zenginlerinden olan Salih Tatl\u0131c\u0131&#8217;n\u0131n ard\u0131ndan bu kehanet konu\u015fuluyor<\/p>\n<p style=\"text-align: justify;\">T\u00fcrkiye&#8217;nin en b\u00fcy\u00fck gayrimenkul zenginlerinden olan ve Pazar g\u00fcn\u00fc hayat\u0131n\u0131 kaybeden Salih Tatl\u0131c\u0131, d\u00fcn topra\u011fa verildi. Cenazesinde en \u00e7ok konu\u015fulan konu ise bir falc\u0131n\u0131n Tatl\u0131c\u0131 ile ilgili kehaneti oldu. \u0130ddiaya g\u00f6re bir falc\u0131 Tatl\u0131c\u0131&#8217;ya Tat Towers&#8217;\u0131n <\/p>\n","protected":false},"author":1,"featured_media":0,"comment_status":"open","ping_status":"closed","sticky":false,"template":"","format":"standard","meta":{"footnotes":""},"categories":[7],"tags":[],"class_list":["post-3632","post","type-post","status-publish","format-standard","hentry","category-ekonomi","odd"],"_links":{"self":[{"href":"http:\/\/www.korhanyilmaz.com\/index.php?rest_route=\/wp\/v2\/posts\/3632","targetHints":{"allow":["GET"]}}],"collection":[{"href":"http:\/\/www.korhanyilmaz.com\/index.php?rest_route=\/wp\/v2\/posts"}],"about":[{"href":"http:\/\/www.korhanyilmaz.com\/index.php?rest_route=\/wp\/v2\/types\/post"}],"author":[{"embeddable":true,"href":"http:\/\/www.korhanyilmaz.com\/index.php?rest_route=\/wp\/v2\/users\/1"}],"replies":[{"embeddable":true,"href":"http:\/\/www.korhanyilmaz.com\/index.php?rest_route=%2Fwp%2Fv2%2Fcomments&post=3632"}],"version-history":[{"count":0,"href":"http:\/\/www.korhanyilmaz.com\/index.php?rest_route=\/wp\/v2\/posts\/3632\/revisions"}],"wp:attachment":[{"href":"http:\/\/www.korhanyilmaz.com\/index.php?rest_route=%2Fwp%2Fv2%2Fmedia&parent=3632"}],"wp:term":[{"taxonomy":"category","embeddable":true,"href":"http:\/\/www.korhanyilmaz.com\/index.php?rest_route=%2Fwp%2Fv2%2Fcategories&post=3632"},{"taxonomy":"post_tag","embeddable":true,"href":"http:\/\/www.korhanyilmaz.com\/index.php?rest_route=%2Fwp%2Fv2%2Ftags&post=3632"}],"curies":[{"name":"wp","href":"https:\/\/api.w.org\/{rel}","templated":true}]}}