{"id":3626,"date":"2009-02-25T10:34:24","date_gmt":"2009-02-25T08:34:24","guid":{"rendered":"http:\/\/www.korhanyilmaz.com\/?p=3626"},"modified":"2009-02-25T10:34:24","modified_gmt":"2009-02-25T08:34:24","slug":"ankarayi-sarsan-intihar","status":"publish","type":"post","link":"http:\/\/www.korhanyilmaz.com\/?p=3626","title":{"rendered":"T\u00fcrkiye&#039;yi sarsan intihar"},"content":{"rendered":"<p style=\"text-align: center;\"><img loading=\"lazy\" decoding=\"async\" class=\"aligncenter size-full wp-image-3652\" title=\"T\u00fcrkiye'yi sarsan intihar\" src=\"http:\/\/www.korhanyilmaz.com\/wp-content\/uploads\/2009\/02\/250220091144583435694.jpg\" alt=\"T\u00fcrkiye'yi sarsan intihar\" width=\"376\" height=\"240\" \/><\/p>\n<p style=\"text-align: justify;\"><strong>Emniyet Genel M\u00fcd\u00fcrl\u00fc\u011f\u00fc \u00d6zel Harekat Daire Ba\u015fkan\u0131 Beh\u00e7et Oktay neden intihar etti?<\/strong><\/p>\n<p style=\"text-align: justify;\">Emniyet Genel M\u00fcd\u00fcrl\u00fc\u011f\u00fc \u00d6zel Harekat Daire Ba\u015fkan\u0131 Beh\u00e7et Oktay, kendisine ait otomobilde ba\u015f\u0131ndan yaral\u0131 halde bulundu. Ambulansla Gazi \u00dcniversitesi Hastanesi&#8217;ne kald\u0131r\u0131lan Oktay, burada hayat\u0131n\u0131 kaybetti. Oktay&#8217;\u0131n otomobilinde yap\u0131lan incelemede 2 adet silah \u00e7\u0131kt\u0131. Oktay&#8217;\u0131n intihar etti\u011fi \u00f6\u011frenildi.<\/p>\n<p style=\"text-align: justify;\">Olay, \u00c7ankaya Keklikp\u0131nar\u0131 50&#8217;inci sokak park villalar\u0131 \u00f6n\u00fcnde meydana geldi. Al\u0131nan bilgiye g\u00f6re, \u00d6zel Harekat Daire Ba\u015fkan\u0131 Beh\u00e7et Oktay, kendisine ait 06 AZ 7382 plakal\u0131 \u00f6zel otomobilde kafas\u0131na bir el ate\u015f etti. \u0130hbar \u00fczerine olay yerine gelen ambulansla Gazi \u00dcniversitesi Hastanesi&#8217;ne kald\u0131r\u0131lan Oktay, burada yap\u0131lan t\u00fcm m\u00fcdahalelere ra\u011fmen kurtar\u0131lamad\u0131. Olay\u0131n ard\u0131ndan Ankara Emniyet M\u00fcd\u00fcr\u00fc Erc\u00fcment Y\u0131lmaz ile Oktay&#8217;\u0131n \u00e7ok say\u0131da mesai arkada\u015f\u0131 hastaneye ak\u0131n etti.<\/p>\n<p style=\"text-align: justify;\">Polis ekipleri olay yerinde yapt\u0131\u011f\u0131 incelemede otomobilde iki adet silah buldu. Oktay&#8217;\u0131n kafas\u0131na bir el ate\u015f ederek, intihar etti\u011fi bildirildi.<!--more--><\/p>\n<p style=\"text-align: justify;\"><strong>\u0130NT\u0130HARI OKTAY&#8217;IN ARKADA\u015eI ANLATTI!<\/strong><\/p>\n<p style=\"text-align: justify;\">H\u00fcrriyet&#8217;ten Sayg\u0131 \u00d6zt\u00fcrk&#8217;\u00fcn haberine g\u00f6re, Oktay&#8217;\u0131n intihar\u0131 s\u0131ras\u0131nda yan\u0131nda sivil bir arkada\u015f\u0131 da bulunuyor. Oktay&#8217;\u0131n arkada\u015f\u0131, ilk ifadesinde &#8220;Evine giderken kulland\u0131\u011f\u0131 otomobilin kara saplanmas\u0131na sinirlendi. \u2018Hep bunlar beni mi bulacak&#8217; diye ba\u011f\u0131rd\u0131. Silah\u0131n\u0131 \u00e7ekip intihar etti&#8221; dedi. Oktay&#8217;\u0131n arkada\u015f\u0131 \u015funlar\u0131 s\u00f6yledi:<\/p>\n<p style=\"text-align: justify;\">&#8220;Arkada\u015flar\u0131m\u0131zla birlikte lokantadan \u00e7\u0131kt\u0131k. Evimiz yak\u0131n oldu\u011fu i\u00e7in biz de birlikte \u00e7\u0131kt\u0131k. Masada onu \u00fczecek bir \u015fey de olmad\u0131. Otomobilinin kara saplanmas\u0131na inan\u0131lmaz bir bi\u00e7imde tepki g\u00f6sterdi. \u2018Bunlar hep beni buluyor&#8217; diye ba\u011f\u0131r\u0131yordu. Ben kendisini yat\u0131\u015ft\u0131rmaya \u00e7al\u0131\u015f\u0131rken o aniden tabancas\u0131n\u0131 \u00e7\u0131kar\u0131p ate\u015f etti. Ne oldu\u011funu bile anlayamad\u0131m. \u00c7evreden yeti\u015fenlerle birlikte hastaneye kald\u0131rd\u0131m.<\/p>\n<p style=\"text-align: justify;\">Son zamanlarda, yak\u0131nd\u0131\u011f\u0131 baz\u0131 konular vard\u0131. Bunlar aras\u0131nda \u00f6zel harekat dairesi i\u00e7in bu kadar \u00e7aba g\u00f6stermesine ra\u011fmen, bunlar\u0131n g\u00f6r\u00fclmedi\u011fini, kendisini y\u0131pratmak i\u00e7in sistemli bir \u00e7al\u0131\u015fma yap\u0131ld\u0131\u011f\u0131n\u0131 s\u00f6yl\u00fcyordu. Ancak, onun intihar edebilece\u011fi hi\u00e7bir zaman akl\u0131m\u0131zdan bile ge\u00e7memi\u015fti&#8221;<\/p>\n<p style=\"text-align: justify;\"><strong>\u0130SM\u0130 ERGENEKON&#8217;UN 11. DALGASINDA G\u00dcNDEME GELM\u0130\u015eT\u0130<\/strong><\/p>\n<p style=\"text-align: justify;\">Ba\u015fkent&#8217;te gece yar\u0131s\u0131 ba\u015f\u0131na bir el ate\u015f ederek intihar eden \u00d6zel Harekat Daire Ba\u015fkan\u0131 Beh\u00e7et Oktay&#8217;\u0131n ismi Ergenekon&#8217;un 11. dalgas\u0131nda g\u00fcndeme gelmi\u015fti. Oktay&#8217;\u0131n g\u00f6zalt\u0131na al\u0131nan eski \u00d6zel Harekat Daire Ba\u015fkanvekili \u0130brahim \u015eahin&#8217;e yak\u0131n oldu\u011fu ileri s\u00fcr\u00fclm\u00fc\u015ft\u00fc.<\/p>\n<p style=\"text-align: justify;\">\u015eahin&#8217;in olu\u015fturdu\u011fu suikast timinde g\u00f6rev yapmakla su\u00e7lanan Elaz\u0131\u011f Emniyeti \u00d6zel Harekat \u015eube M\u00fcd\u00fcr\u00fc Ayhan Atabek ile Antalya \u00d6zel Hareket Grup Amiri Servet Kaynak, ifadelerinde Beh\u00e7et Oktay&#8217;dan gelen talimat \u00fczerine resmi bir g\u00f6rev \u00fcstlendi\u011fini d\u00fc\u015f\u00fcnerek, \u015eahin&#8217;e \u00f6zel ilgi g\u00f6sterdiklerini anlatm\u0131\u015flard\u0131. 11. dalgada g\u00f6zalt\u0131na al\u0131nan Atabek, verdi\u011fi ifadede Beh\u00e7et Oktay vesilesi ile tan\u0131\u015ft\u0131\u011f\u0131 \u015eahin&#8217;i yine onun ricas\u0131yla arad\u0131\u011f\u0131n\u0131 s\u00f6ylemi\u015fti.<\/p>\n<p style=\"text-align: justify;\">13 y\u0131ld\u0131r \u00d6zel Harekat Daire Ba\u015fkanl\u0131\u011f\u0131&#8217;n\u0131 y\u00fcr\u00fcten Oktay&#8217;\u0131n, \u015eahin&#8217;in Ba\u015fkanvekilli\u011fi d\u00f6neminde yard\u0131mc\u0131l\u0131\u011f\u0131n\u0131 yapt\u0131\u011f\u0131 \u00f6\u011frenildi.<\/p>\n<p style=\"text-align: justify;\"><strong>OTOPS\u0130 \u0130\u015eLEM\u0130 TAMAMLANIRSA YARIN DEFNED\u0130LECEK<\/strong><\/p>\n<p style=\"text-align: justify;\">Otopsi i\u015flemi sonu\u00e7lan\u0131rsa Oktay i\u00e7in Emniyet Genel M\u00fcd\u00fcrl\u00fc\u011f\u00fc&#8217;nde bug\u00fcn t\u00f6ren d\u00fczenlenecek. T\u00f6renin ard\u0131ndan Oktay&#8217;\u0131n cenazesinin u\u00e7akla Malatya&#8217;ya g\u00f6nderilece\u011fi \u00f6\u011frenildi.<\/p>\n<p style=\"text-align: justify;\">Hekimhan&#8217;da 1957&#8217;de do\u011fan Oktay, ilk ve orta \u00f6\u011frenimini tamamlad\u0131ktan sonra 1975 y\u0131l\u0131nda polis kolejinden, 1978 y\u0131l\u0131nda da Polis Akademisi&#8217;nden mezun oldu. Erzincan, Kars, \u0130stanbul, Afyonkarahisar ve Bing\u00f6l&#8217;de g\u00f6rev yapan Oktay, 23. D\u00f6nem \u00d6zel Harekat Kursunu ba\u015far\u0131yla tamamlamas\u0131n\u0131n ard\u0131ndan 1994-1997 y\u0131llar\u0131nda Diyarbak\u0131r&#8217;da g\u00f6rev yapt\u0131.<\/p>\n<p style=\"text-align: justify;\">1997 y\u0131l\u0131nda Emniyet Genel M\u00fcd\u00fcrl\u00fc\u011f\u00fc \u00d6zel Harekat Daire Ba\u015fkanl\u0131\u011f\u0131 g\u00f6revine atanan Oktay, evli ve biri k\u0131z \u00fc\u00e7 \u00e7ocuk babas\u0131yd\u0131.<\/p>\n<p style=\"text-align: justify;\">G\u00f6revi esnas\u0131nda \u00e7ok say\u0131da taltif ve takdirname alan Oktay, T\u00fcrk Silahl\u0131 Kuvvetleri \u00dcst\u00fcn Cesaret ve Feragat Madalyas\u0131 sahibiydi.<\/p>\n<p style=\"text-align: justify;\"><strong>BABASI FENALA\u015eARAK HASTANEYE KALDIRILDI<\/strong><\/p>\n<p style=\"text-align: justify;\">Arac\u0131n\u0131n i\u00e7inde yaral\u0131 olarak bulunduktan sonra kald\u0131r\u0131ld\u0131\u011f\u0131 hastanede hayat\u0131n\u0131 kaybeden Emniyet Genel M\u00fcd\u00fcrl\u00fc\u011f\u00fc \u00d6zel Hareket Daire Ba\u015fkan\u0131 Beh\u00e7et Oktay&#8217;\u0131n Malatya&#8217;n\u0131n Hekimhan il\u00e7esinde ya\u015fayan babas\u0131 Muhammet Oktay (78), haberi duyunca fenala\u015farak hastaneye kald\u0131r\u0131ld\u0131.<\/p>\n<p style=\"text-align: justify;\">Hekimhan&#8217;da \u015eehit Fethi Aky\u00fcz Mahallesi&#8217;nde ziraat ila\u00e7lar\u0131 bayili\u011fi yapan k\u0131z\u0131 Zeynep Demirci ile ya\u015fayan Muhammet Oktay, o\u011flunun \u00f6l\u00fcm haberini duyunca fenala\u015ft\u0131 ve yak\u0131nlar\u0131 taraf\u0131ndan Malatya&#8217;daki bir hastaneye kald\u0131r\u0131ld\u0131.<\/p>\n<p style=\"text-align: justify;\">Beh\u00e7et Oktay&#8217;\u0131n annesi M\u00fcn\u00fcre Oktay&#8217;\u0131n (77) 6 ay \u00f6nce vefat etti\u011fi bildirildi.<\/p>\n<p style=\"text-align: justify;\"><span style=\"color: #888888;\">Kaynak : Vatan Gazetesi<\/span><\/p>\n","protected":false},"excerpt":{"rendered":"<p style=\"text-align: center;\">\n<p style=\"text-align: justify;\">Emniyet Genel M\u00fcd\u00fcrl\u00fc\u011f\u00fc \u00d6zel Harekat Daire Ba\u015fkan\u0131 Beh\u00e7et Oktay neden intihar etti?<\/p>\n<p style=\"text-align: justify;\">Emniyet Genel M\u00fcd\u00fcrl\u00fc\u011f\u00fc \u00d6zel Harekat Daire Ba\u015fkan\u0131 Beh\u00e7et Oktay, kendisine ait otomobilde ba\u015f\u0131ndan yaral\u0131 halde bulundu. Ambulansla Gazi \u00dcniversitesi Hastanesi&#8217;ne kald\u0131r\u0131lan Oktay, burada hayat\u0131n\u0131 kaybetti. Oktay&#8217;\u0131n otomobilinde yap\u0131lan incelemede 2 adet silah \u00e7\u0131kt\u0131. Oktay&#8217;\u0131n intihar etti\u011fi <\/p>\n","protected":false},"author":1,"featured_media":0,"comment_status":"open","ping_status":"closed","sticky":false,"template":"","format":"standard","meta":{"footnotes":""},"categories":[105],"tags":[],"class_list":["post-3626","post","type-post","status-publish","format-standard","hentry","category-gundem","odd"],"_links":{"self":[{"href":"http:\/\/www.korhanyilmaz.com\/index.php?rest_route=\/wp\/v2\/posts\/3626","targetHints":{"allow":["GET"]}}],"collection":[{"href":"http:\/\/www.korhanyilmaz.com\/index.php?rest_route=\/wp\/v2\/posts"}],"about":[{"href":"http:\/\/www.korhanyilmaz.com\/index.php?rest_route=\/wp\/v2\/types\/post"}],"author":[{"embeddable":true,"href":"http:\/\/www.korhanyilmaz.com\/index.php?rest_route=\/wp\/v2\/users\/1"}],"replies":[{"embeddable":true,"href":"http:\/\/www.korhanyilmaz.com\/index.php?rest_route=%2Fwp%2Fv2%2Fcomments&post=3626"}],"version-history":[{"count":0,"href":"http:\/\/www.korhanyilmaz.com\/index.php?rest_route=\/wp\/v2\/posts\/3626\/revisions"}],"wp:attachment":[{"href":"http:\/\/www.korhanyilmaz.com\/index.php?rest_route=%2Fwp%2Fv2%2Fmedia&parent=3626"}],"wp:term":[{"taxonomy":"category","embeddable":true,"href":"http:\/\/www.korhanyilmaz.com\/index.php?rest_route=%2Fwp%2Fv2%2Fcategories&post=3626"},{"taxonomy":"post_tag","embeddable":true,"href":"http:\/\/www.korhanyilmaz.com\/index.php?rest_route=%2Fwp%2Fv2%2Ftags&post=3626"}],"curies":[{"name":"wp","href":"https:\/\/api.w.org\/{rel}","templated":true}]}}