{"id":3621,"date":"2009-02-25T11:10:50","date_gmt":"2009-02-25T09:10:50","guid":{"rendered":"http:\/\/www.korhanyilmaz.com\/?p=3621"},"modified":"2009-02-25T11:10:50","modified_gmt":"2009-02-25T09:10:50","slug":"iran-bizden-arabuluculuk-istedi","status":"publish","type":"post","link":"http:\/\/www.korhanyilmaz.com\/?p=3621","title":{"rendered":"\u0130ran bizden arabuluculuk istedi"},"content":{"rendered":"<p style=\"text-align: center;\"><img loading=\"lazy\" decoding=\"async\" class=\"aligncenter size-full wp-image-3622\" title=\"\u0130ran bizden arabuluculuk istedi \" src=\"http:\/\/www.korhanyilmaz.com\/wp-content\/uploads\/2009\/02\/250220091118583250138.jpg\" alt=\"\u0130ran bizden arabuluculuk istedi \" width=\"376\" height=\"240\" \/><\/p>\n<p style=\"text-align: justify;\"><strong>Ba\u015fbakan Recep Tayyip Erdo\u011fan&#8217;\u0131n Guardian gazetesine verdi\u011fi r\u00f6portaj d\u00fcnya bas\u0131n\u0131nda bomba etkisi yaratt\u0131. <\/strong><\/p>\n<p style=\"text-align: justify;\">Yabanc\u0131 ajanslar ve di\u011fer gazeteler Erdo\u011fan&#8217;\u0131n, &#8220;\u0130ran bizden Washington&#8217;la aras\u0131n\u0131 yapmam\u0131z\u0131 istedi. Ben de bizzat ba\u015fkan Bush&#8217;a bu talebi bizzat ilettim&#8221; s\u00f6zlerini &#8220;\u0130ran gizlice ABD&#8217;ye uzla\u015fma teklifi yapm\u0131\u015f&#8221; ba\u015fl\u0131\u011f\u0131yla haber yapt\u0131.<\/p>\n<p style=\"text-align: justify;\">Guardian gazetesi, \u0130ran&#8217;\u0131n T\u00fcrkiye&#8217;den Amerika Birle\u015fik Devletleri ile aras\u0131nda 30 y\u0131ld\u0131r varolan uzla\u015fmazl\u0131\u011f\u0131n \u00e7\u00f6z\u00fcm\u00fcnde rol oynamas\u0131n\u0131 istedi\u011fini yazd\u0131. Haberin kayna\u011f\u0131 ise Ba\u015fbakan Recep Tayyip Erdo\u011fan. Guardian muhabiri Robert Tait&#8217;in sorular\u0131n\u0131 yan\u0131tlayan Erdo\u011fan, George Bush&#8217;un ba\u015fkanl\u0131\u011f\u0131 d\u00f6neminde Tahran y\u00f6netiminin Ankara&#8217;ya iletti\u011fi mesaj\u0131 Beyaz Saray&#8217;a aktard\u0131klar\u0131n\u0131 s\u00f6yledi. Erdo\u011fan, Nisan ay\u0131nda G-20 zirvesi i\u00e7in Londra&#8217;da biraraya geldiklerinde Obama&#8217;ya konuyu hat\u0131rlatmay\u0131 planl\u0131yor. Erdo\u011fan, &#8216;Peki T\u00fcrkiye bu rol\u00fc oynayabilir mi&#8217; sorusuna ise, &#8216;\u0130ran T\u00fcrkiye&#8217;nin b\u00f6yle bir rol oynamas\u0131n\u0131 istiyor. E\u011fer Amerika Birle\u015fik Devletleri de isterse bu rol\u00fc oynamaya haz\u0131r\u0131z&#8217; dedi.<!--more-->Guardian, Washington y\u00f6netiminin \u0130ran konular\u0131n\u0131 ele almak \u00fczere \u00f6nde gelen diplomatlardan Dennis Ross&#8217;u atad\u0131\u011f\u0131n\u0131 an\u0131msatarak, Ross&#8217;un bir ka\u00e7 ay \u00f6nce yazd\u0131\u011f\u0131 bir makalede \u0130ran&#8217;a y\u00f6nelik yakla\u015f\u0131m\u0131n ilk a\u015famada &#8216;do\u011frudan, perde gerisinde&#8217; y\u00fcr\u00fct\u00fclmesini savundu\u011funu kaydetti. Erdo\u011fan&#8217;la se\u00e7im kampanyas\u0131 i\u00e7in Mardin yolundayken u\u00e7akta g\u00f6r\u00fc\u015fen Guardian muhabiri Robert Tait, Amerikal\u0131 yetkililerin \u0130ran konusunda T\u00fcrkiye&#8217;nin arabuluculu\u011funa ge\u00e7mi\u015fte ku\u015fkuyla bakt\u0131klar\u0131n\u0131 aktar\u0131rken, ama g\u00f6revini devral\u0131rken yapt\u0131\u011f\u0131 konu\u015fmada &#8216;Tahran yumru\u011funu a\u00e7arsa biz de ona el uzat\u0131r\u0131z&#8217; diyen Barack Obama liderli\u011finde yeni y\u00f6netimin \u015fimdi bu \u00f6neriyi yeniden g\u00fcndemine alabilece\u011fine dikkat \u00e7ekti. Erdo\u011fan, Guardian&#8217;a demecinde \u0130srail-Filistin sorununa da de\u011findi. &#8220;Biz her zaman Hamas&#8217;a farkl\u0131 davranmalar\u0131 gerekti\u011fini, Filistin ve \u0130srail \u015feklinde iki devletli bir \u00e7\u00f6z\u00fcm\u00fc destekledi\u011fimizi s\u00f6yl\u00fcyoruz. Bunu kabul etmeliler ama \u0130srail&#8217;in de Filistin&#8217;i kabul etmesi gerekir&#8221; dedi. Erdo\u011fan, 1,300&#8217;den fazla ki\u015finin hayat\u0131n\u0131 kaybetti\u011fi, 3,500 ki\u015finin yaraland\u0131\u011f\u0131n\u0131 an\u0131msatarak, &#8216;Burada ne olup bitti\u011fini kim soracak, bunlar\u0131n hesab\u0131n\u0131 kim verecek&#8217; diye konu\u015ftu.<\/p>\n<p style=\"text-align: justify;\">Gazete ge\u00e7ti\u011fimiz aylarda Davos&#8217;ta ya\u015fanan Peres-Erdo\u011fan gerginli\u011fini de an\u0131msat\u0131rken, Erdo\u011fan&#8217;\u0131n ABD&#8217;deki \u0130srail yanl\u0131s\u0131 lobilerin bu olaya ABD Kongresi&#8217;nde Ermeni soyk\u0131r\u0131m iddialar\u0131n\u0131 tan\u0131yan bir karar tasar\u0131s\u0131na muhalefetine son vererek misillemede bulunaca\u011f\u0131 korkular\u0131n\u0131 yersiz g\u00f6rd\u00fc\u011f\u00fcn\u00fc kaydetti: &#8220;ABD&#8217;nin T\u00fcrkiye&#8217;nin b\u00f6lgesindeki \u00f6nemini bunu anlamayanlardan \u00e7ok daha iyi bildi\u011fine ve g\u00f6rd\u00fc\u011f\u00fcne inan\u0131yorum. S\u00f6zde Ermeni soyk\u0131r\u0131m\u0131 T\u00fcrkiye-ABD ili\u015fkilerini \u00e7ok g\u00fc\u00e7l\u00fc \u015fekilde etkileyebilecek bir konu de\u011fil. ABD Kongresi&#8217;nin hislere dayanan bir karar alaca\u011f\u0131n\u0131 sanm\u0131yorum. Bu konu tarih\u00e7ilere b\u0131rak\u0131lmal\u0131.&#8221;<\/p>\n<p style=\"text-align: justify;\">GAURDIAN, r\u00f6portaj\u0131n yan\u0131s\u0131ra &#8220;Erdo\u011fan&#8217;\u0131n y\u00fckseli\u015fi&#8221; ba\u015fl\u0131kl\u0131 bir analiz yaz\u0131s\u0131 da yay\u0131nlad\u0131.<br \/>\n&#8220;2003 y\u0131l\u0131nda T\u00fcrkiye&#8217;de se\u00e7imleri kazand\u0131\u011f\u0131nda, askerlere ve laiklere ra\u011fmen bu kadar dominant bir siyasi g\u00fc\u00e7 olaca\u011f\u0131n\u0131 kimse tahmin edemezdi&#8221; yorumunu yapt\u0131.\n<\/p>\n<p style=\"text-align: justify;\"><span style=\"color: #888888;\">Kaynak : Vatan Gazetesi<\/span><\/p>\n","protected":false},"excerpt":{"rendered":"<p style=\"text-align: center;\">\n<p style=\"text-align: justify;\">Ba\u015fbakan Recep Tayyip Erdo\u011fan&#8217;\u0131n Guardian gazetesine verdi\u011fi r\u00f6portaj d\u00fcnya bas\u0131n\u0131nda bomba etkisi yaratt\u0131. <\/p>\n<p style=\"text-align: justify;\">Yabanc\u0131 ajanslar ve di\u011fer gazeteler Erdo\u011fan&#8217;\u0131n, &#8220;\u0130ran bizden Washington&#8217;la aras\u0131n\u0131 yapmam\u0131z\u0131 istedi. Ben de bizzat ba\u015fkan Bush&#8217;a bu talebi bizzat ilettim&#8221; s\u00f6zlerini &#8220;\u0130ran gizlice ABD&#8217;ye uzla\u015fma teklifi yapm\u0131\u015f&#8221; ba\u015fl\u0131\u011f\u0131yla haber yapt\u0131.<\/p>\n<p style=\"text-align: justify;\">Guardian <\/p>\n","protected":false},"author":1,"featured_media":0,"comment_status":"open","ping_status":"closed","sticky":false,"template":"","format":"standard","meta":{"footnotes":""},"categories":[105],"tags":[],"class_list":["post-3621","post","type-post","status-publish","format-standard","hentry","category-gundem","odd"],"_links":{"self":[{"href":"http:\/\/www.korhanyilmaz.com\/index.php?rest_route=\/wp\/v2\/posts\/3621","targetHints":{"allow":["GET"]}}],"collection":[{"href":"http:\/\/www.korhanyilmaz.com\/index.php?rest_route=\/wp\/v2\/posts"}],"about":[{"href":"http:\/\/www.korhanyilmaz.com\/index.php?rest_route=\/wp\/v2\/types\/post"}],"author":[{"embeddable":true,"href":"http:\/\/www.korhanyilmaz.com\/index.php?rest_route=\/wp\/v2\/users\/1"}],"replies":[{"embeddable":true,"href":"http:\/\/www.korhanyilmaz.com\/index.php?rest_route=%2Fwp%2Fv2%2Fcomments&post=3621"}],"version-history":[{"count":0,"href":"http:\/\/www.korhanyilmaz.com\/index.php?rest_route=\/wp\/v2\/posts\/3621\/revisions"}],"wp:attachment":[{"href":"http:\/\/www.korhanyilmaz.com\/index.php?rest_route=%2Fwp%2Fv2%2Fmedia&parent=3621"}],"wp:term":[{"taxonomy":"category","embeddable":true,"href":"http:\/\/www.korhanyilmaz.com\/index.php?rest_route=%2Fwp%2Fv2%2Fcategories&post=3621"},{"taxonomy":"post_tag","embeddable":true,"href":"http:\/\/www.korhanyilmaz.com\/index.php?rest_route=%2Fwp%2Fv2%2Ftags&post=3621"}],"curies":[{"name":"wp","href":"https:\/\/api.w.org\/{rel}","templated":true}]}}