{"id":36189,"date":"2010-03-29T11:40:50","date_gmt":"2010-03-29T08:40:50","guid":{"rendered":"http:\/\/www.korhanyilmaz.com\/?p=20854"},"modified":"2010-03-29T11:40:50","modified_gmt":"2010-03-29T08:40:50","slug":"sana-kim-kefil-olacak-2","status":"publish","type":"post","link":"http:\/\/www.korhanyilmaz.com\/?p=36189","title":{"rendered":"&#8216;Sana kim kefil olacak?&#8217;"},"content":{"rendered":"<p style=\"text-align: center;\"><a href=\"http:\/\/www.korhanyilmaz.com\/wp-content\/uploads\/2010\/03\/sakik.jpg\"  class=\"lightview\"><img loading=\"lazy\" decoding=\"async\" class=\"aligncenter size-full wp-image-20855\" src=\"http:\/\/www.korhanyilmaz.com\/wp-content\/uploads\/2010\/03\/sakik.jpg\" alt=\"\" width=\"350\" height=\"210\" \/><\/a><\/p>\n<p style=\"text-align: justify;\">BDP Mu\u015f Milletvekili S\u0131rr\u0131 Sak\u0131k, GenelKurmay Ba\u015fkan\u0131 \u0130lker Ba\u015fbu\u011f&#8217;un 3&#8217;\u00fcnc\u00fc Ordu Komutan\u0131 Orgeneral Sald\u0131ray Berk&#8217;e destek vermesini ele\u015ftirdi, &#8220;Ben ona kefilim&#8217; diyor. Peki sana kim kefil olacak?&#8221; diye sordu.<\/p>\n<p style=\"text-align: justify;\">BDP&#8217;nin Mu\u015f \u0130l Kongresi&#8217;ne kat\u0131lan milletvekili S\u0131rr\u0131 Sak\u0131k, konu\u015fmas\u0131nda Genelkurmay Ba\u015fkan\u0131 Orgeneral \u0130lker Ba\u015fbu\u011f&#8217;u ele\u015ftirdi. <!--more--><\/p>\n<p style=\"text-align: justify;\">Sak\u0131k, &#8220;Bak\u0131n \u015fimdi Genelkurmay Ba\u015fkan\u0131 \u00e7\u0131km\u0131\u015f Ergenekon&#8217;dan yarg\u0131lanan 3&#8217;\u00fcnc\u00fc Ordu Komutan\u0131&#8217;na destek \u00e7\u0131k\u0131yor. &#8216;Ben ona kefilim&#8217; diyor. Peki sana kim kefil olacak? Sen neyine kefilsin s\u00f6yleyebilir misin, nas\u0131l kefilsiniz?&#8221; dedi.<\/p>\n<p style=\"text-align: justify;\">Sak\u0131k, &#8220;Siz halk\u0131n se\u00e7ilmi\u015flerini al\u0131p g\u00f6t\u00fcr\u00fcp i\u00e7eri t\u0131kayacaks\u0131n\u0131z. Arkas\u0131nda y\u00fczde 80 halk deste\u011fi olan belediye ba\u015fkanlar\u0131n\u0131 i\u00e7eri t\u0131kayacaks\u0131n\u0131z. Ama \u00fczerinizde \u00fcniforma, apoletler olunca yarg\u0131ya gitmeyeceksiniz. Yok b\u00f6yle bir \u015fey. E\u011fer g\u00fcc\u00fcn\u00fcz yetiyorsa onlar\u0131 yarg\u0131ya g\u00f6t\u00fcreceksiniz&#8221; diye konu\u015ftu.<\/p>\n<p style=\"text-align: justify;\">BDP&#8217;li Sak\u0131k s\u00f6zlerine, &#8220;\u00c7\u00fcnk\u00fc biz eskiden de g\u00f6rd\u00fck, ya\u015fad\u0131k yine bir Genelkurmay ba\u015fkan\u0131, o d\u00f6nemin Ya\u015far B\u00fcy\u00fckan\u0131t&#8217;\u0131 \u015eemdinli olay\u0131nda dedi ki &#8216;Onlar iyi \u00e7ocuklard\u0131r&#8217;. HSYK&#8217;ya talimat verdi. Savc\u0131y\u0131 g\u00f6revden ald\u0131. Mahkemeyi de\u011fi\u015ftirdiler. Sivil yarg\u0131da 38 y\u0131l ceza alanlar askeri mahkemede akland\u0131. B\u00f6yle bir yarg\u0131, hukuk olmaz. E\u011fer hukuk deniyorsa herkesin s\u0131\u011f\u0131naca\u011f\u0131 bir yarg\u0131, hukuk olmal\u0131&#8221; diye devam etti.<\/p>\n<p style=\"text-align: justify;\">CHP Genel Ba\u015fkan\u0131 Deniz Baykal ile MHP Genel Ba\u015fkan\u0131 Devlet Bah\u00e7eli&#8217;nin G\u00fcneydo\u011fu gezilerinde pu\u015fi takmalar\u0131n\u0131 da ele\u015ftiren S\u0131rr\u0131 Sak\u0131k, &#8220;Siz bedenle buraya geliyorsunuz ama ruhunuzu orada b\u0131rak\u0131yorsunuz. Pu\u015fi, egal tak\u0131yorsunuz. O pu\u015fi, egali kirletmeye hakk\u0131n\u0131z yoktur&#8221; diye konu\u015ftu.<\/p>\n<p style=\"text-align: justify;\">Konu\u015fmalar\u0131n ard\u0131ndan yap\u0131lan se\u00e7imde mevcut ba\u015fkan Nimet Sezgin, yeniden BDP il ba\u015fkanl\u0131\u011f\u0131na se\u00e7ildi.<\/p>\n<p style=\"text-align: justify;\"><span style=\"color: #888888;\">Haber1.com<\/span><\/p>\n","protected":false},"excerpt":{"rendered":"<p style=\"text-align: center;\">\n<p style=\"text-align: justify;\">BDP Mu\u015f Milletvekili S\u0131rr\u0131 Sak\u0131k, GenelKurmay Ba\u015fkan\u0131 \u0130lker Ba\u015fbu\u011f&#8217;un 3&#8217;\u00fcnc\u00fc Ordu Komutan\u0131 Orgeneral Sald\u0131ray Berk&#8217;e destek vermesini ele\u015ftirdi, &#8220;Ben ona kefilim&#8217; diyor. Peki sana kim kefil olacak?&#8221; diye sordu.<\/p>\n<p style=\"text-align: justify;\">BDP&#8217;nin Mu\u015f \u0130l Kongresi&#8217;ne kat\u0131lan milletvekili S\u0131rr\u0131 Sak\u0131k, konu\u015fmas\u0131nda Genelkurmay Ba\u015fkan\u0131 Orgeneral \u0130lker Ba\u015fbu\u011f&#8217;u ele\u015ftirdi. <\/p>\n","protected":false},"author":1,"featured_media":0,"comment_status":"open","ping_status":"closed","sticky":false,"template":"","format":"standard","meta":{"footnotes":""},"categories":[105],"tags":[],"class_list":["post-36189","post","type-post","status-publish","format-standard","hentry","category-gundem","odd"],"_links":{"self":[{"href":"http:\/\/www.korhanyilmaz.com\/index.php?rest_route=\/wp\/v2\/posts\/36189","targetHints":{"allow":["GET"]}}],"collection":[{"href":"http:\/\/www.korhanyilmaz.com\/index.php?rest_route=\/wp\/v2\/posts"}],"about":[{"href":"http:\/\/www.korhanyilmaz.com\/index.php?rest_route=\/wp\/v2\/types\/post"}],"author":[{"embeddable":true,"href":"http:\/\/www.korhanyilmaz.com\/index.php?rest_route=\/wp\/v2\/users\/1"}],"replies":[{"embeddable":true,"href":"http:\/\/www.korhanyilmaz.com\/index.php?rest_route=%2Fwp%2Fv2%2Fcomments&post=36189"}],"version-history":[{"count":0,"href":"http:\/\/www.korhanyilmaz.com\/index.php?rest_route=\/wp\/v2\/posts\/36189\/revisions"}],"wp:attachment":[{"href":"http:\/\/www.korhanyilmaz.com\/index.php?rest_route=%2Fwp%2Fv2%2Fmedia&parent=36189"}],"wp:term":[{"taxonomy":"category","embeddable":true,"href":"http:\/\/www.korhanyilmaz.com\/index.php?rest_route=%2Fwp%2Fv2%2Fcategories&post=36189"},{"taxonomy":"post_tag","embeddable":true,"href":"http:\/\/www.korhanyilmaz.com\/index.php?rest_route=%2Fwp%2Fv2%2Ftags&post=36189"}],"curies":[{"name":"wp","href":"https:\/\/api.w.org\/{rel}","templated":true}]}}