{"id":36174,"date":"2010-03-25T17:30:56","date_gmt":"2010-03-25T15:30:56","guid":{"rendered":"http:\/\/www.korhanyilmaz.com\/?p=20707"},"modified":"2010-03-25T17:30:56","modified_gmt":"2010-03-25T15:30:56","slug":"kursad-tuzmen-kendi-istegimle-ayrildim-2","status":"publish","type":"post","link":"http:\/\/www.korhanyilmaz.com\/?p=36174","title":{"rendered":"K\u00fcr\u015fad T\u00fczmen: &#8220;Kendi iste\u011fimle ayr\u0131ld\u0131m&#8221;"},"content":{"rendered":"<p style=\"text-align: center;\"><a href=\"http:\/\/www.korhanyilmaz.com\/wp-content\/uploads\/2010\/03\/T\u00dcZMEN1.jpg\"  class=\"lightview\"><img loading=\"lazy\" decoding=\"async\" class=\"aligncenter size-full wp-image-20711\" src=\"http:\/\/www.korhanyilmaz.com\/wp-content\/uploads\/2010\/03\/T\u00dcZMEN1.jpg\" alt=\"\" width=\"307\" height=\"236\" \/><\/a><\/p>\n<p style=\"text-align: justify;\">AK Parti D\u0131\u015f \u0130li\u015fkilerden Sorumlu Genel Ba\u015fkan Yard\u0131mc\u0131l\u0131\u011f\u0131n\u0131 Adana Milletvekili \u00d6mer \u00c7elik&#8217;e devreden Mersin Milletvekili K\u00fcr\u015fad T\u00fczmen, g\u00f6revden kendi iste\u011fiyle ayr\u0131ld\u0131\u011f\u0131n\u0131 ifade ederek, &#8220;Bu benim bir ay \u00f6ncesinden Say\u0131n Ba\u015fbakan ile yapt\u0131\u011f\u0131m bir g\u00f6r\u00fc\u015fmedir. Kendisinden izin istedim. Dedim ki, &#8216;Sa\u011fl\u0131k s\u0131k\u0131nt\u0131lar\u0131m var, rahats\u0131z\u0131m&#8217;. Kendisi de kabul ettiler, sa\u011folsun bana o izni verdiler&#8221; dedi. <!--more--><\/p>\n<p style=\"text-align: justify;\">T\u00fczmen, AK Parti Genel Merkezi&#8217;nde d\u00fczenlenen t\u00f6renle AK Parti D\u0131\u015f \u0130li\u015fkilerden Sorumlu Genel Ba\u015fkan Yard\u0131mc\u0131l\u0131\u011f\u0131 g\u00f6revini \u00c7elik&#8217;e devretti.<\/p>\n<p style=\"text-align: justify;\">Bir gazetecinin, &#8220;Diyarbak\u0131r&#8217;daki Nevruz ile ilgili yapt\u0131\u011f\u0131n\u0131z de\u011ferlendirmenin bu g\u00f6rev de\u011fi\u015fikli\u011fiyle az veya \u00e7ok ilgisi var m\u0131?&#8221; sorusuna T\u00fczmen, \u015f\u00f6yle yan\u0131t verdi:<\/p>\n<p style=\"text-align: justify;\">&#8220;Hay\u0131r. Hi\u00e7bir etkisi yok. Bu benim bir ay \u00f6ncesinden Say\u0131n Ba\u015fbakan ile yapt\u0131\u011f\u0131m bir g\u00f6r\u00fc\u015fmedir. Kendisinden izin istedim. Dedim ki, &#8216;Sa\u011fl\u0131k s\u0131k\u0131nt\u0131lar\u0131m var, rahats\u0131z\u0131m&#8217;. \u0130stekte bulundum. Kendisi de kabul ettiler, sa\u011folsun bana o izni verdiler. Dolay\u0131s\u0131yla bizim yapt\u0131\u011f\u0131m\u0131z bu konu\u015fmalar ilk konu\u015fmalar de\u011fil. Benim her yerde ayn\u0131 \u015fekilde arkada\u015flar\u0131m\u0131zla beraber bayrak konusunda ne konu\u015ftu\u011fumu herkes bilir. Meclis&#8217;te de ayn\u0131 \u015feyi konu\u015ftuk. Merkez Y\u00fcr\u00fctme Kurulu&#8217;nda da ayn\u0131 \u015feyi konu\u015ftuk. Her yerde, partide de, T\u00fcrkiye&#8217;nin her taraf\u0131nda da ayn\u0131 \u015feyi konu\u015ftuk. Burada yapt\u0131\u011f\u0131m\u0131z konu\u015fma da kimseyi incitecek bir konu\u015fma de\u011fil&#8221;<\/p>\n<p style=\"text-align: justify;\">&#8220;Biz diyoruz ki samimiyet her yerde olmal\u0131d\u0131r&#8221; diyen T\u00fczmen, &#8220;Bayram T\u00fcrkiye&#8217;nin neresinde yap\u0131l\u0131yorsa oras\u0131 T\u00fcrk bayraklar\u0131yla donat\u0131lmal\u0131. Onu s\u00f6yledik. Bunu benim s\u00f6ylemem o kadar \u00f6nemli de\u011fil. Ama T\u00fcrk bayra\u011f\u0131n\u0131 hangi etnik k\u00f6kenden olursa olsun bir arkada\u015f\u0131ma verdi\u011fimde, o onu savundu\u011fu zaman, K\u00fcrt k\u00f6kenli arkada\u015f\u0131m da T\u00fcrk bayra\u011f\u0131na sahip \u00e7\u0131kt\u0131\u011f\u0131 anda biz zaten a\u00e7\u0131l\u0131m\u0131 tamamlam\u0131\u015f oluyoruz. Bence iki tarafta da herkesi kucaklayacak \u00e7al\u0131\u015fmay\u0131 yapmam\u0131z laz\u0131m. Buradan arkada\u015flar\u0131m\u0131 g\u00f6reve \u00e7a\u011f\u0131rd\u0131m. Sa\u011folsun, Bing\u00f6l milletvekilimiz, benim K\u00fcrt k\u00f6kenli arkada\u015f\u0131m, Zaza arkada\u015f\u0131m\u0131z Yusuf Co\u015fkun da ayn\u0131 \u015feyleri d\u00fcn Meclis&#8217;te s\u00f6yledi. \u0130\u00e7im rahatlad\u0131&#8221; dedi.<\/p>\n<p style=\"text-align: justify;\"><a href=\"http:\/\/www.korhanyilmaz.com\/wp-content\/uploads\/2010\/03\/0032.jpg\"  class=\"lightview\"><img loading=\"lazy\" decoding=\"async\" class=\"aligncenter size-full wp-image-20710\" src=\"http:\/\/www.korhanyilmaz.com\/wp-content\/uploads\/2010\/03\/0032.jpg\" alt=\"\" width=\"464\" height=\"216\" \/><\/a><\/p>\n<p style=\"text-align: justify;\"><strong>&#8220;Ben bir yere gitmiyorum&#8221; <\/strong><\/p>\n<p style=\"text-align: justify;\">T\u00fczmen, &#8220;Bundan sonraki siyasi hayat\u0131n\u0131z\u0131 AK Parti&#8217;de s\u00fcrd\u00fcrecek misiniz?&#8221; sorusu \u00fczerine de,  &#8220;Arkada\u015flar herhalde biz mesaj\u0131 yanl\u0131\u015f verdik. Ben bir yere gitmiyorum. Bu saatten sonra&#8230; Kal\u0131b\u0131m\u0131zla geldik. Ben b\u00fcrokrasiden ayr\u0131l\u0131rken ne dedim; &#8216;Boynumuz yi\u011fit boynu b\u00fckerse sevda b\u00fcker&#8217; diye ayr\u0131ld\u0131m. AK Parti&#8217;ye de, T\u00fcrkiye sevdal\u0131s\u0131 bir partiye boynumuzu b\u00fckt\u00fck. \u00c7\u00fcnk\u00fc ben bir T\u00fcrkiye sevdal\u0131s\u0131y\u0131m. Adaleti ve kalk\u0131nmay\u0131 ama\u00e7lam\u0131\u015f, o konuda \u00e7al\u0131\u015fan, istikrar getiren&#8230; Ben bu partiye sadece MYK&#8217;da hizmet veremeyece\u011fimi s\u00f6yledim. Neden? Genel Ba\u015fkan Yard\u0131mc\u0131s\u0131 olarak \u015fu anda ayn\u0131 \u015fekilde ayn\u0131 tempoda gidemeyece\u011fim. Ama MKYK&#8217;n\u0131n i\u00e7erisinde bir \u00fcye olarak, bir milletvekili olarak hizmetimi sonuna kadar g\u00f6t\u00fcrece\u011fim&#8221; dedi.<\/p>\n<p style=\"text-align: justify;\"><strong>&#8220;Tiroid problemim var&#8221; <\/strong><\/p>\n<p style=\"text-align: justify;\">Sa\u011fl\u0131k sorununun ne oldu\u011funa ili\u015fkin bir soruyu yan\u0131tlarken T\u00fczmen, &#8220;Biliyorsunuz bende tiroid problemi var. Bu zaman i\u00e7erisinde tekrar n\u00fcksediyor. \u00c7ok a\u011f\u0131r tempolar oldu\u011fu zaman bu biraz daha b\u00fcy\u00fcme g\u00f6steriyor. Tahliller yapmam\u0131z laz\u0131m. Merak etmeyin, g\u00f6r\u00fcyorsunuz, bende de g\u00f6r\u00fcnt\u00fc fena de\u011fil. Biraz daha sa\u011fl\u0131\u011f\u0131m\u0131za \u00f6zen g\u00f6sterece\u011fiz&#8221; \u015feklinde konu\u015ftu.<\/p>\n<p style=\"text-align: justify;\"><strong>\u00d6MER \u00c7EL\u0130K: &#8220;BU B\u0130R N\u00d6BET DE\u011e\u0130\u015e\u0130M\u0130&#8221; <\/strong><\/p>\n<p style=\"text-align: justify;\">\u00d6mer \u00c7elik de, &#8220;Bu bir n\u00f6bet de\u011fi\u015fimi, kendisi sa\u011fl\u0131k sebepleriyle g\u00f6revden ayr\u0131lmak istedi&#8221; dedi.<\/p>\n<p style=\"text-align: justify;\">\u00c7elik, &#8220;Kendisi biliyorsunuz profesyonel dalg\u0131\u00e7, iyi bir rallici ve u\u00e7u\u015f dersi de ald\u0131, kendisine denizde, karada ve havada \u00f6l\u00fcm yoktur. Bu \u00fc\u00e7\u00fcn\u00fc de \u00e7ok iyi yapar. Ku\u015fkusuz bu g\u00f6revi de y\u00fcksek standartta b\u0131rak\u0131yor, bana b\u00fcy\u00fck bir sorumluluk y\u00fckl\u00fcyor. Bu bir n\u00f6bet de\u011fi\u015fimi, Say\u0131n Bakan\u0131m\u0131z kendisi sa\u011fl\u0131k sebepleriyle g\u00f6revden ayr\u0131lmak istedi. Biz her hal\u00fckarda kendisinin performans\u0131ndan ve birikiminden faydalanmak isteriz&#8221; dedi.<\/p>\n<p style=\"text-align: justify;\">&#8220;Bir, iki haber \u00e7\u0131kt\u0131 &#8216;gece yar\u0131s\u0131 bu de\u011fi\u015fim oldu&#8217; diye. Gece yar\u0131s\u0131 de\u011fil, kendisi de ben de bir ka\u00e7 g\u00fcn \u00f6nceden biliyorduk. Fakat sizler gece yar\u0131s\u0131 duymu\u015f oldunuz&#8221; diyen \u00d6mer \u00c7elik, &#8220;Baz\u0131 arkada\u015flar\u0131m\u0131z yanl\u0131\u015f yorum yapm\u0131\u015flar. Sanki Say\u0131n Bakan\u0131m\u0131z\u0131n, baz\u0131 politikalar konusunda genel merkezle ters d\u00fc\u015ferek, b\u00f6yle bir karar ald\u0131\u011f\u0131 y\u00f6n\u00fcnde. Hi\u00e7 b\u00f6yle bir \u015fey yok. Say\u0131n Ba\u015fbakan\u0131m\u0131z\u0131n, iradesi ve parti politikalar\u0131 etraf\u0131nda hepimiz kenetlenmi\u015f durumunday\u0131z. B\u00fct\u00fcn bunlar spek\u00fclasyondur, tamamen sa\u011fl\u0131k sebepleriyle kendisi ayr\u0131lmak istedi. Bizim ald\u0131\u011f\u0131m\u0131z siyasi terbiye gere\u011fi bakanl\u0131k, genel ba\u015fkan yard\u0131mc\u0131l\u0131\u011f\u0131, milletvekilli\u011fi ya da s\u0131radan parti \u00fcyeli\u011fi aras\u0131nda fark yoktur, n\u00f6bet de\u011fi\u015fimidir. Hangi g\u00f6rev verilirse onu yapar\u0131z, bundan sonra ba\u015fka bir arkada\u015f\u0131m\u0131za g\u00f6rev verilirse ona da seve seve devrederiz&#8221; ifadesini kulland\u0131.<\/p>\n<p style=\"text-align: justify;\"><span style=\"color: #888888;\">CNN T\u00dcRK<\/span><\/p>\n","protected":false},"excerpt":{"rendered":"<p style=\"text-align: center;\">\n<p style=\"text-align: justify;\">AK Parti D\u0131\u015f \u0130li\u015fkilerden Sorumlu Genel Ba\u015fkan Yard\u0131mc\u0131l\u0131\u011f\u0131n\u0131 Adana Milletvekili \u00d6mer \u00c7elik&#8217;e devreden Mersin Milletvekili K\u00fcr\u015fad T\u00fczmen, g\u00f6revden kendi iste\u011fiyle ayr\u0131ld\u0131\u011f\u0131n\u0131 ifade ederek, &#8220;Bu benim bir ay \u00f6ncesinden Say\u0131n Ba\u015fbakan ile yapt\u0131\u011f\u0131m bir g\u00f6r\u00fc\u015fmedir. Kendisinden izin istedim. Dedim ki, &#8216;Sa\u011fl\u0131k s\u0131k\u0131nt\u0131lar\u0131m var, rahats\u0131z\u0131m&#8217;. Kendisi de kabul ettiler, sa\u011folsun bana o <\/p>\n","protected":false},"author":1,"featured_media":0,"comment_status":"open","ping_status":"closed","sticky":false,"template":"","format":"standard","meta":{"footnotes":""},"categories":[105],"tags":[],"class_list":["post-36174","post","type-post","status-publish","format-standard","hentry","category-gundem","odd"],"_links":{"self":[{"href":"http:\/\/www.korhanyilmaz.com\/index.php?rest_route=\/wp\/v2\/posts\/36174","targetHints":{"allow":["GET"]}}],"collection":[{"href":"http:\/\/www.korhanyilmaz.com\/index.php?rest_route=\/wp\/v2\/posts"}],"about":[{"href":"http:\/\/www.korhanyilmaz.com\/index.php?rest_route=\/wp\/v2\/types\/post"}],"author":[{"embeddable":true,"href":"http:\/\/www.korhanyilmaz.com\/index.php?rest_route=\/wp\/v2\/users\/1"}],"replies":[{"embeddable":true,"href":"http:\/\/www.korhanyilmaz.com\/index.php?rest_route=%2Fwp%2Fv2%2Fcomments&post=36174"}],"version-history":[{"count":0,"href":"http:\/\/www.korhanyilmaz.com\/index.php?rest_route=\/wp\/v2\/posts\/36174\/revisions"}],"wp:attachment":[{"href":"http:\/\/www.korhanyilmaz.com\/index.php?rest_route=%2Fwp%2Fv2%2Fmedia&parent=36174"}],"wp:term":[{"taxonomy":"category","embeddable":true,"href":"http:\/\/www.korhanyilmaz.com\/index.php?rest_route=%2Fwp%2Fv2%2Fcategories&post=36174"},{"taxonomy":"post_tag","embeddable":true,"href":"http:\/\/www.korhanyilmaz.com\/index.php?rest_route=%2Fwp%2Fv2%2Ftags&post=36174"}],"curies":[{"name":"wp","href":"https:\/\/api.w.org\/{rel}","templated":true}]}}