{"id":36173,"date":"2010-03-25T15:53:10","date_gmt":"2010-03-25T13:53:10","guid":{"rendered":"http:\/\/www.korhanyilmaz.com\/?p=20695"},"modified":"2010-03-25T15:53:10","modified_gmt":"2010-03-25T13:53:10","slug":"istanbul-barosu-12-eylul-anayasasindan-farksiz-2","status":"publish","type":"post","link":"http:\/\/www.korhanyilmaz.com\/?p=36173","title":{"rendered":"\u0130stanbul Barosu: &#8220;12 Eyl\u00fcl Anayasas\u0131&#8217;ndan farks\u0131z&#8221;"},"content":{"rendered":"<p style=\"text-align: center;\"><a href=\"http:\/\/www.korhanyilmaz.com\/wp-content\/uploads\/2010\/03\/baro.jpg\"  class=\"lightview\"><img loading=\"lazy\" decoding=\"async\" class=\"aligncenter size-full wp-image-20696\" src=\"http:\/\/www.korhanyilmaz.com\/wp-content\/uploads\/2010\/03\/baro.jpg\" alt=\"\" width=\"307\" height=\"236\" \/><\/a><\/p>\n<p style=\"text-align: justify;\">\u0130stanbul Barosu Ba\u015fkan\u0131 Muammer Ayd\u0131n, anayasa de\u011fi\u015fikli\u011fi paketini ele\u015ftirdi, &#8220;Kat\u0131l\u0131mc\u0131 ve \u00e7o\u011fulcu bir s\u00fcre\u00e7 i\u00e7inde geli\u015fmeyen, temel uzla\u015fmaya dayanmayan ve bu nedenle milli iradeyi yans\u0131tmayan b\u00f6yle bir anayasa de\u011fi\u015fikli\u011finin ve bunun halkoyuna sunulmas\u0131n\u0131n \u00f6z\u00fcnde y\u00f6ntem olarak 12 Eyl\u00fcl Anayasas\u0131&#8217;n\u0131n haz\u0131rlanma ve kabul s\u00fcrecinden hi\u00e7bir fark\u0131 yoktur&#8221; dedi. <!--more--><\/p>\n<p style=\"text-align: justify;\">Ayd\u0131n, Baro Y\u00f6netim Kurulu \u00fcyeleriyle birlikte anayasa de\u011fi\u015fikli\u011fi \u00e7al\u0131\u015fmalar\u0131na ili\u015fkin d\u00fczenledi\u011fi bas\u0131n toplant\u0131s\u0131nda, &#8220;iktidar\u0131n kendi anlay\u0131\u015f\u0131na uygun \u00f6nerisi ile yap\u0131lmak istenen anayasa de\u011fi\u015fikli\u011finin kuvvetler ayr\u0131l\u0131\u011f\u0131ndan, kuvvetler birli\u011fine gidi\u015fle sonu\u00e7lanaca\u011f\u0131n\u0131&#8221; ifade etti.<\/p>\n<p style=\"text-align: justify;\">&#8220;Bu de\u011fi\u015fikli\u011fin ba\u011f\u0131ms\u0131z olmas\u0131 gereken yarg\u0131y\u0131, yasaman\u0131n ve y\u00fcr\u00fctmenin, dolay\u0131s\u0131yla siyasal iktidarlar\u0131n denetimine ve g\u00fcd\u00fcm\u00fcne sokaca\u011f\u0131n\u0131, hukuk devleti olma niteli\u011fini ortadan kald\u0131racak bir y\u00f6ntem ve i\u00e7erik ta\u015f\u0131d\u0131\u011f\u0131n\u0131&#8221; \u00f6ne s\u00fcren Ayd\u0131n, bir toplumsal s\u00f6zle\u015fme olan anayasan\u0131n de\u011fi\u015fikli\u011fi i\u00e7in gereken asgari uzla\u015fma ortam\u0131n\u0131n bile bulunmad\u0131\u011f\u0131n\u0131 s\u00f6yledi.<\/p>\n<p style=\"text-align: justify;\">T\u00fcrkiye&#8217;de ola\u011fan\u00fcst\u00fc d\u00f6nemler hari\u00e7 yap\u0131lan anayasa de\u011fi\u015fikliklerinde partiler aras\u0131 uzla\u015fma ile ortak teklif verildi\u011fini ve yine Mecliste partilerin ortak deste\u011fiyle kabul edildi\u011fini hat\u0131rlatan Ayd\u0131n, \u015fimdi anayasa de\u011fi\u015fikli\u011fine ili\u015fkin \u00f6nerinin anayasal geleneklere ve anayasan\u0131n toplumsal s\u00f6zle\u015fme olma niteli\u011fine ayk\u0131r\u0131 olarak sadece iktidar partisi taraf\u0131ndan haz\u0131rland\u0131\u011f\u0131n\u0131 belirtti.<\/p>\n<p style=\"text-align: justify;\">Ayd\u0131n, &#8220;Bu \u015fekilde ba\u015flat\u0131lan s\u00fcrecin kat\u0131l\u0131mc\u0131l\u0131k ve \u00e7o\u011fulculuktan uzak olmas\u0131n\u0131n yan\u0131nda di\u011fer siyasi partiler ve sivil toplum \u00f6rg\u00fctlerine ve giderek ulusumuza dayatmaya d\u00f6n\u00fc\u015ft\u00fc\u011f\u00fc a\u00e7\u0131kt\u0131r&#8221; diye konu\u015ftu.<\/p>\n<p style=\"text-align: justify;\"><strong>&#8220;As\u0131l ama\u00e7lar\u0131 hesap vermekten kurtulmak&#8221; <\/strong><\/p>\n<p style=\"text-align: justify;\">Yap\u0131lmak istenen anayasa de\u011fi\u015fikli\u011finin as\u0131l amac\u0131n\u0131n &#8220;iktidar partisinin ge\u00e7mi\u015fteki anayasa ve hukuk d\u0131\u015f\u0131 davran\u0131\u015flar\u0131ndan dolay\u0131 hesap vermekten kurtulmak ve gelecekte de bu t\u00fcr davran\u0131\u015flara zemin haz\u0131rlamak&#8221; oldu\u011funu \u00f6ne s\u00fcren Ayd\u0131n, yarg\u0131 ba\u011f\u0131ms\u0131zl\u0131\u011f\u0131n\u0131 g\u00fc\u00e7lendirmek i\u00e7in k\u00f6kl\u00fc reformlara gereksinim varken sadece HSYK ve Anayasa Mahkemesi gibi yarg\u0131n\u0131n \u00fcst kurumlar\u0131nda yap\u0131sal de\u011fi\u015fikli\u011fe gitmenin bir yarg\u0131 reformu de\u011fil &#8220;yarg\u0131y\u0131 denetim alt\u0131na almaya y\u00f6nelik bir aldatmaca oldu\u011funun a\u00e7\u0131k\u00e7a g\u00f6r\u00fcld\u00fc\u011f\u00fcn\u00fc&#8221; iddia etti.<\/p>\n<p style=\"text-align: justify;\">Bir anayasa de\u011fi\u015fikli\u011finden \u00e7ok Cumhuriyet&#8217;in temel niteliklerini ortadan kald\u0131racak ve \u00fclkeyi otoriter bir y\u00f6netim de\u011fi\u015fikli\u011fine g\u00f6t\u00fcrecek olan rejim de\u011fi\u015fikli\u011fi yap\u0131lmak istendi\u011fini \u00f6ne s\u00fcren Ayd\u0131n, \u015f\u00f6yle konu\u015ftu:<\/p>\n<p style=\"text-align: justify;\">&#8220;Kat\u0131l\u0131mc\u0131 ve \u00e7o\u011fulcu bir s\u00fcre\u00e7 i\u00e7inde geli\u015fmeyen, temel uzla\u015fmaya dayanmayan ve bu nedenle milli iradeyi yans\u0131tmayan b\u00f6yle bir anayasa de\u011fi\u015fikli\u011finin ve bunun halk oyuna sunulmas\u0131n\u0131n \u00f6z\u00fcnde y\u00f6ntem olarak 12 Eyl\u00fcl Anayasas\u0131&#8217;n\u0131n haz\u0131rlanma ve kabul s\u00fcrecinden hi\u00e7bir fark\u0131 yoktur. Bu \u015fekilde yap\u0131lmak istenen bir halk oylamas\u0131 s\u00fcreci ger\u00e7ek anlamda halk\u0131n g\u00f6r\u00fc\u015f\u00fcn\u00fcn sorulmas\u0131 de\u011fil, t\u0131pk\u0131 12 Eyl\u00fcl Anayasas\u0131 gibi bir dayatma ve aldatmaca olacakt\u0131r.<\/p>\n<p style=\"text-align: justify;\"><strong>&#8220;\u0130ktidar bask\u0131c\u0131 bir d\u00fczen pe\u015finde&#8221; <\/strong><\/p>\n<p style=\"text-align: justify;\">K\u0131saca siyasi iktidar \u00f6zg\u00fcrl\u00fckler ve haklar \u00fclkesi yaratmak i\u00e7in de\u011fil, iktidar\u0131n\u0131n daha da g\u00fc\u00e7lendirmek, yarg\u0131 erkini vesayet alt\u0131na almak, antidemokratik ve bask\u0131c\u0131 bir d\u00fczen kurmak istedi\u011fi i\u00e7in bu y\u00f6nde bir de\u011fi\u015fiklik yapmak istemektedir. Bu de\u011fi\u015fikli\u011fin ger\u00e7ekle\u015fmesi durumunda ne anayasa ruhu, ne de demokrasinin ad\u0131 kalacakt\u0131r. Bu tehlikeli gidi\u015fe dur demek ve yap\u0131lmak istenenlerin kar\u015f\u0131s\u0131nda olmak sa\u011fduyulu ve \u00fclkesini seven her vatanda\u015f\u0131n \u00f6devidir.&#8221;<\/p>\n<p style=\"text-align: justify;\">Gazetecilerin baronun bu de\u011fi\u015fikli\u011fe tamamen kar\u015f\u0131 olup olmad\u0131\u011f\u0131n\u0131 sorduklar\u0131 Ayd\u0131n, tasla\u011f\u0131n i\u00e7eri\u011fine hi\u00e7 de\u011finmediklerine dikkati \u00e7ekerek, \u00f6nerinin ortak bir uzla\u015f\u0131 ile haz\u0131rlanmas\u0131 gerekti\u011fini belirtti.<\/p>\n<p style=\"text-align: justify;\">&#8220;Ben sizin ad\u0131n\u0131za haz\u0131rlad\u0131m, Benim akl\u0131m bu&#8221; anlay\u0131\u015f\u0131 ile getirilen bu de\u011fi\u015fikli\u011fi kabul edemeyeceklerini ifade eden Ayd\u0131n, &#8220;\u0130stanbul Barosu&#8217;nun g\u00f6r\u00fc\u015f\u00fc, anayasa de\u011fi\u015fikli\u011fi ile ilgili usul\u00fcn do\u011fru olmad\u0131\u011f\u0131d\u0131r&#8221; \u015feklinde konu\u015ftu.<\/p>\n<p style=\"text-align: justify;\">Ayd\u0131n, \u00f6ncelikle siyasi partiler yasas\u0131, se\u00e7im baraj\u0131 ve dokunulmazl\u0131klar\u0131n kald\u0131r\u0131lmas\u0131 noktas\u0131nda de\u011fi\u015fiklikler yap\u0131lmas\u0131 gerekti\u011fini ifade etti.<\/p>\n<p style=\"text-align: justify;\"><span style=\"color: #888888;\">CNN T\u00dcRK<\/span><\/p>\n","protected":false},"excerpt":{"rendered":"<p style=\"text-align: center;\">\n<p style=\"text-align: justify;\">\u0130stanbul Barosu Ba\u015fkan\u0131 Muammer Ayd\u0131n, anayasa de\u011fi\u015fikli\u011fi paketini ele\u015ftirdi, &#8220;Kat\u0131l\u0131mc\u0131 ve \u00e7o\u011fulcu bir s\u00fcre\u00e7 i\u00e7inde geli\u015fmeyen, temel uzla\u015fmaya dayanmayan ve bu nedenle milli iradeyi yans\u0131tmayan b\u00f6yle bir anayasa de\u011fi\u015fikli\u011finin ve bunun halkoyuna sunulmas\u0131n\u0131n \u00f6z\u00fcnde y\u00f6ntem olarak 12 Eyl\u00fcl Anayasas\u0131&#8217;n\u0131n haz\u0131rlanma ve kabul s\u00fcrecinden hi\u00e7bir fark\u0131 yoktur&#8221; dedi. <\/p>\n","protected":false},"author":1,"featured_media":0,"comment_status":"open","ping_status":"closed","sticky":false,"template":"","format":"standard","meta":{"footnotes":""},"categories":[105],"tags":[],"class_list":["post-36173","post","type-post","status-publish","format-standard","hentry","category-gundem","odd"],"_links":{"self":[{"href":"http:\/\/www.korhanyilmaz.com\/index.php?rest_route=\/wp\/v2\/posts\/36173","targetHints":{"allow":["GET"]}}],"collection":[{"href":"http:\/\/www.korhanyilmaz.com\/index.php?rest_route=\/wp\/v2\/posts"}],"about":[{"href":"http:\/\/www.korhanyilmaz.com\/index.php?rest_route=\/wp\/v2\/types\/post"}],"author":[{"embeddable":true,"href":"http:\/\/www.korhanyilmaz.com\/index.php?rest_route=\/wp\/v2\/users\/1"}],"replies":[{"embeddable":true,"href":"http:\/\/www.korhanyilmaz.com\/index.php?rest_route=%2Fwp%2Fv2%2Fcomments&post=36173"}],"version-history":[{"count":0,"href":"http:\/\/www.korhanyilmaz.com\/index.php?rest_route=\/wp\/v2\/posts\/36173\/revisions"}],"wp:attachment":[{"href":"http:\/\/www.korhanyilmaz.com\/index.php?rest_route=%2Fwp%2Fv2%2Fmedia&parent=36173"}],"wp:term":[{"taxonomy":"category","embeddable":true,"href":"http:\/\/www.korhanyilmaz.com\/index.php?rest_route=%2Fwp%2Fv2%2Fcategories&post=36173"},{"taxonomy":"post_tag","embeddable":true,"href":"http:\/\/www.korhanyilmaz.com\/index.php?rest_route=%2Fwp%2Fv2%2Ftags&post=36173"}],"curies":[{"name":"wp","href":"https:\/\/api.w.org\/{rel}","templated":true}]}}