{"id":36171,"date":"2010-03-25T12:11:35","date_gmt":"2010-03-25T10:11:35","guid":{"rendered":"http:\/\/www.korhanyilmaz.com\/?p=20690"},"modified":"2010-03-25T12:11:35","modified_gmt":"2010-03-25T10:11:35","slug":"arinc-yuksek-yarginin-elestirileri-siyasi-2","status":"publish","type":"post","link":"http:\/\/www.korhanyilmaz.com\/?p=36171","title":{"rendered":"Ar\u0131n\u00e7: &#8220;Y\u00fcksek yarg\u0131n\u0131n ele\u015ftirileri siyasi&#8221;"},"content":{"rendered":"<p style=\"text-align: center;\"><a href=\"http:\/\/www.korhanyilmaz.com\/wp-content\/uploads\/2010\/03\/AR\u0130NC1.jpg\"  class=\"lightview\"><img loading=\"lazy\" decoding=\"async\" class=\"aligncenter size-full wp-image-20691\" src=\"http:\/\/www.korhanyilmaz.com\/wp-content\/uploads\/2010\/03\/AR\u0130NC1.jpg\" alt=\"\" width=\"263\" height=\"202\" \/><\/a><\/p>\n<p style=\"text-align: justify;\">&#8220;Y\u00fcksek yarg\u0131n\u0131n y\u00fcksek perdeden a\u00e7\u0131klamalar\u0131 yeni de\u011fil.&#8221; Ba\u015fbakan Yard\u0131mc\u0131s\u0131 B\u00fclent Ar\u0131n\u00e7 NTV&#8217;de Anayasa de\u011fi\u015fikli\u011fi konusunda yarg\u0131n\u0131n tavr\u0131n\u0131 bu s\u00f6zlerle de\u011ferlendirdi. Ar\u0131n\u00e7, y\u00fcksek yarg\u0131dan gelen a\u00e7\u0131klamalar\u0131 siyasi i\u00e7erikli buldu\u011funu s\u00f6yledi. B\u00fclent Ar\u0131n\u00e7, y\u00fcksek yarg\u0131 mensuplar\u0131na &#8220;HSYK&#8217;da 5 ki\u015finin yan\u0131na 5 ki\u015fi daha eklenmesinden gocunmas\u0131nlar&#8221; diye seslendi. <!--more--><\/p>\n<p style=\"text-align: justify;\">Ar\u0131n\u00e7, &#8220;Y\u00fcksek yarg\u0131n\u0131n bir siyasi parti liderinin s\u00f6ylemleriyle adeta \u00f6rt\u00fc\u015fen beyanlarda bulunmalar\u0131n\u0131 \u00e7ok yad\u0131rg\u0131yorum. Ama T\u00fcrkiye&#8217;de yarg\u0131n\u0131n geldi\u011fi nokta maalesef biraz da bu&#8221; dedi.<\/p>\n<p style=\"text-align: justify;\">CHP Genel Ba\u015fkan\u0131 Deniz Baykal&#8217;\u0131n, anayasa de\u011fi\u015fikli\u011fi tasla\u011f\u0131na ili\u015fkin &#8220;bu pakete AK Parti&#8217;nin korkular\u0131 y\u00f6n veriyor. \u0130ktidardan d\u00fc\u015ft\u00fckleri zaman Y\u00fcce Divan&#8217;a gitmemek i\u00e7in Anayasa Mahkemesi ile Hakimler ve Savc\u0131lar Y\u00fcksek Kurulu&#8217;nun (HSYK) yap\u0131s\u0131n\u0131 de\u011fi\u015ftirmeyi hedefliyorlar&#8221; \u015feklindeki s\u00f6zleri hat\u0131rlat\u0131larak, de\u011ferlendirmesinin sorulmas\u0131 \u00fczerine Ar\u0131n\u00e7, bu d\u00fc\u015f\u00fcncenin fevkalade yanl\u0131\u015f oldu\u011funu s\u00f6yledi.<\/p>\n<p style=\"text-align: justify;\">Ar\u0131n\u00e7, &#8220;Yeni bir \u00e7al\u0131\u015fmay\u0131 bug\u00fcn ortaya koymu\u015f de\u011filiz. Ge\u00e7mi\u015ften bu yana elimizde olan ama revize etti\u011fimiz, zaman zaman de\u011fi\u015fiklikler yapt\u0131\u011f\u0131m\u0131z bir anayasa de\u011fi\u015fikli\u011fini bug\u00fcn taslak olarak sunuyoruz ve inan\u0131yorum ki Pazartesi&#8217;den sonra da art\u0131k teklif haline gelebilecek ve milletvekillerimizin imzas\u0131yla Meclis Ba\u015fkanl\u0131\u011f\u0131&#8217;na verilecek. Say\u0131n Baykal&#8217;\u0131n s\u00f6zleri bu anlamda dayanaks\u0131z kal\u0131yor. \u00c7\u00fcnk\u00fc biz bug\u00fcn, d\u00fcn \u00fc\u00e7 g\u00fcn \u00f6nce, be\u015f g\u00fcn \u00f6nce b\u00f6yle bir \u00e7al\u0131\u015fma yapm\u0131\u015f de\u011filiz&#8221; diye konu\u015ftu.<\/p>\n<p style=\"text-align: justify;\"><strong>HSYK&#8217;ya &#8220;al g\u00fcl\u00fcm ver g\u00fcl\u00fcm&#8221; ele\u015ftirisi <\/strong><\/p>\n<p style=\"text-align: justify;\">HSYK&#8217;n\u0131n i\u015fleyi\u015fine bak\u0131ld\u0131\u011f\u0131nda, karar verme noktas\u0131nda bir blok halinde hareket eden be\u015f ki\u015finin T\u00fcrkiye&#8217;de neler yapt\u0131\u011f\u0131n\u0131n \u00f6zellikle son bir ka\u00e7 y\u0131l i\u00e7inde \u00e7ok iyi anla\u015f\u0131ld\u0131\u011f\u0131n\u0131 ifade eden Ar\u0131n\u00e7, &#8220;HSYK T\u00fcrk halk\u0131n\u0131n g\u00fcndemine olumsuz bir \u015fekilde oturdu. Bir kapal\u0131 devre \u00e7al\u0131\u015fmas\u0131 var. HSYK&#8217;n\u0131n be\u015f \u00fcyesi Yarg\u0131tay \u00fcyelerini se\u00e7iyor Yarg\u0131tay \u00fcyeleri de bu te\u015fekk\u00fcre bir ba\u015fka te\u015fekk\u00fcrle mukabele ediyorlar. B\u00f6yle bir \u015fey d\u00fcnyan\u0131n hi\u00e7bir yerinde yok&#8221; dedi.<\/p>\n<p style=\"text-align: justify;\">Ar\u0131n\u00e7, HSYK&#8217;n\u0131n yeniden yap\u0131land\u0131r\u0131lmas\u0131 ve \u00e7al\u0131\u015fmas\u0131na ili\u015fkin ba\u015fka \u00fclkelerdeki benzer uygulamalar\u0131n incelendi\u011fine i\u015faret ederek, &#8220;Hi\u00e7birisinde be\u015f ki\u015finin birbirlerini &#8216;al g\u00fcl\u00fcm ver g\u00fcl\u00fcm&#8217; se\u00e7ti\u011fi bir yap\u0131 m\u00fcmk\u00fcn de\u011fil. Taban\u0131 geni\u015fletmemiz laz\u0131m. Ve bu taban daha \u00e7ok \u00f6zellikle hakim ve savc\u0131lar\u0131n idari yarg\u0131yla birlikte kendileri hakk\u0131nda karar almada tek yetkili olan kurulda s\u00f6z sahibi olmalar\u0131 laz\u0131m&#8221; diye konu\u015ftu.<\/p>\n<p style=\"text-align: justify;\"><strong>Hasan Ger\u00e7eker&#8217;e yan\u0131t <\/strong><\/p>\n<p style=\"text-align: justify;\">&#8220;Yeni d\u00fczenlemelerden gocunman\u0131n, bunlar\u0131 devletin temeli batacak, rejim \u00e7\u00f6kecek gibi abart\u0131l\u0131 s\u00f6zlerle de\u011ferlendirmenin, yaln\u0131zca bu s\u00f6zlerin sahiplerini y\u0131prataca\u011f\u0131n\u0131&#8221; kaydeden Ar\u0131n\u00e7, yasama, y\u00fcr\u00fctme ve yarg\u0131n\u0131n kendi g\u00f6rev alanlar\u0131 i\u00e7inde hareket etmesi gerekti\u011fini s\u00f6yledi.<\/p>\n<p style=\"text-align: justify;\">Ar\u0131n\u00e7, &#8220;Yarg\u0131tay&#8217;la ilgili bir kanun \u00e7\u0131kacak diyelim. Neresi \u00e7\u0131karacak bunu? Yasama yetkisini Meclis kullan\u0131yor. Ama anlat\u0131lanlara bak\u0131l\u0131rsa, &#8216;biz size bir \u015feyler yazaca\u011f\u0131z, siz de ona g\u00f6re bir kanun \u00e7\u0131kacaks\u0131n\u0131z. \u00c7\u00fcnk\u00fc buna da kendimiz karar verece\u011fiz&#8217; diyorlar. Ben senin yarg\u0131na kar\u0131\u015fm\u0131yorum, b\u0131rak da yasama bu konudaki d\u00fczenlemeleri yaps\u0131n. Yani biz teklifimizi 184&#8217;le getirece\u011fiz, 330&#8217;la 367 ile \u00e7\u0131karsa senin bir \u015fey s\u00f6ylemeye hakk\u0131n var m\u0131? Nitekim Say\u0131n Hasan Ger\u00e7eker, &#8216;biz itirazlar\u0131m\u0131z\u0131 yapar\u0131z ama Meclis de g\u00f6revini yapar sonra da \u00e7\u0131kana biz uymak zorunday\u0131z&#8217; demi\u015fti. \u015eimdi bu s\u00f6z\u00fcn\u00fc bir kenara koyaca\u011f\u0131z, Say\u0131n Ger\u00e7eker&#8217;in ondan sonra tehdit ifade eden s\u00f6zleri ve bunlara benzer konu\u015fmalar yapan di\u011fer y\u00fcksek yarg\u0131 ba\u015fkanlar\u0131na bakaca\u011f\u0131z. Yasama g\u00f6revini yapacakt\u0131r, sen de ona m\u00fcdahale etmeyeceksin. Biz nas\u0131l istersek \u00f6yle olacak mant\u0131\u011f\u0131n\u0131 demokratik bulmuyorum&#8221;<\/p>\n<p style=\"text-align: justify;\"><strong>&#8220;Neyi not ediyordunuz?&#8221; sorusu <\/strong><\/p>\n<p style=\"text-align: justify;\">Ar\u0131n\u00e7, &#8220;Siz &#8216;y\u00fcksek yarg\u0131dan gelen a\u00e7\u0131klamalar\u0131 not ediyoruz&#8217; dediniz. Neyi not ediyoruz dediniz?&#8221; sorusunu yan\u0131tlarken de &#8220;Bug\u00fcnk\u00fc konu\u015fmalar\u0131 tabii. Biz bunlar\u0131 de\u011ferlendirece\u011fiz bir noktada. Biz yarg\u0131yla kar\u015f\u0131 kar\u015f\u0131ya gelip de birbirimize bu \u015fekilde hitap edecek de\u011filiz. Konu\u015fmalar\u0131m\u0131zda da her ele\u015ftiriye, her \u00f6neriye, her teklife s\u0131cak bakt\u0131\u011f\u0131m\u0131z\u0131&#8230; Nihayetinde biz bir taslak g\u00f6t\u00fcr\u00fcyoruz ve herkesten de katk\u0131 bekliyoruz. Bu konu\u015fma meyan\u0131nda s\u00f6yledim. Dikkatle not ediyoruz s\u00f6z\u00fc biraz da ironik anla\u015f\u0131lmal\u0131&#8221; \u015feklinde konu\u015ftu.<\/p>\n<p style=\"text-align: justify;\"><strong>&#8220;Kapatma ihtimaline kar\u015f\u0131 anayasa&#8221; sorusu <\/strong><\/p>\n<p style=\"text-align: justify;\">&#8220;Kapat\u0131lma ihtimaline kar\u015f\u0131 anayasay\u0131 de\u011fi\u015ftiriyorlar&#8221; iddias\u0131n\u0131n da yanl\u0131\u015f oldu\u011funu kaydeden Ar\u0131n\u00e7, b\u00fct\u00fcn demokratik \u00fclkelerde oldu\u011fu gibi T\u00fcrkiye&#8217;de de art\u0131k partilerin kapat\u0131lmamas\u0131 gerekti\u011fini, AK Parti&#8217;nin her zaman bu g\u00f6r\u00fc\u015fte oldu\u011funu belirtti.<\/p>\n<p style=\"text-align: justify;\">Ar\u0131n\u00e7, CHP lideri Baykal&#8217;\u0131n parti kapatma konusunda \u015fartl\u0131 refleksle hareket etti\u011fini ifade ederek, &#8220;Yani &#8216;bir parti kapat\u0131lacaksa bu AK Parti olmal\u0131, Say\u0131n Ba\u015fsavc\u0131 ne g\u00fcne duruyor, elini niye bo\u015f tutuyor&#8217; \u015feklinde bir heyecan i\u00e7erisinde. D\u00fc\u015f\u00fcns\u00fcn ki kendisi de bir siyasi partidir. Ve CHP hakk\u0131nda da dava a\u00e7mak i\u00e7in onlarca sebep bulunabilir&#8221; dedi.<\/p>\n<p style=\"text-align: justify;\"><strong>&#8220;Muhalefet kar\u015f\u0131 \u00e7\u0131k\u0131yor ama&#8230;&#8221; <\/strong><\/p>\n<p style=\"text-align: justify;\">Ba\u015fbakan Yard\u0131mc\u0131s\u0131&#8217;na g\u00f6re, muhalefet kar\u015f\u0131 \u00e7\u0131k\u0131yor ama pakette kendi teklif ettikleri konular da var.<\/p>\n<p style=\"text-align: justify;\">Ba\u015fbakan Yard\u0131mc\u0131s\u0131, &#8220;Liderler bask\u0131 yapmazsa muhalefet partilerinden pakete destek olacakt\u0131r&#8221; diye konu\u015ftu. Ar\u0131n\u00e7 muhalefete &#8220;Her\u015feye ra\u011fmen tasla\u011f\u0131 iptal ettirece\u011fiz diyorlarsa, halktan korkuyorlar derim&#8221; diye seslendi.<\/p>\n<p style=\"text-align: justify;\"><strong>AK Parti fire verir mi? <\/strong><\/p>\n<p style=\"text-align: justify;\">Ar\u0131n\u00e7, &#8220;Meclis&#8217;teki oylama s\u0131ras\u0131nda kendi partinizden fire bekliyor musunuz?&#8221; sorusuna da &#8220;Birka\u00e7 ki\u015finin farkl\u0131 oy kullanmas\u0131 mutlaka m\u00fcmk\u00fcnd\u00fcr. Ama ben AK Parti&#8217;nin kendi tekliflerine milletvekilleri olarak &#8216;hay\u0131r&#8217; diyece\u011fini prensip olarak kabul edemem. Ama kabine girince de kimin nas\u0131l oy kullanaca\u011f\u0131n\u0131 da bilmedi\u011fim i\u00e7in m\u00fcmk\u00fcnd\u00fcr diyebilirim. Gizli oylamad\u0131r, her partinin milletvekillerinden farkl\u0131 oy kullanan olabilir&#8221; kar\u015f\u0131l\u0131\u011f\u0131n\u0131 verdi.<\/p>\n<p style=\"text-align: justify;\"><strong>Erken se\u00e7ime gidilir mi? <\/strong><\/p>\n<p style=\"text-align: justify;\">Ve &#8220;erken se\u00e7ime gidilir mi?&#8221; sorusu&#8230; Ar\u0131n\u00e7, &#8220;Referandumdan hay\u0131r \u00e7\u0131karsa erken se\u00e7im g\u00fcndemimizde olmaz, se\u00e7im zaman\u0131nda yap\u0131l\u0131r&#8221; a\u00e7\u0131klamas\u0131n\u0131 yapt\u0131, takvimin normal \u015fartlarda haziran\u0131n ikinci yar\u0131s\u0131 olaca\u011f\u0131n\u0131 ifade etti.<\/p>\n<p style=\"text-align: justify;\"><strong>BDP&#8217;ye hak verdi <\/strong><\/p>\n<p style=\"text-align: justify;\">Ar\u0131n\u00e7, k\u0131rm\u0131z\u0131 \u00e7izgilerini a\u00e7\u0131klayan BDP&#8217;nin baz\u0131 taleplerini &#8220;hakl\u0131&#8221; buldu\u011funu belirtti. &#8220;Se\u00e7im baraj\u0131 temsili adaleti engelliyorsa ba\u015fka bir yol bulunmal\u0131&#8221; diyen Ba\u015fbakan Yard\u0131mc\u0131s\u0131, Anayasa de\u011fi\u015fikli\u011finden sonra se\u00e7im baraj\u0131n\u0131n ele al\u0131nabilece\u011fini ifade etti.<\/p>\n<p style=\"text-align: justify;\">Ar\u0131n\u00e7 referandum olursa maddelerin t\u00fcm\u00fcn\u00fcn oylanaca\u011f\u0131n\u0131, tek tek oylanmas\u0131n\u0131n s\u00f6z konusu olmad\u0131\u011f\u0131n\u0131 da s\u00f6yledi.<\/p>\n<p style=\"text-align: justify;\"><span style=\"color: #888888;\">CNN T\u00dcRK<\/span><\/p>\n","protected":false},"excerpt":{"rendered":"<p style=\"text-align: center;\">\n<p style=\"text-align: justify;\">&#8220;Y\u00fcksek yarg\u0131n\u0131n y\u00fcksek perdeden a\u00e7\u0131klamalar\u0131 yeni de\u011fil.&#8221; Ba\u015fbakan Yard\u0131mc\u0131s\u0131 B\u00fclent Ar\u0131n\u00e7 NTV&#8217;de Anayasa de\u011fi\u015fikli\u011fi konusunda yarg\u0131n\u0131n tavr\u0131n\u0131 bu s\u00f6zlerle de\u011ferlendirdi. Ar\u0131n\u00e7, y\u00fcksek yarg\u0131dan gelen a\u00e7\u0131klamalar\u0131 siyasi i\u00e7erikli buldu\u011funu s\u00f6yledi. B\u00fclent Ar\u0131n\u00e7, y\u00fcksek yarg\u0131 mensuplar\u0131na &#8220;HSYK&#8217;da 5 ki\u015finin yan\u0131na 5 ki\u015fi daha eklenmesinden gocunmas\u0131nlar&#8221; diye seslendi. <\/p>\n","protected":false},"author":1,"featured_media":0,"comment_status":"open","ping_status":"closed","sticky":false,"template":"","format":"standard","meta":{"footnotes":""},"categories":[105],"tags":[],"class_list":["post-36171","post","type-post","status-publish","format-standard","hentry","category-gundem","odd"],"_links":{"self":[{"href":"http:\/\/www.korhanyilmaz.com\/index.php?rest_route=\/wp\/v2\/posts\/36171","targetHints":{"allow":["GET"]}}],"collection":[{"href":"http:\/\/www.korhanyilmaz.com\/index.php?rest_route=\/wp\/v2\/posts"}],"about":[{"href":"http:\/\/www.korhanyilmaz.com\/index.php?rest_route=\/wp\/v2\/types\/post"}],"author":[{"embeddable":true,"href":"http:\/\/www.korhanyilmaz.com\/index.php?rest_route=\/wp\/v2\/users\/1"}],"replies":[{"embeddable":true,"href":"http:\/\/www.korhanyilmaz.com\/index.php?rest_route=%2Fwp%2Fv2%2Fcomments&post=36171"}],"version-history":[{"count":0,"href":"http:\/\/www.korhanyilmaz.com\/index.php?rest_route=\/wp\/v2\/posts\/36171\/revisions"}],"wp:attachment":[{"href":"http:\/\/www.korhanyilmaz.com\/index.php?rest_route=%2Fwp%2Fv2%2Fmedia&parent=36171"}],"wp:term":[{"taxonomy":"category","embeddable":true,"href":"http:\/\/www.korhanyilmaz.com\/index.php?rest_route=%2Fwp%2Fv2%2Fcategories&post=36171"},{"taxonomy":"post_tag","embeddable":true,"href":"http:\/\/www.korhanyilmaz.com\/index.php?rest_route=%2Fwp%2Fv2%2Ftags&post=36171"}],"curies":[{"name":"wp","href":"https:\/\/api.w.org\/{rel}","templated":true}]}}