{"id":3617,"date":"2009-02-25T10:28:45","date_gmt":"2009-02-25T08:28:45","guid":{"rendered":"http:\/\/www.korhanyilmaz.com\/?p=3617"},"modified":"2009-02-25T10:28:45","modified_gmt":"2009-02-25T08:28:45","slug":"vakitden-pes-dedirten-manset","status":"publish","type":"post","link":"http:\/\/www.korhanyilmaz.com\/?p=3617","title":{"rendered":"VAK\u0130T&#039;den pes dedirten man\u015fet!"},"content":{"rendered":"<p style=\"text-align: center;\"><img loading=\"lazy\" decoding=\"async\" class=\"aligncenter size-full wp-image-3618\" title=\"VAK\u0130T'den pes dedirten man\u015fet! \" src=\"http:\/\/www.korhanyilmaz.com\/wp-content\/uploads\/2009\/02\/250220091100237029659.jpg\" alt=\"VAK\u0130T'den pes dedirten man\u015fet! \" width=\"376\" height=\"240\" \/><\/p>\n<p style=\"text-align: justify;\"><strong>VAK\u0130T gazetesi, Deniz Feneri davas\u0131yla ilgili bak\u0131n nas\u0131l bir iddiada bulundu.<\/strong><\/p>\n<p style=\"text-align: justify;\">Vakit Gazetesi bug\u00fcnk\u00fc man\u015fetinde \u00f6yle bir iddiada bulundu ki bu kadar\u0131na da pes dedirtti.<\/p>\n<p style=\"text-align: justify;\"><strong>DEN\u0130Z FENER\u0130 ERGENEKON \u0130CADI <\/strong><\/p>\n<p style=\"text-align: justify;\">Almanya&#8217;daki Deniz Feneri e.V davas\u0131na ili\u015fkin dosya, Ankara Cumhuriyet Ba\u015fsavc\u0131l\u0131\u011f\u0131&#8217;na ula\u015ft\u0131. Adalet Bakanl\u0131\u011f\u0131&#8217;nca g\u00f6revlendirilen iki kurye, d\u00fcn saat 09.45&#8217;te, Almanya&#8217;dan gelen dava dosyas\u0131n\u0131 Ankara Cumhuriyet Ba\u015fsavc\u0131l\u0131\u011f\u0131&#8217;na getirdi.<\/p>\n<p style=\"text-align: justify;\">Dosyas\u0131n\u0131n D\u0131\u015fi\u015fleri Bakanl\u0131\u011f\u0131&#8217;na ula\u015ft\u0131\u011f\u0131 saatlerde Vakit&#8217;e a\u00e7\u0131klamalarda bulunan AK Parti&#8217;nin hukuk\u00e7u Milletvekili H\u00fcsn\u00fc Tuna, Deniz Feneri olay\u0131n\u0131 icad edenlerin Ergenekon san\u0131klar\u0131 ve yanda\u015flar\u0131 oldu\u011funu iddia etti. Vakit bu iddiay\u0131 &#8216;Deniz Fener&#8217;i ET\u00d6 icad\u0131&#8217; ba\u015fl\u0131\u011f\u0131yla man\u015fetine ta\u015f\u0131d\u0131.<\/p>\n<p style=\"text-align: justify;\"><span style=\"color: #888888;\">Kaynak : Vatan Gazetesi<\/span><\/p>\n","protected":false},"excerpt":{"rendered":"<p style=\"text-align: center;\">\n<p style=\"text-align: justify;\">VAK\u0130T gazetesi, Deniz Feneri davas\u0131yla ilgili bak\u0131n nas\u0131l bir iddiada bulundu.<\/p>\n<p style=\"text-align: justify;\">Vakit Gazetesi bug\u00fcnk\u00fc man\u015fetinde \u00f6yle bir iddiada bulundu ki bu kadar\u0131na da pes dedirtti.<\/p>\n<p style=\"text-align: justify;\">DEN\u0130Z FENER\u0130 ERGENEKON \u0130CADI <\/p>\n<p style=\"text-align: justify;\">Almanya&#8217;daki Deniz Feneri e.V davas\u0131na ili\u015fkin dosya, Ankara Cumhuriyet Ba\u015fsavc\u0131l\u0131\u011f\u0131&#8217;na ula\u015ft\u0131. Adalet Bakanl\u0131\u011f\u0131&#8217;nca g\u00f6revlendirilen <\/p>\n","protected":false},"author":1,"featured_media":0,"comment_status":"open","ping_status":"closed","sticky":false,"template":"","format":"standard","meta":{"footnotes":""},"categories":[105],"tags":[],"class_list":["post-3617","post","type-post","status-publish","format-standard","hentry","category-gundem","odd"],"_links":{"self":[{"href":"http:\/\/www.korhanyilmaz.com\/index.php?rest_route=\/wp\/v2\/posts\/3617","targetHints":{"allow":["GET"]}}],"collection":[{"href":"http:\/\/www.korhanyilmaz.com\/index.php?rest_route=\/wp\/v2\/posts"}],"about":[{"href":"http:\/\/www.korhanyilmaz.com\/index.php?rest_route=\/wp\/v2\/types\/post"}],"author":[{"embeddable":true,"href":"http:\/\/www.korhanyilmaz.com\/index.php?rest_route=\/wp\/v2\/users\/1"}],"replies":[{"embeddable":true,"href":"http:\/\/www.korhanyilmaz.com\/index.php?rest_route=%2Fwp%2Fv2%2Fcomments&post=3617"}],"version-history":[{"count":0,"href":"http:\/\/www.korhanyilmaz.com\/index.php?rest_route=\/wp\/v2\/posts\/3617\/revisions"}],"wp:attachment":[{"href":"http:\/\/www.korhanyilmaz.com\/index.php?rest_route=%2Fwp%2Fv2%2Fmedia&parent=3617"}],"wp:term":[{"taxonomy":"category","embeddable":true,"href":"http:\/\/www.korhanyilmaz.com\/index.php?rest_route=%2Fwp%2Fv2%2Fcategories&post=3617"},{"taxonomy":"post_tag","embeddable":true,"href":"http:\/\/www.korhanyilmaz.com\/index.php?rest_route=%2Fwp%2Fv2%2Ftags&post=3617"}],"curies":[{"name":"wp","href":"https:\/\/api.w.org\/{rel}","templated":true}]}}