{"id":36165,"date":"2010-03-21T13:48:38","date_gmt":"2010-03-21T11:48:38","guid":{"rendered":"http:\/\/www.korhanyilmaz.com\/?p=20631"},"modified":"2010-03-21T13:48:38","modified_gmt":"2010-03-21T11:48:38","slug":"yaz-saati-uygulamasi-28-martta-basliyor-2","status":"publish","type":"post","link":"http:\/\/www.korhanyilmaz.com\/?p=36165","title":{"rendered":"Yaz saati uygulamas\u0131 28 Mart&#8217;ta ba\u015fl\u0131yor"},"content":{"rendered":"<p style=\"text-align: center;\"><a href=\"http:\/\/www.korhanyilmaz.com\/wp-content\/uploads\/2010\/03\/yazsaati.jpg\"  class=\"lightview\"><img loading=\"lazy\" decoding=\"async\" class=\"aligncenter size-full wp-image-20632\" src=\"http:\/\/www.korhanyilmaz.com\/wp-content\/uploads\/2010\/03\/yazsaati.jpg\" alt=\"\" width=\"234\" height=\"171\" \/><\/a><\/p>\n<p style=\"text-align: justify;\">G\u00fcn \u0131\u015f\u0131\u011f\u0131ndan daha fazla yararlanmak amac\u0131yla her y\u0131l yap\u0131lan ileri saat (yaz saati) uygulamas\u0131 kapsam\u0131nda, b\u00fct\u00fcn yurtta saatler, 28 Mart Pazar g\u00fcn\u00fc saat 03.00&#8217;ten itibaren bir saat ileri al\u0131nacak.<\/p>\n<p style=\"text-align: justify;\">K\u0131\u015f saati uygulamas\u0131na 25 Ekim 2009 tarihinde ge\u00e7irilirken saatler 04.00&#8217;te bir saat geri al\u0131nm\u0131\u015ft\u0131. <!--more--><\/p>\n<p style=\"text-align: justify;\">G\u00fcn \u0131\u015f\u0131\u011f\u0131ndan daha fazla yararlanmak amac\u0131yla yap\u0131lan uygulamaya ili\u015fkin Bakanlar Kurulu Karar\u0131 da 19 Mart 2010 tarihli Resmi Gazete&#8217;de yay\u0131mlanm\u0131\u015ft\u0131.<\/p>\n<p style=\"text-align: justify;\">Karar \u00e7er\u00e7evesinde, b\u00fct\u00fcn yurtta saatler, 28 Mart Pazar g\u00fcn\u00fc saat 03.00&#8217;ten (Cumartesi g\u00fcn\u00fcn\u00fc Pazar g\u00fcn\u00fcne ba\u011flayan gece) itibaren bir saat ileri al\u0131nacak.<\/p>\n<p style=\"text-align: justify;\">Saatler, 31 Ekim 2010 Pazar g\u00fcn\u00fc saat 04.00&#8217;te geri al\u0131nacak.<\/p>\n<p style=\"text-align: justify;\">Yaz saati uygulamas\u0131, \u00e7al\u0131\u015fma saatlerinin g\u00fcn\u00fcn g\u00fcne\u015fli b\u00f6l\u00fcm\u00fcne al\u0131nmas\u0131 suretiyle, g\u00fcn \u0131\u015f\u0131\u011f\u0131ndan daha fazla yararlan\u0131lmas\u0131, elektrik enerjisinin ayd\u0131nlatmada kullan\u0131lan b\u00f6l\u00fcm\u00fcnden tasarruf sa\u011flanmas\u0131 amac\u0131n\u0131 ta\u015f\u0131yor.<\/p>\n<p style=\"text-align: justify;\">Ayr\u0131ca, yaz saati uygulamas\u0131yla, ak\u015fam saatlerinde en y\u00fcksek de\u011ferine ula\u015fan enerji talebinin (puant g\u00fcc\u00fc) azalt\u0131lmas\u0131 hedefleniyor.<\/p>\n<p style=\"text-align: justify;\">697 say\u0131l\u0131 Kanunun 3097 say\u0131l\u0131 Kanunla de\u011fi\u015fik 2. maddesi, &#8220;Greenwich&#8217;e g\u00f6re 30. derecede bulunan boylam dairesi b\u00fct\u00fcn T\u00fcrkiye Cumhuriyeti saatleri i\u00e7in esas al\u0131n\u0131yor. Ayr\u0131ca ba\u015flang\u0131\u00e7 ve biti\u015f tarihleri belirtilmek ve bir saati a\u015fmamak \u015fart\u0131yla yaz saati uygulamaya Bakanlar Kurulu yetkilidir&#8221; h\u00fckm\u00fc gere\u011fince, yaz saati uygulamas\u0131n\u0131n ba\u015flang\u0131\u00e7 ve biti\u015f tarihleri Bakanlar Kurulu karar\u0131yla belirleniyor.<\/p>\n<p style=\"text-align: justify;\">Ge\u00e7mi\u015f y\u0131llara bak\u0131ld\u0131\u011f\u0131nda yaz saati uygulamas\u0131, AB \u00fclkeleriyle birlikte mart ay\u0131n\u0131n son pazar g\u00fcn\u00fc ba\u015flay\u0131p, ekim ay\u0131n\u0131n son pazar g\u00fcn\u00fc bitiyor.<\/p>\n<p style=\"text-align: justify;\">Yaz saati uygulamas\u0131yla, her y\u0131l, &#8220;orta \u00f6l\u00e7ekli&#8221; bir hidroelektrik santralinin y\u0131ll\u0131k \u00fcretimi kadar tasarruf sa\u011flan\u0131yor. \u0130leri saat uygulamas\u0131yla i\u015fe erken ba\u015flamak ve \u00e7\u0131kmak, ayd\u0131nlatma, \u0131s\u0131tma, so\u011futma a\u00e7\u0131s\u0131ndan \u00f6nem ta\u015f\u0131yor.<\/p>\n<p style=\"text-align: justify;\">TE\u0130A\u015e&#8217;\u0131n hesaplar\u0131na g\u00f6re, yaz saati uygulamas\u0131 ile y\u0131ll\u0131k 500-600 milyon kilovat saat (kWh) tasarruf sa\u011flan\u0131yor.<\/p>\n<p style=\"text-align: justify;\"><span style=\"color: #888888;\">CNN T\u00dcRK<\/span><\/p>\n","protected":false},"excerpt":{"rendered":"<p style=\"text-align: center;\">\n<p style=\"text-align: justify;\">G\u00fcn \u0131\u015f\u0131\u011f\u0131ndan daha fazla yararlanmak amac\u0131yla her y\u0131l yap\u0131lan ileri saat (yaz saati) uygulamas\u0131 kapsam\u0131nda, b\u00fct\u00fcn yurtta saatler, 28 Mart Pazar g\u00fcn\u00fc saat 03.00&#8217;ten itibaren bir saat ileri al\u0131nacak.<\/p>\n<p style=\"text-align: justify;\">K\u0131\u015f saati uygulamas\u0131na 25 Ekim 2009 tarihinde ge\u00e7irilirken saatler 04.00&#8217;te bir saat geri al\u0131nm\u0131\u015ft\u0131. <\/p>\n","protected":false},"author":1,"featured_media":0,"comment_status":"open","ping_status":"closed","sticky":false,"template":"","format":"standard","meta":{"footnotes":""},"categories":[105],"tags":[],"class_list":["post-36165","post","type-post","status-publish","format-standard","hentry","category-gundem","odd"],"_links":{"self":[{"href":"http:\/\/www.korhanyilmaz.com\/index.php?rest_route=\/wp\/v2\/posts\/36165","targetHints":{"allow":["GET"]}}],"collection":[{"href":"http:\/\/www.korhanyilmaz.com\/index.php?rest_route=\/wp\/v2\/posts"}],"about":[{"href":"http:\/\/www.korhanyilmaz.com\/index.php?rest_route=\/wp\/v2\/types\/post"}],"author":[{"embeddable":true,"href":"http:\/\/www.korhanyilmaz.com\/index.php?rest_route=\/wp\/v2\/users\/1"}],"replies":[{"embeddable":true,"href":"http:\/\/www.korhanyilmaz.com\/index.php?rest_route=%2Fwp%2Fv2%2Fcomments&post=36165"}],"version-history":[{"count":0,"href":"http:\/\/www.korhanyilmaz.com\/index.php?rest_route=\/wp\/v2\/posts\/36165\/revisions"}],"wp:attachment":[{"href":"http:\/\/www.korhanyilmaz.com\/index.php?rest_route=%2Fwp%2Fv2%2Fmedia&parent=36165"}],"wp:term":[{"taxonomy":"category","embeddable":true,"href":"http:\/\/www.korhanyilmaz.com\/index.php?rest_route=%2Fwp%2Fv2%2Fcategories&post=36165"},{"taxonomy":"post_tag","embeddable":true,"href":"http:\/\/www.korhanyilmaz.com\/index.php?rest_route=%2Fwp%2Fv2%2Ftags&post=36165"}],"curies":[{"name":"wp","href":"https:\/\/api.w.org\/{rel}","templated":true}]}}