{"id":36162,"date":"2010-03-20T12:01:22","date_gmt":"2010-03-20T10:01:22","guid":{"rendered":"http:\/\/www.korhanyilmaz.com\/?p=20618"},"modified":"2010-03-20T12:01:22","modified_gmt":"2010-03-20T10:01:22","slug":"candardan-erdogana-sorular-2","status":"publish","type":"post","link":"http:\/\/www.korhanyilmaz.com\/?p=36162","title":{"rendered":"\u00c7andar&#8217;dan Erdo\u011fan&#8217;a sorular"},"content":{"rendered":"<p style=\"text-align: justify;\"><a href=\"http:\/\/www.korhanyilmaz.com\/wp-content\/uploads\/2010\/03\/candar.jpg\"  class=\"lightview\"><img loading=\"lazy\" decoding=\"async\" class=\"aligncenter size-full wp-image-20619\" src=\"http:\/\/www.korhanyilmaz.com\/wp-content\/uploads\/2010\/03\/candar.jpg\" alt=\"\" width=\"329\" height=\"210\" \/><\/a><\/p>\n<p style=\"text-align: justify;\">Ba\u015fbakan Erdo\u011fan &#8216;T\u00fcrkiye&#8217;deki ka\u00e7ak Ermenileri g\u00f6ndeririz&#8217; a\u00e7\u0131klamas\u0131na, &#8216;Ba\u015fbakan \u00f6z\u00fcr dilemelidir&#8217; yaz\u0131s\u0131yla tepki g\u00f6steren Cengiz \u00c7andar&#8217;a &#8216;Sen kimin avukat\u0131s\u0131n?&#8217; diye sert bir \u00e7\u0131k\u0131\u015f g\u00f6stermi\u015fti. \u00c7andar bug\u00fcnk\u00fc yaz\u0131s\u0131nda Erdo\u011fan&#8217;a sorular y\u00f6nelterek yan\u0131t verdi. <!--more--><\/p>\n<p style=\"text-align: justify;\"><strong>\u0130\u015fte Cengiz \u00c7andar&#8217;\u0131n Ba\u015fbakan Erdo\u011fan&#8217;a sorular y\u00f6neltti\u011fi bug\u00fcnk\u00fc yaz\u0131s\u0131 <\/strong><\/p>\n<p style=\"text-align: justify;\">Abant Platfor-mu ge\u00e7en hafta \u2018Yeni Bir Toplumsal Mutabak\u00e2t \u0130\u00e7in Demokratikle\u015fme\u2019 ba\u015fl\u0131\u011f\u0131 alt\u0131nda Ankara\u2019da iki g\u00fcn \u00fcst\u00fcste topland\u0131.Panellerden birinin konusu \u2018\u00c7o\u011fulcu Toplumda Az\u0131nl\u0131k Olmak\u2019 idi.<\/p>\n<p style=\"text-align: justify;\"><strong>G\u00fcnl\u00fck dile \u015f\u00f6yle de \u00e7evrilebilir: T\u00fcrkiye\u2019de Ermeni olmak!<\/strong><\/p>\n<p style=\"text-align: justify;\">Hayko Ba\u011fdat, o konuda \u00e7ok ilgin\u00e7 bir sunum yapm\u0131\u015ft\u0131. Daha sonraki panellerden birinde s\u00f6z alan ve uzun s\u00fcren bir hapis deneyiminden ge\u00e7mi\u015f olan Hakk\u00e2rili Halit Yal\u00e7\u0131n, bence, Abant Platformu\u2019nun iki g\u00fcn\u00fcn\u00fcn en \u00e7arp\u0131c\u0131 de\u011ferlendirmesini yapt\u0131. \u201cHayko Ba\u011fdat\u2019\u0131 dinledikten sonra\u201d dedi, \u201cT\u00fcrkiye\u2019de Ermeniler ile K\u00fcrtlerin tersten gelip bulu\u015fan bir ortak yanlar\u0131 var. Ermeniler, bu topraklarda, \u00f6ld\u00fcr\u00fcld\u00fcklerini; K\u00fcrtler ise ya\u015fad\u0131klar\u0131n\u0131 ispat etmeye \u00e7al\u0131\u015f\u0131yorlar!\u201d<\/p>\n<p style=\"text-align: justify;\">Bulu\u015fma noktalar\u0131, ilkinin yani Ermenilerin kitle halinde \u2018\u00f6ld\u00fcr\u00fcld\u00fckleri\u2019nin; ikincisinin yani K\u00fcrtlerin ise kendi \u00f6zg\u00fcn kimlikleriyle varolduklar\u0131n\u0131n yani \u2018ya\u015fad\u0131klar\u0131\u2019n\u0131n T\u00fcrkiye\u2019de resmi d\u00fczeyde sistematik bir ink\u00e2ra u\u011fram\u0131\u015f olmas\u0131.<\/p>\n<p style=\"text-align: justify;\">\u0130\u00e7inde bulundu\u011fumuz d\u00f6nemde, bu \u2018ink\u00e2r\u2019 siyasetini s\u00fcrd\u00fcrmek ve \u2018ink\u00e2rc\u0131 zihniyeti\u2019 koruyabilmek imk\u00e2ns\u0131z hale geldi. \u2018K\u00fcreselle\u015fme\u2019yle gelen ileti\u015fim teknolojisindeki muazzam devrimler, bilgiye eri\u015fmeyi, do\u011fru bilgiyi bulmay\u0131 \u00f6nlenemez hale getirdi ve kolayla\u015ft\u0131rd\u0131.<\/p>\n<p style=\"text-align: justify;\">Resmi tarih yalanlar\u0131 ile ony\u0131llard\u0131r \u00f6r\u00fclen duvarlar y\u0131k\u0131l\u0131yor. T\u0131pk\u0131 1989\u2019da \u2018Berlin Duvar\u0131\u2019n\u0131n y\u0131k\u0131lmas\u0131yla So\u011fuk Sava\u015f\u2019\u0131n sonunun gelmesi, Avrupa\u2019da totaliter rejimlerin \u00e7\u00f6kmesi gibi, T\u00fcrkiye\u2019deki \u0130ttihat\u00e7\u0131 zihniyet kal\u0131plar\u0131yla onca y\u0131ld\u0131r in\u015fa edilmi\u015f \u2018yalan duvarlar\u0131\u2019 da \u00e7\u00f6k\u00fcyor.<\/p>\n<p style=\"text-align: justify;\">T\u00fcrkiye, bir yandan da kabuk de\u011fi\u015ftiriyor. Yani demokratikle\u015fiyor ve siville\u015fiyor. B\u00f6yle olduk\u00e7a \u00e7o\u011fulcu bir toplumun temelleri at\u0131l\u0131yor, konu\u015fmaya, tart\u0131\u015fmaya, sorgulamaya ve yine ka\u00e7\u0131n\u0131lmaz bi\u00e7imde kendisiyle \u2018y\u00fczle\u015fme\u2019ye ba\u015fl\u0131yor.<\/p>\n<p style=\"text-align: justify;\">T\u00fcrkiye\u2019de art\u0131k binlerce ki\u015fi, toplumumuza \u2018\u015fanl\u0131 tarihimiz\u2019 diye yutturulan \u2018yalanc\u0131 dolmalar\u2019\u0131 art\u0131k yemiyor. Ger\u00e7ek tarihin sayfalar\u0131n\u0131 a\u00e7\u0131yor. Tayyip Erdo\u011fan\u2019\u0131n konu\u015fmala-r\u0131nda vurgulad\u0131\u011f\u0131 \u2018tarih\u00e7iler\u2019 ve \u2018ar\u015fivler\u2019 bug\u00fcne dek \u00f6\u011fretilenlerden farkl\u0131 \u2018ger\u00e7ekler\u2019 sunuyorlar.<\/p>\n<p style=\"text-align: justify;\">***<\/p>\n<p style=\"text-align: justify;\">Tayyip Erdo\u011fan\u2019\u0131n o \u2018ay\u0131b\u0131\u2019n\u0131n ard\u0131nda, Ba\u015fbakan\u2019\u0131n \u2018<strong>Ankaral\u0131la\u015farak<\/strong>\u2019 T\u00fcrkiye\u2019nin \u2018entelekt\u00fcel birikimi\u2019nin ve T\u00fcrkiye\u2019deki \u2018de\u011fi\u015fim dinami\u011fi\u2019nin gerisinde kalmas\u0131 yat\u0131yor olmal\u0131.<\/p>\n<p style=\"text-align: justify;\">\u2018Ankaral\u0131la\u015fmak\u2019tan kast\u0131m, olumsuz anlamda \u2018devlet \u00e7emberi\u2019ne akl\u0131n\u0131 ve dilini k\u0131st\u0131rmak, siyasi vizyon ve cesaret gerektiren konularda kendisinden \u00f6ncekilerden farks\u0131z bir s\u00f6yleme kap\u0131lmak ve se\u00e7im hesaplar\u0131na dalarak siyaset tarz\u0131n\u0131 CHP ve MHP\u2019ye endekslemek.<\/p>\n<p style=\"text-align: justify;\">Bunun sonucunda tarihe ge\u00e7ece\u011finiz \u2018b\u00fcy\u00fck devlet adaml\u0131\u011f\u0131\u2019 rotas\u0131ndan \u00e7\u0131kar ve \u2018k\u00fc\u00e7\u00fck ta\u015fra politikac\u0131lar\u0131\u2019 i\u00e7in haz\u0131rlanm\u0131\u015f \u2018siyaset kabristan\u0131\u2019na do\u011fru yol almaya ba\u015flars\u0131n\u0131z.<\/p>\n<p style=\"text-align: justify;\">Tayyip Erdo\u011fan i\u00e7in bu tehlikeli ihtimali, kendisini bug\u00fcne dek defalarca ba\u015fyaz\u0131lar\u0131nda g\u00f6klere \u00e7\u0131kartm\u0131\u015f olan L\u00fcbnan\u2019\u0131n Daily Star gazetesi son ba\u015fyaz\u0131s\u0131nda dile getiriyor. Ermeni ka\u00e7ak i\u015f\u00e7ilere ili\u015fkin talihsiz s\u00f6zlerini \u2018ahlaken yerlerde s\u00fcr\u00fcnen bir tehdit\u2019 olarak niteledikten sonra \u015fu sat\u0131rlara yer veriyor:<\/p>\n<p style=\"text-align: justify;\">\u201cAyr\u0131ca a\u00e7\u0131klama T\u00fcrkiye\u2019nin \u0130srail\u2019in devletsiz bir halka, yani Filistinlilere y\u00f6nelik politikalar\u0131n\u0131 ele\u015ftirerek sivrildi\u011fi bir d\u00f6nemin sonras\u0131na denk geldi. BBC\u2019ye verilen tek bir deme\u00e7, Erdo\u011fan\u2019\u0131n ve h\u00fck\u00fcmetinin toplad\u0131\u011f\u0131 be\u011feninin t\u00fcm\u00fcn\u00fc yerle bir edebilir ve T\u00fcrk lideri bir devlet adam\u0131 de\u011fil, puan toplamaya \u00e7al\u0131\u015fan bir k\u00fc\u00e7\u00fck hesap insan\u0131 haline getirebilir.\u201d<\/p>\n<p style=\"text-align: justify;\">\u2018Dost ac\u0131 s\u00f6yler\u2019&#8230; Ba\u015fbakan\u2019\u0131n bu \u00e7ok sevdi\u011fi ve tekrarlad\u0131\u011f\u0131 s\u00f6z\u00fc, \u015fimdi bizler ona y\u00f6neltiyoruz. L\u00fcbnan gazetesinin yapt\u0131\u011f\u0131 da bu.<\/p>\n<p style=\"text-align: justify;\">***<\/p>\n<p style=\"text-align: justify;\">\u2018Ac\u0131 s\u00f6z\u2019\u00fcn en \u00e7arp\u0131c\u0131s\u0131n\u0131 d\u00fcn Yasemin \u00c7ongar s\u00f6yledi. Yunus Emre ile \u0130ttihat\u00e7\u0131l\u0131k aras\u0131ndaki derin ve asla kapanamaz u\u00e7uruma dikkat \u00e7ekerek.<\/p>\n<p style=\"text-align: justify;\">\u2018<strong>Yarad\u0131lan\u0131 severiz Yaradan\u2019dan \u00f6t\u00fcr\u00fc<\/strong>\u2019 s\u00f6z\u00fc Yunus Emre\u2019nin. Ba\u015fbakan\u2019\u0131n her vesilede tekrarlamay\u0131 sevdi\u011fi bir ba\u015fka s\u00f6z. Peki, i\u015f Ermenilere gelince, \u0130ttihat\u00e7\u0131 kesilmek, \u2018<strong>Tehcir tehdidi<\/strong>\u2019 neyin nesi?<\/p>\n<p style=\"text-align: justify;\">Yasemin (\u00c7ongar), \u201cBeni, bu \u00fclkede resmi s\u00f6yleme egemen olan \u00e7arp\u0131k tarih anlay\u0131\u015f\u0131n\u0131n, devlet erbab\u0131na politik hatalar yapt\u0131rmas\u0131ndan ziyade, onlar\u0131 insaniyetten uzakla\u015ft\u0131rmas\u0131 \u00e7ileden \u00e7\u0131kar\u0131yor as\u0131l\u201d diyor ve Ba\u015fbakan\u2019a soruyor:<\/p>\n<p style=\"text-align: justify;\">\u201c\u0130nsanlar\u0131n hayat\u0131yla oynaman\u0131n, \u2018yaradan\u0131 ve yarad\u0131lan\u0131\u2019 sevmekle ne ilgisi var? Ve hayat\u0131yla oynad\u0131\u011f\u0131n\u0131z, \u2018g\u00f6nderirim\u2019 dedi\u011finiz insanlar\u0131n, 95 y\u0131l \u00f6nce \u0130ttihat\u00e7\u0131lar\u0131n bu topraklardan \u2018g\u00f6nderdi\u011fi\u2019 Ermenilerin torunlar\u0131 oldu\u011funu, birilerini ille de y\u00fcz\u00fcn\u00fcze hayk\u0131rmas\u0131 m\u0131 gerek? \u0130ttihat\u00e7\u0131 zul\u00fcmle aran\u0131zdaki bu d\u00fcmd\u00fcz \u00e7izgi vicdan\u0131n\u0131z\u0131 s\u0131zlatm\u0131yor mu? Ya Yunus Emre ile aran\u0131zdaki bu u\u00e7urum?\u201d<\/p>\n<p style=\"text-align: justify;\">***<\/p>\n<p style=\"text-align: justify;\">Bu yaz\u0131y\u0131, Yasemin \u00c7ongar\u2019\u0131n Ba\u015fbakan\u2019a y\u00f6neltti\u011fi soru ile bitirmemi\u015ftim. Ama Br\u00fcksel\u2019e geldim ve hem T\u00fcrkiye\u2019den telefonla Tayyip Erdo\u011fan\u2019\u0131n bir konu\u015fma yaparak bana y\u00fcklendi\u011fi bildirildi; hem de internete g\u00f6z att\u0131\u011f\u0131mda \u2018Tayyip Erdo\u011fan, Cengiz \u00c7andar\u2019a fena \u00e7akt\u0131\u2019 gibisinden haber ba\u015fl\u0131klar\u0131 g\u00f6rd\u00fcm.Yaz\u0131n\u0131n son b\u00f6l\u00fcm\u00fcn\u00fc de\u011fi\u015ftirdim. Ba\u015fbakan Tayyip Erdo\u011fan\u2019a birka\u00e7 soru da ben y\u00f6nelteyim:<\/p>\n<p style=\"text-align: justify;\"><strong>1. <\/strong>Konu\u015fman\u0131zda \u201cLondra\u2019da ifade etti\u011fim, \u00fclkemdeki ka\u00e7ak Ermenileri s\u0131n\u0131r d\u0131\u015f\u0131 etmek ifadem, maalesef ulusal ve uluslararas\u0131 platformlarda ka\u00e7ak kelimesi at\u0131larak kullan\u0131ld\u0131 ve kullan\u0131l\u0131yor. Ermenileri s\u0131n\u0131r d\u0131\u015f\u0131 etmek ile ka\u00e7ak \u00e7al\u0131\u015fan Ermenileri s\u0131n\u0131r d\u0131\u015f\u0131 etmek aras\u0131nda derin bir anlam farkl\u0131l\u0131\u011f\u0131 vard\u0131r&#8230; Ka\u00e7ak Ermenilerle ilgili s\u00f6zlerimi sapt\u0131rmak isteyenler, umar\u0131m kendilerini tashih ederler\u201d demi\u015fsiniz.Biz yanl\u0131\u015f anlamad\u0131k. \u2018Ka\u00e7ak Ermenileri s\u0131n\u0131r d\u0131\u015f\u0131 etmek\u2019 diye anlad\u0131k ve buna kar\u015f\u0131 \u00e7\u0131kt\u0131k.<\/p>\n<p style=\"text-align: justify;\"><strong>Soru: \u2018Ka\u00e7ak Ermenileri s\u0131n\u0131r d\u0131\u015f\u0131 etmek\u2019ten yana m\u0131s\u0131n\u0131z, de\u011fil misiniz?<\/strong><\/p>\n<p style=\"text-align: justify;\"><strong>2.<\/strong> H\u0131z\u0131n\u0131z\u0131 alamay\u0131p \u015f\u00f6yle devam etmi\u015fsiniz: \u201cBana \u00f6z\u00fcr dilemelidir tavsiyesinde bulunanlara sesleniyorum, biz kimden \u00f6z\u00fcr dileyece\u011fimizi \u00e7ok iyi biliyorum. Sen kimin avukat\u0131s\u0131n yahu? Bir defa d\u00fcr\u00fcst ol. Do\u011frunun avukat\u0131 ol, yanl\u0131\u015f\u0131n de\u011fil&#8230; Biz yolumuzda aynen devam edece\u011fiz.\u201d<\/p>\n<p style=\"text-align: justify;\"><strong>Soru, daha do\u011frusu sorular: O, kimden \u00f6z\u00fcr dileyece\u011finizi \u00e7ok iyi bildi\u011finiz kim? Kimden \u00f6z\u00fcr dileyeceksiniz? \u2018Sen kimin avukat\u0131s\u0131n yahu?\u2019 diye soruyorsunuz. Sizce?<\/strong><\/p>\n<p style=\"text-align: justify;\">Gelelim \u2018Bir defa d\u00fcr\u00fcst ol. Do\u011frunun avukat\u0131 ol\u2019 s\u00f6zlerinize. \u00d6zellikle \u2018<strong>Bir defa d\u00fcr\u00fcst o<\/strong>l\u2019 s\u00f6z\u00fcn\u00fc size yak\u0131\u015ft\u0131ramad\u0131m.<\/p>\n<p style=\"text-align: justify;\">Bu hiddetli yakla\u015f\u0131m, <strong>nice d\u0131\u015f ve i\u00e7 gulyabaniye kar\u015f\u0131 sizi desteklerken<\/strong> ge\u00e7erli miydi? O durumlarda \u2018<strong>yanl\u0131\u015f\u0131n avukat\u0131<\/strong>\u2019 m\u0131yd\u0131k?<\/p>\n<p style=\"text-align: justify;\">Ne oldu da, birden \u2018<strong>do\u011fruluk<\/strong>\u2019, \u2018<strong>d\u00fcr\u00fcstl\u00fck<\/strong>\u2019 taraf\u0131n\u0131zdan sorgulan\u0131r oldu?<\/p>\n<p style=\"text-align: justify;\">\u00d6z\u00fcr dilemek bir erdem konusudur. \u00d6z\u00fcr dileyip dilememek sizin bilece\u011finiz i\u015f. Ama madem \u2018<strong>Biz yolumuzda aynen devam edece\u011fiz<\/strong>\u2019 diyorsunuz, peki&#8230;<\/p>\n<p style=\"text-align: justify;\">Kolay gelsin.<\/p>\n<p style=\"text-align: justify;\"><span style=\"color: #888888;\">Vatan<\/span><\/p>\n","protected":false},"excerpt":{"rendered":"<p style=\"text-align: justify;\">\n<p style=\"text-align: justify;\">Ba\u015fbakan Erdo\u011fan &#8216;T\u00fcrkiye&#8217;deki ka\u00e7ak Ermenileri g\u00f6ndeririz&#8217; a\u00e7\u0131klamas\u0131na, &#8216;Ba\u015fbakan \u00f6z\u00fcr dilemelidir&#8217; yaz\u0131s\u0131yla tepki g\u00f6steren Cengiz \u00c7andar&#8217;a &#8216;Sen kimin avukat\u0131s\u0131n?&#8217; diye sert bir \u00e7\u0131k\u0131\u015f g\u00f6stermi\u015fti. \u00c7andar bug\u00fcnk\u00fc yaz\u0131s\u0131nda Erdo\u011fan&#8217;a sorular y\u00f6nelterek yan\u0131t verdi. <\/p>\n","protected":false},"author":1,"featured_media":0,"comment_status":"open","ping_status":"closed","sticky":false,"template":"","format":"standard","meta":{"footnotes":""},"categories":[105],"tags":[],"class_list":["post-36162","post","type-post","status-publish","format-standard","hentry","category-gundem","odd"],"_links":{"self":[{"href":"http:\/\/www.korhanyilmaz.com\/index.php?rest_route=\/wp\/v2\/posts\/36162","targetHints":{"allow":["GET"]}}],"collection":[{"href":"http:\/\/www.korhanyilmaz.com\/index.php?rest_route=\/wp\/v2\/posts"}],"about":[{"href":"http:\/\/www.korhanyilmaz.com\/index.php?rest_route=\/wp\/v2\/types\/post"}],"author":[{"embeddable":true,"href":"http:\/\/www.korhanyilmaz.com\/index.php?rest_route=\/wp\/v2\/users\/1"}],"replies":[{"embeddable":true,"href":"http:\/\/www.korhanyilmaz.com\/index.php?rest_route=%2Fwp%2Fv2%2Fcomments&post=36162"}],"version-history":[{"count":0,"href":"http:\/\/www.korhanyilmaz.com\/index.php?rest_route=\/wp\/v2\/posts\/36162\/revisions"}],"wp:attachment":[{"href":"http:\/\/www.korhanyilmaz.com\/index.php?rest_route=%2Fwp%2Fv2%2Fmedia&parent=36162"}],"wp:term":[{"taxonomy":"category","embeddable":true,"href":"http:\/\/www.korhanyilmaz.com\/index.php?rest_route=%2Fwp%2Fv2%2Fcategories&post=36162"},{"taxonomy":"post_tag","embeddable":true,"href":"http:\/\/www.korhanyilmaz.com\/index.php?rest_route=%2Fwp%2Fv2%2Ftags&post=36162"}],"curies":[{"name":"wp","href":"https:\/\/api.w.org\/{rel}","templated":true}]}}