{"id":36159,"date":"2010-03-19T21:38:23","date_gmt":"2010-03-19T19:38:23","guid":{"rendered":"http:\/\/www.korhanyilmaz.com\/?p=20587"},"modified":"2010-03-19T21:38:23","modified_gmt":"2010-03-19T19:38:23","slug":"arinc-cumhurbaskani-kimsenin-oyununa-gelmez-2","status":"publish","type":"post","link":"http:\/\/www.korhanyilmaz.com\/?p=36159","title":{"rendered":"Ar\u0131n\u00e7: &#8221;Cumhurba\u015fkan\u0131 kimsenin oyununa gelmez&#8221;"},"content":{"rendered":"<p style=\"text-align: center;\"><a href=\"http:\/\/www.korhanyilmaz.com\/wp-content\/uploads\/2010\/03\/AR\u0130NC.jpg\"  class=\"lightview\"><img loading=\"lazy\" decoding=\"async\" class=\"aligncenter size-full wp-image-20588\" src=\"http:\/\/www.korhanyilmaz.com\/wp-content\/uploads\/2010\/03\/AR\u0130NC.jpg\" alt=\"\" width=\"263\" height=\"202\" \/><\/a><\/p>\n<p style=\"text-align: justify;\">Devlet Bakan\u0131 ve Ba\u015fbakan Yard\u0131mc\u0131s\u0131 B\u00fclent Ar\u0131n\u00e7, CHP Genel Ba\u015fkan\u0131 Deniz Baykal&#8217;\u0131n Anayasa de\u011fi\u015fiklik paketiyle ilgili s\u00f6zlerini de\u011ferlendirerek, &#8220;Biz biliriz ki Say\u0131n Cumhurba\u015fkan\u0131 ne hi\u00e7 kimsenin oyununa gelebilecek ne de bir konuda pe\u015fin h\u00fck\u00fcml\u00fc davranacak bir insand\u0131r&#8221; dedi.<!--more--><\/p>\n<p style=\"text-align: justify;\">Ar\u0131n\u00e7, hareketinden \u00f6nce Atat\u00fcrk Havaliman\u0131&#8217;nda yapt\u0131\u011f\u0131 a\u00e7\u0131klamada, \u00dcrd\u00fcn Enformasyon Bakan\u0131 Nebil el \u015eerif&#8217;in daveti \u00fczerine Amman&#8217;a gidece\u011fini belirtti.<\/p>\n<p style=\"text-align: justify;\">Seyahatinde kendisine TRT Genel M\u00fcd\u00fcr\u00fc \u0130brahim \u015eahin ve AK Parti Manisa Milletvekili \u0130smail Bilen&#8217;in refakat edece\u011fini ifade eden Ar\u0131n\u00e7, &#8220;T\u00fcrkiye ile \u00dcrd\u00fcn aras\u0131nda h\u00fck\u00fcmet ve parlamentolar aras\u0131 ili\u015fkiler fevkalade m\u00fckemmel durumda. Siyasi hi\u00e7bir sorunumuz yok. TRT ile \u00dcrd\u00fcn Radyo Televizyonu aras\u0131nda imzalanacak s\u00f6zle\u015fme ve iki \u00fclke aras\u0131nda kar\u015f\u0131l\u0131kl\u0131 i\u015fbirli\u011fi imkanlar\u0131n\u0131 de\u011ferlendirmek i\u00e7in gidiyoruz&#8217; diye konu\u015ftu.<\/p>\n<p style=\"text-align: justify;\">\u00dcrd\u00fcn&#8217;de ya\u015fayan T\u00fcrk vatanda\u015flar\u0131yla da g\u00f6r\u00fc\u015fme f\u0131rsat\u0131 bulacaklar\u0131n\u0131 dile getiren Ar\u0131n\u00e7, &#8220;Umar\u0131m ziyaret bas\u0131n, ileti\u015fim ve enformasyon alanlar\u0131nda yap\u0131lacak i\u015fbirli\u011fi imkanlar\u0131 i\u00e7in iyi bir f\u0131rsat olur. Pazartesi g\u00fcn\u00fc de yurda d\u00f6nece\u011fim&#8221; dedi.<\/p>\n<p style=\"text-align: justify;\"><strong>Anayasa de\u011fi\u015fikli\u011fi paketi <\/strong><\/p>\n<p style=\"text-align: justify;\">Bas\u0131n mensuplar\u0131n\u0131n sorular\u0131n\u0131 da yan\u0131tlayan Ar\u0131n\u00e7, bir gazetecinin, &#8220;Say\u0131n Baykal, bir gazetedeki demecinde Anayasa de\u011fi\u015fikli\u011fi paketini kastederek, &#8216;Cumhurba\u015fkan\u0131 bu oyuna alet olmas\u0131n, Anayasa de\u011fi\u015fikli\u011fi \u00f6n\u00fcne geldi\u011finde 367&#8217;den fazla oy alan maddeleri referanduma g\u00f6t\u00fcrmeyece\u011fini ilan etsin&#8221; g\u00f6r\u00fc\u015f\u00fcn\u00fc dile getirdi, sizin bu konudaki d\u00fc\u015f\u00fcnceniz nedir?&#8221; sorusu \u00fczerine, \u015funlar\u0131 s\u00f6yledi:<\/p>\n<p style=\"text-align: justify;\">&#8220;Say\u0131n Baykal iki yanl\u0131\u015f yap\u0131yor, bir tanesi Anayasa de\u011fi\u015fikli\u011fi paketinde hangi konular oldu\u011funu bilmeden, do\u011frusu &#8216;\u0130\u00e7inde ne var?&#8217; diye de sormadan, bu konular \u00fczerinde bir haz\u0131rl\u0131k yap\u0131p kar\u015f\u0131l\u0131kl\u0131 diyalog ve uzla\u015fma ortam\u0131 i\u00e7erisinde bunlar\u0131 konu\u015fmadan pe\u015finen bu de\u011fi\u015fikliklere kar\u015f\u0131 \u00e7\u0131k\u0131yor. Bu bir siyasi i\u00e7in, bir ana muhalefet partisi lideri i\u00e7in fevkalade yanl\u0131\u015f bir konu. \u00d6nce, &#8216;Bu pakette hangi konular var, gelen de\u011fi\u015fiklik \u00f6nerileri nelerdir?&#8217; bu konu bilinir, ondan sonra tart\u0131\u015fmaya a\u00e7\u0131l\u0131r, destekleyip desteklememek konusunda da kendilerinin g\u00f6r\u00fc\u015fleri ortaya konulur. Bir defa pe\u015finen kar\u015f\u0131 \u00e7\u0131kmak ve &#8216;bu Anayasa de\u011fi\u015fikliklerini bu iktidar, bu parlamento yapamaz&#8217; diye konu\u015fmak fevkalade yanl\u0131\u015f.&#8221;<\/p>\n<p style=\"text-align: justify;\"><strong>&#8220;Baykal&#8217;\u0131n iki yanl\u0131\u015f\u0131 var&#8221; <\/strong><\/p>\n<p style=\"text-align: justify;\">Ar\u0131n\u00e7, Deniz Baykal&#8217;\u0131n a\u00e7\u0131klamalar\u0131n\u0131 okudu\u011funu ifade ederek, \u015f\u00f6yle devam etti:<\/p>\n<p style=\"text-align: justify;\">&#8220;Say\u0131n Baykal&#8217;\u0131n ikinci yanl\u0131\u015f\u0131, Say\u0131n Cumhurba\u015fkan\u0131 i\u00e7in &#8216;bu oyuna alet olmay\u0131n&#8217; \u015feklindeki ifadesidir, bu fevkalade yanl\u0131\u015f bir ifade. Kimse kimseye bir ak\u0131l vermesin. Bir Cumhurba\u015fkan\u0131&#8217;na hitap bu \u015fekilde olmaz. Biz biliriz ki say\u0131n Cumhurba\u015fkan\u0131 ne hi\u00e7 kimsenin oyununa gelebilecek ne de bir konuda pe\u015fin h\u00fck\u00fcml\u00fc davranacak bir insand\u0131r. Say\u0131n Baykal&#8217;\u0131n ileriye s\u00fcrd\u00fc\u011f\u00fc tez de hukuken bug\u00fcne kadar m\u00fcmk\u00fcn olmayan bir uygulamad\u0131r. Anayasa&#8217;n\u0131n 175. maddesini, de\u011fi\u015fikliklerin hangi y\u00f6ntemle yap\u0131laca\u011f\u0131n\u0131, bunun i\u00e7in ne gerekti\u011fini, hem usul ve esas bak\u0131m\u0131ndan hem de parlamento i\u00e7erisinde bunun g\u00f6r\u00fc\u015fme y\u00f6ntemi bak\u0131m\u0131ndan neler getirdi\u011fini hepimiz biliyoruz.<\/p>\n<p style=\"text-align: justify;\">Say\u0131n Baykal&#8217;\u0131n s\u0131k\u0131nt\u0131s\u0131 san\u0131yorum \u015fudur; pe\u015finen AK Parti milletvekillerinin getirdi\u011fi Anayasa de\u011fi\u015fikliklerine kar\u015f\u0131 \u00e7\u0131kmay\u0131 s\u00fcrd\u00fcr\u00fcrken bir taraftan da e\u011fer gelecekse Anayasa&#8217;n\u0131n ge\u00e7ici 15. maddesi CHP a\u00e7\u0131s\u0131ndan ge\u00e7mi\u015fte deklare edildi\u011fine g\u00f6re burada bir \u00e7eli\u015fkiye d\u00fc\u015fmek istemiyor. Yani Say\u0131n Baykal \u015funu s\u00f6yl\u00fcyor; &#8216;Ge\u00e7ici 15. maddeye biz oy verelim, orada 367 olsun ama di\u011ferlerine pe\u015finen kar\u015f\u0131 \u00e7\u0131kt\u0131\u011f\u0131m\u0131z i\u00e7in bunlar ayr\u0131 \u015fekilde referanduma sunulsun&#8217;. Halbuki bug\u00fcne kadar yap\u0131lan b\u00fct\u00fcn Anayasa de\u011fi\u015fikliklerinde ister tek, ister iki, ister 31 maddeli olsun tamam\u0131 oylanm\u0131\u015ft\u0131r.<\/p>\n<p style=\"text-align: justify;\">Bug\u00fcne kadar sadece 2007 y\u0131l\u0131 Ekim ay\u0131nda 11 maddelik de\u011fi\u015fiklik referanduma g\u00f6t\u00fcr\u00fclm\u00fc\u015ft\u00fcr. Yani bir yeni icatla kar\u015f\u0131 kar\u015f\u0131yay\u0131z. Bu, kendi i\u00e7lerindeki s\u0131k\u0131nt\u0131dan meydana geliyor. Yani &#8216;ge\u00e7ici 15. maddeye CHP nas\u0131l olur da oy vermez&#8217; diye d\u00fc\u015f\u00fcnenlere, &#8216;ona oy verelim ama ayr\u0131 ayr\u0131 oylamalar yap\u0131ls\u0131n ve ayr\u0131 ayr\u0131 referanduma g\u00f6t\u00fcr\u00fcls\u00fcn&#8217; \u015feklinde bir tez ileri s\u00fcr\u00fcyor. Hay\u0131r, biz b\u00f6yle yapmayaca\u011f\u0131z. Getirece\u011fimiz bir Anayasa de\u011fi\u015fiklik paketi belki 3-5 maddeden ibaret olacakt\u0131r ama hepsi ayr\u0131 ayr\u0131 oylanacak, sonunda da t\u00fcm\u00fc oylanacak. Ve \u00e7\u0131kacak sonuca g\u00f6re bir ihtimal referanduma da hep beraber g\u00f6t\u00fcr\u00fclecek.&#8221;<\/p>\n<p style=\"text-align: justify;\">Ar\u0131n\u00e7, &#8220;Anayasa de\u011fi\u015fikli\u011fini paket olarak m\u0131 referanduma g\u00f6t\u00fcrmekten yanas\u0131n\u0131z?&#8221; sorusuna, &#8220;Tabii. Y\u00f6ntem odur, bug\u00fcne kadar biz \u00f6yle g\u00f6rd\u00fck&#8221; yan\u0131t\u0131n\u0131 verdi. B\u00fclent Ar\u0131n\u00e7 ve beraberindekiler, daha sonra THY&#8217;nin tarifeli u\u00e7a\u011f\u0131yla Amman&#8217;a hareket etti.<\/p>\n<p style=\"text-align: justify;\"><span style=\"color: #888888;\">CNN T\u00dcRK<\/span><\/p>\n","protected":false},"excerpt":{"rendered":"<p style=\"text-align: center;\">\n<p style=\"text-align: justify;\">Devlet Bakan\u0131 ve Ba\u015fbakan Yard\u0131mc\u0131s\u0131 B\u00fclent Ar\u0131n\u00e7, CHP Genel Ba\u015fkan\u0131 Deniz Baykal&#8217;\u0131n Anayasa de\u011fi\u015fiklik paketiyle ilgili s\u00f6zlerini de\u011ferlendirerek, &#8220;Biz biliriz ki Say\u0131n Cumhurba\u015fkan\u0131 ne hi\u00e7 kimsenin oyununa gelebilecek ne de bir konuda pe\u015fin h\u00fck\u00fcml\u00fc davranacak bir insand\u0131r&#8221; dedi.<\/p>\n","protected":false},"author":1,"featured_media":0,"comment_status":"open","ping_status":"closed","sticky":false,"template":"","format":"standard","meta":{"footnotes":""},"categories":[105],"tags":[],"class_list":["post-36159","post","type-post","status-publish","format-standard","hentry","category-gundem","odd"],"_links":{"self":[{"href":"http:\/\/www.korhanyilmaz.com\/index.php?rest_route=\/wp\/v2\/posts\/36159","targetHints":{"allow":["GET"]}}],"collection":[{"href":"http:\/\/www.korhanyilmaz.com\/index.php?rest_route=\/wp\/v2\/posts"}],"about":[{"href":"http:\/\/www.korhanyilmaz.com\/index.php?rest_route=\/wp\/v2\/types\/post"}],"author":[{"embeddable":true,"href":"http:\/\/www.korhanyilmaz.com\/index.php?rest_route=\/wp\/v2\/users\/1"}],"replies":[{"embeddable":true,"href":"http:\/\/www.korhanyilmaz.com\/index.php?rest_route=%2Fwp%2Fv2%2Fcomments&post=36159"}],"version-history":[{"count":0,"href":"http:\/\/www.korhanyilmaz.com\/index.php?rest_route=\/wp\/v2\/posts\/36159\/revisions"}],"wp:attachment":[{"href":"http:\/\/www.korhanyilmaz.com\/index.php?rest_route=%2Fwp%2Fv2%2Fmedia&parent=36159"}],"wp:term":[{"taxonomy":"category","embeddable":true,"href":"http:\/\/www.korhanyilmaz.com\/index.php?rest_route=%2Fwp%2Fv2%2Fcategories&post=36159"},{"taxonomy":"post_tag","embeddable":true,"href":"http:\/\/www.korhanyilmaz.com\/index.php?rest_route=%2Fwp%2Fv2%2Ftags&post=36159"}],"curies":[{"name":"wp","href":"https:\/\/api.w.org\/{rel}","templated":true}]}}