{"id":36158,"date":"2010-03-19T08:01:22","date_gmt":"2010-03-19T06:01:22","guid":{"rendered":"http:\/\/www.korhanyilmaz.com\/?p=20578"},"modified":"2010-03-19T08:01:22","modified_gmt":"2010-03-19T06:01:22","slug":"baykal-gul-oyuna-alet-olmamali-2","status":"publish","type":"post","link":"http:\/\/www.korhanyilmaz.com\/?p=36158","title":{"rendered":"Baykal: &#8221;G\u00fcl oyuna alet olmamal\u0131&#8221;"},"content":{"rendered":"<p style=\"text-align: center;\"><a href=\"http:\/\/www.korhanyilmaz.com\/wp-content\/uploads\/2010\/03\/oyun.jpg\"  class=\"lightview\"><img loading=\"lazy\" decoding=\"async\" class=\"aligncenter size-full wp-image-20579\" src=\"http:\/\/www.korhanyilmaz.com\/wp-content\/uploads\/2010\/03\/oyun.jpg\" alt=\"\" width=\"307\" height=\"236\" \/><\/a><\/p>\n<p style=\"text-align: justify;\">CHP Genel Ba\u015fkan\u0131 Deniz Baykal, Cumhurba\u015fkan\u0131 Abdullah G\u00fcl&#8217;e, Anayasa paketiyle ilgili talebini H\u00fcrriyet gazetesi arac\u0131l\u0131\u011f\u0131yle iletti, &#8220;Oyuna alet olmas\u0131n&#8221; dedi. Baykal&#8217;\u0131n Cumhurba\u015fkan\u0131&#8217;ndan beklentisi, Anayasa de\u011fi\u015fikli\u011fi \u00f6n\u00fcne geldi\u011finde paketin 367&#8217;den fazla oy alan maddelerini referanduma g\u00f6t\u00fcrmeyece\u011fini, bug\u00fcnden ilan etmesi&#8230; <!--more--><\/p>\n<p style=\"text-align: justify;\">CHP lideri, &#8220;Anayasa de\u011fi\u015fikli\u011fi, HSYK ile parti kapatmalarla ilgili yap\u0131l\u0131yor. De\u011fi\u015fikli\u011fin bir paket halinde haz\u0131rlanm\u0131\u015f olmas\u0131, halka ve Meclis&#8217;e kar\u015f\u0131 bir tuza\u011f\u0131n kurulmu\u015f oldu\u011funun kan\u0131t\u0131d\u0131r&#8221; dedi.<\/p>\n<p style=\"text-align: justify;\">Baykal, H\u00dcRR\u0130YET Gazetesi Genel Yay\u0131n Y\u00f6netmeni Enis Berbero\u011flu, Yaz\u0131 \u0130\u015fleri M\u00fcd\u00fcr\u00fc Tufan T\u00fcren\u00e7 ve H\u00fcrriyet gazetesi muhabiri Okan Konuralp\u2019e, g\u00fcndeme ili\u015fkin a\u00e7\u0131klamalarda bulundu.<\/p>\n<p style=\"text-align: justify;\">Gazetede yer alan Okan Konuralp imzal\u0131 haberin ayr\u0131nt\u0131lar\u0131 \u015f\u00f6yle:<\/p>\n<p style=\"text-align: justify;\">\u2018Cumhurba\u015fkan\u0131\u2019ndan beklentimiz \u015fudur: Anayasa de\u011fi\u015fikli\u011fi \u00f6n\u00fcne geldi\u011finde paketin 367\u2019den fazla oy alan maddelerini referanduma g\u00f6t\u00fcrmeyece\u011fini, \u2018Paketin tamam\u0131n\u0131 halkoyuna sunaca\u011f\u0131m\u2019 demeyece\u011fini bug\u00fcnden ilan etmelidir.\u2019<\/p>\n<p style=\"text-align: justify;\">CHP Genel Ba\u015fkan\u0131 Deniz Baykal, Anayasa paketinde iktidar\u0131 zora sokacak talebi H\u00fcrriyet arac\u0131l\u0131\u011f\u0131yla Cumhurba\u015fkan\u0131 Abdullah G\u00fcl\u2019e iletti. G\u00fcl, bu y\u00f6ntemi izlerse pakette sadece muhalefetin oy verdi\u011fi maddeler de\u011fi\u015fece\u011fi i\u00e7in h\u00fck\u00fcmet s\u0131k\u0131nt\u0131ya girecek.<\/p>\n<p style=\"text-align: justify;\"><span style=\"text-decoration: underline;\">Baykal\u2019\u0131n konuyla ilgili de\u011ferlendirmeleri \u015f\u00f6yle: <\/span><\/p>\n<p style=\"text-align: justify;\"><strong>&#8220;Halka, Meclis\u2019e tuzak&#8221; <\/strong><\/p>\n<p style=\"text-align: justify;\">De\u011fi\u015fiklik HSYK ve parti kapatmalarla ilgili yap\u0131l\u0131yor. Di\u011fer maddelerin varl\u0131\u011f\u0131, \u00f6rne\u011fin 15. maddenin y\u00fcz\u00fc suyu h\u00fcrmetine yarg\u0131 ba\u011f\u0131ms\u0131zl\u0131\u011f\u0131n\u0131 ihmal etmemizi beklemesinler. De\u011fi\u015fikli\u011fin bir paket halinde haz\u0131rlanm\u0131\u015f olmas\u0131, halka ve Meclis\u2019e kar\u015f\u0131 bir tuza\u011f\u0131n kurulmu\u015f oldu\u011funun kan\u0131t\u0131d\u0131r. Cumhurba\u015fkan\u0131 bu oyuna alet olmamal\u0131d\u0131r\u201d dedi.<\/p>\n<p style=\"text-align: justify;\"><strong>&#8220;367\u2019den fazla \u00e7\u0131karsa&#8221; <\/strong><\/p>\n<p style=\"text-align: justify;\">Cumhurba\u015fkan\u0131, de\u011fi\u015fikli\u011fin bir paket halinde sunma oyununa alet olmamal\u0131. \u00d6n\u00fcne baz\u0131 maddeler 367\u2019nin \u00fczerinde oy alm\u0131\u015f olarak gelirse, onlar\u0131 referanduma sunmadan ge\u00e7irmeli. Bu bir cumhurba\u015fkan\u0131ndan herkesin beklemeye hakk\u0131 oldu\u011fu tutum. \u2018Hay\u0131r 367\u2019den fazla oy alsa da ben bu paket oyununa alet olaca\u011f\u0131m. 367\u2019den fazla oy olarak ge\u00e7en maddeler olsa bile, t\u00fcm\u00fcn\u00fc referandumun i\u00e7ine sokaca\u011f\u0131m. Halkoyuna sunaca\u011f\u0131m\u2019 derse&#8230; Halk oyuna sunarsa, ge\u00e7mi\u015f olan Anayasa de\u011fi\u015fikli\u011fi maddesi de ge\u00e7memi\u015f olacak. O riski neden al\u0131yorsun. Ay\u0131rmas\u0131 gerekir onlar\u0131, oyuna alet olmamal\u0131d\u0131r. Olmayaca\u011f\u0131n\u0131n da ortaya \u00e7\u0131kmas\u0131 laz\u0131m.<\/p>\n<p style=\"text-align: justify;\"><strong>&#8220;Sivil darbe yap\u0131l\u0131yor&#8221; <\/strong><\/p>\n<p style=\"text-align: justify;\">\u00c7at\u0131\u015fmalar art\u0131k yarg\u0131 yoluyla yap\u0131l\u0131yor. \u00c7at\u0131\u015fmalar; kaba kuvvetle, tankla t\u00fcfekle de\u011fil; yarg\u0131 \u00fczerinden g\u00f6t\u00fcr\u00fcl\u00fcyor. \u0130hbar mektuplar\u0131yla, gizli tan\u0131klarla, afaki iddianamelerle g\u00fcn\u00fcm\u00fcz i\u00e7 siyaset m\u00fccadeleleri y\u00fcr\u00fct\u00fcl\u00fcyor. HSYK bunun bir par\u00e7as\u0131d\u0131r. Dokunulmazl\u0131\u011fa s\u0131\u011f\u0131n\u0131p hakim \u00f6n\u00fcne \u00e7\u0131kmaktan ka\u00e7\u0131nanlar hakimleri mi se\u00e7ecek? Darbe yapmak isteyen bir cunta Silahl\u0131 Kuvvetler\u2019in kritik noktalar\u0131na kendi adamlar\u0131n\u0131 yerle\u015ftirir. Sivil darbe yapmakta olanlar ise yarg\u0131n\u0131n uygun yerlerine adamlar\u0131n\u0131 yerle\u015ftirme \u00e7al\u0131\u015f\u0131yor.<\/p>\n<p style=\"text-align: justify;\"><strong>&#8220;T\u00fcrkiye ta\u015f\u0131yamaz&#8221; <\/strong><\/p>\n<p style=\"text-align: justify;\">HSYK\u2019y\u0131, dolay\u0131s\u0131yla adaleti siyasetin d\u0131\u015f\u0131nda tutmak mutlak bir zorunluluk. D\u0131\u015far\u0131da tutulmamas\u0131 halinde ya\u015fanabilecek vahim olaylar\u0131 hayal bile etmek istemiyorum. HSYK\u2019ya y\u00f6nelik bu d\u00fczenleme iktidar\u0131n yarg\u0131 ba\u011f\u0131ms\u0131zl\u0131\u011f\u0131na y\u00f6nelik bir ilk m\u00fcdahelesi olarak \u00f6n\u00fcm\u00fcze geliyor. \u0130\u015fe HSYK\u2019dan ba\u015flamay\u0131 uygun g\u00f6rm\u00fc\u015fler. Bu de\u011fi\u015fiklik art\u0131k mahkemelere siyasetin y\u00f6n verece\u011fi anlam\u0131n\u0131 gelir. T\u00fcrkiye siyasete endeksli bir adaleti ta\u015f\u0131yamaz.<\/p>\n<p style=\"text-align: justify;\"><strong>&#8220;Tuzak kurarak olmaz&#8221; <\/strong><\/p>\n<p style=\"text-align: justify;\">Anayasa de\u011fi\u015fikli\u011fi selden k\u00fct\u00fck kapar gibi acele acele haz\u0131rlanmaz. Se\u00e7ime bir y\u0131l kala iktidardaki parti acil ihtiya\u00e7lar\u0131n\u0131 kar\u015f\u0131lamak i\u00e7in bir paket haz\u0131rl\u0131yor. Kim haz\u0131rlad\u0131, neden haz\u0131rlad\u0131; hi\u00e7 bunlar\u0131n yan\u0131tlar\u0131 yok. \u00d6rne\u011fin bizim de milletvekilli\u011fi dokunulmazl\u0131\u011f\u0131 konusunda \u00f6nerilerimiz var. Ancak s\u00fcre\u00e7 \u2018Sen bunlar\u0131 b\u0131rak, bizimkine ne diyorsun\u2019 noktas\u0131na gidiyor. Anayasa de\u011fi\u015fikli\u011fi birbirimize tuzak kurarak olmaz. Ta\u015f atan \u00e7ocuklarla ilgili arad\u0131\u011f\u0131n muhatab\u0131, anayasa de\u011fi\u015fikli\u011fi konusunda neden aram\u0131yorsun.<\/p>\n<p style=\"text-align: justify;\"><strong>&#8220;AKP\u2019nin kendi ihtiyac\u0131&#8221; <\/strong><\/p>\n<p style=\"text-align: justify;\">Anayasa de\u011fi\u015fikli\u011fi gibi bir konunun AKP\u2019nin mutfak i\u015fi gibi d\u00fc\u015f\u00fcn\u00fclmesi yanl\u0131\u015ft\u0131r. Se\u00e7ime neredeyse bir y\u0131l kalm\u0131\u015fken AKP, kendi ihtiyac\u0131n\u0131 esas alarak bir tasar\u0131 haz\u0131rl\u0131yor. Sonra o tasar\u0131y\u0131 bir parlamento i\u00e7i olay olarak d\u00fc\u015f\u00fcn\u00fcyor. Kabul eden, etmeyen varsa bakacak ve y\u00fcr\u00fcyecek gidecek. Bu anayasa de\u011fi\u015fikli\u011fi i\u00e7in uygun olmayan bir y\u00f6ntemdir. E\u011fer ciddi bir anayasa haz\u0131rlayacaksan\u0131z, \u2018Ben yapt\u0131m oldu\u2019 anlay\u0131\u015f\u0131yla olmaz.<\/p>\n<p style=\"text-align: justify;\"><strong>Parti kapatmalar\u0131 <\/strong><\/p>\n<p style=\"text-align: justify;\">Kapat\u0131lmas\u0131 s\u00f6z konusu olan bir partinin mensuplar\u0131n\u0131n, yarg\u0131n\u0131n bu davay\u0131 a\u00e7\u0131p a\u00e7mamas\u0131na karar verecek olmas\u0131, garip bir olay. Partiler aras\u0131 ili\u015fkiyi, koalisyonlar\u0131, partilerin birbirlerinden beklentileri d\u00fc\u015f\u00fcn\u00fcld\u00fc\u011f\u00fcnde, b\u00f6yle de\u011fi\u015fiklik s\u00fcrecin, siyasi keyfili\u011fe ba\u011flanmas\u0131na kap\u0131 aralar. \u00d6rne\u011fin, ter\u00f6re bula\u015fm\u0131\u015f bir partinin kapat\u0131lmas\u0131yla ilgili karar al\u0131nacaksa, bin t\u00fcrl\u00fc pazarl\u0131\u011f\u0131n kap\u0131s\u0131 a\u00e7\u0131l\u0131r.<\/p>\n<p style=\"text-align: justify;\"><strong>&#8220;Darbe tehlikesi kalkt\u0131&#8221; <\/strong><\/p>\n<p style=\"text-align: justify;\">T\u00fcrkiye\u2019de ortaya \u00e7\u0131kan iddialar, yarg\u0131 s\u00fcre\u00e7leri, soru\u015fturmalar, g\u00f6zalt\u0131lar\u0131n arkas\u0131nda hi\u00e7 ku\u015fku yok, bir ciddi plan, haz\u0131rl\u0131k, kararg\u00e2h, bir senaryo vard\u0131r. T\u00fcrkiye daha bunu g\u00f6rmeden ne kadar devam edebilir, anlam\u0131yorum, ki T\u00fcrkiye\u2019de ya\u015fanan olaylar bir darbe tehlikesini ortadan kald\u0131rmak i\u00e7in de\u011fil, darbe tehlikesinin ortadan kalkm\u0131\u015f olmas\u0131 sayesinde ger\u00e7ekle\u015fmektedir. Ya\u015fad\u0131\u011f\u0131m\u0131z olaylar\u0131n arkas\u0131ndaki d\u00fc\u015f\u00fcnce darbeyi \u00f6nleme d\u00fc\u015f\u00fcncesi olmad\u0131\u011f\u0131 \u00e7ok a\u00e7\u0131k. Darbe hukuku i\u015fliyor, darbe uygulamas\u0131 i\u015fliyor T\u00fcrkiye\u2019de.<\/p>\n<p style=\"text-align: justify;\"><strong>&#8220;CHP\u2019deki de\u011fi\u015fim talebine sayg\u0131l\u0131y\u0131m&#8221; <\/strong><\/p>\n<p style=\"text-align: justify;\">T\u00fcrkiye\u2019nin bu manzaras\u0131 kar\u015f\u0131s\u0131nda \u00f6d\u00fcn vermeden aln\u0131n teriyle olu\u015fturulmu\u015f bir emek var. Bu noktada elbette bir siyasi parti olarak, T\u00fcrkiye\u2019nin s\u0131k\u0131nt\u0131lar\u0131yla ilgili \u00e7\u00f6z\u00fcm \u00f6nerilerimizi etkili bir \u015fekilde kamuoyuna ta\u015f\u0131mal\u0131y\u0131z. Bu noktada de\u011fi\u015fim talebi \u00f6zlemlerini anl\u0131yorum, buna sayg\u0131 da duyuyorum. Ancak herkesin de \u015funu anlamas\u0131n\u0131 istiyorum ki CHP\u2019yi bug\u00fcne ta\u015f\u0131yan ahlaki bir \u00e7ekirdek ve duru\u015f vard\u0131r. Bunun \u00f6nemini de kimsenin unutmaya hakk\u0131 yoktur. CHP\u2019yi y\u00fczde 4\u2019ler seviyesinden, T\u00fcrkiye\u2019nin bug\u00fcn \u00f6zenle izlenen siyasi partisi haline d\u00f6n\u00fc\u015ft\u00fcren s\u00fcreci sa\u011flayanlara sayg\u0131 duymak zorundad\u0131r. \u00d6n\u00fcm\u00fczdeki kurultayda yo\u011fun bir de\u011fi\u015fiklik ortaya \u00e7\u0131kacak ancak bunu CHP\u2019lilere kar\u015f\u0131 hasmane bir durum gibi de\u011ferlendirmek isteyenlerin tav\u0131rlar\u0131 do\u011fru de\u011fil. Bu noktaya, sorumluluk \u00fcstlenmi\u015f arkada\u015flar\u0131n emekleriyle, tutarl\u0131 ve ciddi davran\u0131\u015flar\u0131yla geldik.<\/p>\n<p style=\"text-align: justify;\"><span style=\"color: #888888;\">CNN T\u00dcRK<\/span><\/p>\n","protected":false},"excerpt":{"rendered":"<p style=\"text-align: center;\">\n<p style=\"text-align: justify;\">CHP Genel Ba\u015fkan\u0131 Deniz Baykal, Cumhurba\u015fkan\u0131 Abdullah G\u00fcl&#8217;e, Anayasa paketiyle ilgili talebini H\u00fcrriyet gazetesi arac\u0131l\u0131\u011f\u0131yle iletti, &#8220;Oyuna alet olmas\u0131n&#8221; dedi. Baykal&#8217;\u0131n Cumhurba\u015fkan\u0131&#8217;ndan beklentisi, Anayasa de\u011fi\u015fikli\u011fi \u00f6n\u00fcne geldi\u011finde paketin 367&#8217;den fazla oy alan maddelerini referanduma g\u00f6t\u00fcrmeyece\u011fini, bug\u00fcnden ilan etmesi&#8230; <\/p>\n","protected":false},"author":1,"featured_media":0,"comment_status":"open","ping_status":"closed","sticky":false,"template":"","format":"standard","meta":{"footnotes":""},"categories":[105],"tags":[],"class_list":["post-36158","post","type-post","status-publish","format-standard","hentry","category-gundem","odd"],"_links":{"self":[{"href":"http:\/\/www.korhanyilmaz.com\/index.php?rest_route=\/wp\/v2\/posts\/36158","targetHints":{"allow":["GET"]}}],"collection":[{"href":"http:\/\/www.korhanyilmaz.com\/index.php?rest_route=\/wp\/v2\/posts"}],"about":[{"href":"http:\/\/www.korhanyilmaz.com\/index.php?rest_route=\/wp\/v2\/types\/post"}],"author":[{"embeddable":true,"href":"http:\/\/www.korhanyilmaz.com\/index.php?rest_route=\/wp\/v2\/users\/1"}],"replies":[{"embeddable":true,"href":"http:\/\/www.korhanyilmaz.com\/index.php?rest_route=%2Fwp%2Fv2%2Fcomments&post=36158"}],"version-history":[{"count":0,"href":"http:\/\/www.korhanyilmaz.com\/index.php?rest_route=\/wp\/v2\/posts\/36158\/revisions"}],"wp:attachment":[{"href":"http:\/\/www.korhanyilmaz.com\/index.php?rest_route=%2Fwp%2Fv2%2Fmedia&parent=36158"}],"wp:term":[{"taxonomy":"category","embeddable":true,"href":"http:\/\/www.korhanyilmaz.com\/index.php?rest_route=%2Fwp%2Fv2%2Fcategories&post=36158"},{"taxonomy":"post_tag","embeddable":true,"href":"http:\/\/www.korhanyilmaz.com\/index.php?rest_route=%2Fwp%2Fv2%2Ftags&post=36158"}],"curies":[{"name":"wp","href":"https:\/\/api.w.org\/{rel}","templated":true}]}}