{"id":36156,"date":"2010-03-16T15:32:23","date_gmt":"2010-03-16T13:32:23","guid":{"rendered":"http:\/\/www.korhanyilmaz.com\/?p=20539"},"modified":"2010-03-16T15:32:23","modified_gmt":"2010-03-16T13:32:23","slug":"bahceli-aytac-duraki-istifaya-cagirdi-2","status":"publish","type":"post","link":"http:\/\/www.korhanyilmaz.com\/?p=36156","title":{"rendered":"Bah\u00e7eli Ayta\u00e7 Durak&#8217;\u0131 istifaya \u00e7a\u011f\u0131rd\u0131"},"content":{"rendered":"<p><a href=\"http:\/\/www.korhanyilmaz.com\/wp-content\/uploads\/2010\/03\/BAHCEL\u0130.jpg\"  class=\"lightview\"><img loading=\"lazy\" decoding=\"async\" class=\"aligncenter size-full wp-image-20540\" src=\"http:\/\/www.korhanyilmaz.com\/wp-content\/uploads\/2010\/03\/BAHCEL\u0130.jpg\" alt=\"\" width=\"292\" height=\"224\" \/><\/a><\/p>\n<p style=\"text-align: justify;\">MHP lideri Devlet Bah\u00e7eli, r\u00fc\u015fvet iddialar\u0131yla g\u00fcndeme gelen MHP&#8217;nin Adana B\u00fcy\u00fck\u015fehir Belediye Ba\u015fkan\u0131 Ayta\u00e7 Durak&#8217;\u0131 istifaya \u00e7a\u011f\u0131rd\u0131. Durak da, &#8220;Konuyu bilmiyorum, inceledikten sonra a\u00e7\u0131klama yapaca\u011f\u0131m&#8221; dedi.<!--more--><\/p>\n<p style=\"text-align: justify;\">Partisinin grup toplant\u0131s\u0131nda konu\u015fan Bah\u00e7eli, &#8220;Ayta\u00e7 Durak bize disiplin yolunu b\u0131rakmadan partiden istifa etmeli. \u0130ddialar su\u00e7 duyurusu olarak kabul edilmeli ve savc\u0131l\u0131k harekete ge\u00e7meli&#8221; dedi.<\/p>\n<p style=\"text-align: justify;\">29 Mart se\u00e7imlerinin ard\u0131ndan Durak ile yak\u0131n \u00e7al\u0131\u015fma arkada\u015flar\u0131 aras\u0131nda birbirlerini &#8220;yolsuzluk yapmakla&#8221; su\u00e7layan, a\u011f\u0131r iddialara kadar varan tart\u0131\u015fman\u0131n kamuoyuna yans\u0131d\u0131\u011f\u0131n\u0131 ifade eden Bah\u00e7eli, &#8220;\u00c7ok uzun y\u0131llardan beri Adana B\u00fcy\u00fck\u015fehir Belediyesi b\u00fcnyesinde beraber g\u00f6rev yapan bu \u015fah\u0131slar\u0131n birbirleri hakk\u0131nda isnat ettikleri su\u00e7lar MHP&#8217;nin asla kabul edemeyece\u011fi ve g\u00f6z yummayaca\u011f\u0131 ahlaki alanlard\u0131r. Bug\u00fcne kadar toplumun en hassas oldu\u011fu ahlaki konularda zafiyet g\u00f6sterenlerin MHP&#8217;de bar\u0131nmalar\u0131 ve s\u0131\u011f\u0131nmalar\u0131 s\u00f6z konusu olmam\u0131\u015ft\u0131r&#8221; dedi.<\/p>\n<p style=\"text-align: justify;\">Bah\u00e7eli, &#8220;Adana B\u00fcy\u00fck\u015fehir Belediye Ba\u015fkanl\u0131\u011f\u0131nda ya\u015fanan olaylar ve iddialarla ilgili olarak MHP taraf\u0131ndan ger\u00e7eklerin ortaya \u00e7\u0131kart\u0131lmas\u0131 i\u00e7in muhakk\u0131k heyet te\u015fkil edilmi\u015ftir. \u015eah\u0131slar\u0131n birbirleri hakk\u0131ndaki iddialar\u0131 bir i\u015f ili\u015fkisi olarak kabul edilmeli ve Adana Cumhuriyet Savc\u0131l\u0131\u011f\u0131 taraf\u0131ndan adli tahkikat s\u00fcreci ba\u015flat\u0131lmal\u0131d\u0131r. Bu konuda \u0130\u00e7i\u015fleri Bakanl\u0131\u011f\u0131 gerekli g\u00f6rd\u00fc\u011f\u00fc b\u00fct\u00fcn hukuki ve idari s\u00fcre\u00e7leri harekete ge\u00e7irmeli, konu b\u00fct\u00fcn y\u00f6nleriyle ayd\u0131nlat\u0131lmal\u0131d\u0131r&#8221; diye konu\u015ftu.<\/p>\n<p style=\"text-align: justify;\">MHP lideri, &#8220;Partimiz ger\u00e7ekler ortaya \u00e7\u0131k\u0131ncaya kadar hi\u00e7kimsenin su\u00e7lu ilan edilemeyece\u011fine inanmaktad\u0131r. Ancak son derece hassas oldu\u011fumuz alana giren bu konuda ad\u0131 ge\u00e7en ve birbirlerine su\u00e7 isnat eden \u015fah\u0131slar aklan\u0131ncaya, yolsuzluk iddialar\u0131 son buluncaya kadar bu ki\u015filerin MHP t\u00fcz\u00fc\u011f\u00fc gere\u011fince \u00fcyelik ili\u015fkilerine ara vermek \u00fczere disiplin h\u00fck\u00fcmleri ba\u015flat\u0131lacakt\u0131r. Konunun b\u00fct\u00fcn y\u00f6nleriyle ayd\u0131nlat\u0131lmas\u0131yla olu\u015facak geli\u015fmelere g\u00f6re bu \u015fah\u0131slar\u0131n \u00fcyeli\u011fe kabul durumlar\u0131 talepleri halinde yeniden g\u00f6zden ge\u00e7irilecektir. Temennimiz odur ki, bize herhangi bir \u015fekilde disiplin soru\u015fturmas\u0131na sebebiyet verdirmeden, Say\u0131n B\u00fcy\u00fck\u015fehir Belediye Ba\u015fkan\u0131 ve Belediye Meclis \u00fcyesi partimizden istifa etmelidir&#8221; dedi.<\/p>\n<p style=\"text-align: justify;\"><strong>Ayta\u00e7 Durak hakk\u0131ndaki iddialar <\/strong><\/p>\n<p style=\"text-align: justify;\">Adana B\u00fcy\u00fck\u015fehir Belediye Meclisindeki oturumlarda &#8220;r\u00fc\u015fvet&#8221; iddialar\u0131 nedeniyle B\u00fcy\u00fck\u015fehir Belediye Ba\u015fkan\u0131 Ayta\u00e7 Durak ile MHP&#8217;li Meclis \u00fcyesi Mustafa Tuncel aras\u0131nda gerginlik ya\u015fanm\u0131\u015ft\u0131. Baz\u0131 meclis \u00fcyeleri, Ayta\u00e7 Durak&#8217;\u0131 yolsuzluk yapmakla, vergi ka\u00e7\u0131rmakla su\u00e7lam\u0131\u015ft\u0131.<\/p>\n<p style=\"text-align: justify;\">\u0130stanbul&#8217;da \u00f6nceki g\u00fcn bir bas\u0131n toplant\u0131s\u0131 d\u00fczenleyen Ayta\u00e7 Durak, 2 milyar dolar serveti oldu\u011fu iddias\u0131n\u0131 yalanlam\u0131\u015f; malvarl\u0131\u011f\u0131n\u0131n 40 milyon dolar\u0131n biraz \u00fczerinde oldu\u011funu; sahip oldu\u011fu arsalar\u0131n bir b\u00f6l\u00fcm\u00fcn\u00fcn kendisine e\u015finin babas\u0131ndan miras kald\u0131\u011f\u0131n\u0131 s\u00f6ylemi\u015fti.<\/p>\n<p style=\"text-align: justify;\">Durak, elindeki arsalar\u0131n de\u011ferlenmesini belediye ba\u015fkan\u0131 se\u00e7ilmesine de\u011fil, \u015fehirle\u015fmeye ba\u011flam\u0131\u015f; kendisine iftira atanlara dava a\u00e7aca\u011f\u0131n\u0131 s\u00f6ylemi\u015fti.<\/p>\n<p style=\"text-align: justify;\"><strong>Adana Valisi: &#8220;Adli s\u00fcre\u00e7 ba\u015flad\u0131&#8221; <\/strong><\/p>\n<p style=\"text-align: justify;\">CNN T\u00dcRK&#8217;e konu\u015fan Adana Valisi \u0130lhan At\u0131\u015f ise, Adana B\u00fcy\u00fck\u015fehir Belediyesindeki olaylarla ilgili adli s\u00fcrecin ba\u015flad\u0131\u011f\u0131n\u0131, \u0130\u00e7i\u015fleri Bakanl\u0131\u011f\u0131&#8217;ndan 3 m\u00fcfetti\u015fin iddialarla ilgili ara\u015ft\u0131rma yapt\u0131\u011f\u0131n\u0131 s\u00f6yledi.<\/p>\n<p style=\"text-align: justify;\">Vali At\u0131\u015f, MHP&#8217;li Adana B\u00fcy\u00fck\u015fehir Belediye Ba\u015fkan\u0131 Ayta\u00e7 Durak ile kendi partisinin meclis \u00fcyesi ve ba\u015fkan vekili Mustafa Tuncel aras\u0131ndaki kar\u015f\u0131l\u0131kl\u0131 su\u00e7lamalarla ilgili hi\u00e7kimsenin yorumda bulunmas\u0131n\u0131n do\u011fru olmayaca\u011f\u0131n\u0131, karar\u0131 yarg\u0131 organlar\u0131n\u0131n verece\u011fini bildirdi.<\/p>\n<p style=\"text-align: justify;\">Adana Cumhuriyet Ba\u015fsavc\u0131s\u0131 Sabri Beytorun da, &#8220;Adana B\u00fcy\u00fck\u015fehir Belediye Ba\u015fkan\u0131 Ayta\u00e7 Durak&#8217;\u0131n verdi\u011fi ses kasetiyle ilgili soru\u015fturma s\u00fcr\u00fcyor. Bas\u0131nda \u00e7\u0131kan di\u011fer haberlerdeki iddialarla ilgili gerekirse Durak hakk\u0131nda da soru\u015fturma a\u015famas\u0131na ge\u00e7ilecek. Durak ve Meclis \u00fcyeleriyle ilgili iddialar\u0131 ortaya koyar\u0131z, gereken neyse yapar\u0131z. Ancak \u015fu anda bir soru\u015fturma a\u00e7\u0131lm\u0131\u015f de\u011fil. \u0130\u00e7i\u015fleri Bakanl\u0131\u011f\u0131 taraf\u0131ndan da hen\u00fcz bizden konuyla ilgili bilgi istenmedi&#8221; dedi.<\/p>\n<p style=\"text-align: justify;\"><strong>Bah\u00e7eli: &#8220;Diyarbak\u0131rspor 1. ligde kalmal\u0131&#8221; <\/strong><\/p>\n<p style=\"text-align: justify;\">Olayl\u0131 Diyarbak\u0131rspor ma\u00e7lar\u0131na da de\u011finen MHP lideri Bah\u00e7eli, Diyarbak\u0131rspor&#8217;un 1. ligde kalmas\u0131n\u0131n \u00fclke b\u00fct\u00fcnl\u00fc\u011f\u00fc a\u00e7\u0131s\u0131ndan \u00f6nemli oldu\u011funu vurgulad\u0131; Diyarbak\u0131rl\u0131lar\u0131 da tak\u0131mlar\u0131na sahip \u00e7\u0131kmaya \u00e7a\u011f\u0131rd\u0131.<\/p>\n<p style=\"text-align: justify;\">Ge\u00e7mi\u015ften bug\u00fcne futbol ma\u00e7lar\u0131nda taraftarlar ve \u015fehirler aras\u0131nda gerginlikler ya\u015fand\u0131\u011f\u0131n\u0131 hat\u0131rlatan Bah\u00e7eli, ancak bu kez, bir provakasyon endi\u015fesi ta\u015f\u0131d\u0131\u011f\u0131n\u0131 dile getirdi.<\/p>\n<p style=\"text-align: justify;\">MHP lideri, &#8220;Diyarbak\u0131rspor&#8217;un kar\u015f\u0131la\u015fmalar\u0131nda ya\u015fanan gerginlikler, spor anlay\u0131\u015f\u0131n\u0131n \u00e7ok d\u0131\u015f\u0131na \u00e7\u0131karak b\u00f6l\u00fcc\u00fc faaliyetlerin tabana yay\u0131lmas\u0131 olarak g\u00f6r\u00fclmeli&#8221; dedi.<\/p>\n<p style=\"text-align: justify;\">Bah\u00e7eli, a\u00e7\u0131l\u0131m\u0131 y\u00fcr\u00fcten \u0130\u00e7i\u015fleri Bakan\u0131 Be\u015fir Atalay&#8217;\u0131n da gerekli tedbirleri almas\u0131n\u0131 istedi.<\/p>\n<p style=\"text-align: justify;\"><strong>&#8220;Rahat harcama i\u00e7in IMF&#8217;den vazge\u00e7ildi&#8221; <\/strong><\/p>\n<p style=\"text-align: justify;\">MHP lideri Bah\u00e7eli&#8217;ye g\u00f6re, h\u00fck\u00fcmet erken se\u00e7im ufukta belirdi\u011fi i\u00e7in IMF ile stand-by g\u00f6r\u00fc\u015fmelerini rafa kald\u0131rd\u0131. Bah\u00e7eli, &#8220;AK Parti, erken se\u00e7im \u00f6ncesi rahat harcama yapabilmek i\u00e7in IMF halat\u0131ndan s\u0131yr\u0131ld\u0131&#8221; dedi.<\/p>\n<p style=\"text-align: justify;\">H\u00fck\u00fcmetin yakla\u015f\u0131k 5,5 y\u0131l\u0131n\u0131n IMF program\u0131yla ve yakla\u015f\u0131k son 2 y\u0131ll\u0131k d\u00f6neminin de m\u00fczakerelerle ge\u00e7ti\u011fini ifade eden Bah\u00e7eli, &#8220;Erdo\u011fan ve yol arkada\u015flar\u0131 kabul ve ikrar etmelidir; AKP iktidarlar\u0131 s\u00fcresince T\u00fcrkiye ekonomisi kendi ba\u015f\u0131na ve desteksiz ayakta kalamam\u0131\u015f ve IMF&#8217;nin uzatt\u0131\u011f\u0131 koltuk de\u011fne\u011fiyle yere d\u00fc\u015fmekten kurtulmu\u015ftur. Ba\u015fbakan a\u00e7\u0131k\u00e7a bunu s\u00f6ylemektedir. Kendi ayaklar\u0131 \u00fczerinde duramayan bir ekonominin, b\u00fcy\u00fcmesinden ve geli\u015fmesinden bahsetmek milletimizi aldatmak ve kand\u0131rmak de\u011fildir de nedir? Ba\u015fbakan Erdo\u011fan, ekonomide tam bir ba\u015far\u0131s\u0131zl\u0131k \u00f6rne\u011fi sergiledi\u011fini ne zaman ve daha hangi \u015fartlarda kabul edecektir?&#8221; dedi.<\/p>\n<p style=\"text-align: justify;\"><strong>&#8220;Bug\u00fcn polise ta\u015f atan&#8230;&#8221; <\/strong><\/p>\n<p style=\"text-align: justify;\">Toplumun gelece\u011fi olan \u00e7ocuklar\u0131, sorumluluk sahibi, \u015fuurlu, e\u011fitilmi\u015f fertler olarak yeti\u015ftirmenin hem milletin \u00f6devi, hem de devletin vazge\u00e7ilmez g\u00f6revi oldu\u011funu vurgulayan Bah\u00e7eli, MHP&#8217;nin &#8220;su\u00e7 i\u015fleyen ve su\u00e7a meyilli \u00e7ocuklar\u0131n varsa aileleriyle i\u015fbirli\u011fi yap\u0131larak meslek edindirilmeleri suretiyle e\u011fitilmelerini, ailesi olmayanlar\u0131n ise korunmaya al\u0131nmas\u0131 ve rehabilite edilmesi yoluyla topluma kazand\u0131r\u0131lmalar\u0131n\u0131&#8221; savundu\u011funu kaydetti.<\/p>\n<p style=\"text-align: justify;\"><strong>Ermeni iddialar\u0131 <\/strong><\/p>\n<p style=\"text-align: justify;\">T\u00fcrkiye&#8217;nin \u0130sve\u00e7 B\u00fcy\u00fckel\u00e7isinin Ankara&#8217;ya \u00e7a\u011fr\u0131lmas\u0131n\u0131n yeterli olmayaca\u011f\u0131n\u0131, ayn\u0131 do\u011frultuda karar alan \u00fclkelerdeki diplomatlar\u0131n varl\u0131\u011f\u0131n\u0131n, bu tedbirin inand\u0131r\u0131c\u0131l\u0131\u011f\u0131n\u0131 sa\u011flamayaca\u011f\u0131n\u0131 belirten Bah\u00e7eli, &#8220;D\u0131\u015f politika alan\u0131nda &#8216;s\u0131f\u0131r sorun&#8217; denilerek y\u00fcr\u00fct\u00fclen diplomasi garabetiyle; bar\u0131\u015f, istikrar, kar\u015f\u0131l\u0131kl\u0131 i\u015fbirli\u011fi bahanesiyle at\u0131lan her ad\u0131m, aziz milletimize y\u00f6nelik hakaret, su\u00e7lama, karalama ve soyk\u0131r\u0131m iddialar\u0131 olarak geri d\u00f6nmeye ba\u015flam\u0131\u015ft\u0131r. T\u00fcrkiye, \u00f6zellikle PKK ter\u00f6r\u00fcne ve b\u00f6l\u00fcc\u00fc mihraklara siyasi s\u0131\u011f\u0131nma ad\u0131 alt\u0131nda y\u0131llard\u0131r kucak a\u00e7an; \u00fclkemizde etnik ve inan\u00e7 ayr\u0131mc\u0131l\u0131\u011f\u0131n\u0131 yak\u0131ndan takip edip k\u00f6r\u00fckleyen bu \u00fclkeye verece\u011fi tek cevap bu olmamal\u0131d\u0131r&#8221; dedi.<\/p>\n<p style=\"text-align: justify;\">&#8220;Ucuz siyasetin dar alan\u0131na s\u0131k\u0131\u015ft\u0131r\u0131lmak istenen ve s\u00fcrekli yarg\u0131lanmaya \u00e7al\u0131\u015f\u0131lan T\u00fcrk milletinin, ge\u00e7mi\u015finde veremeyece\u011fi hi\u00e7bir hesab\u0131 yoktur&#8221; diyen Bah\u00e7eli, &#8220;Ne var ki, \u00fclkemizi a\u015fa\u011f\u0131layan pe\u015fmerge ile kucakla\u015fan, topraklar\u0131m\u0131zda g\u00f6z\u00fc oldu\u011funu saklamayan Ermeniyle el s\u0131k\u0131\u015fan, i\u00e7 i\u015flerimize s\u00fcrekli kar\u0131\u015fan Avrupal\u0131yla dost olan bir zihniyetin ba\u015fka bir tedbir almaya ne niyeti ve ne de takati bulunmaktad\u0131r. \u0130\u015fba\u015f\u0131ndakilerin, 36&#8217;ya b\u00f6lgem istedi\u011fi b\u00fcy\u00fck T\u00fcrk milletini, tarihiyle, k\u00f6kleriyle, kaynaklar\u0131yla birlikte yedi d\u00fcvele kar\u015f\u0131 savunacak ne ahlak\u0131, ne mensubiyeti ve ne de b\u00f6yle bir kayg\u0131s\u0131 vard\u0131r?&#8221; diye konu\u015ftu.<\/p>\n<p style=\"text-align: justify;\"><strong>Erdo\u011fan&#8217;\u0131n &#8220;Kunta Kinte&#8221; benzetmesi <\/strong><\/p>\n<p style=\"text-align: justify;\">Bah\u00e7eli, Ba\u015fbakan Erdo\u011fan&#8217;\u0131n toplu a\u00e7\u0131l\u0131\u015f s\u0131ras\u0131nda 18. y\u00fczy\u0131lda Bat\u0131 Afrika&#8217;dan Amerika&#8217;ya k\u00f6le olarak sat\u0131lan ve k\u00f6leli\u011fe kar\u015f\u0131 direnen bir sinema karakteri olan Kunta Kinte&#8217;ye at\u0131fla; &#8220;Bu \u00fclkenin ger\u00e7ekten Kunta Kinteleri vard\u0131. Ben de Kunta Kinte&#8217;ydim&#8221; s\u00f6zlerinin dikkat ve ilgi \u00e7ekici oldu\u011funu s\u00f6yledi.<\/p>\n<p style=\"text-align: justify;\">Ba\u015fbakan&#8217;\u0131n, ne olaca\u011f\u0131, hangi s\u0131fat\u0131 ta\u015f\u0131yaca\u011f\u0131, kendisini nas\u0131l tan\u0131mlayaca\u011f\u0131 tamamen kendi bilece\u011fi bir i\u015f oldu\u011funu vurgulayan Bah\u00e7eli, &#8220;Ancak bizim tan\u0131d\u0131\u011f\u0131m\u0131z Ba\u015fbakan Erdo\u011fan, a\u00e7 ve sefil ya\u015fayan bir Afrika k\u00f6lesine de\u011fil, \u015fahs\u0131 ve aile efrad\u0131yla birlikte safahat i\u00e7inde ya\u015fayan Ortado\u011fu sultanlar\u0131na daha \u00e7ok benzemektedir. Kunta Kinte olarak ba\u015flad\u0131\u011f\u0131n\u0131 s\u00f6yledi\u011fi yer ile bug\u00fcn edindi\u011fi servet aras\u0131ndaki u\u00e7urumun izah\u0131 ba\u015fka t\u00fcrl\u00fc nas\u0131l yap\u0131lacakt\u0131r? Ba\u015fbakan&#8217;a 20 y\u0131lda g\u00fclen talihin, yoksullu\u011fu bir t\u00fcrl\u00fc a\u015famam\u0131\u015f vatanda\u015flara \u00f6mr\u00fc boyunca g\u00fclmemi\u015f olmas\u0131n\u0131n gerek\u00e7esi nas\u0131l ifade edilecektir? Ba\u015fkalar\u0131n\u0131n ne oldu\u011fu, kendini kiminle tan\u0131mlad\u0131\u011f\u0131 ve hangi milletin mensuplar\u0131yla benze\u015ftirdi\u011fi bizim konumuz ve umurumuz de\u011fildir. Ve bizim de kendisine s\u00f6yleyece\u011fimiz \u015fudur: Biz milliyet\u00e7i hareketin mensuplar\u0131 olarak, Alparslan gibi olmaya, Fatih gibi bakmaya, Yunus gibi s\u00f6ylemeye, Hac\u0131 Bekta\u015f gibi sevmeye, Mevlana gibi kucaklamaya ve Mustafa Kemal gibi m\u00fccadeleye devam edece\u011fiz&#8221; dedi.<\/p>\n<p style=\"text-align: justify;\"><span style=\"color: #888888;\">CNN T\u00dcRK<\/span><\/p>\n","protected":false},"excerpt":{"rendered":"<\/p>\n<p style=\"text-align: justify;\">MHP lideri Devlet Bah\u00e7eli, r\u00fc\u015fvet iddialar\u0131yla g\u00fcndeme gelen MHP&#8217;nin Adana B\u00fcy\u00fck\u015fehir Belediye Ba\u015fkan\u0131 Ayta\u00e7 Durak&#8217;\u0131 istifaya \u00e7a\u011f\u0131rd\u0131. Durak da, &#8220;Konuyu bilmiyorum, inceledikten sonra a\u00e7\u0131klama yapaca\u011f\u0131m&#8221; dedi.<\/p>\n","protected":false},"author":1,"featured_media":0,"comment_status":"open","ping_status":"closed","sticky":false,"template":"","format":"standard","meta":{"footnotes":""},"categories":[105],"tags":[],"class_list":["post-36156","post","type-post","status-publish","format-standard","hentry","category-gundem","odd"],"_links":{"self":[{"href":"http:\/\/www.korhanyilmaz.com\/index.php?rest_route=\/wp\/v2\/posts\/36156","targetHints":{"allow":["GET"]}}],"collection":[{"href":"http:\/\/www.korhanyilmaz.com\/index.php?rest_route=\/wp\/v2\/posts"}],"about":[{"href":"http:\/\/www.korhanyilmaz.com\/index.php?rest_route=\/wp\/v2\/types\/post"}],"author":[{"embeddable":true,"href":"http:\/\/www.korhanyilmaz.com\/index.php?rest_route=\/wp\/v2\/users\/1"}],"replies":[{"embeddable":true,"href":"http:\/\/www.korhanyilmaz.com\/index.php?rest_route=%2Fwp%2Fv2%2Fcomments&post=36156"}],"version-history":[{"count":0,"href":"http:\/\/www.korhanyilmaz.com\/index.php?rest_route=\/wp\/v2\/posts\/36156\/revisions"}],"wp:attachment":[{"href":"http:\/\/www.korhanyilmaz.com\/index.php?rest_route=%2Fwp%2Fv2%2Fmedia&parent=36156"}],"wp:term":[{"taxonomy":"category","embeddable":true,"href":"http:\/\/www.korhanyilmaz.com\/index.php?rest_route=%2Fwp%2Fv2%2Fcategories&post=36156"},{"taxonomy":"post_tag","embeddable":true,"href":"http:\/\/www.korhanyilmaz.com\/index.php?rest_route=%2Fwp%2Fv2%2Ftags&post=36156"}],"curies":[{"name":"wp","href":"https:\/\/api.w.org\/{rel}","templated":true}]}}