{"id":36152,"date":"2010-03-16T16:41:07","date_gmt":"2010-03-16T14:41:07","guid":{"rendered":"http:\/\/www.korhanyilmaz.com\/?p=20522"},"modified":"2010-03-16T16:41:07","modified_gmt":"2010-03-16T14:41:07","slug":"baykaldan-hukumete-ince-ince-2","status":"publish","type":"post","link":"http:\/\/www.korhanyilmaz.com\/?p=36152","title":{"rendered":"Baykal&#8217;dan h\u00fck\u00fcmete ince ince&#8230;"},"content":{"rendered":"<p><a href=\"http:\/\/www.korhanyilmaz.com\/wp-content\/uploads\/2010\/03\/baykal21.jpg\"  class=\"lightview\"><img loading=\"lazy\" decoding=\"async\" class=\"aligncenter size-full wp-image-20523\" src=\"http:\/\/www.korhanyilmaz.com\/wp-content\/uploads\/2010\/03\/baykal21.jpg\" alt=\"\" width=\"292\" height=\"224\" \/><\/a><\/p>\n<p style=\"text-align: justify;\">CHP Genel Ba\u015fkan\u0131 Deniz Baykal, askerin siyasete m\u00fcdahalesinin de TSK&#8217;ya kar\u015f\u0131 tertiplerin kar\u015f\u0131s\u0131nda da CHP&#8217;nin oldu\u011funu belirterek, &#8220;Silahl\u0131 Kuvvetlerden elinizi \u00e7ekiniz&#8221; dedi. CHP&#8217;li vekillere hitap eden Baykal, AK Parti&#8217;nin iktidardan d\u00fc\u015fmesi durumunda partiyi nas\u0131l hat\u0131rlayaca\u011f\u0131n\u0131 da \u00fc\u00e7 maddede \u00f6zetledi: Deniz Feneri, Habur hukuku, hukuki ve siyasi skandallar&#8230; <!--more--><\/p>\n<p style=\"text-align: justify;\">CHP Genel Ba\u015fkan\u0131 Deniz Baykal, partisinin TBMM grubunda milletvekillerine hitap etti.<\/p>\n<p style=\"text-align: justify;\"><strong>Yarg\u0131 ve Osmanl\u0131&#8217;dan \u00f6rnek:<\/strong><\/p>\n<p style=\"text-align: justify;\">Baykal, \u0130stanbul i\u015fgali s\u0131ras\u0131nda i\u015fgal kuvvetlerinin talimat\u0131, Damat Ferit Pa\u015fa h\u00fck\u00fcmetinin i\u015fbirli\u011fiyle adalet facialar\u0131 ya\u015fand\u0131\u011f\u0131n\u0131 s\u00f6yledi. Bo\u011fazl\u0131yan Kaymakam\u0131 Mehmet Kemal Bey, Diyarbak\u0131r Valisi Mehmet Re\u015fit Bey ve Urfa Mutasarr\u0131f\u0131 Nusret Bey&#8217;in Ermeni olaylar\u0131 ile yarg\u0131lanmalar\u0131na de\u011finen Baykal, \u00fc\u00e7\u00fc hakk\u0131nda idam karar\u0131 verildi\u011fini an\u0131msatt\u0131.<\/p>\n<p style=\"text-align: justify;\">Re\u015fit Bey&#8217;in &#8220;onur intihar\u0131&#8221; yapt\u0131\u011f\u0131n\u0131, Bo\u011fazl\u0131yan kaymakam\u0131n\u0131n \u0130stanbul&#8217;da halk\u0131n g\u00f6z\u00fc \u00f6n\u00fcnde as\u0131ld\u0131\u011f\u0131n\u0131, Nusret Bey&#8217;in de idam edildi\u011fini dile getiren Baykal, &#8220;Damat Ferit&#8217;ten sonraki Tevfik Pa\u015fa h\u00fck\u00fcmeti, Nusret Bey&#8217;in su\u00e7suz yere idam edildi\u011fini karara ba\u011flam\u0131\u015ft\u0131r. Bunun \u00fczerine \u00fc\u00e7\u00fcn\u00fc mahkum eden mahkeme ba\u015fkan\u0131 yarg\u0131lanm\u0131\u015ft\u0131r. Bu mahkeme, Nemrut Mustafa Pa\u015fa mahkemesidir. T\u00fcrkiye bu g\u00fcnlere Nemrut Mustafa pa\u015fa mahkemelerinden ge\u00e7erek geldi. T\u00fcrkiye&#8217;yi, Nemrut Mustafa Pa\u015fa Mahkemelerine kimsenin mahkum etmesi m\u00fcmk\u00fcn de\u011fildir&#8221; dedi.<\/p>\n<p style=\"text-align: justify;\"><strong>Gizli tan\u0131klar:<\/strong><\/p>\n<p style=\"text-align: justify;\">Baykal, &#8220;gizli tan\u0131kl\u0131\u011fa&#8221; ili\u015fkin ele\u015ftirilerini de s\u00fcrd\u00fcrd\u00fc ve &#8220;T\u00fcrkiye Cumhuriyeti&#8217;nde Emevi hukuku, Muaviye hukuku i\u015flemeyecektir&#8221; dedi.<\/p>\n<p style=\"text-align: justify;\">Tutuklamalar\u0131n infaza d\u00f6n\u00fc\u015ft\u00fc\u011f\u00fcn\u00fc, &#8220;h\u00fck\u00fcm i\u00e7ermeyen yarg\u0131l\u0131 infazlar&#8221; ya\u015fand\u0131\u011f\u0131n\u0131, &#8220;iddianame ile infaz&#8221; yap\u0131ld\u0131\u011f\u0131n\u0131 ileri s\u00fcren Baykal, Anayasa Mahkemesi Ba\u015fkan\u0131 Ha\u015fim K\u0131l\u0131\u00e7&#8217;\u0131n konuya ili\u015fkin s\u00f6zlerini an\u0131msatt\u0131.<\/p>\n<p style=\"text-align: justify;\"><strong>Askeri m\u00fcdahale:<\/strong><\/p>\n<p style=\"text-align: justify;\">CHP olarak askeri m\u00fcdahaleler d\u00f6neminde zor \u015fartlardan ge\u00e7tiklerini belirten Baykal, \u201cAskerin siyasete m\u00fcdahalesinin kar\u015f\u0131s\u0131nda en b\u00fcy\u00fck g\u00fcvence Cumhuriyet Halk Partisi&#8217;dir. Bu askeri m\u00fcdahalelerin i\u00e7inden ba\u015f\u0131 dik aln\u0131 ak, onuruyla \u00e7\u0131km\u0131\u015f bir siyasi kadro olarak, a\u00e7\u0131k\u00e7a ifade ediyorum ki, T\u00fcrk Silahl\u0131 Kuvvetleri&#8217;ne kar\u015f\u0131 yap\u0131lacak b\u00fct\u00fcn tertiplerin kar\u015f\u0131s\u0131nda da yine Cumhuriyet Halk Partisi vard\u0131r&#8221; diye konu\u015ftu.<\/p>\n<p style=\"text-align: justify;\">Baykal, &#8220;Bizim askere sayg\u0131m\u0131z vard\u0131r, ama biz diyoruz ki herkes kendi i\u015fini yapacakt\u0131r. Asker askerli\u011fini, siyaset\u00e7i siyasetini yapacakt\u0131r. Bu ilke etraf\u0131nda daima tav\u0131r tak\u0131nd\u0131k&#8221; diye konu\u015ftu.<\/p>\n<p style=\"text-align: justify;\"><strong>Cami ve k\u0131\u015fla:<\/strong><\/p>\n<p style=\"text-align: justify;\">Siyasetin camiye girmesi durumunda, caminin herkesi kavrayan bir anlay\u0131\u015f\u0131n d\u00fcnyas\u0131 olmaktan \u00e7\u0131kaca\u011f\u0131n\u0131, dinin siyasete kayna\u015ft\u0131r\u0131lmas\u0131 durumunda din olmaktan \u00e7\u0131kaca\u011f\u0131n\u0131 ifade eden Baykal, &#8220;parti&#8221; kavram\u0131n\u0131n do\u011fas\u0131 gere\u011fi ayr\u0131\u015ft\u0131rma i\u00e7erdi\u011fine, dinin ise sorgulama i\u00e7ermedi\u011fine i\u015faret etti.<\/p>\n<p style=\"text-align: justify;\"><strong>28 \u015eubat ve Balyoz:<\/strong><\/p>\n<p style=\"text-align: justify;\">28 \u015eubat s\u00fcrecine de de\u011finen CHP lideri, &#8220;Ni\u00e7in herkese bir kulp tak\u0131yorsunuz da 8 y\u0131l \u00f6nce, 10 y\u0131l \u00f6nce yap\u0131ld\u0131\u011f\u0131n\u0131 s\u00f6yledi\u011finiz olaylar\u0131n hesab\u0131n\u0131 soruyorsunuz da 28 \u015eubat olaylar\u0131n\u0131n hesab\u0131n\u0131 sorma gere\u011fini niye duymuyorsunuz. Birilerinin 8-10 y\u0131l \u00f6nce akl\u0131ndan darbe yapmay\u0131 ge\u00e7irmi\u015f olabilece\u011fi iddias\u0131yla en b\u00fcy\u00fck su\u00e7lamalar\u0131 yap\u0131yorsunuz da resmen darbeyi yapm\u0131\u015f, su\u00e7suz insanlar\u0131 asm\u0131\u015f, binlerce insana \u0131st\u0131rap \u00e7ektirmi\u015f olanlardan niye hesap sormuyorsunuz. Tarihin tutanaklar ortada&#8221; dedi.<\/p>\n<p style=\"text-align: justify;\"><strong>Deniz Feneri vurgunu:<\/strong><\/p>\n<p style=\"text-align: justify;\">Deniz Feneri konusunun iktidar\u0131n simgesi haline geldi\u011fini s\u00f6yleyen Baykal, &#8220;Zaman zaman bu iktidar \u00e7ekip gittikten sonra, acaba AKP d\u00f6nemini neyle hat\u0131rlayaca\u011f\u0131z diye kendime soruyorum. Bir, AKP&#8217;yi Deniz Feneriyle di\u011feri de Habur kap\u0131s\u0131ndaki hukuka tecav\u00fcz olay\u0131yla, hukuki ve siyasi skandalla hat\u0131rlayaca\u011f\u0131z&#8221; dedi.<\/p>\n<p style=\"text-align: justify;\">Deniz Baykal, Almanya&#8217;da, ikinci dalga Deniz Feneri soru\u015fturmas\u0131yla ilgili olarak Kanal 7 Y\u00f6netim Kurulu Ba\u015fkan\u0131 Zekeriya Karaman, Reklam ve Pazarlama M\u00fcd\u00fcr\u00fc \u0130smail Karahan, RT\u00dcK \u00fcyesi Zahid Akman ve Deniz Feneri eski y\u00f6neticisi, eski Kanal 7 Muhasebe M\u00fcd\u00fcr\u00fc Harun Kap\u0131yolda\u015f aleyhine haz\u0131rlanan iddianamenin A\u011fustos 2009&#8217;da Frankfurt 29. Ceza Dairesinde dava a\u00e7\u0131lmas\u0131 talebini i\u00e7erdi\u011fini belirtti.<\/p>\n<p style=\"text-align: justify;\">Baykal, Almanya&#8217;n\u0131n, T\u00fcrkiye&#8217;den bu ki\u015filere, mahkeme ilam\u0131n\u0131n tebli\u011f edilmesini istedi\u011fini ancak tebligat\u0131n sadece 1 ki\u015fiye yap\u0131labildi\u011fini s\u00f6yledi.<\/p>\n<p style=\"text-align: justify;\">&#8220;Biz kendimiz gereken \u015fekilde yarg\u0131lam\u0131yoruz, adamlar\u0131n yapacaklar\u0131 yarg\u0131lama i\u00e7in tebligat\u0131 da yapm\u0131yoruz&#8221; diyen Baykal, &#8220;Ni\u00e7in acaba? Bunlar\u0131n imtiyaz\u0131 nedir? Bunlar kimin himayesi alt\u0131ndad\u0131r? Her g\u00fcn sa\u011fa sola caka satan hangi h\u00fck\u00fcmetin, o h\u00fck\u00fcmetin hangi mensubunun, ba\u015fbakan\u0131n m\u0131 yard\u0131mc\u0131s\u0131n\u0131n m\u0131 kimin himayesi alt\u0131ndad\u0131r, adalet bakan\u0131n\u0131n himayesi alt\u0131nda m\u0131d\u0131r? T\u00fcrkiye&#8217;yi bir san\u0131\u011fa tebligat yapmaktan aciz bir \u00fclke konumuna d\u00fc\u015f\u00fcrmenin, sorumlulu\u011funu bunlar nas\u0131l ta\u015f\u0131yorlar?&#8221; sorular\u0131n\u0131 y\u00f6neltti.<\/p>\n<p style=\"text-align: justify;\"><strong>Ayta\u00e7 Durak hakk\u0131ndaki iddialar:<\/strong><\/p>\n<p style=\"text-align: justify;\">Baykal, Adana B\u00fcy\u00fck\u015fehir Belediyesi&#8217;nde ya\u015fanan r\u00fc\u015fvet tart\u0131\u015fmalar\u0131 konusunda da, &#8220;Ba\u015fbakan, Adana B\u00fcy\u00fck\u015fehir Belediye Ba\u015fkan\u0131 soru\u015fturulsun diyor. Adana Belediye Ba\u015fkan\u0131 da soru\u015fturulsun Zahid Akman da sen de ben de soru\u015fturulal\u0131m, hep soru\u015fturulal\u0131m. Niye sadece Adana Belediye Ba\u015fkan\u0131? Sen Akman&#8217;\u0131 niye sakl\u0131yorsun, koruyorsun, gerek\u00e7eni \u00e7\u0131k s\u00f6yle&#8221; ifadesini kulland\u0131.<\/p>\n<p style=\"text-align: justify;\"><strong>Y\u00d6K&#8217;e ele\u015ftiri:<\/strong><\/p>\n<p style=\"text-align: justify;\">Y\u00d6K&#8217;\u00fcn, KKTC hari\u00e7 yurtd\u0131\u015f\u0131nda liselerde okuyanlar\u0131n T\u00fcrkiye&#8217;de s\u0131navs\u0131z \u00fcniversiteye girebilece\u011fine y\u00f6nelik 18 \u015eubat&#8217;ta bir karar ald\u0131\u011f\u0131n\u0131 s\u00f6yleyen Baykal, T\u00fcrkiye&#8217;de okuyanlar\u0131n \u00fcniversiteye giremezken, yurtd\u0131\u015f\u0131ndaki okullardan s\u00fcz\u00fcl\u00fcp gelenlerin b\u00fct\u00fcn \u00fcniversitelere istedi\u011fi gibi girebilece\u011fi ele\u015ftirisinde bulundu.<\/p>\n<p style=\"text-align: justify;\"><strong>Futbolda \u015fiddet:<\/strong><\/p>\n<p style=\"text-align: justify;\">Futbol Federasyonunun, hakemlerin, sporcular\u0131n, seyircilerin, tuza\u011fa d\u00fc\u015fmemesi \u00e7a\u011fr\u0131s\u0131nda bulunan Baykal, &#8220;Yanl\u0131\u015f yapanlar hakk\u0131nda gereken kararlar al\u0131n\u0131r. Ama bir tasfiye sonucu ortaya koyacak, \u00fcz\u00fcnt\u00fc verici k\u0131r\u0131lganl\u0131klara yol a\u00e7acak geli\u015fmeler umar\u0131m ortaya \u00e7\u0131kmaz. Diyarbak\u0131rspor y\u00f6neticilerine de \u00e7ok b\u00fcy\u00fck g\u00f6rev d\u00fc\u015f\u00fcyor. Kendi aram\u0131zda futbol ma\u00e7\u0131 yapamaz hale d\u00fc\u015fmemeliyiz&#8221; dedi.<\/p>\n<p style=\"text-align: justify;\"><strong>Enerji \u00fcretim tesislerinin sat\u0131\u015f\u0131:<\/strong><\/p>\n<p style=\"text-align: justify;\">H\u00fck\u00fcmetin kaynak yaratmak i\u00e7in enerji \u00fcretim tesislerini satma haz\u0131rl\u0131\u011f\u0131 i\u00e7inde oldu\u011funu s\u00f6yleyen Baykal, bunu paras\u0131z kald\u0131\u011f\u0131nda e\u015finin bileziklerini satan adama benzetti.<\/p>\n<p style=\"text-align: justify;\">Baykal, &#8220;Elde avu\u00e7ta ne kadar enerji \u00fcretim tesisi varsa, hidrolik ve termik santrallar onlar\u0131n 3&#8217;de birin sat\u0131lmas\u0131 i\u00e7in 9 paket halinde haz\u0131rl\u0131klar\u0131n yap\u0131ld\u0131\u011f\u0131n\u0131 ve \u00f6n\u00fcm\u00fczdeki g\u00fcnlerde bu do\u011frultuda harekete ge\u00e7ilece\u011fini g\u00f6r\u00fcyoruz&#8221; dedi.<\/p>\n<p style=\"text-align: justify;\">Baykal, &#8220;Bunlar sat\u0131ld\u0131\u011f\u0131 zaman ne olacak? Bunlar zarar eden tesisler de\u011fil. Elektrik \u00fcreten tesisler, T\u00fcrkiye&#8217;nin can damar\u0131 bunlar. Sanayimizin, ekonomimizin \u015fah damar\u0131 bunlar. Her birisi \u00fcretiyor ve \u00fcretti\u011finden dolay\u0131 da T\u00fcrkiye kar ediyor. Bunlar zarar eden kurulu\u015flar de\u011fil&#8221; diye konu\u015ftu.<\/p>\n<p style=\"text-align: justify;\">H\u00fck\u00fcmetin &#8220;alt\u0131n yumurtlayan tavuklar\u0131&#8221; satmaya \u00e7al\u0131\u015ft\u0131\u011f\u0131 de\u011ferlendirmesini yapan Baykal, &#8220;Hem bunu yapacaks\u0131n hem de Cumhuriyet tarihi boyunca al\u0131n teriyle, emekle \u00fcretilmi\u015f o tesisleri ger\u00e7ekle\u015ftiren insanlara &#8216;ta\u015f ta\u015f \u00fcst\u00fcne koymad\u0131lar&#8217; diye hakaret edeceksin, ondan sonra da onlar\u0131n eserleriyle a\u00e7\u0131k kapatacaks\u0131n&#8221; diye konu\u015ftu.<\/p>\n<p style=\"text-align: justify;\">Sat\u0131\u015flar i\u00e7in &#8220;talan&#8221; nitelendirmesi yapan Baykal, tesislerin sat\u0131\u015f\u0131ndan 10-15 milyar dolar elde edilebilece\u011fini, bunun da kal\u0131c\u0131 bir \u00e7\u00f6z\u00fcm de\u011fil, g\u00fcn\u00fc kurtarma giri\u015fimi oldu\u011funu savundu.<\/p>\n<p style=\"text-align: justify;\"><strong>Maa\u015f zamm\u0131:<\/strong><\/p>\n<p style=\"text-align: justify;\">H\u00fck\u00fcmetin memurlara verdi\u011fi y\u0131ll\u0131k zamm\u0131n ancak enflasyonun Ocak ve \u015eubat aylar\u0131ndaki art\u0131\u015f\u0131n\u0131 kar\u015f\u0131layacak nitelikte oldu\u011funu kaydeden Baykal, &#8220;Memur art\u0131k cebinden yeme\u011fe ba\u015flam\u0131\u015ft\u0131r&#8221; dedi. Emeklilerin ve toplumun di\u011fer kesimlerinin de ayn\u0131 durumda oldu\u011funu ifade eden Baykal, kazan\u0131lan haklar\u0131n bile \u00f6denmedi\u011fini ileri s\u00fcrd\u00fc. Baykal, &#8220;\u00d6yle zannediyorum ki \u00f6n\u00fcm\u00fczdeki se\u00e7imlerde bu iktidar bu emeklilerden hak etti\u011fi silleyi yiyecektir&#8221; diye konu\u015ftu.<\/p>\n<p style=\"text-align: justify;\"><span style=\"color: #888888;\">CNN T\u00dcRK<\/span><\/p>\n","protected":false},"excerpt":{"rendered":"<\/p>\n<p style=\"text-align: justify;\">CHP Genel Ba\u015fkan\u0131 Deniz Baykal, askerin siyasete m\u00fcdahalesinin de TSK&#8217;ya kar\u015f\u0131 tertiplerin kar\u015f\u0131s\u0131nda da CHP&#8217;nin oldu\u011funu belirterek, &#8220;Silahl\u0131 Kuvvetlerden elinizi \u00e7ekiniz&#8221; dedi. CHP&#8217;li vekillere hitap eden Baykal, AK Parti&#8217;nin iktidardan d\u00fc\u015fmesi durumunda partiyi nas\u0131l hat\u0131rlayaca\u011f\u0131n\u0131 da \u00fc\u00e7 maddede \u00f6zetledi: Deniz Feneri, Habur hukuku, hukuki ve siyasi skandallar&#8230; <\/p>\n","protected":false},"author":1,"featured_media":0,"comment_status":"open","ping_status":"closed","sticky":false,"template":"","format":"standard","meta":{"footnotes":""},"categories":[105],"tags":[],"class_list":["post-36152","post","type-post","status-publish","format-standard","hentry","category-gundem","odd"],"_links":{"self":[{"href":"http:\/\/www.korhanyilmaz.com\/index.php?rest_route=\/wp\/v2\/posts\/36152","targetHints":{"allow":["GET"]}}],"collection":[{"href":"http:\/\/www.korhanyilmaz.com\/index.php?rest_route=\/wp\/v2\/posts"}],"about":[{"href":"http:\/\/www.korhanyilmaz.com\/index.php?rest_route=\/wp\/v2\/types\/post"}],"author":[{"embeddable":true,"href":"http:\/\/www.korhanyilmaz.com\/index.php?rest_route=\/wp\/v2\/users\/1"}],"replies":[{"embeddable":true,"href":"http:\/\/www.korhanyilmaz.com\/index.php?rest_route=%2Fwp%2Fv2%2Fcomments&post=36152"}],"version-history":[{"count":0,"href":"http:\/\/www.korhanyilmaz.com\/index.php?rest_route=\/wp\/v2\/posts\/36152\/revisions"}],"wp:attachment":[{"href":"http:\/\/www.korhanyilmaz.com\/index.php?rest_route=%2Fwp%2Fv2%2Fmedia&parent=36152"}],"wp:term":[{"taxonomy":"category","embeddable":true,"href":"http:\/\/www.korhanyilmaz.com\/index.php?rest_route=%2Fwp%2Fv2%2Fcategories&post=36152"},{"taxonomy":"post_tag","embeddable":true,"href":"http:\/\/www.korhanyilmaz.com\/index.php?rest_route=%2Fwp%2Fv2%2Ftags&post=36152"}],"curies":[{"name":"wp","href":"https:\/\/api.w.org\/{rel}","templated":true}]}}