{"id":36151,"date":"2010-03-16T09:23:43","date_gmt":"2010-03-16T07:23:43","guid":{"rendered":"http:\/\/www.korhanyilmaz.com\/?p=20518"},"modified":"2010-03-16T09:23:43","modified_gmt":"2010-03-16T07:23:43","slug":"basbugdan-carpici-aciklamalar-2-2","status":"publish","type":"post","link":"http:\/\/www.korhanyilmaz.com\/?p=36151","title":{"rendered":"Ba\u015fbu\u011f&#8217;dan \u00e7arp\u0131\u00e7\u0131 a\u00e7\u0131klamalar"},"content":{"rendered":"<p><a href=\"http:\/\/www.korhanyilmaz.com\/wp-content\/uploads\/2010\/03\/basbug1.jpg\"  class=\"lightview\"><img loading=\"lazy\" decoding=\"async\" class=\"aligncenter size-full wp-image-20519\" src=\"http:\/\/www.korhanyilmaz.com\/wp-content\/uploads\/2010\/03\/basbug1.jpg\" alt=\"\" width=\"292\" height=\"194\" \/><\/a><\/p>\n<p style=\"text-align: justify;\">Genelkurmay Ba\u015fkan\u0131 Orgeneral \u0130lker Ba\u015fbu\u011f, &#8220;\u0130stifa ederek kimseyi sevindirmeye niyetimiz yok. Son dakikas\u0131na kadar g\u00f6revimin ba\u015f\u0131nday\u0131m&#8221; dedi.<\/p>\n<p style=\"text-align: justify;\">Orgeneral Ba\u015fbu\u011f, K\u00fcresel Ter\u00f6rizm ve Uluslaras\u0131 \u0130\u015fbirli\u011fi Sempozyumunun Merkez Orduevinde yap\u0131lan resepsiyonunda gazetecilerin sorular\u0131n\u0131 yan\u0131tlad\u0131. <!--more--><\/p>\n<p style=\"text-align: justify;\">Bir gazetecinin &#8220;G\u00fcvenlik g\u00fc\u00e7lerimizden bahsederken polise d\u00f6rt kez vurgu yapt\u0131n\u0131z. Bunu \u015fikayet mi, ayr\u0131 ayr\u0131 \u015feyler olarak m\u0131 de\u011ferlendirmek laz\u0131m&#8221; sorusu \u00fczerine Orgeneral Ba\u015fbu\u011f, her kurumda hata yapanlar olabilece\u011fini s\u00f6yledi.<\/p>\n<p style=\"text-align: justify;\">Bir gazetecinin kendisinin \u00c7ankaya K\u00f6\u015fk\u00fcndeki \u00fc\u00e7l\u00fc zirvede \u0130rtica ile M\u00fccadele Eylem Plan\u0131 iddialar\u0131na ilgili belgenin haz\u0131rlanm\u0131\u015f oldu\u011funu s\u00f6yledi\u011fi y\u00f6n\u00fcnde spek\u00fclasyonlar\u0131n bulundu\u011funu hat\u0131rlatmas\u0131 \u00fczerine Orgeneral Ba\u015fbu\u011f, &#8220;Hay\u0131r, hay\u0131r&#8221; yan\u0131t\u0131n\u0131 verdi.<\/p>\n<p style=\"text-align: justify;\">Orgeneral Ba\u015fbu\u011f, Askeri Ceza Kanunu&#8217;nun 95. maddesinin ast-\u00fcst ili\u015fkilerini zedelemeye ili\u015fkin oldu\u011funa dikkati \u00e7ekerek, &#8220;Verdi\u011finiz beyanatlar, konu\u015fmalar vesaire e\u011fer bu Silahl\u0131 Kuvvetler&#8217;deki ast-\u00fcst ili\u015fkilerini zedelemeye y\u00f6nelik olursa kovu\u015fturma a\u00e7\u0131labilir&#8221; diye konu\u015ftu.<\/p>\n<p style=\"text-align: justify;\">Bir gazetecinin &#8220;O zaman \u00e7ok ki\u015fi hakk\u0131nda kovu\u015fturma a\u00e7\u0131labilir&#8221; demesi \u00fczerine Orgeneral Ba\u015fbu\u011f, &#8220;Mahkeme karar verir, ben bilmem&#8221; dedi.<\/p>\n<p style=\"text-align: justify;\">Genelkurmay Ba\u015fkan\u0131 Orgeneral Ba\u015fbu\u011f, &#8220;Benim emekli personele kar\u015f\u0131 da sorumlulu\u011fum var, muvazzafa kar\u015f\u0131 da sorumlulu\u011fum var, yani askersiniz 15 ya\u015f\u0131ndan beri. Emekli personele, muvazzaflara kar\u015f\u0131 sorumlulu\u011fumuz var, aileleri var. &#8216;Emekli personelle muvazzaf\u0131 ay\u0131raca\u011f\u0131z&#8217; b\u00f6yle bir \u015fey olmaz. &#8216;Muvazzaf personel i\u00e7inde s\u0131n\u0131f ayr\u0131m\u0131 yapaca\u011f\u0131z&#8217; b\u00f6yle bir \u015fey olmaz, &#8216;G\u00f6rev ayr\u0131m\u0131 yapaca\u011f\u0131z&#8217; b\u00f6yle bir \u015fey olmaz. E\u011fer bunu siz ima ederseniz siz 95&#8217;e girersiniz&#8221; diye konu\u015ftu.<\/p>\n<p style=\"text-align: justify;\"><strong>&#8220;Homurtu var m\u0131?&#8221; <\/strong><\/p>\n<p style=\"text-align: justify;\">Orgeneral Ba\u015fbu\u011f, 95. Madde&#8217;nin kapsam\u0131 ile ilgili benzer sorular \u00fczerine verilen beyanlar\u0131n ast-\u00fcst ili\u015fkilerini zedelememesi gerekti\u011fini yineledi.<\/p>\n<p style=\"text-align: justify;\">Bir gazetecinin &#8220;A\u015fa\u011f\u0131dan bir \u015fey var m\u0131? Homurtu&#8221; \u015feklindeki sorusuna &#8220;Madem sordunuz bir yerde de s\u00f6yledim. \u015eimdi de s\u00f6yleyeyim. Tabii ben kendi d\u00f6nemimle ilgili&#8230; Belki baz\u0131 a\u00e7\u0131lardan Silahl\u0131 Kuvvetler olarak tabii zor bir d\u00f6nemden ge\u00e7iyoruz, bunlar tart\u0131\u015fmas\u0131z. Ama madem sordunuz iftiharla s\u00f6yl\u00fcyorum Silahl\u0131 Kuvvetler&#8217;in en disiplinli oldu\u011fu d\u00f6nem de bu d\u00f6nem. Silahl\u0131 Kuvvetler&#8217;in en disiplinli oldu\u011fu, birlik b\u00fct\u00fcnl\u00fck i\u00e7inde oldu\u011fu d\u00f6nem de bu d\u00f6nem&#8221; yan\u0131t\u0131n\u0131 verdi.<\/p>\n<p style=\"text-align: justify;\">Bir gazetecinin &#8220;A\u015fa\u011f\u0131dan, &#8216;Ne oluyoruz? Nereye gidiyoruz&#8217; \u015feklinde bir soru gelmiyor mu?&#8221; \u015feklindeki sorusu \u00fczerine Orgeneral Ba\u015fbu\u011f, en \u00e7ok \u00fczerinde durdu\u011fu konunun ileti\u015fim oldu\u011funu belirtti.<\/p>\n<p style=\"text-align: justify;\">Disiplinin ve TSK&#8217;n\u0131n kendi b\u00fcnyesi i\u00e7indeki ileti\u015fimin \u00f6nemli oldu\u011funu ifade eden Orgeneral Ba\u015fbu\u011f, Malatya&#8217;da, Ankara&#8217;da ve \u0130stanbul&#8217;da toplant\u0131lar yapt\u0131\u011f\u0131n\u0131, her gitti\u011fi yerde personeli toplayarak g\u00f6r\u00fc\u015ft\u00fc\u011f\u00fcn\u00fc anlatt\u0131.<\/p>\n<p style=\"text-align: justify;\">Orgeneral Ba\u015fbu\u011f, &#8220;En son gitti\u011fimde G\u00f6lc\u00fck&#8217;te hepsini toplad\u0131k, subay, astsubay. Bu \u00f6nemli tabii. Herkes g\u00f6revini yapacak. TSK&#8217;da gen\u00e7lerle de konu\u015fuyoruz, uzman\u0131 da oluyor, astsubay\u0131 da oluyor, te\u011fmeni de oluyor. Soruyoruz da. Ama te\u011fmen, te\u011fmenlik g\u00f6revini \u00fcstlenecek. Te\u011fmen kalk\u0131p da Genelkurmay Ba\u015fkan\u0131&#8217;n\u0131n ilgilendi\u011fi konulara dipten giremez. Ona ben m\u00fcsaade etmem, o olmaz&#8221; diye konu\u015ftu.<\/p>\n<p style=\"text-align: justify;\"><strong>&#8220;G\u00f6revim bittikten sonra elbet gidece\u011fim&#8221; <\/strong><\/p>\n<p style=\"text-align: justify;\">&#8220;(30 A\u011fustos gelsin de bir an \u00f6nce \u015fu i\u015f bitsin) diyor musunuz?&#8221; \u015feklindeki soru \u00fczerine Orgeneral Ba\u015fbu\u011f, &#8220;G\u00f6revimin bitece\u011fi son g\u00fcn, son dakikaya kadar, on y\u0131l, yirmi y\u0131l varm\u0131\u015f gibi ben son dakikaya kadar g\u00f6revimi en iyi \u015fekilde yapmaya gayret ediyorum. G\u00f6revim bittikten sonra elbette gidece\u011fim&#8221; yan\u0131t\u0131n\u0131 verdi.<\/p>\n<p style=\"text-align: justify;\">D\u00f6nemleri birbiriyle k\u0131yaslaman\u0131n yanl\u0131\u015f oldu\u011funu da ifade eden Orgeneral Ba\u015fbu\u011f, her d\u00f6nemin kendine g\u00f6re zorluklar\u0131 bulundu\u011funu vurgulayarak, &#8220;O d\u00f6nemi bizzat direkt birinci sorumlu olarak ya\u015famad\u0131ktan sonra, ba\u015fka d\u00f6nemlerle mukayese etmek fevkalade yanl\u0131\u015f&#8221; dedi.<\/p>\n<p style=\"text-align: justify;\">Orgeneral Ba\u015fbu\u011f, kendisinin g\u00f6revi 26 A\u011fustos&#8217;ta devrald\u0131\u011f\u0131n\u0131 belirterek, &#8220;Karargaha ilk verdi\u011fim emir \u015fudur: &#8217;25 A\u011fustos&#8217;la 26 A\u011fustos&#8217;u sak\u0131n bana mukayese etmeyin.&#8217; Ba\u015flang\u0131\u00e7 noktam\u0131z 26 A\u011fustos. Prensibim bu. Harp Okulu&#8217;nda da s\u00f6yledi\u011fim \u015fudur, &#8216;Her zaman kararl\u0131 olacaks\u0131n\u0131z. Azimli olacaks\u0131n\u0131z. \u00dcmitli olacaks\u0131n\u0131z.&#8217; E\u011fer kararl\u0131l\u0131kta teredd\u00fct\u00fcn\u00fcz varsa, \u00fcmitsizli\u011fe yava\u015f yava\u015f d\u00fc\u015f\u00fcyorsan\u0131z o zaman bulundu\u011funuz yeri i\u015fgal etmeyin&#8221; diye konu\u015ftu.<\/p>\n<p style=\"text-align: justify;\"><strong>Ankara&#8217;daki bomba y\u00fckl\u00fc kamyon <\/strong><\/p>\n<p style=\"text-align: justify;\">Bir gazetecinin, &#8220;Birka\u00e7 kez kurumlararas\u0131 \u00e7at\u0131\u015fmadan duydu\u011funuz endi\u015feyi dile getirdiniz. Keza Ba\u015fbakan, Cumhurba\u015fkan\u0131 ayn\u0131 \u015fekilde. Son olarak kamyon ihbar\u0131ndaki ifadelere bak\u0131ld\u0131\u011f\u0131 zaman, ki o ihbar ciddiye al\u0131nd\u0131\u011f\u0131 i\u00e7in tepki g\u00f6sterdiniz&#8230;&#8221; \u015feklindeki ifadeleri \u00fczerine Orgeneral Ba\u015fbu\u011f, gazetecilere ihbar e-mail&#8217;ini okuyup okumad\u0131klar\u0131n\u0131 sordu.<\/p>\n<p style=\"text-align: justify;\">Baz\u0131 gazetecilerin okuduklar\u0131n\u0131 belirtmesi \u00fczerine Orgeneral Ba\u015fbu\u011f  &#8220;(Bombalar Nevruz&#8217;da kullan\u0131lacak) diyor. &#8216;Mu\u015f&#8217;da kullan\u0131lacak, G\u00fcneydo\u011fu&#8217;da kullan\u0131lacak&#8217; diyor. Beni tepki vermeye zorluyorsunuz. Orada \u00e7izilen senaryo, hakikaten b\u0131rak\u0131n askerleri siz bile kabul ediyorsan\u0131z. B\u00f6yle bir senaryo var diye. Bittik o zaman. Cidden, olur mu \u00f6yle \u015fey&#8221; dedi.<\/p>\n<p style=\"text-align: justify;\">Bir gazetecinin, &#8220;Sizin yay\u0131nlad\u0131\u011f\u0131n\u0131z bir emir var. Polisle herhangi bir\u015fey olmamas\u0131 y\u00f6n\u00fcnde. O konudaki hassasiyetiniz sonu\u00e7 verdi. Ama bu y\u00f6ndeki \u00e7abalar\u0131n devam edece\u011fi y\u00f6n\u00fcndeki endi\u015feniz ne noktada?&#8221; \u015feklindeki sorusu \u00fczerine Orgeneral Ba\u015fbu\u011f, &#8220;Umar\u0131m herkes gerekli olan mesaj\u0131 ve ikaz\u0131 alm\u0131\u015ft\u0131r. B\u00f6yle bir\u015fey olmaz. Ald\u0131\u011f\u0131n\u0131 zannediyorum ben&#8221; diye konu\u015ftu.<\/p>\n<p style=\"text-align: justify;\"><strong>Kozmik oda belgeleri <\/strong><\/p>\n<p style=\"text-align: justify;\">&#8220;Kozmik odadaki belgeleri incelemek i\u00e7in Ankara Cumhuriyet Ba\u015fsavc\u0131l\u0131\u011f\u0131ndan bir talebiniz oldu mu?&#8221; sorusunu yan\u0131tlarken Orgeneral Ba\u015fbu\u011f, &#8220;Kozmik odadaki belgelerin ne oldu\u011funu biz biliyoruz. Kozmik oda veya neyse i\u015fte orada hangi belgeler oldu\u011funu biz biliyoruz. Biz hepsini biliyoruz&#8221; diye konu\u015ftu.<\/p>\n<p style=\"text-align: justify;\">Avukatlar\u0131n belgelere ula\u015fmad\u0131\u011f\u0131n\u0131n belirtilmesi \u00fczerine Orgeneral Ba\u015fbu\u011f, &#8220;Gayet do\u011fal. Savc\u0131 ne yap\u0131yor? \u0130ddianamesini haz\u0131rl\u0131yor. Soru\u015fturma nedir? Gizlidir. \u0130ddianame \u00e7\u0131ks\u0131n bakal\u0131m. Bekliyoruz. Biz daha \u00f6nce bunu a\u00e7\u0131klad\u0131k, bu olayla ilgili olarak. Ne var ne yok. \u00c7\u00fcnk\u00fc bizim i\u00e7imizde oldu bu olay. Orada bizim soraca\u011f\u0131m\u0131z hi\u00e7 bir\u015fey yok&#8221; cevab\u0131n\u0131 verdi.<\/p>\n<p style=\"text-align: justify;\"><strong>Profesyonel ordu <\/strong><\/p>\n<p style=\"text-align: justify;\">Orgeneral Ba\u015fbu\u011f, verdikleri s\u00f6zleri hep tuttuklar\u0131n\u0131 ifade ederek, TSK \u00fcniformas\u0131n\u0131 1957 y\u0131l\u0131nda askeri liseye girdi\u011finden bu yana 53 y\u0131ld\u0131r giydi\u011fini s\u00f6yledi. Subayl\u0131\u011fa 1962 y\u0131l\u0131nda terfi etti\u011fini ve fiili hizmet olarak 48 y\u0131ld\u0131r g\u00f6rev yapt\u0131\u011f\u0131n\u0131 anlatan Orgeneral Ba\u015fbu\u011f, bunun bir rekor oldu\u011funu belirtti.<\/p>\n<p style=\"text-align: justify;\">Orgeneral Ba\u015fbu\u011f, \u015f\u00f6yle devam etti: &#8220;Bak\u0131n isterseniz bir aray\u0131n, yok. 47 var, 46 var. Niye bunu, rakam\u0131 s\u00f6yl\u00fcyorum; 53 y\u0131l\u0131n da arkas\u0131nday\u0131m, 48 y\u0131l\u0131n da arkas\u0131nday\u0131m. S\u00f6z verdik, s\u00f6ylediklerimizin arkas\u0131nday\u0131m. Ne dedim ge\u00e7en iki sene evvel &#8216;Komando tugaylar\u0131n\u0131 profesyonel yapaca\u011f\u0131z.&#8217; Toplam 6 tugay zaten. T\u00fcrk ordusunun tamam\u0131n\u0131 profesyonel yaparsan\u0131z maa\u015f\u0131n\u0131z kalmaz, yapamazs\u0131n\u0131z, m\u00fcmk\u00fcn de\u011fil. Ne dedik, &#8216;6 komando tugay\u0131n\u0131 profesyonel yapaca\u011f\u0131z&#8217; dedik. Bunu s\u00f6yledik, deklare ettik. E\u011firdir&#8217;de s\u00f6yledik. \u015eu an neredeyiz? \u015e\u0131rnak Ak\u00e7ay&#8217;da tugay\u0131m\u0131z var. \u00c7ak\u0131rs\u00f6\u011f\u00fct&#8217;te Jandarma Komando Tugay\u0131m\u0131z var. \u015eu anda bir jandarma komando tugay\u0131m\u0131z y\u00fczde 100 profesyonel. Geriye kald\u0131 5 tugay\u0131m\u0131z. Bunlar da bug\u00fcn itibar\u0131yla y\u00fczde 88 profesyonel oldu. \u00dcmit ediyorum ki Temmuzda bu projeyi tamamlayaca\u011f\u0131z. Di\u011fer 5&#8217;ini de tamamlayaca\u011f\u0131z.&#8221;<\/p>\n<p style=\"text-align: justify;\">&#8220;Tugaylar\u0131n profesyonelle\u015fmesi ter\u00f6rle m\u00fccadelede nas\u0131l bir etki yaratacak?&#8221; sorusuna Orgeneral Ba\u015fbu\u011f, &#8220;\u00d6nemli. Ben her zaman s\u00f6yl\u00fcyorum Mehmet\u00e7i\u011fin motivasyonunu profesyonelde bulamazs\u0131n\u0131z. Bu ger\u00e7ek. Bizim Mehmet\u00e7ik ba\u015fka. Mehmet\u00e7ik geliyor motivasyonu muazzam. S\u00f6ylememe gerek var m\u0131? Bu m\u00fccadelede s\u00fcreklilik de tecr\u00fcbe de \u00e7ok \u00f6nemli. Dolay\u0131s\u0131yla bu projeyi s\u00f6z verdik bitiriyoruz&#8221; yan\u0131t\u0131n\u0131 verdi.<\/p>\n<p style=\"text-align: justify;\"><strong>Ter\u00f6rle m\u00fccadele <\/strong><\/p>\n<p style=\"text-align: justify;\">Bir gazetecinin, &#8220;Ter\u00f6r eylemlerinde bir azalma g\u00f6r\u00fcl\u00fcyor. Bunu nas\u0131l de\u011ferlendiriyorsunuz?&#8221; sorusunu Orgeneral Ba\u015fbu\u011f, &#8220;Bu asl\u0131nda normal bir s\u00fcre\u00e7tir. K\u0131\u015f d\u00f6nemi biraz daha sakindir. Mart, Nisan bak\u0131n eski d\u00f6nemlerde de bu normal, rutin s\u00fcre\u00e7 diyelim&#8221; diye yan\u0131tlad\u0131.<\/p>\n<p style=\"text-align: justify;\">Orgeneral Ba\u015fbu\u011f, &#8220;B\u00fct\u00fcn bu iti\u015f kak\u0131\u015flar iktidarla cephedeki ter\u00f6rle m\u00fccadele eden askeri olumsuz y\u00f6nde etkiliyor mu?&#8221; sorusu \u00fczerine \u015f\u00f6yle konu\u015ftu: &#8220;Bak\u0131n hep ayn\u0131 suali soruyorsunuz. Benim prensiplerimde b\u00f6l\u00fck komutan\u0131, b\u00f6l\u00fck komutanl\u0131\u011f\u0131n\u0131 yapacak, tabur komutan\u0131, tabur komutanl\u0131\u011f\u0131n\u0131, tugay, tugay. Herkesin sorumlulu\u011fu, yetkisi farkl\u0131. Ben hi\u00e7bir zaman b\u00f6l\u00fck komutan\u0131n\u0131n Genelkurmay Ba\u015fkanl\u0131\u011f\u0131 yapmas\u0131n\u0131 kabul etmem. Herkes kendi g\u00f6revini yapacak. Herkes kendi sorumlu\u011funu bilecek. Ama onlar\u0131n bir \u00fcst\u00fc de onlar\u0131 bilgilendirecek. Tabii ki onlar\u0131n da kafas\u0131nda baz\u0131 sualler olacak, onlar\u0131 da bilgilendirmek laz\u0131m.&#8221;<\/p>\n<p style=\"text-align: justify;\"><strong>Sivil iktidar-asker ili\u015fkisi<\/strong><\/p>\n<p style=\"text-align: justify;\">Bir gazetecinin, &#8220;Sivil iktidar asker ili\u015fkisi ne zaman ray\u0131na oturur? Se\u00e7im d\u00f6neminden sonra m\u0131 davalar\u0131n biti\u015finden sonra m\u0131, tahminiz ne?&#8221; sorusunu yan\u0131tlarken Orgeneral Ba\u015fbu\u011f, &#8220;Sivil asker ili\u015fkileri a\u00e7\u0131s\u0131ndan biraz da doktrinel diyelim, kim konu\u015fuyor en a\u00e7\u0131k?&#8221; diye sordu.<\/p>\n<p style=\"text-align: justify;\">Gazetecinin, &#8220;Siz konu\u015fuyorsunuz&#8221; s\u00f6zleri \u00fczerine Orgeneral Ba\u015fbu\u011f, \u015funlar\u0131 kaydetti: &#8220;Ne zaman konu\u015ftuk 14 Nisan 2009. Bizim g\u00f6r\u00fc\u015f\u00fcm\u00fcz o. Devam ediyor, bir farkl\u0131l\u0131k yok. Sivil asker ili\u015fkileriyle ilgili olarak, 14 Nisan 2009&#8217;da Harp Akademilerinde dile getirdik. Belki akademik diyebilirsiniz, belki teorik diyebilirsiniz. 14 Nisan 2009&#8217;da sivil asker ili\u015fkileriyle ilgili olarak ne s\u00f6ylediysem bug\u00fcn de ayn\u0131 noktaday\u0131m. Bir sorun da g\u00f6rm\u00fcyorum, sivil asker ili\u015fkileriyle ilgili olarak.&#8221;<\/p>\n<p style=\"text-align: justify;\"><strong>Ba\u015fbu\u011f &#8220;biz devlet adam\u0131y\u0131z ili\u015fkiler kopmaz&#8221; diye konu\u015ftu. <\/strong><\/p>\n<p style=\"text-align: justify;\">\u0130stifa s\u00f6ylentilerine de &#8220;istifa ederek kimseyi sevindirmeye niyetimiz yok&#8221; diye yan\u0131t veren Ba\u015fbu\u011f, &#8220;son dakikaya kadar g\u00f6revimin ba\u015f\u0131nday\u0131m. Son dakikaya 100 y\u0131l varm\u0131\u015f gibi \u00e7al\u0131\u015faca\u011f\u0131m&#8221; dedi.<\/p>\n<p style=\"text-align: justify;\">G\u00fcndemdeki bir konu da, \u00fcst \u00fcste olayl\u0131 iki ma\u00e7\u0131n ard\u0131dan Diyarbak\u0131rspor&#8217;un durumu. Ba\u015fbu\u011f, &#8220;Diyarbak\u0131rspor&#8217;un Lig&#8217;de kalmas\u0131n\u0131 isteriz&#8221; dedi.<\/p>\n<p style=\"text-align: justify;\"><strong>&#8220;Memnun mu olacaks\u0131n\u0131z istifa edersek?&#8221; <\/strong><\/p>\n<p style=\"text-align: justify;\">Bir gazetecinin, &#8220;(Komutanlar istifa edecek mi?) sorular\u0131 s\u00fcrekli g\u00fcndeme geliyor. Bunu neye ba\u011fl\u0131yorsunuz? Bu sizi rahats\u0131z ediyor mu?&#8221; sorusu \u00fczerine Orgeneral Ba\u015fbu\u011f, &#8220;Memnun mu olacaks\u0131n\u0131z istifa edersek? Hi\u00e7kimseyi memnun etmek gibi bir g\u00f6revimiz yok. Ben ne dedim, &#8216;Ben g\u00f6revimin son dakikas\u0131na kadar ba\u015f\u0131nday\u0131m.&#8217; Ben kendimi te\u011fmen gibi hissediyorum. 50 y\u0131ld\u0131r bu \u00fcniformay\u0131 giyiyorum. Ben k\u0131taya gitti\u011fim zaman te\u011fmenle tart\u0131\u015f\u0131r\u0131m ve kendimi te\u011fmen gibi hissederim. Bug\u00fcn de kendimi te\u011fmen gibi hissediyorum&#8221; diye konu\u015ftu.<\/p>\n<p style=\"text-align: justify;\">Gazetecilere &#8220;te\u011fmen&#8221;in ne demek oldu\u011funu soran Orgeneral Ba\u015fbu\u011f, &#8220;te\u011fmen&#8221; kelimesinin \u00f6z T\u00fcrk\u00e7e oldu\u011funu ve bu ismi Atat\u00fcrk&#8217;\u00fcn koydu\u011funu s\u00f6yledi. Orgeneral Ba\u015fbu\u011f, &#8220;Bazen biz te\u011fmeniz, bazen orgeneraliz. Bazen te\u011fmen olaca\u011f\u0131z, bazen orgeneral olaca\u011f\u0131z. Te\u011fmen olmak gereken zamanlar da var. Te\u011fmen h\u00fccum eden demek. Onun i\u00e7in bazen te\u011fmeniz. Ben te\u011fmenli\u011fi \u00e7ok severim en sevdi\u011fim r\u00fctbedir&#8221; dedi.<\/p>\n<p style=\"text-align: justify;\"><strong>Askerlikle ilgili gazetecilere soru sordu <\/strong><\/p>\n<p style=\"text-align: justify;\">Orgeneral Ba\u015fbu\u011f&#8217;un askerlikle ilgili sordu\u011fu sorulara gazetecilerin yan\u0131t verememesi \u00fczerine, bir gazeteci, &#8220;Komutan\u0131m biz de size gazetecilikle ilgili sorular sorsak bilemezsiniz&#8221; dedi.<\/p>\n<p style=\"text-align: justify;\">Orgeneral Ba\u015fbu\u011f&#8217;un gazetecilere, &#8220;H\u00fccum emrini kim verir&#8221; sorusunu y\u00f6neltmesi ve bir gazetecinin &#8220;Tak\u0131m komutan\u0131&#8221; yan\u0131t\u0131n\u0131 vermesi \u00fczerine Orgeneral Ba\u015fbu\u011f, gazeteciyi tebrik etti. Bir gazetecinin, &#8220;En \u00e7ok keyif ald\u0131\u011f\u0131n\u0131z komuta kademesindeki g\u00f6reviniz hangisi?&#8221; sorusunu Orgeneral Ba\u015fbu\u011f, &#8220;\u015eu an i\u00e7inde bulundu\u011fum atmosfer&#8221; diyerek yan\u0131tlad\u0131.<\/p>\n<p style=\"text-align: justify;\">Medyan\u0131n kamusal bir g\u00f6rev yapt\u0131\u011f\u0131na i\u015faret eden Orgeneral Ba\u015fbu\u011f, &#8220;Bizim sizlere do\u011fruyu s\u00f6ylememiz gerekir. Belki siz arad\u0131\u011f\u0131n\u0131zda biz de olay\u0131 tam bilmiyoruzdur ki? Bug\u00fcn \u0130kinci Ba\u015fkan&#8217;\u0131n askeri sevk\u0131yat yapan kamyonun durdurulmas\u0131yla ilgili s\u00f6zlerini okudunuz mu? Ara\u00e7 ba\u015f\u0131ndaki astsubay \u00e7ocuk &#8216;Bana bir m\u00fcsaade edin komutanlar\u0131ma bilgi vereyim&#8217; diyor&#8230; \u0130n\u015fallah ders olur&#8221; dedi.<\/p>\n<p style=\"text-align: justify;\"><strong>&#8220;Biz devlet adam\u0131y\u0131z&#8221; <\/strong><\/p>\n<p style=\"text-align: justify;\">Bir gazetecinin &#8220;Siyasi iktidar ile asker aras\u0131nda bir uyum vard\u0131 k\u0131r\u0131ld\u0131&#8221; demesi \u00fczerine Orgeneral Ba\u015fbu\u011f, &#8220;Yok hay\u0131r kat\u0131lm\u0131yorum. B\u00f6yle \u015fey olur mu? Kat\u0131lm\u0131yorum. Yanl\u0131\u015f. Do\u011fru bir izlenim de\u011fil. Biz devlet adam\u0131y\u0131z, ben her zaman s\u00f6yledim. Devlet adaml\u0131\u011f\u0131nda devlet adam\u0131 niteli\u011fi olur. Problemleriniz olur konu\u015facaks\u0131n\u0131z, diyalogla \u00e7\u00f6zeceksiniz. Ona kat\u0131lm\u0131yorum&#8221; dedi.<\/p>\n<p style=\"text-align: justify;\">Orgeneral Ba\u015fbu\u011f&#8217;un, &#8220;Erzincan iddianamesini okudunuz mu?&#8221; sorusuna bir gazetecinin &#8220;Y\u00fczeysel okudum&#8221; yan\u0131t\u0131n\u0131 vermesi \u00fczerine Orgeneral Ba\u015fbu\u011f, &#8220;Y\u00fczeysel olmaz. Ama okuyun. Ordu komutan\u0131 ile ilgili b\u00f6l\u00fcm bir sayfa. Onu okuyun. Ondan sonra yorum yap\u0131n. Benim \u00fczerinde durdu\u011fum nokta o&#8221; dedi.<\/p>\n<p style=\"text-align: justify;\"><strong>Ermeni iddialar\u0131 ve tasar\u0131lar\u0131 <\/strong><\/p>\n<p style=\"text-align: justify;\">Bir soru \u00fczerine siyasetle ilgili sorular\u0131 yan\u0131tlamayaca\u011f\u0131n\u0131 belirten Orgeneral Ba\u015fbu\u011f, bir gazetecinin &#8220;S\u00f6zde soyk\u0131r\u0131m ile ilgili Ermeni tasar\u0131lar\u0131n\u0131n baz\u0131 \u00fclkelerce kabul edilmesini tehdit olarak alg\u0131l\u0131yor musunuz?&#8221; sorusu \u00fczerine, &#8220;Ciddi bir konu. Devletimizin ilgili kurumlar\u0131 ba\u015fta D\u0131\u015fi\u015fleri, tabii bu konuyla ilgilendiklerini de\u011ferlendiriyorum. Ciddi bir konu&#8221; dedi.<\/p>\n<p style=\"text-align: justify;\">&#8220;\u00c7ok zor bir d\u00f6nemde g\u00f6rev yapt\u0131\u011f\u0131n\u0131z\u0131 d\u00fc\u015f\u00fcn\u00fcyor musunuz?&#8221; \u015feklindeki soru \u00fczerine de Orgeneral Ba\u015fbu\u011f, &#8220;Zor d\u00f6nemlerde g\u00f6rev yapmak daha onurlu. Her d\u00f6nem zordur. Ben, &#8216;Bu d\u00f6nem zordur&#8217; demek istemem. Her d\u00f6nemin kendisine g\u00f6re zorluklar\u0131 var&#8221; yan\u0131t\u0131n\u0131 verdi.<\/p>\n<p style=\"text-align: justify;\"><span style=\"color: #888888;\">CNN T\u00dcRK<\/span><\/p>\n","protected":false},"excerpt":{"rendered":"<\/p>\n<p style=\"text-align: justify;\">Genelkurmay Ba\u015fkan\u0131 Orgeneral \u0130lker Ba\u015fbu\u011f, &#8220;\u0130stifa ederek kimseyi sevindirmeye niyetimiz yok. Son dakikas\u0131na kadar g\u00f6revimin ba\u015f\u0131nday\u0131m&#8221; dedi.<\/p>\n<p style=\"text-align: justify;\">Orgeneral Ba\u015fbu\u011f, K\u00fcresel Ter\u00f6rizm ve Uluslaras\u0131 \u0130\u015fbirli\u011fi Sempozyumunun Merkez Orduevinde yap\u0131lan resepsiyonunda gazetecilerin sorular\u0131n\u0131 yan\u0131tlad\u0131. <\/p>\n","protected":false},"author":1,"featured_media":0,"comment_status":"open","ping_status":"closed","sticky":false,"template":"","format":"standard","meta":{"footnotes":""},"categories":[105],"tags":[],"class_list":["post-36151","post","type-post","status-publish","format-standard","hentry","category-gundem","odd"],"_links":{"self":[{"href":"http:\/\/www.korhanyilmaz.com\/index.php?rest_route=\/wp\/v2\/posts\/36151","targetHints":{"allow":["GET"]}}],"collection":[{"href":"http:\/\/www.korhanyilmaz.com\/index.php?rest_route=\/wp\/v2\/posts"}],"about":[{"href":"http:\/\/www.korhanyilmaz.com\/index.php?rest_route=\/wp\/v2\/types\/post"}],"author":[{"embeddable":true,"href":"http:\/\/www.korhanyilmaz.com\/index.php?rest_route=\/wp\/v2\/users\/1"}],"replies":[{"embeddable":true,"href":"http:\/\/www.korhanyilmaz.com\/index.php?rest_route=%2Fwp%2Fv2%2Fcomments&post=36151"}],"version-history":[{"count":0,"href":"http:\/\/www.korhanyilmaz.com\/index.php?rest_route=\/wp\/v2\/posts\/36151\/revisions"}],"wp:attachment":[{"href":"http:\/\/www.korhanyilmaz.com\/index.php?rest_route=%2Fwp%2Fv2%2Fmedia&parent=36151"}],"wp:term":[{"taxonomy":"category","embeddable":true,"href":"http:\/\/www.korhanyilmaz.com\/index.php?rest_route=%2Fwp%2Fv2%2Fcategories&post=36151"},{"taxonomy":"post_tag","embeddable":true,"href":"http:\/\/www.korhanyilmaz.com\/index.php?rest_route=%2Fwp%2Fv2%2Ftags&post=36151"}],"curies":[{"name":"wp","href":"https:\/\/api.w.org\/{rel}","templated":true}]}}