{"id":36150,"date":"2010-03-16T10:20:41","date_gmt":"2010-03-16T08:20:41","guid":{"rendered":"http:\/\/www.korhanyilmaz.com\/?p=20515"},"modified":"2010-03-16T10:20:41","modified_gmt":"2010-03-16T08:20:41","slug":"geliyorum-diyen-cinayette-polislere-odul-2","status":"publish","type":"post","link":"http:\/\/www.korhanyilmaz.com\/?p=36150","title":{"rendered":"&#8216;Geliyorum&#8217; diyen cinayette polislere \u00f6d\u00fcl!"},"content":{"rendered":"<p><a href=\"http:\/\/www.korhanyilmaz.com\/wp-content\/uploads\/2010\/03\/saadet.jpg\"  class=\"lightview\"><img loading=\"lazy\" decoding=\"async\" class=\"aligncenter size-full wp-image-20516\" src=\"http:\/\/www.korhanyilmaz.com\/wp-content\/uploads\/2010\/03\/saadet.jpg\" alt=\"\" width=\"292\" height=\"194\" \/><\/a><\/p>\n<p style=\"text-align: justify;\">Daha \u00f6nce defalarca su\u00e7 duyurusunda ve \u015fikayette bulunmas\u0131na ra\u011fmen Ardahan&#8217;\u0131n G\u00f6le il\u00e7esinde sat\u0131rla \u00f6ld\u00fcr\u00fclen 24 ya\u015f\u0131ndaki Saadet \u00f6\u011fretmenin katil zanl\u0131s\u0131n\u0131 yakalayan polisler \u00f6d\u00fcllendirildi.<\/p>\n<p style=\"text-align: justify;\">Merkez Anaokulu&#8217;nda \u00f6\u011fretmen olan 24 ya\u015f\u0131ndaki Saadet Ulus kendisini bir s\u00fcredir takip eden 44 ya\u015f\u0131ndaki Yal\u00e7\u0131n Algan&#8217;\u0131n sat\u0131rl\u0131 sald\u0131r\u0131s\u0131na u\u011fram\u0131\u015ft\u0131. <!--more--><\/p>\n<p style=\"text-align: justify;\">Ulus, 6 y\u0131ld\u0131r cinayete te\u015febb\u00fcsten aranan Yal\u00e7\u0131n Algan&#8217;\u0131n kendisini rahats\u0131z etmesi nedeniyle Denizli&#8217;de ve \u0130stanbul&#8217;da savc\u0131l\u0131\u011fa su\u00e7 duyurusunda bulunmas\u0131na, G\u00f6le&#8217;de de defalarca \u015fikayet etmesine ra\u011fmen korunamam\u0131\u015ft\u0131.<\/p>\n<p style=\"text-align: justify;\">Bunca uyar\u0131ya ra\u011fmen cinayet engellenemedi.<\/p>\n<p style=\"text-align: justify;\">Fakat gen\u00e7 \u00f6\u011fretmenin katil zanl\u0131s\u0131n\u0131 45 dakikada yakalayan polisler, &#8220;su\u00e7luyu k\u0131sa s\u00fcrede yakalama ba\u015far\u0131s\u0131&#8221; g\u00f6sterdikleri i\u00e7in birer takdirname ve Cumhuriyet alt\u0131n\u0131yla \u00f6d\u00fcllendirildi.<\/p>\n<p style=\"text-align: justify;\">Ardahan Valisi Mustafa Tekmen, &#8220;Arkada\u015flar\u0131m\u0131z takdiri hak etti. Bu emniyetimizin ba\u015far\u0131l\u0131 bir \u015fekilde \u00e7al\u0131\u015ft\u0131\u011f\u0131n\u0131 g\u00f6sterir&#8221; dedi.<\/p>\n<p style=\"text-align: justify;\"><span style=\"color: #888888;\">Vatan<\/span><\/p>\n","protected":false},"excerpt":{"rendered":"<\/p>\n<p style=\"text-align: justify;\">Daha \u00f6nce defalarca su\u00e7 duyurusunda ve \u015fikayette bulunmas\u0131na ra\u011fmen Ardahan&#8217;\u0131n G\u00f6le il\u00e7esinde sat\u0131rla \u00f6ld\u00fcr\u00fclen 24 ya\u015f\u0131ndaki Saadet \u00f6\u011fretmenin katil zanl\u0131s\u0131n\u0131 yakalayan polisler \u00f6d\u00fcllendirildi.<\/p>\n<p style=\"text-align: justify;\">Merkez Anaokulu&#8217;nda \u00f6\u011fretmen olan 24 ya\u015f\u0131ndaki Saadet Ulus kendisini bir s\u00fcredir takip eden 44 ya\u015f\u0131ndaki Yal\u00e7\u0131n Algan&#8217;\u0131n sat\u0131rl\u0131 sald\u0131r\u0131s\u0131na u\u011fram\u0131\u015ft\u0131. <\/p>\n","protected":false},"author":1,"featured_media":0,"comment_status":"open","ping_status":"closed","sticky":false,"template":"","format":"standard","meta":{"footnotes":""},"categories":[105],"tags":[],"class_list":["post-36150","post","type-post","status-publish","format-standard","hentry","category-gundem","odd"],"_links":{"self":[{"href":"http:\/\/www.korhanyilmaz.com\/index.php?rest_route=\/wp\/v2\/posts\/36150","targetHints":{"allow":["GET"]}}],"collection":[{"href":"http:\/\/www.korhanyilmaz.com\/index.php?rest_route=\/wp\/v2\/posts"}],"about":[{"href":"http:\/\/www.korhanyilmaz.com\/index.php?rest_route=\/wp\/v2\/types\/post"}],"author":[{"embeddable":true,"href":"http:\/\/www.korhanyilmaz.com\/index.php?rest_route=\/wp\/v2\/users\/1"}],"replies":[{"embeddable":true,"href":"http:\/\/www.korhanyilmaz.com\/index.php?rest_route=%2Fwp%2Fv2%2Fcomments&post=36150"}],"version-history":[{"count":0,"href":"http:\/\/www.korhanyilmaz.com\/index.php?rest_route=\/wp\/v2\/posts\/36150\/revisions"}],"wp:attachment":[{"href":"http:\/\/www.korhanyilmaz.com\/index.php?rest_route=%2Fwp%2Fv2%2Fmedia&parent=36150"}],"wp:term":[{"taxonomy":"category","embeddable":true,"href":"http:\/\/www.korhanyilmaz.com\/index.php?rest_route=%2Fwp%2Fv2%2Fcategories&post=36150"},{"taxonomy":"post_tag","embeddable":true,"href":"http:\/\/www.korhanyilmaz.com\/index.php?rest_route=%2Fwp%2Fv2%2Ftags&post=36150"}],"curies":[{"name":"wp","href":"https:\/\/api.w.org\/{rel}","templated":true}]}}