{"id":36149,"date":"2010-03-14T17:05:44","date_gmt":"2010-03-14T15:05:44","guid":{"rendered":"http:\/\/www.korhanyilmaz.com\/?p=20510"},"modified":"2010-03-14T17:05:44","modified_gmt":"2010-03-14T15:05:44","slug":"baykal-siyasetle-kisla-ayrilmali-2","status":"publish","type":"post","link":"http:\/\/www.korhanyilmaz.com\/?p=36149","title":{"rendered":"Baykal: &#8220;Siyasetle k\u0131\u015fla ayr\u0131lmal\u0131&#8221;"},"content":{"rendered":"<p style=\"text-align: center;\"><a href=\"http:\/\/www.korhanyilmaz.com\/wp-content\/uploads\/2010\/03\/BAYKAL3.jpg\"  class=\"lightview\"><img loading=\"lazy\" decoding=\"async\" class=\"aligncenter size-full wp-image-20511\" src=\"http:\/\/www.korhanyilmaz.com\/wp-content\/uploads\/2010\/03\/BAYKAL3.jpg\" alt=\"\" width=\"307\" height=\"236\" \/><\/a><\/p>\n<p style=\"text-align: justify;\">CHP lideri Deniz Baykal, &#8220;Siyasetle k\u0131\u015fla ayr\u0131lmal\u0131&#8221; dedi. Partisinin Erzurum \u0130l Kongresi&#8217;nde konu\u015fan Deniz Baykal, &#8220;E\u011fer siyasetle ordu ili\u015fkisi \u00e7\u0131\u011fr\u0131ndan \u00e7\u0131karsa, Balkan Sava\u015f\u0131&#8217;nda ba\u015f\u0131m\u0131za gelenler olur&#8221; dedi. Baykal, siyasetin cami ve k\u0131\u015flan\u0131n yan\u0131 s\u0131ra, mahkemeye de girmemesi gerekti\u011fini savundu.<!--more--><\/p>\n<p style=\"text-align: justify;\">Baykal, partisinin il kongresine kat\u0131lmak i\u00e7in geldi\u011fi Erzurum Havaliman\u0131&#8217;nda, partililer taraf\u0131ndan kar\u015f\u0131land\u0131.<\/p>\n<p style=\"text-align: justify;\">Ard\u0131ndan kongrenin yap\u0131ld\u0131\u011f\u0131 salona ge\u00e7en Baykal, burada yapt\u0131\u011f\u0131 konu\u015fmada, g\u00fcndemle ilgili konular\u0131 de\u011ferlendirerek, AK Parti h\u00fck\u00fcmetini ele\u015ftirdi.<\/p>\n<p style=\"text-align: justify;\">Deniz Baykal, T\u00fcrkiye&#8217;de art\u0131k bir de\u011fi\u015fim, yenile\u015fme ve taze ba\u015flang\u0131\u00e7 zaman\u0131n\u0131n geldi\u011fini belirterek, \u015funlar\u0131 kaydetti: &#8220;T\u00fcrkiye&#8217;de 8 y\u0131ld\u0131r bir siyasi parti iktidarda. D\u00fcnyan\u0131n en uygun d\u00f6neminde iktidarda. B\u00fct\u00fcn \u00fclkelerin b\u00fcy\u00fck kalk\u0131nma yapt\u0131\u011f\u0131, h\u0131zl\u0131 ilerlemeler ger\u00e7ekle\u015ftirdi\u011fi, refaha ula\u015ft\u0131\u011f\u0131, sorunlar\u0131n \u00e7\u00f6z\u00fcld\u00fc\u011f\u00fc bir b\u00fcy\u00fck bar\u0131\u015f, kalk\u0131nma ve zenginlik d\u00f6nemi ya\u015fand\u0131. 2002&#8217;den ba\u015flay\u0131p 2008&#8217;e kadar ge\u00e7en d\u00f6nem d\u00fcnyan\u0131n en \u00f6nemli ilerleme ve kalk\u0131nma d\u00f6nemlerinden birisi olmu\u015ftur. B\u00fct\u00fcn \u00fclkeler bunu de\u011ferlendirdi. Hat\u0131rlars\u0131n\u0131z Arjantin vard\u0131. 2001&#8217;de biz o krizi ya\u015farken, insanlar bankalara ve marketlere sald\u0131r\u0131yordu. Ekonomisi iflas etmi\u015fti.<\/p>\n<p style=\"text-align: justify;\">\u015eimdi Arjantin o Arjantin de\u011fil. Kalk\u0131nd\u0131, toparland\u0131, b\u00fcy\u00fck ilerleme ve refah art\u0131\u015f\u0131 ger\u00e7ekle\u015ftirdi. Brezilya \u015fimdi d\u00fcnyan\u0131n en h\u0131zl\u0131 b\u00fcy\u00fcyen \u00fclkelerinden birisi oldu. Hindistan bir yoksullar \u00fclkesiydi. \u015eimdi ABD&#8217;den daha h\u0131zl\u0131 kalk\u0131n\u0131r hale geldi. Bize benzer bizim konumumuzda olan b\u00fct\u00fcn \u00fclkeler \u00e7ok b\u00fcy\u00fck ilerlemeler yapt\u0131lar. T\u00fcrkiye de bu 8 y\u0131l\u0131 bir tek parti iktidar\u0131yla ge\u00e7irdi. \u015eimdi ellerinizi vicdan\u0131n\u0131za koyunuz da s\u00f6yleyiniz? T\u00fcrkiye bu 8 y\u0131lda hak etti\u011fi \u015fekilde kalk\u0131nd\u0131, zenginle\u015fti diyebilir miyiz?&#8221;<\/p>\n<p style=\"text-align: justify;\">AK Parti h\u00fck\u00fcmetinin T\u00fcrkiye Cumhuriyeti tarihinin gelmi\u015f ge\u00e7mi\u015f h\u00fck\u00fcmetlerinin kulland\u0131\u011f\u0131 paran\u0131n \u00e7ok daha fazlas\u0131n\u0131 8 y\u0131lda kulland\u0131\u011f\u0131n\u0131 \u00f6ne s\u00fcren Baykal, s\u00f6zlerini \u015f\u00f6yle s\u00fcrd\u00fcrd\u00fc: &#8220;80 y\u0131lda T\u00fcrkiye&#8217;nin kulland\u0131\u011f\u0131ndan fazla paray\u0131, iki kat\u0131ndan fazla paray\u0131 bu iktidar sadece 8 y\u0131lda harcam\u0131\u015ft\u0131r. Yani Cumhuriyet d\u00f6neminde kullan\u0131lan kayna\u011f\u0131n iki kat\u0131ndan fazlas\u0131 bu iktidar zaman\u0131nda kullan\u0131lm\u0131\u015ft\u0131r. Ayr\u0131ca ge\u00e7mi\u015f h\u00fck\u00fcmetler hep T\u00fcrkiye&#8217;ye bir \u015feyler kazand\u0131rmaya \u00e7al\u0131\u015ft\u0131lar. Fabrika yapt\u0131lar. Yat\u0131r\u0131m yapt\u0131lar, i\u015f yerleri a\u00e7t\u0131lar. \u00dcniversiteler a\u00e7t\u0131lar. Bunlar ne yapt\u0131? Bunlar elde avu\u00e7ta ne varsa satt\u0131lar. Yapmay\u0131 b\u0131rak\u0131n haz\u0131r varolan\u0131 satt\u0131lar. 80 y\u0131lda yap\u0131lan\u0131, 8 y\u0131lda satt\u0131lar. T\u00fcrkiye&#8217;de izlenen politikalar Erzurum&#8217;u da Anadolu&#8217;nun k\u00f6k\u00fcn\u00fc olu\u015fturan kentlerimizi maalesef boynu b\u00fck\u00fck hale itmi\u015ftir. Ma\u011fdur etmi\u015ftir. T\u00fcrkiye bu geride b\u0131rakt\u0131\u011f\u0131m\u0131z 8 y\u0131ll\u0131k d\u00f6nemi iyi de\u011ferlendiremedi. T\u00fcrkiye&#8217;de ekonomi k\u00fc\u00e7\u00fclmeye ba\u015flad\u0131. B\u00fcy\u00fcme d\u00f6nemi bitti. Daralma ve k\u00fc\u00e7\u00fclme d\u00f6nemi ba\u015flad\u0131.&#8221;<\/p>\n<p style=\"text-align: justify;\"><strong>\u0130\u015fsizlik <\/strong><\/p>\n<p style=\"text-align: justify;\">CHP Genel Ba\u015fkan\u0131 Baykal, T\u00fcrkiye&#8217;deki i\u015fsizlik konusuna da de\u011finerek, &#8220;\u0130\u015fsiz say\u0131s\u0131 T\u00fcrkiye&#8217;de patlad\u0131. D\u00fcnyada en fazla i\u015fsizi olan \u00fclke haline geldi&#8221; dedi.<\/p>\n<p style=\"text-align: justify;\">&#8220;ABD, T\u00fcrkiye kadar k\u00fc\u00e7\u00fclmedi. \u0130\u015fsizlik orada T\u00fcrkiye&#8217;deki gibi de\u011fil&#8221; diyen Baykal, \u015f\u00f6yle devam etti: &#8220;\u0130\u015fsizlik patlad\u0131. \u0130ktidar i\u015fsizlik nereden patlad\u0131 bunun bile fark\u0131nda de\u011fil. \u0130\u015fsizli\u011fi durdurmak istiyorsan \u00f6nce yat\u0131r\u0131m yapacaks\u0131n. Tar\u0131ma, besicili\u011fe sahip \u00e7\u0131kacaks\u0131n. Tar\u0131m, i\u015fsizli\u011fi emen bir s\u00fcnger gibidir. E\u011fer \u00fclkede i\u015fsizlik varsa, \u00fclkede tar\u0131ma destek olacaks\u0131n. Sen tar\u0131ma deste\u011fi kesersen, tar\u0131m gerilerse i\u015fte o zaman i\u015fsizlik artar. Tar\u0131ma sahip \u00e7\u0131kacaks\u0131n, tar\u0131ma sahip \u00e7\u0131kman\u0131n yolu da bellidir. \u015eimdi birileri \u00e7\u0131kt\u0131 hayvan ithalat\u0131 yapal\u0131m diyorlar.<\/p>\n<p style=\"text-align: justify;\">Sen T\u00fcrkiye&#8217;de hayvanc\u0131l\u0131\u011f\u0131 desteklemeyi ak\u0131l etmeyeceksin, sonra fiyatlar artt\u0131 diye d\u0131\u015far\u0131dan ithalat yapacaks\u0131n. B\u00f6yle \u015fey olur mu? Hayvanc\u0131l\u0131\u011f\u0131 destekle. \u015eimdi bir destek projesi yapt\u0131lar. Diyorlar ki 50 ba\u015f hayvan\u0131 olana destek verece\u011fiz. 50 b\u00fcy\u00fckba\u015f hayvan. Bu olacak i\u015f de\u011fil. Bu g\u00f6stermelik. Hayvanc\u0131l\u0131\u011f\u0131 destekliyorum demek i\u00e7in bunu ilan etmi\u015fler ama uygulamas\u0131 yok. Ka\u00e7 ki\u015fi 50 ba\u015f\u0131n \u00fcst\u00fcnde besicilik yapacak. B\u00fcrokrasiyle u\u011fra\u015facak. Biz, CHP iktidar\u0131nda hayvanc\u0131l\u0131\u011fa deste\u011fi 10 b\u00fcy\u00fckba\u015f hayvana indirece\u011fiz.&#8221;<\/p>\n<p style=\"text-align: justify;\">Baykal, her \u015feyin ithal edilerek, tar\u0131m\u0131n bitirilerek, memleketin refaha ula\u015ft\u0131r\u0131lamayaca\u011f\u0131n\u0131 ifade ederek, \u015funlar\u0131 s\u00f6yledi: &#8220;Bor\u00e7 parayla bu i\u015fler d\u00f6ner mi? Bu politika yanl\u0131\u015f. Sak\u0131n yan\u0131lma. Bu yanl\u0131\u015f politikaya sak\u0131n destek olma. Bu memleketin evlatlar\u0131 bu memleketin \u015fartlar\u0131n\u0131n gerektirdi\u011fi kalk\u0131nma politikalar\u0131n\u0131 koyabilir. Birbirimize destek olabiliriz. El ele verebiliriz hayvanc\u0131l\u0131\u011f\u0131 da tar\u0131m\u0131 da kalk\u0131nd\u0131rabiliriz. T\u00fcrkiye&#8217;de milyonlarca insan s\u0131k\u0131nt\u0131n\u0131n i\u00e7erisinde ama bu s\u0131k\u0131nt\u0131y\u0131 ya\u015famayanlar da var. \u0130ktidar mensuplar\u0131, iktidara yak\u0131n olanlar, iktidar\u0131n aile mensuplar\u0131 onlar bu s\u0131k\u0131nt\u0131y\u0131 ya\u015f\u0131yorlar m\u0131? Onlar kredi kart\u0131 bor\u00e7lar\u0131n\u0131 ferdi kredi borcunu \u00f6deyemeyenler aras\u0131nda m\u0131? De\u011fil.&#8221;<\/p>\n<p style=\"text-align: justify;\"><strong>&#8220;T\u00fcrkiye&#8217;de ekonomi \u00e7\u00f6kt\u00fc, iflas etti&#8221; <\/strong><\/p>\n<p style=\"text-align: justify;\">Baykal, AK Parti h\u00fck\u00fcmetini ele\u015ftirerek, &#8220;Biz milli ve manevi de\u011ferlere sayg\u0131l\u0131y\u0131z. Bizim haramda g\u00f6z\u00fcm\u00fcz yok. Yetim hakk\u0131 yemeyiz. Biz, d\u00fcr\u00fcst, ahlakl\u0131, ba\u015fkalar\u0131na sayg\u0131l\u0131, m\u00fctevaz\u0131 bir ya\u015fam\u0131 benimsedik. \u00d6yle ya\u015fayaca\u011f\u0131z diyorlard\u0131 de\u011fil mi? Parayla, pulla, haramla, ihaleyle bir i\u015fimiz yok diyorlard\u0131 de\u011fil mi? Elinizi vicdan\u0131n\u0131za koyun s\u00f6yleyin, bunlar\u0131n yola \u00e7\u0131karken s\u00f6yledi\u011fi maneviyata \u00f6nem veren, d\u00fcr\u00fcstl\u00fc\u011fe, eme\u011fe, al\u0131n terine \u00f6nem veren, helali, yetim hakk\u0131n\u0131 bilen bir anlay\u0131\u015fla i\u015f ba\u015f\u0131nda olduklar\u0131n\u0131 s\u00f6yleyebilir misiniz?&#8221; diye sordu.<\/p>\n<p style=\"text-align: justify;\">&#8220;T\u00fcrkiye&#8217;de ekonomi \u00e7\u00f6kt\u00fc iflas etti ama bunlar da manevi iflas ya\u015fad\u0131&#8221; diyen Baykal, s\u00f6zlerini \u015f\u00f6yle s\u00fcrd\u00fcrd\u00fc: &#8220;Bunlar da manevi olarak de\u011ferleri, hayat tarzlar\u0131, anlay\u0131\u015flar\u0131 bak\u0131m\u0131ndan ciddi bir iflas ya\u015fam\u0131\u015flard\u0131r. \u015eimdi bak\u0131yorsunuz \u00e7ift\u00e7i peri\u015fan. Peki Ziraat Bankas\u0131 ne durumda. \u00c7ift\u00e7i peri\u015fan durumda Ziraat Bankas\u0131 cumhuriyet tarihinin rekorunu k\u0131r\u0131yor. 3.5 milyar kazan\u00e7ta. Ziraat Bankas\u0131 kazan\u00e7ta. Erzurum k\u00f6yl\u00fcs\u00fcn\u00fcn boynu b\u00fck\u00fck. B\u00f6yle bir \u015feyi normal saymak m\u00fcmk\u00fcn m\u00fc.<\/p>\n<p style=\"text-align: justify;\">Ekonomi y\u00fczde 6 k\u00fc\u00e7\u00fcld\u00fc. \u0130\u015fsiz say\u0131s\u0131 katlad\u0131. B\u00fct\u00fcn bankalar karda. Yani bug\u00fcn izlenen ekonomi politikas\u0131n\u0131n \u00f6z\u00fc i\u015fte bu yanl\u0131\u015fta yat\u0131yor. \u0130n\u015fallah bir CHP iktidar\u0131nda hem bankalar kazanacak, hem de Erzurum&#8217;un k\u00f6yl\u00fcs\u00fc, \u00e7ift\u00e7isi kazanacak. Kalk\u0131nma bir b\u00fct\u00fcn olursa anlam ta\u015f\u0131r. Millet de kalk\u0131nacak. Bankalar da kalk\u0131nacak. E\u011fer bankalar\u0131n kalk\u0131nmas\u0131 milletin zarar\u0131na oluyorsa i\u015fte orada bir yanl\u0131\u015f vard\u0131r. Kalk\u0131nma birle\u015ftirecek, b\u00fct\u00fcnle\u015ftirecek. Ayr\u0131\u015ft\u0131rmayacak.&#8221;<\/p>\n<p style=\"text-align: justify;\">CHP Genel Ba\u015fkan\u0131 Baykal, T\u00fcrkiye&#8217;de yoksul insan say\u0131s\u0131n\u0131n artmas\u0131yla birlikte milyarder say\u0131s\u0131nda da art\u0131\u015f ya\u015fand\u0131\u011f\u0131na dikkat \u00e7ekerek, &#8220;D\u00fcnyada en h\u0131zl\u0131 milyarder say\u0131s\u0131 artan \u00fclkelerden birisi T\u00fcrkiye. T\u00fcrkiye&#8217;de yoksul say\u0131s\u0131 da ayn\u0131 \u015fekilde patl\u0131yor. Bu yanl\u0131\u015f. \u0130\u015fte CHP&#8217;nin politikas\u0131, milletle kalk\u0131nma politikas\u0131d\u0131r. Bu politikan\u0131n do\u011fru uygulanabilmesi i\u00e7in de kalk\u0131nmay\u0131 tavandan bankalardan de\u011fil, tabandan milletten k\u00f6yl\u00fcden \u00e7ift\u00e7iden ba\u015flatmakt\u0131r&#8221; diye konu\u015ftu.<\/p>\n<p style=\"text-align: justify;\"><strong>Yolsuzlukla m\u00fccadale <\/strong><\/p>\n<p style=\"text-align: justify;\">Deniz Baykal, yolsuzlukla m\u00fccadeleye de de\u011finerek, &#8220;T\u00fcrkiye&#8217;de yolsuzlukla m\u00fccadele ne boyutta, iyi gidiyor mu? Bak\u0131n TEKEL g\u00fcndeme geldi. TEKEL&#8217;in bir tesisini 292 milyon dolara satt\u0131lar. Sat\u0131n alan k\u0131sa bir s\u00fcre sonra 900 milyon dolara devretti. Devlet ki\u015fiye satt\u0131. Ki\u015fi Amerikal\u0131&#8217;ya satt\u0131. Aradaki fark, devletin milletin kazanc\u0131 olmaktan \u00e7\u0131kt\u0131. 292 milyon dolar neresi, 900 milyon dolar neresi&#8221; dedi.<\/p>\n<p style=\"text-align: justify;\">&#8220;Telekom var, biliyorsunuz, L\u00fcbnanl\u0131 Hariri&#8217;ye sat\u0131ld\u0131. \u00d6yle bir fiyata sat\u0131ld\u0131 ki alan, taksidi y\u0131ll\u0131k kar\u0131yla \u00f6d\u00fcyor. \u00dcst\u00fcn\u00fc de cebine at\u0131yor&#8221; diyen Baykal, \u015funlar\u0131 s\u00f6yledi: &#8220;\u00dcstelik bunlar Telekom&#8217;u satt\u0131ktan sonra kurumlar vergisini 3&#8217;te bir indirdiler. 100 milyonlarca lira bu. Yani eskinin ifadesiyle trilyonlarca lira. Yani ne oldu bunlar kimin cebine gitti. Bunlar Hariri&#8217;nin mi cebine gitti? Yoksa T\u00fcrkiye&#8217;de birilerinin mi cebine gitti? B\u00fct\u00fcn bunlar ne zaman ortaya \u00e7\u0131kacak biliyor musunuz? Erzurumlu CHP&#8217;ye oy verecek. CHP iktidara gelecek ve i\u015fte o zaman b\u00fct\u00fcn bunlar\u0131n hesab\u0131n\u0131 hep beraber soraca\u011f\u0131z.<\/p>\n<p style=\"text-align: justify;\">Deniz Feneri olay\u0131n\u0131 biliyorsunuz. Almanlar bunu yarg\u0131lad\u0131lar h\u00fckme ba\u011flad\u0131lar. Bize de yaz\u0131 yazd\u0131lar. &#8216;Siz de eleba\u015flar\u0131&#8217; dediler. \u0130simlerini verdiler. Bizde hala bir \u015fey yok. Adamlar iddianame yazd\u0131lar. Yarg\u0131lama yapt\u0131lar. H\u00fck\u00fcm verdiler. Mahkum ettiler. Neredeyse san\u0131klar cezas\u0131n\u0131 \u00e7ekip \u00e7\u0131kacak. Biz hala iddianame bile haz\u0131rlamad\u0131k. Nedir bunlar\u0131n imtiyaz\u0131. E\u011fer onlar CHP&#8217;li olsayd\u0131 onlar iktidara muhalif olsalard\u0131 b\u00f6yle olur muydu? Bize yak\u0131\u015fmaz tabi. Bizim insanlar\u0131m\u0131z b\u00f6yle yolsuzluklar yapmaz yapamaz. B\u00fct\u00fcn bunlar iyi mi do\u011fru mu milletin hayr\u0131na m\u0131?&#8221;<\/p>\n<p style=\"text-align: justify;\"><strong>Anayasa ve hukuk d\u00fczeni <\/strong><\/p>\n<p style=\"text-align: justify;\">Baykal, T\u00fcrkiye&#8217;nin bir anayasa ve hukuk d\u00fczeninin bulundu\u011funu belirterek, bu d\u00fczenin T\u00fcrkiye Cumhuriyeti&#8217;nin ba\u011f\u0131ms\u0131z devlet olgusuyla birlikte \u015fekillendi\u011fini s\u00f6yledi.<\/p>\n<p style=\"text-align: justify;\">Mustafa Kemal Atat\u00fcrk&#8217;\u00fcn, T\u00fcrkiye&#8217;yi ba\u011f\u0131ms\u0131z bir devlet olarak kurarken bu temel anlay\u0131\u015flara sahip \u00e7\u0131kt\u0131\u011f\u0131n\u0131 ifade eden Baykal, \u015f\u00f6yle devam etti: &#8220;\u015eimdi bu anlay\u0131\u015flar do\u011frultusunda d\u00fc\u015f\u00fcn\u00fcn bizim kutsal sayaca\u011f\u0131m\u0131z, temel ilkeler var nedir o; bir, din siyasete kar\u0131\u015fmamal\u0131d\u0131r, din ve siyaset birbirinden ayr\u0131\u015ft\u0131r\u0131lmal\u0131d\u0131r. Din sizin kutsal inanc\u0131n\u0131z. Dinimizin bizim i\u00e7in b\u00fcy\u00fck de\u011feri var.<\/p>\n<p style=\"text-align: justify;\">Din kimli\u011fimizin ayr\u0131lmaz bir par\u00e7as\u0131d\u0131r. Bu kimli\u011fimizi siyasetin bir par\u00e7as\u0131 haline getirmeyelim. Caminin i\u00e7erisine siyaseti sokmayal\u0131m. Dinde iman esast\u0131r. \u0130taat esast\u0131r. Teslimiyet esast\u0131r. Allah&#8217;\u0131n birli\u011fi esast\u0131r. \u015eirk ko\u015fmak yoktur. Siyasette iman ve itaat mi esas, sorgulama m\u0131 esas. Yani (sen niye b\u00f6yle yap\u0131yorsun arkada\u015f) demek, (kimin \u00e7\u0131kar\u0131na \u00e7al\u0131\u015f\u0131yorsun sen) demek siyasetin gere\u011fi de\u011fil mi?. Siyasetle dini ay\u0131rmak laz\u0131m. Bu konuda bu g\u00fcnk\u00fc iktidar\u0131n ciddi hatalar\u0131 var. Cami ve siyaset ayr\u0131lmal\u0131. T\u00fcrkiye&#8217;nin s\u0131k\u0131nt\u0131s\u0131 buradan kaynaklan\u0131yor.&#8221;<\/p>\n<p style=\"text-align: justify;\">Baykal, ikinci temel ilkenin ise siyasetle k\u0131\u015flan\u0131n ayr\u0131lmas\u0131 oldu\u011funa de\u011finerek, &#8220;K\u0131\u015flaya siyaset sokmayaca\u011f\u0131z. Askerlik ayr\u0131 siyaset ayr\u0131. Hi\u00e7bir siyasi anlay\u0131\u015f siyasi kuvvetleri kendi anlay\u0131\u015f\u0131na \u00e7ekmeye y\u00f6nelmemelidir. E\u011fer siyasetle ordu ili\u015fkisi \u00e7\u0131\u011fr\u0131ndan \u00e7\u0131karsa, Allah muhafaza Balkan sava\u015f\u0131nda ba\u015f\u0131m\u0131za gelenler olur. Bu konuda siyaset\u00e7ilere \u00e7ok b\u00fcy\u00fck bir g\u00f6rev d\u00fc\u015f\u00fcyor&#8221; diye konu\u015ftu.<\/p>\n<p style=\"text-align: justify;\">CHP Genel Ba\u015fkan\u0131 Baykal, \u00fc\u00e7\u00fcnc\u00fc hassas olunmas\u0131 gereken noktan\u0131n ise siyaset-mahkeme ili\u015fkisi oldu\u011funu ifade ederek, \u015funlar\u0131 kaydetti: &#8220;Siyaset mahkemeye de girmemelidir. E\u011fer mahkemeye \u015fu veya bu bi\u00e7imde siyaseti sokarsak, bunun ac\u0131s\u0131n\u0131 hepimiz birlikte \u00e7ekeriz. Yani mahkemeye \u00e7\u0131karken hi\u00e7birimizin akl\u0131ndan acaba bu hakim hangi partiden diye bir soru gelmemelidir. Hakimlerle ilgili su\u00e7lamalar yapmaya ba\u015flarsan, kendine g\u00f6re mahkeme kurmaya ba\u015flarsan, bana yak\u0131n hakim, sana yak\u0131n diye hakimleri mahkemelerin ba\u015f\u0131na getirmeye kalkarsan ve ba\u015far\u0131rsan.<\/p>\n<p style=\"text-align: justify;\">Din-siyaset, ordu-siyaset ili\u015fkisinde yapt\u0131\u011f\u0131n yanl\u0131\u015f\u0131, hukuk-siyaset ili\u015fkisinde de yapars\u0131n. Bunun da \u00e7ok a\u011f\u0131r bedeli olur. Sen h\u00fck\u00fcmetli\u011fini yapacaks\u0131n mahkeme mahkemeli\u011fini yapacak. Habur&#8217;da ne oldu hat\u0131rlay\u0131n. Habur&#8217;da PKK&#8217;l\u0131 ter\u00f6ristler T\u00fcrkiye&#8217;ye gelecekmi\u015f konu\u015fmu\u015flar pazarl\u0131\u011f\u0131n\u0131 yapm\u0131\u015flar. Geldiler sonra PKK&#8217;l\u0131lar \u00fczerlerinde PKK&#8217;l\u0131 k\u0131yafeti ellerinde afi\u015fler, pankartlar, Apo posterleri bir de mektup. &#8216;Geldik&#8217; dediler. Peki sen PKK&#8217;dan ayr\u0131ld\u0131n m\u0131? &#8216;Hay\u0131r ayr\u0131lmad\u0131m&#8217;. Peki pi\u015fman oldun mu? &#8216;Hay\u0131r olmad\u0131m ben PKK&#8217;l\u0131y\u0131m&#8217;. \u00d6calan&#8217;\u0131n talimat\u0131yla geliyoruz&#8217; dediler. Peki dedi devletin yetkilileri. Kim o yetkililer? Ba\u015fbakan\u0131n g\u00f6nderdi\u011fi M\u0130T m\u00fcste\u015far\u0131, ba\u015fbakan\u0131n g\u00f6nderdi\u011fi emniyet genel m\u00fcd\u00fcr\u00fc, Adalet Bakanl\u0131\u011f\u0131&#8217;n\u0131n m\u00fcste\u015far\u0131, memleketin savc\u0131lar\u0131 ve hakimleri.<\/p>\n<p style=\"text-align: justify;\">Cumhuriyet tarihi boyunca san\u0131\u011f\u0131n aya\u011f\u0131na gitmi\u015f bir mahkemeyi hat\u0131rlayan\u0131n\u0131z var m\u0131? Nice san\u0131klar geldi ge\u00e7ti. Hi\u00e7bir zaman bir mahkeme san\u0131\u011f\u0131n aya\u011f\u0131na gitmedi. Ne oldu seyyar mahkeme kuruldu \u00e7ad\u0131r mahkemesi kuruldu. \u00c7ad\u0131r mahkemesi olur mu \u00e7ad\u0131r tiyatrosu olur ama \u00e7ad\u0131r mahkemesi olur mu? \u00c7ad\u0131r mahkemesi oldurttu. Kim oldurttu? Dan\u0131\u015ftay m\u0131? Yarg\u0131tay m\u0131? HSYK m\u0131? Kim oldurttu kim?&#8221;<\/p>\n<p style=\"text-align: justify;\">&#8220;H\u00fck\u00fcmet senin ne i\u015fin var karde\u015fim hukukun i\u00e7inde PKK&#8217;l\u0131y\u0131 himaye edece\u011fim diye hukukun \u0131rz\u0131na ge\u00e7meye senin ne hakk\u0131n var&#8221; diyen CHP Genel Ba\u015fkan\u0131 Baykal, \u015funlar\u0131 s\u00f6yledi: &#8220;\u015eimdi bunu ya\u015fad\u0131k. Bu bir ger\u00e7ek. \u015eimdi diyorlar ki Habur yetmiyor. Anayasa Mahkemesi&#8217;ni de Hakimler Savc\u0131lar Y\u00fcksek Kurulu&#8217;nu da biz tayin edelim. Meclis&#8217;te se\u00e7im yapal\u0131m. Anayasa Mahkemesi&#8217;ne kimin \u00fcye olaca\u011f\u0131n\u0131 biz kararla\u015ft\u0131ral\u0131m. Ya da hakimleri y\u00f6neten en y\u00fcksek organa, HSYK&#8217;ya biz hakim tayin edelim. Kim se\u00e7ilsin? Milletvekili. Bug\u00fcn parlamentoda 550 milletvekili var.<\/p>\n<p style=\"text-align: justify;\">Ben dedim ki 608 tane de bunlarla ilgili takibat var. Bunlar\u0131n s\u00f6zc\u00fcs\u00fc bir de\u011ferli genel ba\u015fkan yard\u0131mc\u0131s\u0131 \u00e7\u0131km\u0131\u015f diyor ki 608 tane de\u011fil, 587 tane. Evet 587 dosya. Ama her dosyan\u0131n i\u00e7erisinde birden fazla su\u00e7 oldu\u011fu i\u00e7in ben de yanl\u0131\u015f s\u00f6ylemi\u015fim, asl\u0131nda 668 tane var. Bu ne demek, adam yolsuzluk, doland\u0131r\u0131c\u0131l\u0131k, evrakta sahtecilik, kalpazanl\u0131k yapm\u0131\u015f, g\u00f6revi k\u00f6t\u00fcye kullanm\u0131\u015f. B\u00f6yle bir tablosu olan bir Meclis, kendisini yarg\u0131layacak olanlar\u0131 se\u00e7ip, tayin edecekmi\u015f. Olan T\u00fcrkiye&#8217;de adalete olacak, hukuka olacak. Anayasa Mahkemesi&#8217;ni de bunlar yapacakm\u0131\u015f. Anayasa Mahkemesi yar\u0131n belki seni Y\u00fcce Divan olarak yarg\u0131layacak.&#8221;<\/p>\n<p style=\"text-align: justify;\"><span style=\"color: #888888;\">CNN T\u00dcRK<\/span><\/p>\n","protected":false},"excerpt":{"rendered":"<p style=\"text-align: center;\">\n<p style=\"text-align: justify;\">CHP lideri Deniz Baykal, &#8220;Siyasetle k\u0131\u015fla ayr\u0131lmal\u0131&#8221; dedi. Partisinin Erzurum \u0130l Kongresi&#8217;nde konu\u015fan Deniz Baykal, &#8220;E\u011fer siyasetle ordu ili\u015fkisi \u00e7\u0131\u011fr\u0131ndan \u00e7\u0131karsa, Balkan Sava\u015f\u0131&#8217;nda ba\u015f\u0131m\u0131za gelenler olur&#8221; dedi. Baykal, siyasetin cami ve k\u0131\u015flan\u0131n yan\u0131 s\u0131ra, mahkemeye de girmemesi gerekti\u011fini savundu.<\/p>\n","protected":false},"author":1,"featured_media":0,"comment_status":"open","ping_status":"closed","sticky":false,"template":"","format":"standard","meta":{"footnotes":""},"categories":[105],"tags":[],"class_list":["post-36149","post","type-post","status-publish","format-standard","hentry","category-gundem","odd"],"_links":{"self":[{"href":"http:\/\/www.korhanyilmaz.com\/index.php?rest_route=\/wp\/v2\/posts\/36149","targetHints":{"allow":["GET"]}}],"collection":[{"href":"http:\/\/www.korhanyilmaz.com\/index.php?rest_route=\/wp\/v2\/posts"}],"about":[{"href":"http:\/\/www.korhanyilmaz.com\/index.php?rest_route=\/wp\/v2\/types\/post"}],"author":[{"embeddable":true,"href":"http:\/\/www.korhanyilmaz.com\/index.php?rest_route=\/wp\/v2\/users\/1"}],"replies":[{"embeddable":true,"href":"http:\/\/www.korhanyilmaz.com\/index.php?rest_route=%2Fwp%2Fv2%2Fcomments&post=36149"}],"version-history":[{"count":0,"href":"http:\/\/www.korhanyilmaz.com\/index.php?rest_route=\/wp\/v2\/posts\/36149\/revisions"}],"wp:attachment":[{"href":"http:\/\/www.korhanyilmaz.com\/index.php?rest_route=%2Fwp%2Fv2%2Fmedia&parent=36149"}],"wp:term":[{"taxonomy":"category","embeddable":true,"href":"http:\/\/www.korhanyilmaz.com\/index.php?rest_route=%2Fwp%2Fv2%2Fcategories&post=36149"},{"taxonomy":"post_tag","embeddable":true,"href":"http:\/\/www.korhanyilmaz.com\/index.php?rest_route=%2Fwp%2Fv2%2Ftags&post=36149"}],"curies":[{"name":"wp","href":"https:\/\/api.w.org\/{rel}","templated":true}]}}